{"id":87234,"date":"2024-08-08T23:41:14","date_gmt":"2024-08-09T03:41:14","guid":{"rendered":"https:\/\/lasprimeras.com.do\/?p=87234"},"modified":"2024-08-08T23:41:15","modified_gmt":"2024-08-09T03:41:15","slug":"comision-del-congreso-del-pld-integra-equipo-tecnico-de-digitacion","status":"publish","type":"post","link":"https:\/\/lasprimeras.com.do\/index.php\/2024\/08\/08\/comision-del-congreso-del-pld-integra-equipo-tecnico-de-digitacion\/","title":{"rendered":"Comisi\u00f3n del Congreso del PLD integra equipo t\u00e9cnico de digitaci\u00f3n"},"content":{"rendered":"\n<p><strong>El PLD comienza a registrar en formato digital los resultados de la evaluaci\u00f3n cr\u00edtica y autocr\u00edtica de sus organismos.<\/strong><\/p>\n\n\n\n<p>El Partido de la Liberaci\u00f3n Dominicana (PLD) comenzar\u00e1 a digitalizar el pr\u00f3ximo lunes12 de agosto las respuestas de los diferentes organismos al formulario de evaluaci\u00f3n de la situaci\u00f3n del Partido y su participaci\u00f3n en las pasadas elecciones.<\/p>\n\n\n\n<p>As\u00ed se inform\u00f3 en la novena reuni\u00f3n ordinaria de la Comisi\u00f3n Organizadora del X Congreso Ordinario Reinaldo Pared P\u00e9rez reunida este jueves bajo la coordinaci\u00f3n de la miembro del Comit\u00e9 Pol\u00edtico Cristina Lizardo.<\/p>\n\n\n\n<p>En el encuentro se aprob\u00f3 el protocolo para la recepci\u00f3n y entrega del cuadernillo que contiene el \u201cInstructivo para la Evaluaci\u00f3n Cr\u00edtica y Autocr\u00edtica del PLD y el Proceso Electoral 2024\u201d.<\/p>\n\n\n\n<p>Los dirigentes del Partido de la Liberaci\u00f3n Dominicana con la calidad de Enlaces reciben los cuadernillos trabajados por los organismos y los entregan siguiendo un estricto control de identificaci\u00f3n clara a la Secretar\u00eda de Enlaces, la que luego lo tramita a la Comisi\u00f3n Organizadora.<\/p>\n\n\n\n<p>Bajo la coordinaci\u00f3n de la Comisi\u00f3n se ha estructurado un equipo de digitadores que conforman el centro de operaci\u00f3n que asentar\u00e1 en formato digital las respuestas dadas en las deliberaciones org\u00e1nicas.<\/p>\n\n\n\n<p>Con este objetivo se ha especializado una \u00e1rea discreta de la sede nacional del PLD en la que participar\u00e1n 16 digitadores y dos supervisores en horario de nueve de la ma\u00f1ana a cuatro de la tarde.<\/p>\n\n\n\n<p>\u201cLa Comisi\u00f3n Organizadora tendr\u00e1 el control de acceso y seguridad electr\u00f3nica. El equipo t\u00e9cnico de digitaci\u00f3n proceder\u00e1 con la asignaci\u00f3n de los cuadernillos siguiendo un protocolo de correlaci\u00f3n, verificaci\u00f3n y rastreo\u201d, se explica en el protocolo aprobado este jueves.<\/p>\n\n\n\n<p>Alrededor del 30 por ciento de los cuadernillos distribuidos por organismos han sido llenados y se recuerda que se dio de plazo hasta el 14 del corriente agosto para cumplir con dicha tarea.<\/p>\n\n\n\n<p>Los cuadernillos digitados ser\u00e1n devueltos diariamente al final de la tarde para su custodia a la Secretar\u00eda de Enlaces.<\/p>\n\n\n\n<p>Las respuestas y sugerencias contenidas en el Instructivo de Evaluaci\u00f3n son fundamentales para que el Partido de la Liberaci\u00f3n Dominicana identifique fortalezas y \u00e1reas de mejora que permitan desarrollar estrategias con miras al fortalecimiento partidario.<\/p>\n","protected":false},"excerpt":{"rendered":"<p>El PLD comienza a registrar en formato digital los resultados de la evaluaci\u00f3n cr\u00edtica y autocr\u00edtica de sus organismos. El Partido de la Liberaci\u00f3n Dominicana (PLD) comenzar\u00e1 a digitalizar el&hellip;<\/p>\n","protected":false},"author":2,"featured_media":87235,"comment_status":"open","ping_status":"open","sticky":false,"template":"","format":"standard","meta":{"content-type":"","jetpack_post_was_ever_published":false,"_jetpack_newsletter_access":"","_jetpack_dont_email_post_to_subs":false,"_jetpack_newsletter_tier_id":0,"_jetpack_memberships_contains_paywalled_content":false,"_jetpack_memberships_contains_paid_content":false,"footnotes":""},"categories":[1],"tags":[950,530,14655,3774,269,7190],"class_list":["post-87234","post","type-post","status-publish","format-standard","has-post-thumbnail","hentry","category-sin-categoria","tag-comision","tag-congreso","tag-digitacion","tag-equipo","tag-pld","tag-tecnico"],"jetpack_featured_media_url":"https:\/\/lasprimeras.com.do\/wp-content\/uploads\/2024\/08\/Cristina-Lizardo.jpg","jetpack-related-posts":[{"id":86972,"url":"https:\/\/lasprimeras.com.do\/index.php\/2024\/08\/04\/pld-rescatando-un-efectivo-metodo-de-trabajo\/","url_meta":{"origin":87234,"position":0},"title":"PLD rescatando un efectivo m\u00e9todo de trabajo","author":"Nelson Feliz","date":"4 de agosto de 2024","format":false,"excerpt":"Los organismos del PLD dan continuidad al proceso de evaluaci\u00f3n cr\u00edtica y autocr\u00edtica. Los organismos del Partido de la Liberaci\u00f3n Dominicana (PLD) aprovecharon el fin de semana para adelantar la evaluaci\u00f3n cr\u00edtica y autocr\u00edtica en sinton\u00eda con el \u201cInstructivo para la Evaluaci\u00f3n Cr\u00edtica y Autocr\u00edtica y el Proceso Electoral 2024\u201d,\u2026","rel":"","context":"En \u00abPORTADA\u00bb","block_context":{"text":"PORTADA","link":"https:\/\/lasprimeras.com.do\/index.php\/category\/portada\/"},"img":{"alt_text":"PLD","src":"https:\/\/i0.wp.com\/lasprimeras.com.do\/wp-content\/uploads\/2024\/08\/PLD.jpg?resize=350%2C200&ssl=1","width":350,"height":200,"srcset":"https:\/\/i0.wp.com\/lasprimeras.com.do\/wp-content\/uploads\/2024\/08\/PLD.jpg?resize=350%2C200&ssl=1 1x, https:\/\/i0.wp.com\/lasprimeras.com.do\/wp-content\/uploads\/2024\/08\/PLD.jpg?resize=525%2C300&ssl=1 1.5x"},"classes":[]},{"id":85906,"url":"https:\/\/lasprimeras.com.do\/index.php\/2024\/07\/12\/comision-entregara-este-viernes-instructivo-para-la-evaluacion-critica-y-autocritica\/","url_meta":{"origin":87234,"position":1},"title":"Comisi\u00f3n entregar\u00e1 este viernes \u201cInstructivo para la Evaluaci\u00f3n Cr\u00edtica y Autocr\u00edtica\u201d","author":"Nelson Feliz","date":"12 de julio de 2024","format":false,"excerpt":"Comisiones tem\u00e1ticas del X Congreso Ordinario Reinaldo Pared P\u00e9rez del PLD se re\u00fanen preparan documento que enviar\u00e1n a los organismos. Dando seguimiento al cronograma de actividades preparado para el X Congreso Ordinario Reinaldo Pared P\u00e9rez, los integrantes de las diferentes comisiones tem\u00e1ticas se han reunido preparando el documento que enviar\u00e1n\u2026","rel":"","context":"En \u00abSin categor\u00eda\u00bb","block_context":{"text":"Sin categor\u00eda","link":"https:\/\/lasprimeras.com.do\/index.php\/category\/sin-categoria\/"},"img":{"alt_text":"","src":"https:\/\/i0.wp.com\/lasprimeras.com.do\/wp-content\/uploads\/2024\/07\/pld.jpg?resize=350%2C200&ssl=1","width":350,"height":200,"srcset":"https:\/\/i0.wp.com\/lasprimeras.com.do\/wp-content\/uploads\/2024\/07\/pld.jpg?resize=350%2C200&ssl=1 1x, https:\/\/i0.wp.com\/lasprimeras.com.do\/wp-content\/uploads\/2024\/07\/pld.jpg?resize=525%2C300&ssl=1 1.5x, https:\/\/i0.wp.com\/lasprimeras.com.do\/wp-content\/uploads\/2024\/07\/pld.jpg?resize=700%2C400&ssl=1 2x"},"classes":[]},{"id":86596,"url":"https:\/\/lasprimeras.com.do\/index.php\/2024\/07\/28\/pld-cumple-proceso-de-evaluacion-critica-y-autocritica\/","url_meta":{"origin":87234,"position":2},"title":"PLD cumple proceso de evaluaci\u00f3n cr\u00edtica y autocr\u00edtica","author":"Nelson Feliz","date":"28 de julio de 2024","format":false,"excerpt":"Decenas de reportes de reuniones y encuentros de los organismos del Partido de la Liberaci\u00f3n Dominicana (PLD) se recibieron en la Secretar\u00eda de Enlaces y en las Oficinas de la Comisi\u00f3n Organizadora del X Congreso Ordinario Reinaldo Pared P\u00e9rez, conociendo el Instrumento de Evaluaci\u00f3n Cr\u00edtica y Autocr\u00edtica. Est\u00e1n facultados para\u2026","rel":"","context":"En \u00abSin categor\u00eda\u00bb","block_context":{"text":"Sin categor\u00eda","link":"https:\/\/lasprimeras.com.do\/index.php\/category\/sin-categoria\/"},"img":{"alt_text":"","src":"https:\/\/i0.wp.com\/lasprimeras.com.do\/wp-content\/uploads\/2024\/07\/guayubin.jpg?resize=350%2C200&ssl=1","width":350,"height":200,"srcset":"https:\/\/i0.wp.com\/lasprimeras.com.do\/wp-content\/uploads\/2024\/07\/guayubin.jpg?resize=350%2C200&ssl=1 1x, https:\/\/i0.wp.com\/lasprimeras.com.do\/wp-content\/uploads\/2024\/07\/guayubin.jpg?resize=525%2C300&ssl=1 1.5x"},"classes":[]},{"id":85134,"url":"https:\/\/lasprimeras.com.do\/index.php\/2024\/06\/23\/reuniones-provinciales-en-el-pld-preparando-su-congreso-ordinario\/","url_meta":{"origin":87234,"position":3},"title":"Reuniones Provinciales en el PLD, preparando su Congreso Ordinario","author":"Nelson Feliz","date":"23 de junio de 2024","format":false,"excerpt":"Un Partido de la Liberaci\u00f3n Dominicana movilizado prepar\u00e1ndose para la celebraci\u00f3n de su X Congreso. El Partido de la Liberaci\u00f3n Dominicana (PLD) desarroll\u00f3 reuniones bajo el formato de asamblea en diferentes provincias del pa\u00eds, ejecutando as\u00ed la etapa preparatoria del X Congreso Ordinario, que iniciar\u00e1 el domingo 7 de julio\u2026","rel":"","context":"En \u00abPORTADA\u00bb","block_context":{"text":"PORTADA","link":"https:\/\/lasprimeras.com.do\/index.php\/category\/portada\/"},"img":{"alt_text":"Jaime David Fern\u00e1ndez Mirabal","src":"https:\/\/i0.wp.com\/lasprimeras.com.do\/wp-content\/uploads\/2024\/06\/Jaime-David-Fernandez-Mirabal-1.jpg?resize=350%2C200&ssl=1","width":350,"height":200,"srcset":"https:\/\/i0.wp.com\/lasprimeras.com.do\/wp-content\/uploads\/2024\/06\/Jaime-David-Fernandez-Mirabal-1.jpg?resize=350%2C200&ssl=1 1x, https:\/\/i0.wp.com\/lasprimeras.com.do\/wp-content\/uploads\/2024\/06\/Jaime-David-Fernandez-Mirabal-1.jpg?resize=525%2C300&ssl=1 1.5x"},"classes":[]},{"id":101321,"url":"https:\/\/lasprimeras.com.do\/index.php\/2025\/06\/18\/comision-del-pld-pasa-revista-a-implementacion-de-linea-organizativa-y-electoral\/","url_meta":{"origin":87234,"position":4},"title":"Comisi\u00f3n del PLD pasa revista a implementaci\u00f3n de L\u00ednea Organizativa y Electoral","author":"Nelson Feliz","date":"18 de junio de 2025","format":false,"excerpt":"PLD programa asamblea en la regi\u00f3n nordeste este s\u00e1bado para socializar la reglamentaci\u00f3n de la implementaci\u00f3n de la nueva L\u00ednea Organizativa y Electoral (LOE). El Partido de la Liberaci\u00f3n Dominicana (PLD) program\u00f3 para este s\u00e1bado 21 de junio la asamblea de sus dirigentes en la regi\u00f3n Nordeste del pa\u00eds que\u2026","rel":"","context":"En \u00abPOLITICA\u00bb","block_context":{"text":"POLITICA","link":"https:\/\/lasprimeras.com.do\/index.php\/category\/politica\/"},"img":{"alt_text":"","src":"https:\/\/i0.wp.com\/lasprimeras.com.do\/wp-content\/uploads\/2025\/06\/Reunion-LOE-6.jpg?resize=350%2C200&ssl=1","width":350,"height":200,"srcset":"https:\/\/i0.wp.com\/lasprimeras.com.do\/wp-content\/uploads\/2025\/06\/Reunion-LOE-6.jpg?resize=350%2C200&ssl=1 1x, https:\/\/i0.wp.com\/lasprimeras.com.do\/wp-content\/uploads\/2025\/06\/Reunion-LOE-6.jpg?resize=525%2C300&ssl=1 1.5x, https:\/\/i0.wp.com\/lasprimeras.com.do\/wp-content\/uploads\/2025\/06\/Reunion-LOE-6.jpg?resize=700%2C400&ssl=1 2x"},"classes":[]},{"id":85261,"url":"https:\/\/lasprimeras.com.do\/index.php\/2024\/06\/26\/pld-realiza-encuentro-preparatorio-del-congreso-peledeista\/","url_meta":{"origin":87234,"position":5},"title":"PLD realiza encuentro preparatorio del Congreso Pelede\u00edsta","author":"Nelson Feliz","date":"26 de junio de 2024","format":false,"excerpt":"Circunscripci\u00f3n Tres del PLD\u00a0en el Municipio Santo Domingo Este preparada para participar en el X Congreso. La Direcci\u00f3n del Partido de la Liberaci\u00f3n Dominicana (PLD) en la Circunscripci\u00f3n Electoral Tres de la Provincia Santo Domingo\u00a0apreci\u00f3 el entusiasmo predominante entre los delegados y delegados de la organizaci\u00f3n con miras a la\u2026","rel":"","context":"En \u00abPORTADA\u00bb","block_context":{"text":"PORTADA","link":"https:\/\/lasprimeras.com.do\/index.php\/category\/portada\/"},"img":{"alt_text":"","src":"https:\/\/i0.wp.com\/lasprimeras.com.do\/wp-content\/uploads\/2024\/06\/Circunscripcion-Tres-S-4.jpeg?resize=350%2C200&ssl=1","width":350,"height":200,"srcset":"https:\/\/i0.wp.com\/lasprimeras.com.do\/wp-content\/uploads\/2024\/06\/Circunscripcion-Tres-S-4.jpeg?resize=350%2C200&ssl=1 1x, https:\/\/i0.wp.com\/lasprimeras.com.do\/wp-content\/uploads\/2024\/06\/Circunscripcion-Tres-S-4.jpeg?resize=525%2C300&ssl=1 1.5x, https:\/\/i0.wp.com\/lasprimeras.com.do\/wp-content\/uploads\/2024\/06\/Circunscripcion-Tres-S-4.jpeg?resize=700%2C400&ssl=1 2x"},"classes":[]}],"jetpack_sharing_enabled":true,"_links":{"self":[{"href":"https:\/\/lasprimeras.com.do\/index.php\/wp-json\/wp\/v2\/posts\/87234","targetHints":{"allow":["GET"]}}],"collection":[{"href":"https:\/\/lasprimeras.com.do\/index.php\/wp-json\/wp\/v2\/posts"}],"about":[{"href":"https:\/\/lasprimeras.com.do\/index.php\/wp-json\/wp\/v2\/types\/post"}],"author":[{"embeddable":true,"href":"https:\/\/lasprimeras.com.do\/index.php\/wp-json\/wp\/v2\/users\/2"}],"replies":[{"embeddable":true,"href":"https:\/\/lasprimeras.com.do\/index.php\/wp-json\/wp\/v2\/comments?post=87234"}],"version-history":[{"count":1,"href":"https:\/\/lasprimeras.com.do\/index.php\/wp-json\/wp\/v2\/posts\/87234\/revisions"}],"predecessor-version":[{"id":87236,"href":"https:\/\/lasprimeras.com.do\/index.php\/wp-json\/wp\/v2\/posts\/87234\/revisions\/87236"}],"wp:featuredmedia":[{"embeddable":true,"href":"https:\/\/lasprimeras.com.do\/index.php\/wp-json\/wp\/v2\/media\/87235"}],"wp:attachment":[{"href":"https:\/\/lasprimeras.com.do\/index.php\/wp-json\/wp\/v2\/media?parent=87234"}],"wp:term":[{"taxonomy":"category","embeddable":true,"href":"https:\/\/lasprimeras.com.do\/index.php\/wp-json\/wp\/v2\/categories?post=87234"},{"taxonomy":"post_tag","embeddable":true,"href":"https:\/\/lasprimeras.com.do\/index.php\/wp-json\/wp\/v2\/tags?post=87234"}],"curies":[{"name":"wp","href":"https:\/\/api.w.org\/{rel}","templated":true}]}}