{"id":87243,"date":"2024-08-09T00:03:52","date_gmt":"2024-08-09T04:03:52","guid":{"rendered":"https:\/\/lasprimeras.com.do\/?p=87243"},"modified":"2024-08-09T00:03:53","modified_gmt":"2024-08-09T04:03:53","slug":"cuba-y-venezuela","status":"publish","type":"post","link":"https:\/\/lasprimeras.com.do\/index.php\/2024\/08\/09\/cuba-y-venezuela\/","title":{"rendered":"Cuba y Venezuela"},"content":{"rendered":"\n<p>Danilo Cruz Pichardo<br>danilocruzpichardo@gmail.com<\/p>\n\n\n\n<p>Educaci\u00f3n y salud son dos servicios b\u00e1sicos en los pa\u00edses del mundo, por lo que destinar importantes partidas econ\u00f3micas en esos sectores garantiza desarrollo, raz\u00f3n por la cual se le denomina inversi\u00f3n de retorno.<\/p>\n\n\n\n<p>Contar con \u00f3ptimos niveles educativos siempre es importante, pero hay que tomar en cuenta que los j\u00f3venes que acuden a las universidades &#8211;en procura de una profesi\u00f3n universitaria\u2014 tambi\u00e9n aspiran al ascenso social y econ\u00f3mico, para mejorar condiciones de vida.<\/p>\n\n\n\n<p>Alcanzar remuneraci\u00f3n adecuada, una vivienda y veh\u00edculo de transporte propios compensan esfuerzosde estudios de grado y postgrado que conllevan a\u00f1os.<\/p>\n\n\n\n<p>Sin embargo, enfocado desde esa perspectiva, no resulta tan estimulante para los j\u00f3venes cubanos dotarse de una profesi\u00f3n universitaria, porque los bajos ingresos les impide el alcance de metas.<\/p>\n\n\n\n<p>La alimentaci\u00f3n es mala, un transporte p\u00fablico de la peor calidad y nunca llegan a contar con una vivienda propia.<\/p>\n\n\n\n<p>Adem\u00e1s, carecen de derecho a expresar su pensamiento sobre la situaci\u00f3n, porque ser\u00eda atentar contra la revoluci\u00f3n y exponerse a que se le califique de fascista al servicio del imperio. Se corre el riesgo, inclusive, de ser apresado.<\/p>\n\n\n\n<p>Es verdad que Cuba destina el 13.79% de su producto interno bruto al sector salud. Aunque el porcentaje luzca atractivo en los hechos no es mucho dinero si se parte de que el aparato productivo es pobre y las riquezas cubanas han ido en picada.<\/p>\n\n\n\n<p>Naturalmente, el sector salud en Cuba es prioritario, pero ya no es ni sombra de lo que era d\u00e9cadas atr\u00e1s, porque carece de divisas para la adquisici\u00f3n de equipos modernos.<\/p>\n\n\n\n<p>Se admite, igualmente, que Cuba es de los pa\u00edses con mayor n\u00famero de m\u00e9dicos per c\u00e1pita del mundo, pero lo mejor que puede pasarle a un profesional de la salud es lograr salir de la isla, ejercer en otro lugar para poder llevar una vida digna.<\/p>\n\n\n\n<p>El Gobierno cubano ofrece el 9.39% del PIB en educaci\u00f3n y un alto porcentaje de los j\u00f3venes tiene profesi\u00f3n universitaria. Pero a esos muchachos no les espera un futuro promisorio en t\u00e9rmino de calidad de vida.<\/p>\n\n\n\n<p>Solo aquellos que logran escapar al exterior pueden exhibir progreso econ\u00f3mico. Un informe del Observatorio Cubano de DerechosHumanos (OCDH) dice que el 89% de la poblaci\u00f3n se encuentra en la pobreza extrema.<\/p>\n\n\n\n<p>\u00bfEsa es la revoluci\u00f3n? Eso es terquedad y apego a un sistema que no funciona y para nada emulan los ejemplos de China o hasta de Vietnam.<\/p>\n\n\n\n<p>Un fen\u00f3meno similar empieza a sentirse en Venezuela. Ese pa\u00eds invierte el 16% del PIB en educaci\u00f3n y un alto porcentaje de los j\u00f3venes venezolanos tiene profesi\u00f3n universitaria, pero no consigue trabajo debido a que no hay mercado laboral, a ra\u00edz de la destrucci\u00f3n del aparato productivo nacional.<\/p>\n\n\n\n<p>Los j\u00f3venes que consiguen empleo necesariamente tienen que estar vinculados al Partido Socialista Unido de Venezuela, que lidera Nicol\u00e1s Maduro bajo la bandera de la Revoluci\u00f3n Bolivariana, iniciada por Hugo Ch\u00e1vez en 1999.<\/p>\n\n\n\n<p>En Venezuela apenas se destina el 1.35% del PIB al sector salud. Los equipos son obsoletos y el pa\u00eds est\u00e1 desabastecido de medicamentos. Enfermarse en Venezuela es un riesgo enorme.<\/p>\n\n\n\n<p>Se estima que el Producto Interno Bruto de Venezuela se ha reducido en un 80% en los 25 a\u00f1os de Revoluci\u00f3n Bolivariana, lo que ha motivado que 7.7 millones de habitantes haya salido corriendo hacia otros pa\u00edses, fundamentalmente de la regi\u00f3n.<\/p>\n\n\n\n<p>Todo apunta a que la crisis pol\u00edtica venezolana, agravada con los turbios resultados electorales del 28 de julio, tiende a repercutir negativamente en lo econ\u00f3mico y en lo social, por lo que se espera incremento del \u00e9xodo.<\/p>\n\n\n\n<p>La magnitud de la crisis pol\u00edtica venezolana, sin instituciones independientes y leg\u00edtimas y violaciones a los derechos humanos de los ciudadanos, genera aislamiento ante los pa\u00edses del mundo, m\u00e1xime con el discurso de insulto que mantiene Maduro hacia los gobernantes del continente.<\/p>\n\n\n\n<p>Es verdad que una buena inversi\u00f3n en los sectores educaci\u00f3n y salud es garant\u00eda de progreso en cualquier pa\u00eds del mundo, pero en la medida en que haya mercado laboral, estabilidad pol\u00edtica, libertades, respeto a los derechos humanos y las autoridades sean electas libremente mediante el sufragio.<\/p>\n","protected":false},"excerpt":{"rendered":"<p>Danilo Cruz Pichardodanilocruzpichardo@gmail.com Educaci\u00f3n y salud son dos servicios b\u00e1sicos en los pa\u00edses del mundo, por lo que destinar importantes partidas econ\u00f3micas en esos sectores garantiza desarrollo, raz\u00f3n por la&hellip;<\/p>\n","protected":false},"author":2,"featured_media":81233,"comment_status":"open","ping_status":"open","sticky":false,"template":"","format":"standard","meta":{"content-type":"","jetpack_post_was_ever_published":false,"_jetpack_newsletter_access":"","_jetpack_dont_email_post_to_subs":false,"_jetpack_newsletter_tier_id":0,"_jetpack_memberships_contains_paywalled_content":false,"_jetpack_memberships_contains_paid_content":false,"footnotes":""},"categories":[95],"tags":[14659],"class_list":["post-87243","post","type-post","status-publish","format-standard","has-post-thumbnail","hentry","category-opinion","tag-cuba-y-venezuela"],"jetpack_featured_media_url":"https:\/\/lasprimeras.com.do\/wp-content\/uploads\/2024\/04\/Danilo-Cruz-Pichardo.-e1678461390871.jpg","jetpack-related-posts":[{"id":119335,"url":"https:\/\/lasprimeras.com.do\/index.php\/2026\/01\/11\/trump-advierte-a-cuba-dice-que-ya-no-le-llegara-mas-petroleo-venezolano\/","url_meta":{"origin":87243,"position":0},"title":"Trump advierte a Cuba, dice que ya no le llegar\u00e1 m\u00e1s petr\u00f3leo venezolano","author":"Nelson Feliz","date":"11 de enero de 2026","format":false,"excerpt":"POR SEUNG MIN KIM WEST PALM BEACH, Florida, EE.UU. (AP) \u2014 El presidente Donald Trump lanz\u00f3 el domingo otra advertencia al gobierno de Cuba, afirmando que luego que Nicol\u00e1s Maduro fue destituido como presidente de Venezuela, ya no le llegar\u00e1 m\u00e1s petr\u00f3leo venezolano y que mejor le val\u00eda llegar a\u2026","rel":"","context":"En \u00abINTERNACIONALES\u00bb","block_context":{"text":"INTERNACIONALES","link":"https:\/\/lasprimeras.com.do\/index.php\/category\/sin-categoria\/internacionales\/"},"img":{"alt_text":"Donald Trump","src":"https:\/\/i0.wp.com\/lasprimeras.com.do\/wp-content\/uploads\/2025\/12\/Donald-Trump-4.jpg?resize=350%2C200&ssl=1","width":350,"height":200,"srcset":"https:\/\/i0.wp.com\/lasprimeras.com.do\/wp-content\/uploads\/2025\/12\/Donald-Trump-4.jpg?resize=350%2C200&ssl=1 1x, https:\/\/i0.wp.com\/lasprimeras.com.do\/wp-content\/uploads\/2025\/12\/Donald-Trump-4.jpg?resize=525%2C300&ssl=1 1.5x, https:\/\/i0.wp.com\/lasprimeras.com.do\/wp-content\/uploads\/2025\/12\/Donald-Trump-4.jpg?resize=700%2C400&ssl=1 2x"},"classes":[]},{"id":76761,"url":"https:\/\/lasprimeras.com.do\/index.php\/2024\/02\/14\/lavrov-visitara-cuba-venezuela-y-brasil-la-proxima-semana\/","url_meta":{"origin":87243,"position":1},"title":"Lavrov visitar\u00e1 Cuba, Venezuela y Brasil la pr\u00f3xima semana","author":"Nelson Feliz","date":"14 de febrero de 2024","format":false,"excerpt":"El ministro de Asuntos Exteriores de Rusia, Sergu\u00e9i Lavrov, visitar\u00e1 Cuba el pr\u00f3ximo lunes, Venezuela al d\u00eda siguiente y entre el 21 y 22 de febrero participar\u00e1 en una reuni\u00f3n de cancilleres de los pa\u00edses miembros del Grupo de los 20 en la ciudad brasile\u00f1a de R\u00edo de janeiro, anunci\u00f3\u2026","rel":"","context":"En \u00abSin categor\u00eda\u00bb","block_context":{"text":"Sin categor\u00eda","link":"https:\/\/lasprimeras.com.do\/index.php\/category\/sin-categoria\/"},"img":{"alt_text":"","src":"","width":0,"height":0},"classes":[]},{"id":119019,"url":"https:\/\/lasprimeras.com.do\/index.php\/2026\/01\/05\/cuba-rinde-tributo-a-oficiales-muertos-en-ataque-a-venezuela\/","url_meta":{"origin":87243,"position":2},"title":"Cuba rinde tributo a oficiales muertos en ataque a Venezuela","author":"Nelson Feliz","date":"5 de enero de 2026","format":false,"excerpt":"Surgen preguntas sobre impacto futuro POR ANDREA RODRIGUEZ LA HABANA (AP) \u2014 Cuba baj\u00f3 a media asta sus banderas el lunes para rendir homenaje a 32 de sus oficiales muertos en el ataque estadounidense contra Venezuela en el que se captur\u00f3 al mandatario Nicol\u00e1s Maduro, al tiempo en que surg\u00edan\u2026","rel":"","context":"En \u00abINTERNACIONALES\u00bb","block_context":{"text":"INTERNACIONALES","link":"https:\/\/lasprimeras.com.do\/index.php\/category\/sin-categoria\/internacionales\/"},"img":{"alt_text":"Cuba rinde tributo a oficiales muertos en ataque a Venezuela","src":"https:\/\/i0.wp.com\/lasprimeras.com.do\/wp-content\/uploads\/2026\/01\/Cuba-rinde-tributo-a-oficiales-muertos-en-ataque-a-Venezuela.jpg?resize=350%2C200&ssl=1","width":350,"height":200,"srcset":"https:\/\/i0.wp.com\/lasprimeras.com.do\/wp-content\/uploads\/2026\/01\/Cuba-rinde-tributo-a-oficiales-muertos-en-ataque-a-Venezuela.jpg?resize=350%2C200&ssl=1 1x, https:\/\/i0.wp.com\/lasprimeras.com.do\/wp-content\/uploads\/2026\/01\/Cuba-rinde-tributo-a-oficiales-muertos-en-ataque-a-Venezuela.jpg?resize=525%2C300&ssl=1 1.5x, https:\/\/i0.wp.com\/lasprimeras.com.do\/wp-content\/uploads\/2026\/01\/Cuba-rinde-tributo-a-oficiales-muertos-en-ataque-a-Venezuela.jpg?resize=700%2C400&ssl=1 2x"},"classes":[]},{"id":120749,"url":"https:\/\/lasprimeras.com.do\/index.php\/2026\/01\/27\/turismo-en-cuba-se-desploma-sin-el-petroleo-de-venezuela-y-con-crecientes-tensiones-con-eeuu\/","url_meta":{"origin":87243,"position":3},"title":"Turismo en Cuba se desploma sin el petr\u00f3leo de Venezuela y con crecientes tensiones con EEUU","author":"Nelson Feliz","date":"27 de enero de 2026","format":false,"excerpt":"POR D\u00c1NICA COTO LA HABANA (AP) \u2014 Es casi mediod\u00eda en La Habana cuando un pu\u00f1ado de turistas baja de un peque\u00f1o autob\u00fas amarillo y corre hacia una fila de relucientes autos cl\u00e1sicos, con sus c\u00e1maras en mano. Cerca de all\u00ed, bajo la sombra de un almendro de playa, un\u2026","rel":"","context":"En \u00abINTERNACIONALES\u00bb","block_context":{"text":"INTERNACIONALES","link":"https:\/\/lasprimeras.com.do\/index.php\/category\/sin-categoria\/internacionales\/"},"img":{"alt_text":"Turistas dan un paseo en un auto estadounidense cl\u00e1sico en La Habana, el lunes 26 de enero de 2026. (AP Foto\/Ramon Espinosa)","src":"https:\/\/i0.wp.com\/lasprimeras.com.do\/wp-content\/uploads\/2026\/01\/Turismo.jpg?resize=350%2C200&ssl=1","width":350,"height":200,"srcset":"https:\/\/i0.wp.com\/lasprimeras.com.do\/wp-content\/uploads\/2026\/01\/Turismo.jpg?resize=350%2C200&ssl=1 1x, https:\/\/i0.wp.com\/lasprimeras.com.do\/wp-content\/uploads\/2026\/01\/Turismo.jpg?resize=525%2C300&ssl=1 1.5x, https:\/\/i0.wp.com\/lasprimeras.com.do\/wp-content\/uploads\/2026\/01\/Turismo.jpg?resize=700%2C400&ssl=1 2x"},"classes":[]},{"id":128440,"url":"https:\/\/lasprimeras.com.do\/index.php\/2026\/04\/23\/a-trump-le-gusta-el-bloqueo-naval-pero-iran-es-muy-distinto-de-venezuela-y-cuba\/","url_meta":{"origin":87243,"position":4},"title":"A Trump le gusta el bloqueo naval. Pero Ir\u00e1n es muy distinto de Venezuela y Cuba","author":"Nelson Feliz","date":"23 de abril de 2026","format":false,"excerpt":"POR BEN FINLEY, DAVID KLEPPER and KONSTANTIN TOROPIN WASHINGTON (AP) \u2014 El presidente estadounidense Donald Trump ha recurrido a bloqueos navales para presionar a los gobiernos de Venezuela, Cuba y ahora Ir\u00e1n para que cumplan sus exigencias, pero su t\u00e1ctica preferida se enfrenta a una realidad muy distinta en Oriente\u2026","rel":"","context":"En \u00abINTERNACIONALES\u00bb","block_context":{"text":"INTERNACIONALES","link":"https:\/\/lasprimeras.com.do\/index.php\/category\/sin-categoria\/internacionales\/"},"img":{"alt_text":"","src":"https:\/\/i0.wp.com\/lasprimeras.com.do\/wp-content\/uploads\/2026\/04\/barco-1.jpg?resize=350%2C200&ssl=1","width":350,"height":200,"srcset":"https:\/\/i0.wp.com\/lasprimeras.com.do\/wp-content\/uploads\/2026\/04\/barco-1.jpg?resize=350%2C200&ssl=1 1x, https:\/\/i0.wp.com\/lasprimeras.com.do\/wp-content\/uploads\/2026\/04\/barco-1.jpg?resize=525%2C300&ssl=1 1.5x, https:\/\/i0.wp.com\/lasprimeras.com.do\/wp-content\/uploads\/2026\/04\/barco-1.jpg?resize=700%2C400&ssl=1 2x"},"classes":[]},{"id":120123,"url":"https:\/\/lasprimeras.com.do\/index.php\/2026\/01\/20\/ministro-del-interior-ruso-llega-a-cuba-y-rendira-honores-a-32-soldados-islenos-muertos-en-venezuela\/","url_meta":{"origin":87243,"position":5},"title":"Ministro del Interior ruso llega a Cuba y rendir\u00e1 honores a 32 soldados isle\u00f1os muertos en Venezuela","author":"Nelson Feliz","date":"20 de enero de 2026","format":false,"excerpt":"LA HABANA (AP) \u2014 El ministro del Interior ruso, Vladimir Kolokoltsev, inici\u00f3 el martes una visita oficial a Cuba durante la cual rendir\u00e1 homenaje a 32 militares isle\u00f1os muertos en Venezuela a comienzo de mes durante un operativo estadounidense que captur\u00f3 al entonces presidente Nicol\u00e1s Maduro, informaron las autoridades. La\u2026","rel":"","context":"En \u00abINTERNACIONALES\u00bb","block_context":{"text":"INTERNACIONALES","link":"https:\/\/lasprimeras.com.do\/index.php\/category\/sin-categoria\/internacionales\/"},"img":{"alt_text":"32 militares muertos","src":"https:\/\/i0.wp.com\/lasprimeras.com.do\/wp-content\/uploads\/2026\/01\/32-militares-muertos.jpg?resize=350%2C200&ssl=1","width":350,"height":200,"srcset":"https:\/\/i0.wp.com\/lasprimeras.com.do\/wp-content\/uploads\/2026\/01\/32-militares-muertos.jpg?resize=350%2C200&ssl=1 1x, https:\/\/i0.wp.com\/lasprimeras.com.do\/wp-content\/uploads\/2026\/01\/32-militares-muertos.jpg?resize=525%2C300&ssl=1 1.5x, https:\/\/i0.wp.com\/lasprimeras.com.do\/wp-content\/uploads\/2026\/01\/32-militares-muertos.jpg?resize=700%2C400&ssl=1 2x"},"classes":[]}],"jetpack_sharing_enabled":true,"_links":{"self":[{"href":"https:\/\/lasprimeras.com.do\/index.php\/wp-json\/wp\/v2\/posts\/87243","targetHints":{"allow":["GET"]}}],"collection":[{"href":"https:\/\/lasprimeras.com.do\/index.php\/wp-json\/wp\/v2\/posts"}],"about":[{"href":"https:\/\/lasprimeras.com.do\/index.php\/wp-json\/wp\/v2\/types\/post"}],"author":[{"embeddable":true,"href":"https:\/\/lasprimeras.com.do\/index.php\/wp-json\/wp\/v2\/users\/2"}],"replies":[{"embeddable":true,"href":"https:\/\/lasprimeras.com.do\/index.php\/wp-json\/wp\/v2\/comments?post=87243"}],"version-history":[{"count":1,"href":"https:\/\/lasprimeras.com.do\/index.php\/wp-json\/wp\/v2\/posts\/87243\/revisions"}],"predecessor-version":[{"id":87244,"href":"https:\/\/lasprimeras.com.do\/index.php\/wp-json\/wp\/v2\/posts\/87243\/revisions\/87244"}],"wp:featuredmedia":[{"embeddable":true,"href":"https:\/\/lasprimeras.com.do\/index.php\/wp-json\/wp\/v2\/media\/81233"}],"wp:attachment":[{"href":"https:\/\/lasprimeras.com.do\/index.php\/wp-json\/wp\/v2\/media?parent=87243"}],"wp:term":[{"taxonomy":"category","embeddable":true,"href":"https:\/\/lasprimeras.com.do\/index.php\/wp-json\/wp\/v2\/categories?post=87243"},{"taxonomy":"post_tag","embeddable":true,"href":"https:\/\/lasprimeras.com.do\/index.php\/wp-json\/wp\/v2\/tags?post=87243"}],"curies":[{"name":"wp","href":"https:\/\/api.w.org\/{rel}","templated":true}]}}