{"id":87251,"date":"2024-08-09T11:15:42","date_gmt":"2024-08-09T15:15:42","guid":{"rendered":"https:\/\/lasprimeras.com.do\/?p=87251"},"modified":"2024-08-09T11:15:44","modified_gmt":"2024-08-09T15:15:44","slug":"policia-persigue-delincuentes-que-asaltaron-supermercado-en-hato-nuevo","status":"publish","type":"post","link":"https:\/\/lasprimeras.com.do\/index.php\/2024\/08\/09\/policia-persigue-delincuentes-que-asaltaron-supermercado-en-hato-nuevo\/","title":{"rendered":"Polic\u00eda persigue delincuentes que asaltaron supermercado en Hato Nuevo"},"content":{"rendered":"\n<p>Agentes policiales de la Direcci\u00f3n Central de Investigaci\u00f3n (DICRIM), en coordinaci\u00f3n con el Ministerio P\u00fablico, intensifican sus labores para localizar y capturar a los delincuentes que asaltaron un supermercado en Hato Nuevo, en el sector de Manoguayabo.<\/p>\n\n\n\n<p>Los delincuentes fueron captados en video mientras asaltaban un supermercado en Santo Domingo Oeste.<\/p>\n\n\n\n<p>La instituci\u00f3n del orden ha informado que varias personas de alto inter\u00e9s en relaci\u00f3n con este hecho se encuentran detenidas para fines de investigaci\u00f3n.<\/p>\n\n\n\n<p>Asimismo, los antisociales que aparecen en las im\u00e1genes difundidas en las redes sociales est\u00e1n siendo identificados por los agentes investigadores.<\/p>\n\n\n\n<p>Actualmente, se espera la emisi\u00f3n de las \u00f3rdenes de arresto para proceder con su captura.<\/p>\n","protected":false},"excerpt":{"rendered":"<p>Agentes policiales de la Direcci\u00f3n Central de Investigaci\u00f3n (DICRIM), en coordinaci\u00f3n con el Ministerio P\u00fablico, intensifican sus labores para localizar y capturar a los delincuentes que asaltaron un supermercado en&hellip;<\/p>\n","protected":false},"author":2,"featured_media":81683,"comment_status":"open","ping_status":"open","sticky":false,"template":"","format":"standard","meta":{"content-type":"","jetpack_post_was_ever_published":false,"_jetpack_newsletter_access":"","_jetpack_dont_email_post_to_subs":false,"_jetpack_newsletter_tier_id":0,"_jetpack_memberships_contains_paywalled_content":false,"_jetpack_memberships_contains_paid_content":false,"footnotes":""},"categories":[3057],"tags":[11252,4873,14660,48,5000],"class_list":["post-87251","post","type-post","status-publish","format-standard","has-post-thumbnail","hentry","category-militares","tag-asaltaron","tag-delincuentes","tag-hato-nuevo","tag-policia","tag-supermercado"],"jetpack_featured_media_url":"https:\/\/lasprimeras.com.do\/wp-content\/uploads\/2024\/04\/Patrulla-PN.jpg","jetpack-related-posts":[{"id":60833,"url":"https:\/\/lasprimeras.com.do\/index.php\/2023\/09\/19\/asaltantes-matan-seguridad-en-el-supermercado-ole-de-villa-mella\/","url_meta":{"origin":87251,"position":0},"title":"Asaltantes matan seguridad en el supermercado Ol\u00e9 de Villa Mella","author":"Nelson Feliz","date":"19 de septiembre de 2023","format":false,"excerpt":"Al menos dos personas muertas dej\u00f3 un tiroteo en un intento de asalto en el supermercado Ol\u00e9 ubicado en la Av. Hermanas Mirabal 591 el sector el Primeral de Villa Mella, en Santo Domingo Norte. Los nombres de las v\u00edctimas no han sido revelados hasta el momento, pero trascendi\u00f3 que\u2026","rel":"","context":"En \u00abNACIONALES\u00bb","block_context":{"text":"NACIONALES","link":"https:\/\/lasprimeras.com.do\/index.php\/category\/nacionales\/"},"img":{"alt_text":"Cajeros","src":"https:\/\/i0.wp.com\/lasprimeras.com.do\/wp-content\/uploads\/2023\/09\/Cajeros.jpg?resize=350%2C200&ssl=1","width":350,"height":200,"srcset":"https:\/\/i0.wp.com\/lasprimeras.com.do\/wp-content\/uploads\/2023\/09\/Cajeros.jpg?resize=350%2C200&ssl=1 1x, https:\/\/i0.wp.com\/lasprimeras.com.do\/wp-content\/uploads\/2023\/09\/Cajeros.jpg?resize=525%2C300&ssl=1 1.5x, https:\/\/i0.wp.com\/lasprimeras.com.do\/wp-content\/uploads\/2023\/09\/Cajeros.jpg?resize=700%2C400&ssl=1 2x, https:\/\/i0.wp.com\/lasprimeras.com.do\/wp-content\/uploads\/2023\/09\/Cajeros.jpg?resize=1050%2C600&ssl=1 3x"},"classes":[]},{"id":84232,"url":"https:\/\/lasprimeras.com.do\/index.php\/2024\/06\/03\/asaltan-sucursal-del-banco-popular-en-la-avenida-luperon\/","url_meta":{"origin":87251,"position":1},"title":"Asaltan sucursal del Banco Popular en la avenida Luper\u00f3n","author":"Nelson Feliz","date":"3 de junio de 2024","format":false,"excerpt":"No hubo heridos. Los asaltantes se llevaron una cantidad indeterminada de dinero. Desconocidos asaltaron la tarde de este lunes la sucursal del Banco Popular ubicada en la avenida Luper\u00f3n esquina Olof Palme, en el Distrito Nacional. La oficina se encuentra en el recinto de una estaci\u00f3n de combustible. El asalto\u2026","rel":"","context":"En \u00abNACIONALES\u00bb","block_context":{"text":"NACIONALES","link":"https:\/\/lasprimeras.com.do\/index.php\/category\/nacionales\/"},"img":{"alt_text":"","src":"https:\/\/i0.wp.com\/lasprimeras.com.do\/wp-content\/uploads\/2024\/06\/Banco-Popular-1.jpg?resize=350%2C200&ssl=1","width":350,"height":200,"srcset":"https:\/\/i0.wp.com\/lasprimeras.com.do\/wp-content\/uploads\/2024\/06\/Banco-Popular-1.jpg?resize=350%2C200&ssl=1 1x, https:\/\/i0.wp.com\/lasprimeras.com.do\/wp-content\/uploads\/2024\/06\/Banco-Popular-1.jpg?resize=525%2C300&ssl=1 1.5x"},"classes":[]},{"id":84944,"url":"https:\/\/lasprimeras.com.do\/index.php\/2024\/06\/18\/capturan-reconocido-delincuente-ata-integrante-de-peligrosa-banda-implicada-en-varios-asaltos\/","url_meta":{"origin":87251,"position":2},"title":"Capturan reconocido delincuente \u201cATA\u201d, integrante de peligrosa banda implicada en varios asaltos","author":"Nelson Feliz","date":"18 de junio de 2024","format":false,"excerpt":"-Tambi\u00e9n de la comisi\u00f3n de m\u00faltiples robos y asaltos contra establecimientos comerciales y ciudadanos en SDE. Agentes policiales, adscritos a la Direcci\u00f3n Central de Investigaci\u00f3n (DICRIM), capturaron a un reconocido delincuente que forma parte de una peligrosa banda dedicada a cometer robos y asaltos a mano armada contra ciudadanos y\u2026","rel":"","context":"En \u00abMILITARES\u00bb","block_context":{"text":"MILITARES","link":"https:\/\/lasprimeras.com.do\/index.php\/category\/militares\/"},"img":{"alt_text":"preso-celda","src":"https:\/\/i0.wp.com\/lasprimeras.com.do\/wp-content\/uploads\/2023\/06\/preso-celda.jpg?resize=350%2C200&ssl=1","width":350,"height":200,"srcset":"https:\/\/i0.wp.com\/lasprimeras.com.do\/wp-content\/uploads\/2023\/06\/preso-celda.jpg?resize=350%2C200&ssl=1 1x, https:\/\/i0.wp.com\/lasprimeras.com.do\/wp-content\/uploads\/2023\/06\/preso-celda.jpg?resize=525%2C300&ssl=1 1.5x, https:\/\/i0.wp.com\/lasprimeras.com.do\/wp-content\/uploads\/2023\/06\/preso-celda.jpg?resize=700%2C400&ssl=1 2x"},"classes":[]},{"id":84227,"url":"https:\/\/lasprimeras.com.do\/index.php\/2024\/06\/03\/policia-interroga-a-testigos-del-asalto-a-sucursal-del-banco-popular-en-avenida-luperon\/","url_meta":{"origin":87251,"position":3},"title":"Polic\u00eda interroga a testigos del asalto a sucursal del Banco Popular en avenida Luper\u00f3n","author":"Nelson Feliz","date":"3 de junio de 2024","format":false,"excerpt":"La instituci\u00f3n tambi\u00e9n est\u00e1 revisando las c\u00e1maras de seguridad de la zona y de la entidad bancaria. La Polic\u00eda Nacional inform\u00f3 este lunes que est\u00e1n entrevistando a testigos del asalto a una sucursal del Banco Popular ubicada en la avenida Luper\u00f3n esquina Olof \u00a0Palme, en el Distrito Nacional. \"Estamos realizando\u2026","rel":"","context":"En \u00abNACIONALES\u00bb","block_context":{"text":"NACIONALES","link":"https:\/\/lasprimeras.com.do\/index.php\/category\/nacionales\/"},"img":{"alt_text":"Banco Popular","src":"https:\/\/i0.wp.com\/lasprimeras.com.do\/wp-content\/uploads\/2024\/06\/Banco-Popular.jpg?resize=350%2C200&ssl=1","width":350,"height":200,"srcset":"https:\/\/i0.wp.com\/lasprimeras.com.do\/wp-content\/uploads\/2024\/06\/Banco-Popular.jpg?resize=350%2C200&ssl=1 1x, https:\/\/i0.wp.com\/lasprimeras.com.do\/wp-content\/uploads\/2024\/06\/Banco-Popular.jpg?resize=525%2C300&ssl=1 1.5x"},"classes":[]},{"id":87705,"url":"https:\/\/lasprimeras.com.do\/index.php\/2024\/08\/16\/capturan-a-putico-y-a-la-shory-por-numerosos-asaltos-a-choferes-en-la-romana\/","url_meta":{"origin":87251,"position":4},"title":"Capturan a \u201cPutico\u201d y a \u201cLa Shory\u201d por numerosos asaltos a choferes en La Romana","author":"Nelson Feliz","date":"16 de agosto de 2024","format":false,"excerpt":"Oficiales de la Subdirecci\u00f3n Regional Este de Investigaci\u00f3n (Dicrim), en coordinaci\u00f3n con miembros de la Polic\u00eda Preventiva, capturaron a un hombre y una mujer que se dedicaban al despojo de dinero a choferes del transporte p\u00fablico, taxis y moto conchos. Los detenidos son David Ruiz Alsi, alias \"Putico\", de 23\u2026","rel":"","context":"En \u00abMILITARES\u00bb","block_context":{"text":"MILITARES","link":"https:\/\/lasprimeras.com.do\/index.php\/category\/militares\/"},"img":{"alt_text":"","src":"https:\/\/i0.wp.com\/lasprimeras.com.do\/wp-content\/uploads\/2024\/08\/delinc.jpg?resize=350%2C200&ssl=1","width":350,"height":200,"srcset":"https:\/\/i0.wp.com\/lasprimeras.com.do\/wp-content\/uploads\/2024\/08\/delinc.jpg?resize=350%2C200&ssl=1 1x, https:\/\/i0.wp.com\/lasprimeras.com.do\/wp-content\/uploads\/2024\/08\/delinc.jpg?resize=525%2C300&ssl=1 1.5x, https:\/\/i0.wp.com\/lasprimeras.com.do\/wp-content\/uploads\/2024\/08\/delinc.jpg?resize=700%2C400&ssl=1 2x"},"classes":[]},{"id":94520,"url":"https:\/\/lasprimeras.com.do\/index.php\/2025\/03\/02\/asesinan-guardian-durante-asalto-a-gasolinera-en-la-carretera-mella\/","url_meta":{"origin":87251,"position":5},"title":"Asesinan guardi\u00e1n durante asalto a gasolinera en la carretera Mella","author":"Nelson Feliz","date":"2 de marzo de 2025","format":false,"excerpt":"Un guardi\u00e1n fue asesinado esta madrugada, durante un asalto a la gasolinera Petronan, ubicada en la carretera Mella, pr\u00f3ximo a la entrada de San Lu\u00eds, en Santo Domingo Este. El representante del Comit\u00e9 Dominicano de los Derechos Humanos, Di\u00f3genes Ozuna, conden\u00f3 el hecho en el que fue amordazado y ultimado\u2026","rel":"","context":"En \u00abNACIONALES\u00bb","block_context":{"text":"NACIONALES","link":"https:\/\/lasprimeras.com.do\/index.php\/category\/nacionales\/"},"img":{"alt_text":"","src":"https:\/\/i0.wp.com\/lasprimeras.com.do\/wp-content\/uploads\/2025\/03\/diogenes_ozuna-removebg-preview.png?resize=350%2C200&ssl=1","width":350,"height":200,"srcset":"https:\/\/i0.wp.com\/lasprimeras.com.do\/wp-content\/uploads\/2025\/03\/diogenes_ozuna-removebg-preview.png?resize=350%2C200&ssl=1 1x, https:\/\/i0.wp.com\/lasprimeras.com.do\/wp-content\/uploads\/2025\/03\/diogenes_ozuna-removebg-preview.png?resize=525%2C300&ssl=1 1.5x"},"classes":[]}],"jetpack_sharing_enabled":true,"_links":{"self":[{"href":"https:\/\/lasprimeras.com.do\/index.php\/wp-json\/wp\/v2\/posts\/87251","targetHints":{"allow":["GET"]}}],"collection":[{"href":"https:\/\/lasprimeras.com.do\/index.php\/wp-json\/wp\/v2\/posts"}],"about":[{"href":"https:\/\/lasprimeras.com.do\/index.php\/wp-json\/wp\/v2\/types\/post"}],"author":[{"embeddable":true,"href":"https:\/\/lasprimeras.com.do\/index.php\/wp-json\/wp\/v2\/users\/2"}],"replies":[{"embeddable":true,"href":"https:\/\/lasprimeras.com.do\/index.php\/wp-json\/wp\/v2\/comments?post=87251"}],"version-history":[{"count":1,"href":"https:\/\/lasprimeras.com.do\/index.php\/wp-json\/wp\/v2\/posts\/87251\/revisions"}],"predecessor-version":[{"id":87252,"href":"https:\/\/lasprimeras.com.do\/index.php\/wp-json\/wp\/v2\/posts\/87251\/revisions\/87252"}],"wp:featuredmedia":[{"embeddable":true,"href":"https:\/\/lasprimeras.com.do\/index.php\/wp-json\/wp\/v2\/media\/81683"}],"wp:attachment":[{"href":"https:\/\/lasprimeras.com.do\/index.php\/wp-json\/wp\/v2\/media?parent=87251"}],"wp:term":[{"taxonomy":"category","embeddable":true,"href":"https:\/\/lasprimeras.com.do\/index.php\/wp-json\/wp\/v2\/categories?post=87251"},{"taxonomy":"post_tag","embeddable":true,"href":"https:\/\/lasprimeras.com.do\/index.php\/wp-json\/wp\/v2\/tags?post=87251"}],"curies":[{"name":"wp","href":"https:\/\/api.w.org\/{rel}","templated":true}]}}