{"id":87256,"date":"2024-08-09T11:44:55","date_gmt":"2024-08-09T15:44:55","guid":{"rendered":"https:\/\/lasprimeras.com.do\/?p=87256"},"modified":"2024-08-09T11:44:57","modified_gmt":"2024-08-09T15:44:57","slug":"autoridades-y-personal-medico-del-hospital-mario-tolentino-dipp-se-reunieron-entre-cmd","status":"publish","type":"post","link":"https:\/\/lasprimeras.com.do\/index.php\/2024\/08\/09\/autoridades-y-personal-medico-del-hospital-mario-tolentino-dipp-se-reunieron-entre-cmd\/","title":{"rendered":"Autoridades y Personal M\u00e9dico del Hospital Mario Tolentino Dipp se reunier\u00f3n entre CMD"},"content":{"rendered":"\n<p>La presidenta de la filial de Santo Domingo del Colegio M\u00e9dico Dominicano, doctora Griselda Quezada, realiz\u00f3 un encuentro con las autoridades del sector salud, donde se abordaron temas cr\u00edticos referentes a la situaci\u00f3n interna del Hospital Mario Tolentino Dipp.<\/p>\n\n\n\n<p>Quezada, solicit\u00f3 la intervenci\u00f3n del centro de salud, con el objetivo de mejorar la calidad de atenci\u00f3n y garantizar el respeto a los derechos y deberes del personal m\u00e9dico.<\/p>\n\n\n\n<p>El encuentro, estuvo presidido por el Dr. Edisson Feliz, Director Regional Metropolitana, acompa\u00f1ado por la Lic. Cinthya Acosta, asistente del Dr. Mario Lama, y la Ing. Giselle Carela, Encargada de Recursos Humanos de la Regi\u00f3n Metropolitana, quienes recomendaron que la Dra. Griselda Quezada, Presidenta de la Filial PSD-CMD, se encargar\u00e1 de supervisar la implementaci\u00f3n de los acuerdos alcanzados, en colaboraci\u00f3n con los delegados del CMD-Tolentino Dipp.<br>{<br>Al finalizar el encuentro, la representante gremial expres\u00f3 su agradecimiento al Dr. Waldo Suero por su destacada coordinaci\u00f3n de este encuentro, as\u00ed como a la gerencia de la Regi\u00f3n Metropolitana y a la asistente del SNS por sus atenciones y apoyo durante la reuni\u00f3n.<\/p>\n","protected":false},"excerpt":{"rendered":"<p>La presidenta de la filial de Santo Domingo del Colegio M\u00e9dico Dominicano, doctora Griselda Quezada, realiz\u00f3 un encuentro con las autoridades del sector salud, donde se abordaron temas cr\u00edticos referentes&hellip;<\/p>\n","protected":false},"author":2,"featured_media":87257,"comment_status":"open","ping_status":"open","sticky":false,"template":"","format":"standard","meta":{"content-type":"","jetpack_post_was_ever_published":false,"_jetpack_newsletter_access":"","_jetpack_dont_email_post_to_subs":false,"_jetpack_newsletter_tier_id":0,"_jetpack_memberships_contains_paywalled_content":false,"_jetpack_memberships_contains_paid_content":false,"footnotes":""},"categories":[1],"tags":[949,3467,14663,14662],"class_list":["post-87256","post","type-post","status-publish","format-standard","has-post-thumbnail","hentry","category-sin-categoria","tag-autoridades","tag-hospital","tag-mario-tolentino-dipp","tag-personal-medico"],"jetpack_featured_media_url":"https:\/\/lasprimeras.com.do\/wp-content\/uploads\/2024\/08\/CMD.jpg","jetpack-related-posts":[{"id":84971,"url":"https:\/\/lasprimeras.com.do\/index.php\/2024\/06\/18\/cmd-deplora-prohiban-entrada-al-hospital-mario-tolentino\/","url_meta":{"origin":87256,"position":0},"title":"CMD deplora proh\u00edban entrada al Hospital Mario Tolentino","author":"Nelson Feliz","date":"18 de junio de 2024","format":false,"excerpt":"La presidenta de la provincia de Santo Domingo del Colegio M\u00e9dico Dominicano (CMD) Dra. Griselda Quezada, deplor\u00f3 hoy que el director del Hospital Dr. Ram\u00f3n Dur\u00e1n Paredes, le prohibieran la entrada al centro ala doctor \u00a0Mario Tolentino. Quezada, dijo que la situaci\u00f3n fue corregida posteriormente por Director Dr. Dur\u00e1n, luego\u2026","rel":"","context":"En \u00abPORTADA\u00bb","block_context":{"text":"PORTADA","link":"https:\/\/lasprimeras.com.do\/index.php\/category\/portada\/"},"img":{"alt_text":"Dra. Griselda Quezada","src":"https:\/\/i0.wp.com\/lasprimeras.com.do\/wp-content\/uploads\/2024\/06\/Dra.-Griselda-Quezada.jpg?resize=350%2C200&ssl=1","width":350,"height":200,"srcset":"https:\/\/i0.wp.com\/lasprimeras.com.do\/wp-content\/uploads\/2024\/06\/Dra.-Griselda-Quezada.jpg?resize=350%2C200&ssl=1 1x, https:\/\/i0.wp.com\/lasprimeras.com.do\/wp-content\/uploads\/2024\/06\/Dra.-Griselda-Quezada.jpg?resize=525%2C300&ssl=1 1.5x, https:\/\/i0.wp.com\/lasprimeras.com.do\/wp-content\/uploads\/2024\/06\/Dra.-Griselda-Quezada.jpg?resize=700%2C400&ssl=1 2x"},"classes":[]},{"id":93639,"url":"https:\/\/lasprimeras.com.do\/index.php\/2025\/02\/15\/hospital-mario-tolentino-dipp-realiza-exitosa-jornada-de-cardiologia\/","url_meta":{"origin":87256,"position":1},"title":"Hospital Mario Tolentino Dipp realiza exitosa jornada de cardiolog\u00eda","author":"Nelson Feliz","date":"15 de febrero de 2025","format":false,"excerpt":"El Hospital General de Especialidades Dr. Mario Tolentino Dipp llev\u00f3 a cabo su primera jornada de cardiolog\u00eda, beneficiando a m\u00e1s de 100 pacientes con la realizaci\u00f3n de im\u00e1genes m\u00e9dicas y pruebas de laboratorio. Este operativo tuvo como principal objetivo reducir la lista de espera de personas que requer\u00edan atenci\u00f3n cardiol\u00f3gica,\u2026","rel":"","context":"En \u00abSALUD\u00bb","block_context":{"text":"SALUD","link":"https:\/\/lasprimeras.com.do\/index.php\/category\/salud\/"},"img":{"alt_text":"Hospital Mario Tolentino Dipp","src":"https:\/\/i0.wp.com\/lasprimeras.com.do\/wp-content\/uploads\/2025\/02\/Hospital-Mario-Tolentino-Dipp.jpg?resize=350%2C200&ssl=1","width":350,"height":200,"srcset":"https:\/\/i0.wp.com\/lasprimeras.com.do\/wp-content\/uploads\/2025\/02\/Hospital-Mario-Tolentino-Dipp.jpg?resize=350%2C200&ssl=1 1x, https:\/\/i0.wp.com\/lasprimeras.com.do\/wp-content\/uploads\/2025\/02\/Hospital-Mario-Tolentino-Dipp.jpg?resize=525%2C300&ssl=1 1.5x, https:\/\/i0.wp.com\/lasprimeras.com.do\/wp-content\/uploads\/2025\/02\/Hospital-Mario-Tolentino-Dipp.jpg?resize=700%2C400&ssl=1 2x"},"classes":[]},{"id":57381,"url":"https:\/\/lasprimeras.com.do\/index.php\/2023\/08\/11\/isidro-torres-resalta-compromiso-de-abinader-con-sdn-tras-inaugurar-el-hospital-dr-mario-tolentino-dipp\/","url_meta":{"origin":87256,"position":2},"title":"Isidro Torres resalta compromiso de Abinader con SDN, tras inaugurar el &#8220;Hospital Dr Mario Tolentino Dipp&#8221;","author":"Nelson Feliz","date":"11 de agosto de 2023","format":false,"excerpt":"El presidente del Comit\u00e9 Municipal del Partido Revolucionario Moderno (PRM), Isidro Torres, resalt\u00f3 el compromiso del presidente Luis Abinader con este municipio, ya que dej\u00f3 inaugurado el Hospital Dr. Mario Tolentino Dipp, un centro de servicios que comprende \u00e1reas especializadas en cardiolog\u00eda, hemodi\u00e1lisis, dermatolog\u00eda, salud mental, odontolog\u00eda, quir\u00f3fanos, y cuidados\u2026","rel":"","context":"En \u00abSin categor\u00eda\u00bb","block_context":{"text":"Sin categor\u00eda","link":"https:\/\/lasprimeras.com.do\/index.php\/category\/sin-categoria\/"},"img":{"alt_text":"IsidroTorres","src":"https:\/\/i0.wp.com\/lasprimeras.com.do\/wp-content\/uploads\/2023\/08\/IsidroTorresPRM-2-770x540-1.jpeg?resize=350%2C200&ssl=1","width":350,"height":200,"srcset":"https:\/\/i0.wp.com\/lasprimeras.com.do\/wp-content\/uploads\/2023\/08\/IsidroTorresPRM-2-770x540-1.jpeg?resize=350%2C200&ssl=1 1x, https:\/\/i0.wp.com\/lasprimeras.com.do\/wp-content\/uploads\/2023\/08\/IsidroTorresPRM-2-770x540-1.jpeg?resize=525%2C300&ssl=1 1.5x, https:\/\/i0.wp.com\/lasprimeras.com.do\/wp-content\/uploads\/2023\/08\/IsidroTorresPRM-2-770x540-1.jpeg?resize=700%2C400&ssl=1 2x"},"classes":[]},{"id":114613,"url":"https:\/\/lasprimeras.com.do\/index.php\/2025\/08\/15\/gobierno-pone-en-operacion-helipuerto-en-ciudad-sanitaria-dra-evangelina-rodriguez-perozo\/","url_meta":{"origin":87256,"position":3},"title":"Gobierno pone en operaci\u00f3n helipuerto en Ciudad Sanitaria Dra. Evangelina Rodr\u00edguez Perozo","author":"Nelson Feliz","date":"15 de agosto de 2025","format":false,"excerpt":"El director del Servicio Nacional de Salud (SNS), doctor Mario Lama, particip\u00f3 este viernes en la puesta en operaci\u00f3n del nuevo helipuerto construido en la Ciudad Sanitaria Dra. Evangelina Rodr\u00edguez Perozo, infraestructura que fortalecer\u00e1 significativamente la capacidad de respuesta en situaciones de emergencias m\u00e9dicas. Durante el acto, encabezado por el\u2026","rel":"","context":"En \u00abNACIONALES\u00bb","block_context":{"text":"NACIONALES","link":"https:\/\/lasprimeras.com.do\/index.php\/category\/nacionales\/"},"img":{"alt_text":"","src":"https:\/\/i0.wp.com\/lasprimeras.com.do\/wp-content\/uploads\/2025\/11\/operacion-helipuerto.jpg?resize=350%2C200&ssl=1","width":350,"height":200,"srcset":"https:\/\/i0.wp.com\/lasprimeras.com.do\/wp-content\/uploads\/2025\/11\/operacion-helipuerto.jpg?resize=350%2C200&ssl=1 1x, https:\/\/i0.wp.com\/lasprimeras.com.do\/wp-content\/uploads\/2025\/11\/operacion-helipuerto.jpg?resize=525%2C300&ssl=1 1.5x, https:\/\/i0.wp.com\/lasprimeras.com.do\/wp-content\/uploads\/2025\/11\/operacion-helipuerto.jpg?resize=700%2C400&ssl=1 2x"},"classes":[]},{"id":88084,"url":"https:\/\/lasprimeras.com.do\/index.php\/2024\/08\/21\/dejan-sin-efecto-cancelaciones-de-medicos-del-mispas\/","url_meta":{"origin":87256,"position":4},"title":"Dejan sin efecto cancelaciones de m\u00e9dicos del MISPAS","author":"Nelson Feliz","date":"21 de agosto de 2024","format":false,"excerpt":"El presidente del Colegio M\u00e9dico Dominicano (CMD) Dr. Waldo Suero y el ministro de Salud P\u00fablica (MISPAS) V\u00edctor Atallah, realizaron una reuni\u00f3n donde se trataron t\u00f3picos principalmente por algunas cancelaciones de m\u00e9dicos. El CMD hab\u00eda denunciados por algunas cancelaciones de m\u00e9dicos las cuales fueron revertidas a trav\u00e9s de esta reuni\u00f3n.\u2026","rel":"","context":"En \u00abSin categor\u00eda\u00bb","block_context":{"text":"Sin categor\u00eda","link":"https:\/\/lasprimeras.com.do\/index.php\/category\/sin-categoria\/"},"img":{"alt_text":"medicos","src":"https:\/\/i0.wp.com\/lasprimeras.com.do\/wp-content\/uploads\/2024\/08\/medicos.jpg?resize=350%2C200&ssl=1","width":350,"height":200,"srcset":"https:\/\/i0.wp.com\/lasprimeras.com.do\/wp-content\/uploads\/2024\/08\/medicos.jpg?resize=350%2C200&ssl=1 1x, https:\/\/i0.wp.com\/lasprimeras.com.do\/wp-content\/uploads\/2024\/08\/medicos.jpg?resize=525%2C300&ssl=1 1.5x, https:\/\/i0.wp.com\/lasprimeras.com.do\/wp-content\/uploads\/2024\/08\/medicos.jpg?resize=700%2C400&ssl=1 2x"},"classes":[]},{"id":120173,"url":"https:\/\/lasprimeras.com.do\/index.php\/2026\/01\/19\/cmd-denuncia-hospital-recien-inaugurado-opera-en-condiciones-criticas-pese-a-inversion-de-rd-159-millones\/","url_meta":{"origin":87256,"position":5},"title":"CMD denuncia hospital reci\u00e9n inaugurado opera en condiciones criticas, pese a inversi\u00f3n de RD$ 159 millones","author":"Nelson Feliz","date":"19 de enero de 2026","format":false,"excerpt":"Dra. Griselda Quezada","rel":"","context":"En \u00abPORTADA\u00bb","block_context":{"text":"PORTADA","link":"https:\/\/lasprimeras.com.do\/index.php\/category\/portada\/"},"img":{"alt_text":"Dra. Griselda Quezada","src":"https:\/\/i0.wp.com\/lasprimeras.com.do\/wp-content\/uploads\/2026\/01\/Dra.-Griselda-Quezada.jpg?resize=350%2C200&ssl=1","width":350,"height":200,"srcset":"https:\/\/i0.wp.com\/lasprimeras.com.do\/wp-content\/uploads\/2026\/01\/Dra.-Griselda-Quezada.jpg?resize=350%2C200&ssl=1 1x, https:\/\/i0.wp.com\/lasprimeras.com.do\/wp-content\/uploads\/2026\/01\/Dra.-Griselda-Quezada.jpg?resize=525%2C300&ssl=1 1.5x, https:\/\/i0.wp.com\/lasprimeras.com.do\/wp-content\/uploads\/2026\/01\/Dra.-Griselda-Quezada.jpg?resize=700%2C400&ssl=1 2x"},"classes":[]}],"jetpack_sharing_enabled":true,"_links":{"self":[{"href":"https:\/\/lasprimeras.com.do\/index.php\/wp-json\/wp\/v2\/posts\/87256","targetHints":{"allow":["GET"]}}],"collection":[{"href":"https:\/\/lasprimeras.com.do\/index.php\/wp-json\/wp\/v2\/posts"}],"about":[{"href":"https:\/\/lasprimeras.com.do\/index.php\/wp-json\/wp\/v2\/types\/post"}],"author":[{"embeddable":true,"href":"https:\/\/lasprimeras.com.do\/index.php\/wp-json\/wp\/v2\/users\/2"}],"replies":[{"embeddable":true,"href":"https:\/\/lasprimeras.com.do\/index.php\/wp-json\/wp\/v2\/comments?post=87256"}],"version-history":[{"count":1,"href":"https:\/\/lasprimeras.com.do\/index.php\/wp-json\/wp\/v2\/posts\/87256\/revisions"}],"predecessor-version":[{"id":87258,"href":"https:\/\/lasprimeras.com.do\/index.php\/wp-json\/wp\/v2\/posts\/87256\/revisions\/87258"}],"wp:featuredmedia":[{"embeddable":true,"href":"https:\/\/lasprimeras.com.do\/index.php\/wp-json\/wp\/v2\/media\/87257"}],"wp:attachment":[{"href":"https:\/\/lasprimeras.com.do\/index.php\/wp-json\/wp\/v2\/media?parent=87256"}],"wp:term":[{"taxonomy":"category","embeddable":true,"href":"https:\/\/lasprimeras.com.do\/index.php\/wp-json\/wp\/v2\/categories?post=87256"},{"taxonomy":"post_tag","embeddable":true,"href":"https:\/\/lasprimeras.com.do\/index.php\/wp-json\/wp\/v2\/tags?post=87256"}],"curies":[{"name":"wp","href":"https:\/\/api.w.org\/{rel}","templated":true}]}}