{"id":87278,"date":"2024-08-10T10:08:18","date_gmt":"2024-08-10T14:08:18","guid":{"rendered":"https:\/\/lasprimeras.com.do\/?p=87278"},"modified":"2024-08-10T10:08:19","modified_gmt":"2024-08-10T14:08:19","slug":"marileidy-paulino-no-me-creo-poder-ser-campeona-olimpica","status":"publish","type":"post","link":"https:\/\/lasprimeras.com.do\/index.php\/2024\/08\/10\/marileidy-paulino-no-me-creo-poder-ser-campeona-olimpica\/","title":{"rendered":"Marileidy Paulino: \u00abNo me creo poder ser campeona ol\u00edmpica\u00bb"},"content":{"rendered":"\n<p>Par\u00eds, EFE.- Marileidy Paulino, que se proclam\u00f3 este viernes campeona de los 400 metros con r\u00e9cord ol\u00edmpico, se mostr\u00f3 \u00abfeliz\u00bb de lograr la \u00fanica medalla que le faltaba para completar el ciclo desde Tokio 2020 y dijo que no se cree que haya podido conquistar el oro en los Juegos de Par\u00eds.<\/p>\n\n\n\n<p>Paulino refrend\u00f3 sobre la pista morada y mojada del Estadio de Francia su favoritismo y se impuso en la final con mucha autoridad, parando el crono en 48.15, nuevo r\u00e9cord ol\u00edmpico.<\/p>\n\n\n\n<p>\u00abEs la \u00fanica medalla que me faltaba para completar el ciclo ol\u00edmpico. Estoy muy agradecida con Dios, por m\u00ed misma y por mi trabajo. He trabajado muy duro para lograr esta meta\u00bb, dijo Paulino, en la zona mixta del Estadio de Francia.<\/p>\n\n\n\n<p>\u00abEstoy muy feliz, todav\u00eda no puedo creer que esto haya sucedido. Era una carrera por el r\u00e9cord mundial o por el r\u00e9cord ol\u00edmpico y gracias a Dios logr\u00e9 el r\u00e9cord ol\u00edmpico. Por eso quiero dedicar esta medalla a mi equipo, a mi entrenador, a mi familia y al pueblo dominicano, que me ha estado viendo y alent\u00e1ndome\u00bb, coment\u00f3.<\/p>\n\n\n\n<p>La atleta dominicana asegur\u00f3 que a estos campeonatos \u00abno\u00bb viene a \u00abcompetir por el dinero, sino porque ama\u00bb el atletismo.<\/p>\n\n\n\n<p>\u201cVengo para ayudar a motivar a las generaciones m\u00e1s j\u00f3venes y porque estos logros tambi\u00e9n son puertas que se est\u00e1n abriendo para las futuras generaciones del pueblo dominicano\u201d, concluy\u00f3.<\/p>\n","protected":false},"excerpt":{"rendered":"<p>Par\u00eds, EFE.- Marileidy Paulino, que se proclam\u00f3 este viernes campeona de los 400 metros con r\u00e9cord ol\u00edmpico, se mostr\u00f3 \u00abfeliz\u00bb de lograr la \u00fanica medalla que le faltaba para completar&hellip;<\/p>\n","protected":false},"author":2,"featured_media":87279,"comment_status":"open","ping_status":"open","sticky":false,"template":"","format":"standard","meta":{"content-type":"","jetpack_post_was_ever_published":false,"_jetpack_newsletter_access":"","_jetpack_dont_email_post_to_subs":false,"_jetpack_newsletter_tier_id":0,"_jetpack_memberships_contains_paywalled_content":false,"_jetpack_memberships_contains_paid_content":false,"footnotes":""},"categories":[1],"tags":[3317],"class_list":["post-87278","post","type-post","status-publish","format-standard","has-post-thumbnail","hentry","category-sin-categoria","tag-marileidy-paulino"],"jetpack_featured_media_url":"https:\/\/lasprimeras.com.do\/wp-content\/uploads\/2024\/08\/Marileidy-Paulino.jpeg","jetpack-related-posts":[{"id":87308,"url":"https:\/\/lasprimeras.com.do\/index.php\/2024\/08\/09\/presidente-del-senado-felicita-a-marileidy-paulino-ganadora-medalla-oro-en-juegos-olimpicos-de-paris\/","url_meta":{"origin":87278,"position":0},"title":"Presidente del Senado felicita a Marileidy Paulino ganadora medalla oro en Juegos Ol\u00edmpicos de Par\u00eds","author":"Nelson Feliz","date":"9 de agosto de 2024","format":false,"excerpt":"El presidente del Senado, Ricardo de los Santos, felicit\u00f3 este viernes a la atleta velocista dominicana, Marileidy Paulino, quien conquist\u00f3 la medalla de oro en la final de los 400 metros planos de los XXXIII\u00a0Juegos Ol\u00edmpicos de Par\u00eds, Francia, 2024, con un tiempo de 48.17 segundos, quien adem\u00e1s rompi\u00f3 el\u2026","rel":"","context":"En \u00abNACIONALES\u00bb","block_context":{"text":"NACIONALES","link":"https:\/\/lasprimeras.com.do\/index.php\/category\/nacionales\/"},"img":{"alt_text":"Ricardo de los Santos","src":"https:\/\/i0.wp.com\/lasprimeras.com.do\/wp-content\/uploads\/2024\/08\/Ricardo-de-los-Santos-2.jpg?resize=350%2C200&ssl=1","width":350,"height":200,"srcset":"https:\/\/i0.wp.com\/lasprimeras.com.do\/wp-content\/uploads\/2024\/08\/Ricardo-de-los-Santos-2.jpg?resize=350%2C200&ssl=1 1x, https:\/\/i0.wp.com\/lasprimeras.com.do\/wp-content\/uploads\/2024\/08\/Ricardo-de-los-Santos-2.jpg?resize=525%2C300&ssl=1 1.5x"},"classes":[]},{"id":87150,"url":"https:\/\/lasprimeras.com.do\/index.php\/2024\/08\/07\/marileidy-paulino-clasifica-en-los-400-metros-lucha-por-subir-al-podio-olimpico\/","url_meta":{"origin":87278,"position":1},"title":"Marileidy Paulino clasifica en los 400 metros; lucha por subir al podio ol\u00edmpico","author":"Nelson Feliz","date":"7 de agosto de 2024","format":false,"excerpt":"PAR\u00cdS.- La atleta dominicana Marileidy Paulino (c) compite en la semifinal femenina de 400m parte de los Juegos Ol\u00edmpicos de Par\u00eds 2024 este mi\u00e9rcoles, en la gala capital. La dominicana Marileidy Paulino, reina de los 400 metros planos femeninos, estar\u00e1 luchando por subir al podio ol\u00edmpico nueva vez, al clasificar\u2026","rel":"","context":"En \u00abSin categor\u00eda\u00bb","block_context":{"text":"Sin categor\u00eda","link":"https:\/\/lasprimeras.com.do\/index.php\/category\/sin-categoria\/"},"img":{"alt_text":"","src":"https:\/\/i0.wp.com\/lasprimeras.com.do\/wp-content\/uploads\/2024\/08\/Marileidy-Paulino-1.jpg?resize=350%2C200&ssl=1","width":350,"height":200,"srcset":"https:\/\/i0.wp.com\/lasprimeras.com.do\/wp-content\/uploads\/2024\/08\/Marileidy-Paulino-1.jpg?resize=350%2C200&ssl=1 1x, https:\/\/i0.wp.com\/lasprimeras.com.do\/wp-content\/uploads\/2024\/08\/Marileidy-Paulino-1.jpg?resize=525%2C300&ssl=1 1.5x, https:\/\/i0.wp.com\/lasprimeras.com.do\/wp-content\/uploads\/2024\/08\/Marileidy-Paulino-1.jpg?resize=700%2C400&ssl=1 2x"},"classes":[]},{"id":52323,"url":"https:\/\/lasprimeras.com.do\/index.php\/2023\/06\/09\/marileidy-paulino-va-sin-miedo-ante-mclaughlin-levrone-en-paris\/","url_meta":{"origin":87278,"position":2},"title":"Marileidy Paulino va sin miedo ante McLaughlin-Levrone en Paris","author":"prenxa100","date":"9 de junio de 2023","format":false,"excerpt":"El Meeting de Par\u00eds este viernes 9 de junio promete puro espect\u00e1culo, con los mejores atletas del mundo participando en el Stade Charl\u00e9ty y la dominicana Marileidy Paulino es la primera a seguir en la gala. N\u00famero 1 en el ranking mundial de World Athletics en 400 metros desde hace\u2026","rel":"","context":"En \u00abSin categor\u00eda\u00bb","block_context":{"text":"Sin categor\u00eda","link":"https:\/\/lasprimeras.com.do\/index.php\/category\/sin-categoria\/"},"img":{"alt_text":"","src":"","width":0,"height":0},"classes":[]},{"id":101423,"url":"https:\/\/lasprimeras.com.do\/index.php\/2025\/06\/20\/marileidy-paulino-gana-los-400-metros-de-paris-en-la-liga-diamante\/","url_meta":{"origin":87278,"position":3},"title":"Marileidy Paulino gana los 400 metros de Par\u00eds en la Liga Diamante","author":"Nelson Feliz","date":"20 de junio de 2025","format":false,"excerpt":"Con el triunfo, la atleta quisqueyana extiende a cuatro sus victorias consecutivas su racha de \u00e9xitos cuando el circuito se corre en la capital francesa. La velocista dominicana Marileidy Paulino registr\u00f3 un tiempo de 48.81 para llevarse el primer lugar del encuentro atl\u00e9tico de Par\u00eds, en su primera presentaci\u00f3n del\u2026","rel":"","context":"En \u00abDEPORTES\u00bb","block_context":{"text":"DEPORTES","link":"https:\/\/lasprimeras.com.do\/index.php\/category\/deportes\/"},"img":{"alt_text":"","src":"https:\/\/i0.wp.com\/lasprimeras.com.do\/wp-content\/uploads\/2025\/06\/Marileydy-Paulino.jpg?resize=350%2C200&ssl=1","width":350,"height":200,"srcset":"https:\/\/i0.wp.com\/lasprimeras.com.do\/wp-content\/uploads\/2025\/06\/Marileydy-Paulino.jpg?resize=350%2C200&ssl=1 1x, https:\/\/i0.wp.com\/lasprimeras.com.do\/wp-content\/uploads\/2025\/06\/Marileydy-Paulino.jpg?resize=525%2C300&ssl=1 1.5x, https:\/\/i0.wp.com\/lasprimeras.com.do\/wp-content\/uploads\/2025\/06\/Marileydy-Paulino.jpg?resize=700%2C400&ssl=1 2x"},"classes":[]},{"id":107653,"url":"https:\/\/lasprimeras.com.do\/index.php\/2025\/08\/28\/salwa-eid-naser-destrona-a-marileidy-paulino-en-los-400-metros-de-la-liga-diamante\/","url_meta":{"origin":87278,"position":4},"title":"Salwa Eid Naser destrona a Marileidy Paulino en los 400 metros de la Liga Diamante","author":"Nelson Feliz","date":"28 de agosto de 2025","format":false,"excerpt":"La velocista impuso su nivel en la gran final del circuito en Zurich. Salwa Eid Naser se convirti\u00f3 hoy en la campeona de la gran final de la Liga Diamante de los 400 metros al destronar la seguidilla de tres coronas obtenidas por la velocista Marileidy Paulino en este circuito.\u2026","rel":"","context":"En \u00abDEPORTES\u00bb","block_context":{"text":"DEPORTES","link":"https:\/\/lasprimeras.com.do\/index.php\/category\/deportes\/"},"img":{"alt_text":"","src":"https:\/\/i0.wp.com\/lasprimeras.com.do\/wp-content\/uploads\/2025\/08\/Salwa-Eid-Naser.jpg?resize=350%2C200&ssl=1","width":350,"height":200,"srcset":"https:\/\/i0.wp.com\/lasprimeras.com.do\/wp-content\/uploads\/2025\/08\/Salwa-Eid-Naser.jpg?resize=350%2C200&ssl=1 1x, https:\/\/i0.wp.com\/lasprimeras.com.do\/wp-content\/uploads\/2025\/08\/Salwa-Eid-Naser.jpg?resize=525%2C300&ssl=1 1.5x, https:\/\/i0.wp.com\/lasprimeras.com.do\/wp-content\/uploads\/2025\/08\/Salwa-Eid-Naser.jpg?resize=700%2C400&ssl=1 2x"},"classes":[]},{"id":83074,"url":"https:\/\/lasprimeras.com.do\/index.php\/2024\/05\/11\/marileidy-paulino-gana-oro-en-los-juegos-olimpicos-con-metas-claras\/","url_meta":{"origin":87278,"position":5},"title":"Marileidy Paulino gana oro en los Juegos Ol\u00edmpicos con metas claras","author":"BIMARY DE JES\u00daS Matos","date":"11 de mayo de 2024","format":false,"excerpt":"Santo Domingo.- La campeona mundial y medallista ol\u00edmpica en los 400 metros, Marileidy Paulino, tiene entre sus metas ganar oro en los Juegos Ol\u00edmpicos. Este viernes, el ministro de Deportes y Recreaci\u00f3n, Francisco Camacho, recibi\u00f3 la visita de Paulino quien le asegur\u00f3 que dar\u00e1 el m\u00e1ximo en los Juegos Ol\u00edmpicos\u2026","rel":"","context":"En \u00abSin categor\u00eda\u00bb","block_context":{"text":"Sin categor\u00eda","link":"https:\/\/lasprimeras.com.do\/index.php\/category\/sin-categoria\/"},"img":{"alt_text":"","src":"https:\/\/i0.wp.com\/lasprimeras.com.do\/wp-content\/uploads\/2024\/05\/Diseno-sin-titulo-1.webp?resize=350%2C200&ssl=1","width":350,"height":200,"srcset":"https:\/\/i0.wp.com\/lasprimeras.com.do\/wp-content\/uploads\/2024\/05\/Diseno-sin-titulo-1.webp?resize=350%2C200&ssl=1 1x, https:\/\/i0.wp.com\/lasprimeras.com.do\/wp-content\/uploads\/2024\/05\/Diseno-sin-titulo-1.webp?resize=525%2C300&ssl=1 1.5x"},"classes":[]}],"jetpack_sharing_enabled":true,"_links":{"self":[{"href":"https:\/\/lasprimeras.com.do\/index.php\/wp-json\/wp\/v2\/posts\/87278","targetHints":{"allow":["GET"]}}],"collection":[{"href":"https:\/\/lasprimeras.com.do\/index.php\/wp-json\/wp\/v2\/posts"}],"about":[{"href":"https:\/\/lasprimeras.com.do\/index.php\/wp-json\/wp\/v2\/types\/post"}],"author":[{"embeddable":true,"href":"https:\/\/lasprimeras.com.do\/index.php\/wp-json\/wp\/v2\/users\/2"}],"replies":[{"embeddable":true,"href":"https:\/\/lasprimeras.com.do\/index.php\/wp-json\/wp\/v2\/comments?post=87278"}],"version-history":[{"count":1,"href":"https:\/\/lasprimeras.com.do\/index.php\/wp-json\/wp\/v2\/posts\/87278\/revisions"}],"predecessor-version":[{"id":87280,"href":"https:\/\/lasprimeras.com.do\/index.php\/wp-json\/wp\/v2\/posts\/87278\/revisions\/87280"}],"wp:featuredmedia":[{"embeddable":true,"href":"https:\/\/lasprimeras.com.do\/index.php\/wp-json\/wp\/v2\/media\/87279"}],"wp:attachment":[{"href":"https:\/\/lasprimeras.com.do\/index.php\/wp-json\/wp\/v2\/media?parent=87278"}],"wp:term":[{"taxonomy":"category","embeddable":true,"href":"https:\/\/lasprimeras.com.do\/index.php\/wp-json\/wp\/v2\/categories?post=87278"},{"taxonomy":"post_tag","embeddable":true,"href":"https:\/\/lasprimeras.com.do\/index.php\/wp-json\/wp\/v2\/tags?post=87278"}],"curies":[{"name":"wp","href":"https:\/\/api.w.org\/{rel}","templated":true}]}}