{"id":87296,"date":"2024-08-10T12:21:15","date_gmt":"2024-08-10T16:21:15","guid":{"rendered":"https:\/\/lasprimeras.com.do\/?p=87296"},"modified":"2024-08-10T12:21:16","modified_gmt":"2024-08-10T16:21:16","slug":"funcionarios-palestinos-ataque-israeli-contra-escuela-en-ciudad-de-gaza-causa-al-menos-80-muertos","status":"publish","type":"post","link":"https:\/\/lasprimeras.com.do\/index.php\/2024\/08\/10\/funcionarios-palestinos-ataque-israeli-contra-escuela-en-ciudad-de-gaza-causa-al-menos-80-muertos\/","title":{"rendered":"Funcionarios palestinos: ataque israel\u00ed contra escuela en Ciudad de Gaza causa al menos 80 muertos"},"content":{"rendered":"\n<p>By WAFAA SHURAFA and SAMY MAGDY<\/p>\n\n\n\n<p>DEIR AL-BALAH, Franja de Gaza (AP) \u2014 Un ataque a\u00e9reo israel\u00ed alcanz\u00f3 en la madrugada del s\u00e1bado una escuela reconvertida en albergue en Gaza y mat\u00f3 al menos a 80 personas, dijeron las autoridades de salud palestinas, en uno de los ataques m\u00e1s letales en la guerra que libran Israel y el grupo insurgente Ham\u00e1s desde hace 10 meses.<\/p>\n\n\n\n<p>El ej\u00e9rcito israel\u00ed reconoci\u00f3 que hab\u00eda atacado la escuela Tabeen, en el centro de Ciudad de Gaza, alegando que hab\u00eda acertado a un centro de mando de Ham\u00e1s dentro de la escuela. El grupo, por su parte, neg\u00f3 la afirmaci\u00f3n.<\/p>\n\n\n\n<p>Naciones Unidas afirm\u00f3 que el ataque m\u00e1s reciente formaba parte de los ataques cada vez m\u00e1s frecuentes de Israel contra las escuelas gazat\u00edes, que se han transformado en refugios para quienes se vieron obligados a dejar sus hogares a causa de los combates.<\/p>\n\n\n\n<p>Un video del lugar de los hechos mostraba paredes destrozadas en la planta de edificio de gran tama\u00f1o. Sobre el suelo empapado de sangre hab\u00eda trozos de concreto y metal retorcido, adem\u00e1s de prendas de ropa, muebles ca\u00eddos y otros restos. Un auto ennegrecido y con las ventanas reventadas qued\u00f3 tambi\u00e9n cubierto de escombros.<\/p>\n\n\n\n<p>Fadel Naeem, director del hospital al-Ahli de la ciudad, dijo a The Associated Press que el centro recibi\u00f3 70 cad\u00e1veres de fallecidos en el operativo y miembros de al menos 10 personas m\u00e1s. Otras 47 personas resultaron heridas, report\u00f3 el Ministerio de Salud de Gaza.<\/p>\n\n\n\n<p>Seg\u00fan Naeem, algunos de los heridos presentaban quemaduras graves y muchos sufr\u00edan amputaciones.<\/p>\n\n\n\n<p>\u201cRecibimos algunos de los heridos m\u00e1s graves que nos hemos encontrado en la guerra\u201d, a\u00f1adi\u00f3.<\/p>\n\n\n\n<p>El ataque se produjo, sin previo aviso, antes del amanecer, mientras la gente rezaba en una mezquita dentro de la escuela, cont\u00f3 Abu Anas, un testigo que particip\u00f3 en las labores de rescate.<\/p>\n\n\n\n<p>\u201cHab\u00eda gente rezando, hab\u00eda gente lavando y gente durmiendo en el piso de arriba, incluyendo ni\u00f1os, mujeres y ancianos\u201d, a\u00f1adi\u00f3. \u201cEl misil cay\u00f3 sobre ellos sin previo aviso. El primer misil y el segundo. Los sacamos en pedazos\u201d.<\/p>\n\n\n\n<p>Tres proyectiles atravesaron la escuela y la mezquita ubicada dentro, donde alrededor de 6.000 desplazados se refugiaban de la guerra, dijo Mahmoud Bassal, vocero de los rescatistas de Defensa Civil, que operan bajo el gobierno de Ham\u00e1s.<\/p>\n\n\n\n<p>Muchos de los fallecidos estaban irreconocibles, indic\u00f3, apuntando que espera que la cifra de fallecidos aumente. Muchas de las v\u00edctimas mortales eran mujeres y ni\u00f1os, afirm\u00f3.<\/p>\n\n\n\n<p>La ONU hab\u00eda dicho anteriormente que, hasta el 6 de julio, 477 de las 564 escuelas de Gaza hab\u00edan sido alcanzadas o da\u00f1adas directamente en la guerra.<\/p>\n\n\n\n<p>En un informe publicado el s\u00e1bado, la Oficina de Derechos Humanos de la ONU afirma que se han producido al menos 21 ataques contra escuelas desde el 4 de julio, que han causado centenares de muertos, entre ellos mujeres y ni\u00f1os.<br>Muchas de las escuelas serv\u00edan de refugio, seg\u00fan el informe, que a\u00f1ade que Israel tiene el deber, seg\u00fan el derecho internacional, de proporcionar refugio seguro a los desplazados.<\/p>\n\n\n\n<p>\u201cNo hay justificaci\u00f3n para estas masacres\u201d, afirm\u00f3 el jefe de la pol\u00edtica exterior de la Uni\u00f3n Europea, Josep Borrell, en X en referencia a estas operaciones.<\/p>\n\n\n\n<p>Israel ha culpado a Ham\u00e1s de la muerte de civiles en Gaza, afirmando que el grupo pone en peligro a los no combatientes al usar escuelas y vecindarios residenciales como base para sus operaciones y ataques.<\/p>\n\n\n\n<p>Los servicios de inteligencia israel\u00edes apuntaron que unos 20 insurgentes de Ham\u00e1s y de Yihad Isl\u00e1mica, incluyendo altos mandos, utilizaban el complejo escolar de Tabeen para planear ataques contra las tropas de Israel, afirm\u00f3 el teniente coronel Nadav Shoshani, un vocero del ej\u00e9rcito, en un comunicado publicado en la red social X.<\/p>\n\n\n\n<p>Tambi\u00e9n puso en duda las cifras de v\u00edctimas ofrecidas por el Ministerio de Salud palestino.<\/p>\n\n\n\n<p>Izzat al-Rishq, un alto mando de Ham\u00e1s, neg\u00f3 que en la escuela hubiera insurgentes.<\/p>\n\n\n\n<p>Israel explic\u00f3 que el centro estaba situado junto a una mezquita que serv\u00eda de refugio a residentes de Ciudad de Gaza.<\/p>\n\n\n\n<p>Pero un c\u00e1mara que trabajaba para la AP dijo que la mezquita y las aulas estaban en el mismo edificio: la sala de oraci\u00f3n en la planta baja y la escuela encima. Un misil parec\u00eda haber atravesado las clases y estall\u00f3 en la mezquita, a\u00f1adi\u00f3.<\/p>\n","protected":false},"excerpt":{"rendered":"<p>By WAFAA SHURAFA and SAMY MAGDY DEIR AL-BALAH, Franja de Gaza (AP) \u2014 Un ataque a\u00e9reo israel\u00ed alcanz\u00f3 en la madrugada del s\u00e1bado una escuela reconvertida en albergue en Gaza&hellip;<\/p>\n","protected":false},"author":2,"featured_media":87297,"comment_status":"open","ping_status":"open","sticky":false,"template":"","format":"standard","meta":{"content-type":"","jetpack_post_was_ever_published":false,"_jetpack_newsletter_access":"","_jetpack_dont_email_post_to_subs":false,"_jetpack_newsletter_tier_id":0,"_jetpack_memberships_contains_paywalled_content":false,"_jetpack_memberships_contains_paid_content":false,"footnotes":""},"categories":[1],"tags":[1601,14054,853,170,10198,686,8293],"class_list":["post-87296","post","type-post","status-publish","format-standard","has-post-thumbnail","hentry","category-sin-categoria","tag-ataque","tag-ciudad-de-gaza","tag-escuela","tag-funcionarios","tag-israeli","tag-muertos","tag-palestinos"],"jetpack_featured_media_url":"https:\/\/lasprimeras.com.do\/wp-content\/uploads\/2024\/08\/gaza.jpg","jetpack-related-posts":[{"id":84325,"url":"https:\/\/lasprimeras.com.do\/index.php\/2024\/06\/06\/un-ataque-israeli-mata-al-menos-a-33-personas-en-una-escuela-de-gaza\/","url_meta":{"origin":87296,"position":0},"title":"Un ataque israel\u00ed mata al menos a 33 personas en una escuela de Gaza","author":"Nelson Feliz","date":"6 de junio de 2024","format":false,"excerpt":"POR WAFAA SHURAFA Y SAMY MAGDY DEIR AL-BALAH, Franja de Gaza (AP) \u2014 Un ataque israel\u00ed la madrugada del jueves contra una escuela que albergaba a palestinos desplazados en el centro de Gaza mat\u00f3 a m\u00e1s de 30 personas, entre ellas 23 mujeres y ni\u00f1os, seg\u00fan funcionarios de salud locales.\u2026","rel":"","context":"En \u00abSin categor\u00eda\u00bb","block_context":{"text":"Sin categor\u00eda","link":"https:\/\/lasprimeras.com.do\/index.php\/category\/sin-categoria\/"},"img":{"alt_text":"","src":"https:\/\/i0.wp.com\/lasprimeras.com.do\/wp-content\/uploads\/2024\/06\/ATAQUE.jpg?resize=350%2C200&ssl=1","width":350,"height":200,"srcset":"https:\/\/i0.wp.com\/lasprimeras.com.do\/wp-content\/uploads\/2024\/06\/ATAQUE.jpg?resize=350%2C200&ssl=1 1x, https:\/\/i0.wp.com\/lasprimeras.com.do\/wp-content\/uploads\/2024\/06\/ATAQUE.jpg?resize=525%2C300&ssl=1 1.5x, https:\/\/i0.wp.com\/lasprimeras.com.do\/wp-content\/uploads\/2024\/06\/ATAQUE.jpg?resize=700%2C400&ssl=1 2x"},"classes":[]},{"id":99690,"url":"https:\/\/lasprimeras.com.do\/index.php\/2025\/05\/26\/ataques-israelies-matan-a-52-personas-en-gaza-incluidos-36-en-una-escuela-convertida-en-refugio\/","url_meta":{"origin":87296,"position":1},"title":"Ataques israel\u00edes matan a 52 personas en Gaza, incluidos 36 en una escuela convertida en refugio","author":"Nelson Feliz","date":"26 de mayo de 2025","format":false,"excerpt":"POR WAFAA SHURAFA and SAMY MAGDY DEIR AL-BALAH, Franja de Gaza (AP) \u2014 Ataques israel\u00edes mataron al menos a 52 personas en la Franja de Gaza el lunes, incluidas 36 en una escuela convertida en refugio que fue atacada mientras la gente dorm\u00eda, prendiendo fuego a sus pertenencias, seg\u00fan dijeron\u2026","rel":"","context":"En \u00abINTERNACIONALES\u00bb","block_context":{"text":"INTERNACIONALES","link":"https:\/\/lasprimeras.com.do\/index.php\/category\/sin-categoria\/internacionales\/"},"img":{"alt_text":"","src":"https:\/\/i0.wp.com\/lasprimeras.com.do\/wp-content\/uploads\/2025\/05\/Gaza.jpg?resize=350%2C200&ssl=1","width":350,"height":200,"srcset":"https:\/\/i0.wp.com\/lasprimeras.com.do\/wp-content\/uploads\/2025\/05\/Gaza.jpg?resize=350%2C200&ssl=1 1x, https:\/\/i0.wp.com\/lasprimeras.com.do\/wp-content\/uploads\/2025\/05\/Gaza.jpg?resize=525%2C300&ssl=1 1.5x, https:\/\/i0.wp.com\/lasprimeras.com.do\/wp-content\/uploads\/2025\/05\/Gaza.jpg?resize=700%2C400&ssl=1 2x"},"classes":[]},{"id":62822,"url":"https:\/\/lasprimeras.com.do\/index.php\/2023\/10\/08\/israel-dice-que-esta-en-guerra-tras-ataque-sorpresa-de-hamas\/","url_meta":{"origin":87296,"position":2},"title":"Israel dice que est\u00e1 en guerra tras ataque sorpresa de Ham\u00e1s","author":"Nelson Feliz","date":"8 de octubre de 2023","format":false,"excerpt":"Israel dice que est\u00e1 en guerra mientras sus soldados luchan contra los combatientes de Hamas en las calles del sur de Israel y lanzan ataques a\u00e9reos en Gaza, un d\u00eda despu\u00e9s de un ataque sorpresa sin precedentes por parte de combatientes de Hamas. En el norte de Israel, un breve\u2026","rel":"","context":"En \u00abSin categor\u00eda\u00bb","block_context":{"text":"Sin categor\u00eda","link":"https:\/\/lasprimeras.com.do\/index.php\/category\/sin-categoria\/"},"img":{"alt_text":"Palestinos se alejan del kibbutz de Kfar Azza, Israel, cerca de la valla fronteriza de la Franja de Gaza, el 7 de octubre de 2023. (AP)","src":"https:\/\/i0.wp.com\/lasprimeras.com.do\/wp-content\/uploads\/2023\/10\/Palestinos-se-alejan-del-kibbutz-de-Kfar-Azza-Israel.jpg?resize=350%2C200&ssl=1","width":350,"height":200,"srcset":"https:\/\/i0.wp.com\/lasprimeras.com.do\/wp-content\/uploads\/2023\/10\/Palestinos-se-alejan-del-kibbutz-de-Kfar-Azza-Israel.jpg?resize=350%2C200&ssl=1 1x, https:\/\/i0.wp.com\/lasprimeras.com.do\/wp-content\/uploads\/2023\/10\/Palestinos-se-alejan-del-kibbutz-de-Kfar-Azza-Israel.jpg?resize=525%2C300&ssl=1 1.5x, https:\/\/i0.wp.com\/lasprimeras.com.do\/wp-content\/uploads\/2023\/10\/Palestinos-se-alejan-del-kibbutz-de-Kfar-Azza-Israel.jpg?resize=700%2C400&ssl=1 2x"},"classes":[]},{"id":85110,"url":"https:\/\/lasprimeras.com.do\/index.php\/2024\/06\/22\/al-menos-39-personas-murieron-en-ataques-israelies-en-el-norte-de-gaza-dicen-las-autoridades\/","url_meta":{"origin":87296,"position":3},"title":"Al menos 39 personas murieron en ataques israel\u00edes en el norte de Gaza, dicen las autoridades","author":"Nelson Feliz","date":"22 de junio de 2024","format":false,"excerpt":"POR JACK JEFFERY Y WAFAA SHURAFA DEIR AL-BALAH, Franja de Gaza (AP) \u2014 Al menos 39 personas murieron el s\u00e1bado por ataques israel\u00edes en el norte de Gaza, mientras los trabajadores de rescate se apresuraban a encontrar sobrevivientes bajo los escombros, seg\u00fan funcionarios palestinos y hospitalarios. Fadel Naem, director del\u2026","rel":"","context":"En \u00abSin categor\u00eda\u00bb","block_context":{"text":"Sin categor\u00eda","link":"https:\/\/lasprimeras.com.do\/index.php\/category\/sin-categoria\/"},"img":{"alt_text":"","src":"https:\/\/i0.wp.com\/lasprimeras.com.do\/wp-content\/uploads\/2024\/06\/muertos.jpg?resize=350%2C200&ssl=1","width":350,"height":200,"srcset":"https:\/\/i0.wp.com\/lasprimeras.com.do\/wp-content\/uploads\/2024\/06\/muertos.jpg?resize=350%2C200&ssl=1 1x, https:\/\/i0.wp.com\/lasprimeras.com.do\/wp-content\/uploads\/2024\/06\/muertos.jpg?resize=525%2C300&ssl=1 1.5x, https:\/\/i0.wp.com\/lasprimeras.com.do\/wp-content\/uploads\/2024\/06\/muertos.jpg?resize=700%2C400&ssl=1 2x"},"classes":[]},{"id":62782,"url":"https:\/\/lasprimeras.com.do\/index.php\/2023\/10\/07\/se-eleva-a-a-mas-de-300-el-numero-de-israelies-fallecidos-tras-el-ataque-de-hamas\/","url_meta":{"origin":87296,"position":4},"title":"Se eleva a a m\u00e1s de 300 el n\u00famero de israel\u00edes fallecidos tras el ataque de Ham\u00e1s","author":"Nelson Feliz","date":"7 de octubre de 2023","format":false,"excerpt":"La cifra de fallecidos podr\u00eda aumentar en las pr\u00f3ximas horas, dada la gravedad de algunos de los heridos. M\u00e1s de 300 ciudadanos israel\u00edes han muerto como consecuencia del ataque llevado a cabo el s\u00e1bado desde la Franja de Gaza por el grupo islamista Ham\u00e1s contra el territorio de Israel, informaron\u2026","rel":"","context":"En \u00abSin categor\u00eda\u00bb","block_context":{"text":"Sin categor\u00eda","link":"https:\/\/lasprimeras.com.do\/index.php\/category\/sin-categoria\/"},"img":{"alt_text":"La gente eval\u00faa la destrucci\u00f3n causada por los ataques a\u00e9reos israel\u00edes en la ciudad de Gaza el 7 de octubre de 2023. Militantes palestinos han comenzado una \"guerra\" contra Israel, en la que se infiltraron por aire, mar y tierra desde la bloqueada Franja de Gaza.AFP\/ MOHAMMED ABED","src":"https:\/\/i0.wp.com\/lasprimeras.com.do\/wp-content\/uploads\/2023\/10\/Ataques.jpeg?resize=350%2C200&ssl=1","width":350,"height":200,"srcset":"https:\/\/i0.wp.com\/lasprimeras.com.do\/wp-content\/uploads\/2023\/10\/Ataques.jpeg?resize=350%2C200&ssl=1 1x, https:\/\/i0.wp.com\/lasprimeras.com.do\/wp-content\/uploads\/2023\/10\/Ataques.jpeg?resize=525%2C300&ssl=1 1.5x, https:\/\/i0.wp.com\/lasprimeras.com.do\/wp-content\/uploads\/2023\/10\/Ataques.jpeg?resize=700%2C400&ssl=1 2x"},"classes":[]},{"id":73990,"url":"https:\/\/lasprimeras.com.do\/index.php\/2024\/01\/18\/israel-al-menos-19-palestinos-muertos-en-bombardeo-nocturno\/","url_meta":{"origin":87296,"position":5},"title":"ISRAEL: Al menos 19 palestinos muertos en bombardeo nocturno","author":"BIMARY DE JES\u00daS Matos","date":"18 de enero de 2024","format":false,"excerpt":"ISRAEL.- Al menos 19 palestinos han muerto tras un bombardeo nocturno del Ej\u00e9rcito de Israel contra la ciudad de Raf\u00e1, en el sur de la Franja de Gaza, que ha alcanzado una vivienda, en el marco de la ofensiva israel\u00ed contra el Movimiento de Resistencia Isl\u00e1mica (Ham\u00e1s) como respuesta a\u2026","rel":"","context":"En \u00abSin categor\u00eda\u00bb","block_context":{"text":"Sin categor\u00eda","link":"https:\/\/lasprimeras.com.do\/index.php\/category\/sin-categoria\/"},"img":{"alt_text":"","src":"https:\/\/i0.wp.com\/lasprimeras.com.do\/wp-content\/uploads\/2024\/01\/Mujer-bonita-el-merengue-que-posiciona-a-Rafely-Rosario-numero-uno-en-radio-nacional-6-1.jpg?resize=350%2C200&ssl=1","width":350,"height":200,"srcset":"https:\/\/i0.wp.com\/lasprimeras.com.do\/wp-content\/uploads\/2024\/01\/Mujer-bonita-el-merengue-que-posiciona-a-Rafely-Rosario-numero-uno-en-radio-nacional-6-1.jpg?resize=350%2C200&ssl=1 1x, https:\/\/i0.wp.com\/lasprimeras.com.do\/wp-content\/uploads\/2024\/01\/Mujer-bonita-el-merengue-que-posiciona-a-Rafely-Rosario-numero-uno-en-radio-nacional-6-1.jpg?resize=525%2C300&ssl=1 1.5x"},"classes":[]}],"jetpack_sharing_enabled":true,"_links":{"self":[{"href":"https:\/\/lasprimeras.com.do\/index.php\/wp-json\/wp\/v2\/posts\/87296","targetHints":{"allow":["GET"]}}],"collection":[{"href":"https:\/\/lasprimeras.com.do\/index.php\/wp-json\/wp\/v2\/posts"}],"about":[{"href":"https:\/\/lasprimeras.com.do\/index.php\/wp-json\/wp\/v2\/types\/post"}],"author":[{"embeddable":true,"href":"https:\/\/lasprimeras.com.do\/index.php\/wp-json\/wp\/v2\/users\/2"}],"replies":[{"embeddable":true,"href":"https:\/\/lasprimeras.com.do\/index.php\/wp-json\/wp\/v2\/comments?post=87296"}],"version-history":[{"count":1,"href":"https:\/\/lasprimeras.com.do\/index.php\/wp-json\/wp\/v2\/posts\/87296\/revisions"}],"predecessor-version":[{"id":87298,"href":"https:\/\/lasprimeras.com.do\/index.php\/wp-json\/wp\/v2\/posts\/87296\/revisions\/87298"}],"wp:featuredmedia":[{"embeddable":true,"href":"https:\/\/lasprimeras.com.do\/index.php\/wp-json\/wp\/v2\/media\/87297"}],"wp:attachment":[{"href":"https:\/\/lasprimeras.com.do\/index.php\/wp-json\/wp\/v2\/media?parent=87296"}],"wp:term":[{"taxonomy":"category","embeddable":true,"href":"https:\/\/lasprimeras.com.do\/index.php\/wp-json\/wp\/v2\/categories?post=87296"},{"taxonomy":"post_tag","embeddable":true,"href":"https:\/\/lasprimeras.com.do\/index.php\/wp-json\/wp\/v2\/tags?post=87296"}],"curies":[{"name":"wp","href":"https:\/\/api.w.org\/{rel}","templated":true}]}}