{"id":87305,"date":"2024-08-10T19:29:09","date_gmt":"2024-08-10T23:29:09","guid":{"rendered":"https:\/\/lasprimeras.com.do\/?p=87305"},"modified":"2024-08-10T19:29:10","modified_gmt":"2024-08-10T23:29:10","slug":"diputado-propone-crear-un-banco-de-software-libre-para-centroamerica-y-republica-dominicana","status":"publish","type":"post","link":"https:\/\/lasprimeras.com.do\/index.php\/2024\/08\/10\/diputado-propone-crear-un-banco-de-software-libre-para-centroamerica-y-republica-dominicana\/","title":{"rendered":"Diputado propone crear un \u201cBanco de Software Libre\u201d para Centroam\u00e9rica y Rep\u00fablica Dominicana"},"content":{"rendered":"\n<p><strong>El legislador Luis Coronado Su\u00e1rez dice que esta iniciativa ayudar\u00e1 a los ayuntamientos y la administraci\u00f3n p\u00fablica en general a acceder a soluciones tecnol\u00f3gicas eficientes a un bajo costo.<\/strong><\/p>\n\n\n\n<p><strong>Guatemala. &#8211;<\/strong> El Parlamento Centroamericano (PARLACEN) ha admitido una recomendaci\u00f3n crucial propuesta por el diputado dominicano Luis Coronado Su\u00e1rez, la cual busca establecer el Banco de Software Libre para Centroam\u00e9rica y Rep\u00fablica Dominicana (BASOL-CARD), una plataforma digital destinada a mejorar el acceso y uso de software libre en los ayuntamientos y la administraci\u00f3n p\u00fablica.<\/p>\n\n\n\n<p>El BASOL-CARD ser\u00e1 una colecci\u00f3n organizada de programas y aplicaciones inform\u00e1ticas, acompa\u00f1ados de documentaci\u00f3n y recursos, que estar\u00e1n disponibles para facilitar la eficiencia en la gesti\u00f3n p\u00fablica y reducir costos.<\/p>\n\n\n\n<p>Este banco de software libre permitir\u00e1 a los pa\u00edses miembros del Sistema de la Integraci\u00f3n Centroamericana (SICA) acceder a herramientas tecnol\u00f3gicas sin las limitaciones de licencias costosas, fomentando as\u00ed una mayor transparencia y colaboraci\u00f3n.<\/p>\n\n\n\n<p>Entre los objetivos del BASOL-CARD destacan la promoci\u00f3n de la innovaci\u00f3n tecnol\u00f3gica, la mejora en la eficiencia administrativa y la reducci\u00f3n de costos mediante el uso de software libre.<\/p>\n\n\n\n<p>La plataforma tambi\u00e9n contar\u00e1 con una Unidad de Capacitaci\u00f3n para formar a los usuarios en la aplicaci\u00f3n efectiva de estas tecnolog\u00edas.<\/p>\n\n\n\n<p>El financiamiento del proyecto se lograr\u00e1 a trav\u00e9s de aportes de los pa\u00edses miembros, fondos internacionales y posibles modelos de suscripci\u00f3n voluntaria. Esta iniciativa tambi\u00e9n incluir\u00e1 campa\u00f1as de concienciaci\u00f3n y alianzas con instituciones educativas para fortalecer el uso del software libre en la gesti\u00f3n p\u00fablica.<\/p>\n\n\n\n<p>La propuesta del diputado del PARLACEN en representaci\u00f3n del Partido Dominicanos por el Cambio (DxC), promete transformar el acceso a la tecnolog\u00eda en la regi\u00f3n y potenciar el desarrollo econ\u00f3mico y social en Centroam\u00e9rica y Rep\u00fablica Dominicana.<\/p>\n\n\n\n<p><strong>Banco de Software<\/strong><\/p>\n\n\n\n<p>Un banco de software es una colecci\u00f3n organizada de programas y aplicaciones inform\u00e1ticas, junto con la documentaci\u00f3n y los recursos asociados, que est\u00e1n almacenados y gestionados para su f\u00e1cil acceso y reutilizaci\u00f3n.<\/p>\n\n\n\n<p>Estos bancos de software son utilizados por desarrolladores y organizaciones para mejorar la eficiencia del desarrollo, facilitar la actualizaci\u00f3n y el mantenimiento del software, y asegurar la calidad y consistencia del c\u00f3digo. Pueden incluir herramientas de desarrollo, bibliotecas, frameworks, scripts, y otros recursos que son esenciales para el desarrollo de aplicaciones.<\/p>\n\n\n\n<p>Seg\u00fan explica la Fundaci\u00f3n para el Software Libre (FSF), \u201cel software libre es un tipo de software que respeta la libertad de los usuarios sobre su propio funcionamiento. Los usuarios tienen la libertad de ejecutar, copiar, distribuir, estudiar, modificar y mejorar el software. Estas libertades aseguran que el software sea controlado por sus usuarios y la comunidad en lugar de por una entidad propietaria\u201d.<\/p>\n","protected":false},"excerpt":{"rendered":"<p>El legislador Luis Coronado Su\u00e1rez dice que esta iniciativa ayudar\u00e1 a los ayuntamientos y la administraci\u00f3n p\u00fablica en general a acceder a soluciones tecnol\u00f3gicas eficientes a un bajo costo. Guatemala.&hellip;<\/p>\n","protected":false},"author":2,"featured_media":87306,"comment_status":"open","ping_status":"open","sticky":false,"template":"","format":"standard","meta":{"content-type":"","jetpack_post_was_ever_published":false,"_jetpack_newsletter_access":"","_jetpack_dont_email_post_to_subs":false,"_jetpack_newsletter_tier_id":0,"_jetpack_memberships_contains_paywalled_content":false,"_jetpack_memberships_contains_paid_content":false,"footnotes":""},"categories":[1],"tags":[14673,260,78,364,2138,1226],"class_list":["post-87305","post","type-post","status-publish","format-standard","has-post-thumbnail","hentry","category-sin-categoria","tag-banco-de-software-libre","tag-centroamerica","tag-diputado","tag-dominicano","tag-parlacen","tag-republica-dominicana"],"jetpack_featured_media_url":"https:\/\/lasprimeras.com.do\/wp-content\/uploads\/2024\/08\/Luis-Coronado-Suarez.jpg","jetpack-related-posts":[{"id":97206,"url":"https:\/\/lasprimeras.com.do\/index.php\/2025\/04\/17\/parlacen-organiza-foro-sobre-retos-de-la-migracion-en-centroamerica-y-republica-dominicana\/","url_meta":{"origin":87305,"position":0},"title":"Parlacen organiza foro sobre retos de la migraci\u00f3n en Centroam\u00e9rica y Rep\u00fablica Dominicana","author":"Nelson Feliz","date":"17 de abril de 2025","format":false,"excerpt":"El Parlamento Centroamericano (PARLACEN) celebrar\u00e1 el pr\u00f3ximo 29 de abril un foro regional de alto nivel sobre los desaf\u00edos que plantea la migraci\u00f3n en Centroam\u00e9rica y la Rep\u00fablica Dominicana. Esta importante actividad tendr\u00e1 lugar en el auditorio del Senado de la Rep\u00fablica Dominicana, sede oficial del evento. El foro contar\u00e1\u2026","rel":"","context":"En \u00abPOLITICA\u00bb","block_context":{"text":"POLITICA","link":"https:\/\/lasprimeras.com.do\/index.php\/category\/politica\/"},"img":{"alt_text":"","src":"https:\/\/i0.wp.com\/lasprimeras.com.do\/wp-content\/uploads\/2025\/04\/foro.jpg?resize=350%2C200&ssl=1","width":350,"height":200,"srcset":"https:\/\/i0.wp.com\/lasprimeras.com.do\/wp-content\/uploads\/2025\/04\/foro.jpg?resize=350%2C200&ssl=1 1x, https:\/\/i0.wp.com\/lasprimeras.com.do\/wp-content\/uploads\/2025\/04\/foro.jpg?resize=525%2C300&ssl=1 1.5x, https:\/\/i0.wp.com\/lasprimeras.com.do\/wp-content\/uploads\/2025\/04\/foro.jpg?resize=700%2C400&ssl=1 2x"},"classes":[]},{"id":61701,"url":"https:\/\/lasprimeras.com.do\/index.php\/2023\/09\/29\/proponen-crear-incentivos-a-empresas-que-produzcan-productos-de-un-solo-uso-en-centroamerica-y-rd\/","url_meta":{"origin":87305,"position":1},"title":"Proponen crear incentivos a empresas que produzcan productos de un s\u00f3lo uso en Centroam\u00e9rica y RD","author":"Nelson Feliz","date":"29 de septiembre de 2023","format":false,"excerpt":"Luis Coronado Su\u00e1rez dice: \u201cEs tiempo de masificar el uso de envases ecol\u00f3gicos y m\u00e1s amigables con el medio ambiente y la salud\u201d.\u00a0 El diputado dominicano Luis Coronado Su\u00e1rez, ante el Parlamento Centroamericano (PARLACEN), someti\u00f3 una iniciativa de recomendaci\u00f3n que busca implementar incentivos para las empresas que produzcan alternativas al\u2026","rel":"","context":"En \u00abPORTADA\u00bb","block_context":{"text":"PORTADA","link":"https:\/\/lasprimeras.com.do\/index.php\/category\/portada\/"},"img":{"alt_text":"Luis Coronado Su\u00e1rez","src":"https:\/\/i0.wp.com\/lasprimeras.com.do\/wp-content\/uploads\/2023\/09\/Luis-Coronado-Suarez.jpg?resize=350%2C200&ssl=1","width":350,"height":200,"srcset":"https:\/\/i0.wp.com\/lasprimeras.com.do\/wp-content\/uploads\/2023\/09\/Luis-Coronado-Suarez.jpg?resize=350%2C200&ssl=1 1x, https:\/\/i0.wp.com\/lasprimeras.com.do\/wp-content\/uploads\/2023\/09\/Luis-Coronado-Suarez.jpg?resize=525%2C300&ssl=1 1.5x, https:\/\/i0.wp.com\/lasprimeras.com.do\/wp-content\/uploads\/2023\/09\/Luis-Coronado-Suarez.jpg?resize=700%2C400&ssl=1 2x"},"classes":[]},{"id":127273,"url":"https:\/\/lasprimeras.com.do\/index.php\/2026\/04\/09\/parlacen-rinde-homenaje-a-victimas-de-tragedia-del-8-de-abril\/","url_meta":{"origin":87305,"position":2},"title":"PARLACEN rinde homenaje a v\u00edctimas de tragedia del 8 de abril","author":"Nelson Feliz","date":"9 de abril de 2026","format":false,"excerpt":"En el marco de la reuni\u00f3n ordinaria de la Bancada Parlamentaria Dominicana ante el Parlamento Centroamericano (PARLACEN), los diputados guardaron un minuto de silencio en memoria de las personas fallecidas en la tragedia ocurrida el pasado 8 de abril de 2025. El solemne acto form\u00f3 parte de la agenda oficial\u2026","rel":"","context":"En \u00abPOLITICA\u00bb","block_context":{"text":"POLITICA","link":"https:\/\/lasprimeras.com.do\/index.php\/category\/politica\/"},"img":{"alt_text":"PARLACEN","src":"https:\/\/i0.wp.com\/lasprimeras.com.do\/wp-content\/uploads\/2026\/04\/PARLACEN.jpg?resize=350%2C200&ssl=1","width":350,"height":200,"srcset":"https:\/\/i0.wp.com\/lasprimeras.com.do\/wp-content\/uploads\/2026\/04\/PARLACEN.jpg?resize=350%2C200&ssl=1 1x, https:\/\/i0.wp.com\/lasprimeras.com.do\/wp-content\/uploads\/2026\/04\/PARLACEN.jpg?resize=525%2C300&ssl=1 1.5x, https:\/\/i0.wp.com\/lasprimeras.com.do\/wp-content\/uploads\/2026\/04\/PARLACEN.jpg?resize=700%2C400&ssl=1 2x"},"classes":[]},{"id":107694,"url":"https:\/\/lasprimeras.com.do\/index.php\/2025\/08\/29\/parlacen-aprueba-creacion-una-bolsa-de-valores-centroamericana-y-del-caribe\/","url_meta":{"origin":87305,"position":3},"title":"PARLACEN aprueba creaci\u00f3n una Bolsa de Valores Centroamericana y del Caribe","author":"Nelson Feliz","date":"29 de agosto de 2025","format":false,"excerpt":"La diputada por la Uni\u00f3n Dem\u00f3crata Cristiana \u2013UDC- exhorta al Gobierno dominicano a liderar la iniciativa de crear una bolsa de valores Centroamericana y del Caribe, y proponer al pa\u00eds como sede de la futura Bolsa Regional. San Salvador, El Salvador.- La Asamblea Plenaria del Parlamento Centroamericano (PARLACEN), reunida esta\u2026","rel":"","context":"En \u00abPOLITICA\u00bb","block_context":{"text":"POLITICA","link":"https:\/\/lasprimeras.com.do\/index.php\/category\/politica\/"},"img":{"alt_text":"","src":"https:\/\/i0.wp.com\/lasprimeras.com.do\/wp-content\/uploads\/2025\/08\/Krimilda-Acosta.jpg?resize=350%2C200&ssl=1","width":350,"height":200,"srcset":"https:\/\/i0.wp.com\/lasprimeras.com.do\/wp-content\/uploads\/2025\/08\/Krimilda-Acosta.jpg?resize=350%2C200&ssl=1 1x, https:\/\/i0.wp.com\/lasprimeras.com.do\/wp-content\/uploads\/2025\/08\/Krimilda-Acosta.jpg?resize=525%2C300&ssl=1 1.5x"},"classes":[]},{"id":110333,"url":"https:\/\/lasprimeras.com.do\/index.php\/2025\/09\/27\/diputada-promueve-en-barranquilla-los-derechos-de-los-pueblos-indigenas-y-afrodescendientes\/","url_meta":{"origin":87305,"position":4},"title":"Diputada promueve en Barranquilla los derechos de los pueblos Ind\u00edgenas y Afrodescendientes","author":"Nelson Feliz","date":"27 de septiembre de 2025","format":false,"excerpt":"La diputada ante el Parlamento Centroamericano, Namibia Angola Didiez, aboga en Barranquilla por una diplomacia legislativa que respete y reconozca a los pueblos ind\u00edgenas y afrodescendientes. La representante de la Rep\u00fablica Dominicana destac\u00f3 su compromiso con la paz y la inclusi\u00f3n durante su participaci\u00f3n en el IV Foro Parlamentario Internacional\u2026","rel":"","context":"En \u00abPOLITICA\u00bb","block_context":{"text":"POLITICA","link":"https:\/\/lasprimeras.com.do\/index.php\/category\/politica\/"},"img":{"alt_text":"","src":"https:\/\/i0.wp.com\/lasprimeras.com.do\/wp-content\/uploads\/2025\/09\/Namibia-Angola-Didiez.jpg?resize=350%2C200&ssl=1","width":350,"height":200,"srcset":"https:\/\/i0.wp.com\/lasprimeras.com.do\/wp-content\/uploads\/2025\/09\/Namibia-Angola-Didiez.jpg?resize=350%2C200&ssl=1 1x, https:\/\/i0.wp.com\/lasprimeras.com.do\/wp-content\/uploads\/2025\/09\/Namibia-Angola-Didiez.jpg?resize=525%2C300&ssl=1 1.5x, https:\/\/i0.wp.com\/lasprimeras.com.do\/wp-content\/uploads\/2025\/09\/Namibia-Angola-Didiez.jpg?resize=700%2C400&ssl=1 2x"},"classes":[]},{"id":106876,"url":"https:\/\/lasprimeras.com.do\/index.php\/2025\/08\/20\/parlacen-reconoce-a-celines-toribio-como-mujer-migrante-destacada-en-el-exterior\/","url_meta":{"origin":87305,"position":5},"title":"PARLACEN reconoce a Celin\u00e9s Toribio como Mujer Migrante Destacada en el Exterior","author":"Nelson Feliz","date":"20 de agosto de 2025","format":false,"excerpt":"\u201cLa migraci\u00f3n tiene rostro femenino y la participaci\u00f3n de las mujeres es clave para una democracia justa\". La Comisi\u00f3n de Mujer, Ni\u00f1ez y Familia (COMFAM) del Parlamento Centroamericano (PARLACEN), inaugur\u00f3 el XXII Encuentro Nacional de Mujeres de Partidos Pol\u00edticos, donde entreg\u00f3 un reconocimiento a la embajadora y viceministra para las\u2026","rel":"","context":"En \u00abNACIONALES\u00bb","block_context":{"text":"NACIONALES","link":"https:\/\/lasprimeras.com.do\/index.php\/category\/nacionales\/"},"img":{"alt_text":"","src":"https:\/\/i0.wp.com\/lasprimeras.com.do\/wp-content\/uploads\/2025\/08\/PARLACEN.jpg?resize=350%2C200&ssl=1","width":350,"height":200,"srcset":"https:\/\/i0.wp.com\/lasprimeras.com.do\/wp-content\/uploads\/2025\/08\/PARLACEN.jpg?resize=350%2C200&ssl=1 1x, https:\/\/i0.wp.com\/lasprimeras.com.do\/wp-content\/uploads\/2025\/08\/PARLACEN.jpg?resize=525%2C300&ssl=1 1.5x, https:\/\/i0.wp.com\/lasprimeras.com.do\/wp-content\/uploads\/2025\/08\/PARLACEN.jpg?resize=700%2C400&ssl=1 2x"},"classes":[]}],"jetpack_sharing_enabled":true,"_links":{"self":[{"href":"https:\/\/lasprimeras.com.do\/index.php\/wp-json\/wp\/v2\/posts\/87305","targetHints":{"allow":["GET"]}}],"collection":[{"href":"https:\/\/lasprimeras.com.do\/index.php\/wp-json\/wp\/v2\/posts"}],"about":[{"href":"https:\/\/lasprimeras.com.do\/index.php\/wp-json\/wp\/v2\/types\/post"}],"author":[{"embeddable":true,"href":"https:\/\/lasprimeras.com.do\/index.php\/wp-json\/wp\/v2\/users\/2"}],"replies":[{"embeddable":true,"href":"https:\/\/lasprimeras.com.do\/index.php\/wp-json\/wp\/v2\/comments?post=87305"}],"version-history":[{"count":1,"href":"https:\/\/lasprimeras.com.do\/index.php\/wp-json\/wp\/v2\/posts\/87305\/revisions"}],"predecessor-version":[{"id":87307,"href":"https:\/\/lasprimeras.com.do\/index.php\/wp-json\/wp\/v2\/posts\/87305\/revisions\/87307"}],"wp:featuredmedia":[{"embeddable":true,"href":"https:\/\/lasprimeras.com.do\/index.php\/wp-json\/wp\/v2\/media\/87306"}],"wp:attachment":[{"href":"https:\/\/lasprimeras.com.do\/index.php\/wp-json\/wp\/v2\/media?parent=87305"}],"wp:term":[{"taxonomy":"category","embeddable":true,"href":"https:\/\/lasprimeras.com.do\/index.php\/wp-json\/wp\/v2\/categories?post=87305"},{"taxonomy":"post_tag","embeddable":true,"href":"https:\/\/lasprimeras.com.do\/index.php\/wp-json\/wp\/v2\/tags?post=87305"}],"curies":[{"name":"wp","href":"https:\/\/api.w.org\/{rel}","templated":true}]}}