{"id":87314,"date":"2024-08-10T21:07:20","date_gmt":"2024-08-11T01:07:20","guid":{"rendered":"https:\/\/lasprimeras.com.do\/?p=87314"},"modified":"2024-08-10T21:07:21","modified_gmt":"2024-08-11T01:07:21","slug":"maduro-ataca-a-x-y-whatsapp-mientras-aumenta-la-presion-para-respaldar-su-afirmacion-de-victoria-en-venezuela","status":"publish","type":"post","link":"https:\/\/lasprimeras.com.do\/index.php\/2024\/08\/10\/maduro-ataca-a-x-y-whatsapp-mientras-aumenta-la-presion-para-respaldar-su-afirmacion-de-victoria-en-venezuela\/","title":{"rendered":"Maduro ataca a X y WhatsApp mientras aumenta la presi\u00f3n para respaldar su afirmaci\u00f3n de victoria en Venezuela"},"content":{"rendered":"\n<p>Por REGINA GARCIA CANO<\/p>\n\n\n\n<p>CARACAS, Venezuela (AP) \u2014 El presidente de Venezuela, Nicol\u00e1s Maduro, est\u00e1 tratando de lograr algo que parece imposible en el pa\u00eds sudamericano: alejar a la gente de WhatsApp y X.<\/p>\n\n\n\n<p>El anuncio de Maduro esta semana de que hab\u00eda ordenado un bloqueo de 10 d\u00edas al acceso a X en Venezuela es el \u00faltimo de una serie de esfuerzos de su gobierno para tratar de suprimir el intercambio de informaci\u00f3n entre personas que expresan dudas sobre su afirmaci\u00f3n de victoria en las elecciones presidenciales del 28 de julio.<\/p>\n\n\n\n<p>Tambi\u00e9n revela c\u00f3mo cada aspecto del gobierno de Venezuela est\u00e1 sujeto a los deseos y necesidades de Maduro, ya que pas\u00f3 de exigir a su gabinete que retuiteara sus publicaciones en mayo a ordenar a la agencia de telecomunicaciones del pa\u00eds el jueves que bloqueara el acceso a X.<\/p>\n\n\n\n<p>\u201c\u00a1X fuera por 10 d\u00edas! \u00a1Elon Musk fuera!\u201d Maduro dijo el jueves al anunciar su decisi\u00f3n de prohibir temporalmente la red social y acus\u00f3 a su propietario, el multimillonario tecnol\u00f3gico Elon Musk, de usarla para promover el odio despu\u00e9s de las disputadas elecciones presidenciales de Venezuela.<\/p>\n\n\n\n<p>Maduro, quien tambi\u00e9n acus\u00f3 a la red social de ser utilizada por sus oponentes para crear agitaci\u00f3n pol\u00edtica, dio a la compa\u00f1\u00eda 10 d\u00edas para &#8220;presentar sus documentos&#8221;, pero no dio detalles adicionales.<\/p>\n\n\n\n<p>La oficina central de comunicaciones del gobierno no respondi\u00f3 de inmediato el viernes a una solicitud de The Associated Press en busca de una copia de la resoluci\u00f3n que Maduro dijo haber firmado para autorizar la prohibici\u00f3n contra X.<\/p>\n\n\n\n<p>La oficina de prensa de X no respondi\u00f3 de inmediato a un correo electr\u00f3nico de AP solicitando comentarios.<\/p>\n\n\n\n<p>Las autoridades electorales declararon a Maduro ganador de las elecciones muy esperadas, pero a diferencia de las elecciones presidenciales anteriores, a\u00fan no han presentado recuentos de votos detallados para respaldar su afirmaci\u00f3n.<\/p>\n\n\n\n<p>Mientras tanto, la oposici\u00f3n revel\u00f3 que recopil\u00f3 actas de recuento de m\u00e1s del 80% de las 30.000 m\u00e1quinas de votaci\u00f3n electr\u00f3nica en todo el pa\u00eds que mostraban que perdi\u00f3 por un margen de m\u00e1s de 2 a 1.<\/p>\n\n\n\n<p>La disputa atrajo a miles de personas a las calles en protesta, a lo que el gobierno respondi\u00f3 con toda su fuerza. Desde entonces, las fuerzas de seguridad han detenido a m\u00e1s de 2.000 personas por manifestarse contra Maduro o cuestionar su victoria.<\/p>\n\n\n\n<p>La organizaci\u00f3n de derechos humanos Provea, con sede en Venezuela, registr\u00f3 24 muertes.<\/p>\n\n\n\n<p>Despu\u00e9s de las elecciones, Musk utiliz\u00f3 X para acusar al autoproclamado l\u00edder socialista de un \u201cgran fraude electoral\u201d, lo que provoc\u00f3 la ira de Maduro y un desaf\u00edo a una \u201cpelea\u201d.<\/p>\n\n\n\n<p>Eso es un cambio de actitud para Maduro, quien, consciente del papel clave que juegan las redes sociales en el consumo de noticias en Venezuela, les dijo a los miembros del Gabinete en mayo durante una reuni\u00f3n televisada que lo apoyaran en las redes sociales.<\/p>\n\n\n\n<p>\u201c\u00bfQui\u00e9n de ustedes no sigue mis cuentas?\u201d, dijo. \u201cLes da verg\u00fcenza levantar la mano, \u00bfverdad? \u00bfTodos ustedes? \u00bfY por qu\u00e9 no me gustan? \u00bfPor qu\u00e9 no le dan me gusta o retuitean? \u00bfPor qu\u00e9? \u00a1Eso no cuesta nada, es un segundo, boom!\u201d.<\/p>\n\n\n\n<p>Un mes despu\u00e9s, promocion\u00f3 una publicaci\u00f3n en Instagram cuyo estribillo de la canci\u00f3n instaba a la gente a \u201cDarle un me gusta a Nicol\u00e1s, darle un me gusta a Nicol\u00e1s\u201d, con una leyenda que inclu\u00eda el hashtag #NicoLike.<\/p>\n\n\n\n<p>Fran Monroy, un experto en telecomunicaciones en Venezuela, dijo que la decisi\u00f3n de Maduro de bloquear a X es una escalada de censura que comenz\u00f3 hace varios a\u00f1os.<\/p>\n","protected":false},"excerpt":{"rendered":"<p>Por REGINA GARCIA CANO CARACAS, Venezuela (AP) \u2014 El presidente de Venezuela, Nicol\u00e1s Maduro, est\u00e1 tratando de lograr algo que parece imposible en el pa\u00eds sudamericano: alejar a la gente&hellip;<\/p>\n","protected":false},"author":2,"featured_media":87315,"comment_status":"open","ping_status":"open","sticky":false,"template":"","format":"standard","meta":{"content-type":"","jetpack_post_was_ever_published":false,"_jetpack_newsletter_access":"","_jetpack_dont_email_post_to_subs":false,"_jetpack_newsletter_tier_id":0,"_jetpack_memberships_contains_paywalled_content":false,"_jetpack_memberships_contains_paid_content":false,"footnotes":""},"categories":[1],"tags":[1604,4472,14063,420,2779,14677],"class_list":["post-87314","post","type-post","status-publish","format-standard","has-post-thumbnail","hentry","category-sin-categoria","tag-nicolas-maduro","tag-presion","tag-respaldar","tag-venezuela","tag-victoria","tag-x-y-whatsapp"],"jetpack_featured_media_url":"https:\/\/lasprimeras.com.do\/wp-content\/uploads\/2024\/08\/Nicolas-Maduro.jpg","jetpack-related-posts":[{"id":86659,"url":"https:\/\/lasprimeras.com.do\/index.php\/2024\/07\/29\/yolanda-diaz-llama-a-reconocer-los-resultados-de-maduro-aunque-pide-transparencia\/","url_meta":{"origin":87314,"position":0},"title":"Yolanda D\u00edaz llama a &#8220;reconocer&#8221; los resultados de Maduro aunque pide &#8220;transparencia&#8221;","author":"Nelson Feliz","date":"29 de julio de 2024","format":false,"excerpt":"Recelo internacional ante los resultados de las elecciones en Venezuela que Maduro dice haber ganado. En Espa\u00f1a, el Gobierno reclama las actas \"mesa por mesa\" y el PP le exige que llame a consultas al embajador en Caracas. Por Santiago SaizIsabel Velloso Madrid.-.Aumenta la desconfianza internacional sobre los resultados de\u2026","rel":"","context":"En \u00abSin categor\u00eda\u00bb","block_context":{"text":"Sin categor\u00eda","link":"https:\/\/lasprimeras.com.do\/index.php\/category\/sin-categoria\/"},"img":{"alt_text":"Nicol\u00e1s Maduro","src":"https:\/\/i0.wp.com\/lasprimeras.com.do\/wp-content\/uploads\/2024\/01\/Nicolas-Maduro.jpeg?resize=350%2C200&ssl=1","width":350,"height":200,"srcset":"https:\/\/i0.wp.com\/lasprimeras.com.do\/wp-content\/uploads\/2024\/01\/Nicolas-Maduro.jpeg?resize=350%2C200&ssl=1 1x, https:\/\/i0.wp.com\/lasprimeras.com.do\/wp-content\/uploads\/2024\/01\/Nicolas-Maduro.jpeg?resize=525%2C300&ssl=1 1.5x, https:\/\/i0.wp.com\/lasprimeras.com.do\/wp-content\/uploads\/2024\/01\/Nicolas-Maduro.jpeg?resize=700%2C400&ssl=1 2x"},"classes":[]},{"id":86809,"url":"https:\/\/lasprimeras.com.do\/index.php\/2024\/08\/01\/el-gobierno-de-eeuu-reconoce-al-opositor-edmundo-gonzalez-como-el-ganador-de-elecciones-de-venezuela\/","url_meta":{"origin":87314,"position":1},"title":"El gobierno de EEUU reconoce al opositor Edmundo Gonz\u00e1lez como el ganador de elecciones de Venezuela","author":"Nelson Feliz","date":"1 de agosto de 2024","format":false,"excerpt":"By REGINA GARC\u00cdA CANO CARACAS (AP) \u2014 El gobierno de Estados Unidos anunci\u00f3 el jueves que reconoce al opositor venezolano Edmundo Gonz\u00e1lez como el ganador de las elecciones de Venezuela, en las que la autoridad electoral nacional dio la victoria al presidente Nicol\u00e1s Maduro y que han sido duramente cuestionadas\u2026","rel":"","context":"En \u00abSin categor\u00eda\u00bb","block_context":{"text":"Sin categor\u00eda","link":"https:\/\/lasprimeras.com.do\/index.php\/category\/sin-categoria\/"},"img":{"alt_text":"Nicol\u00e1s Maduro","src":"https:\/\/i0.wp.com\/lasprimeras.com.do\/wp-content\/uploads\/2024\/08\/Nicolas-Maduro-3.png?resize=350%2C200&ssl=1","width":350,"height":200,"srcset":"https:\/\/i0.wp.com\/lasprimeras.com.do\/wp-content\/uploads\/2024\/08\/Nicolas-Maduro-3.png?resize=350%2C200&ssl=1 1x, https:\/\/i0.wp.com\/lasprimeras.com.do\/wp-content\/uploads\/2024\/08\/Nicolas-Maduro-3.png?resize=525%2C300&ssl=1 1.5x, https:\/\/i0.wp.com\/lasprimeras.com.do\/wp-content\/uploads\/2024\/08\/Nicolas-Maduro-3.png?resize=700%2C400&ssl=1 2x"},"classes":[]},{"id":88111,"url":"https:\/\/lasprimeras.com.do\/index.php\/2024\/08\/22\/tribunal-supremo-de-venezuela-confirma-victoria-de-maduro\/","url_meta":{"origin":87314,"position":2},"title":"Tribunal Supremo de Venezuela confirma \u00abvictoria\u00bb de Maduro","author":"Nelson Feliz","date":"22 de agosto de 2024","format":false,"excerpt":"Caracas (EFE).- El Tribunal Supremo de Justicia (TSJ) de Venezuela, controlado por magistrados afines al chavismo, confirm\u00f3 este jueves los resultados oficiales de las elecciones del 28 de julio, que dieron la victoria a Nicol\u00e1s Maduro, lo que ha sido se\u00f1alado de fraudulento dentro y fuera del pa\u00eds. \u201cConvalida esta\u2026","rel":"","context":"En \u00abSin categor\u00eda\u00bb","block_context":{"text":"Sin categor\u00eda","link":"https:\/\/lasprimeras.com.do\/index.php\/category\/sin-categoria\/"},"img":{"alt_text":"Miembros del Tribunal Supremo de Justicia de Venezuela","src":"https:\/\/i0.wp.com\/lasprimeras.com.do\/wp-content\/uploads\/2024\/08\/Miembros-del-Tribunal-Supremo-de-Justicia-de-Venezuela.jpg?resize=350%2C200&ssl=1","width":350,"height":200,"srcset":"https:\/\/i0.wp.com\/lasprimeras.com.do\/wp-content\/uploads\/2024\/08\/Miembros-del-Tribunal-Supremo-de-Justicia-de-Venezuela.jpg?resize=350%2C200&ssl=1 1x, https:\/\/i0.wp.com\/lasprimeras.com.do\/wp-content\/uploads\/2024\/08\/Miembros-del-Tribunal-Supremo-de-Justicia-de-Venezuela.jpg?resize=525%2C300&ssl=1 1.5x, https:\/\/i0.wp.com\/lasprimeras.com.do\/wp-content\/uploads\/2024\/08\/Miembros-del-Tribunal-Supremo-de-Justicia-de-Venezuela.jpg?resize=700%2C400&ssl=1 2x"},"classes":[]},{"id":86726,"url":"https:\/\/lasprimeras.com.do\/index.php\/2024\/07\/31\/dina-boluarte-califica-de-arbitraria-la-ruptura-de-relaciones-diplomaticas-por-parte-de-venezuela\/","url_meta":{"origin":87314,"position":3},"title":"Dina Boluarte califica de arbitraria la ruptura de relaciones diplom\u00e1ticas por parte de Venezuela","author":"Nelson Feliz","date":"31 de julio de 2024","format":false,"excerpt":"La presidencia de la Rep\u00fablica califica de arbitraria la ruptura de relaciones diplom\u00e1ticas por parte del dictador Nicol\u00e1s Maduro y reafirma su reconocimiento al opositor Edmundo Gonz\u00e1lez Urrutia como presidente electo. Por Carol Ruiz La Presidencia de Per\u00fa se pronunci\u00f3 a trav\u00e9s de sus redes sociales este martes 30 de\u2026","rel":"","context":"En \u00abSin categor\u00eda\u00bb","block_context":{"text":"Sin categor\u00eda","link":"https:\/\/lasprimeras.com.do\/index.php\/category\/sin-categoria\/"},"img":{"alt_text":"Dina Boluarte","src":"https:\/\/i0.wp.com\/lasprimeras.com.do\/wp-content\/uploads\/2024\/07\/Dina-Boluarte.png?resize=350%2C200&ssl=1","width":350,"height":200,"srcset":"https:\/\/i0.wp.com\/lasprimeras.com.do\/wp-content\/uploads\/2024\/07\/Dina-Boluarte.png?resize=350%2C200&ssl=1 1x, https:\/\/i0.wp.com\/lasprimeras.com.do\/wp-content\/uploads\/2024\/07\/Dina-Boluarte.png?resize=525%2C300&ssl=1 1.5x, https:\/\/i0.wp.com\/lasprimeras.com.do\/wp-content\/uploads\/2024\/07\/Dina-Boluarte.png?resize=700%2C400&ssl=1 2x"},"classes":[]},{"id":53623,"url":"https:\/\/lasprimeras.com.do\/index.php\/2023\/06\/29\/lula-critica-la-intervencion-extranjera-en-venezuela-y-vuelve-a-defender-a-maduro\/","url_meta":{"origin":87314,"position":4},"title":"Lula critica la intervenci\u00f3n extranjera en Venezuela y vuelve a defender a Maduro","author":"Nelson Feliz","date":"29 de junio de 2023","format":false,"excerpt":"AGENCIA EFE El presidente de Brasil, Luiz In\u00e1cio Lula da Silva, critic\u00f3 este jueves la intervenci\u00f3n extranjera en Venezuela y compar\u00f3 la negativa de la oposici\u00f3n venezolana a aceptar la victoria de Nicol\u00e1s Maduro en las urnas con el intento de golpe de Estado del pasado 8 de enero en\u2026","rel":"","context":"En \u00abSin categor\u00eda\u00bb","block_context":{"text":"Sin categor\u00eda","link":"https:\/\/lasprimeras.com.do\/index.php\/category\/sin-categoria\/"},"img":{"alt_text":"El presidente brasile\u00f1o, Luiz In\u00e1cio Lula da Silva, saluda a su hom\u00f3logo venezolano, Nicol\u00e1s MaduroAFP","src":"https:\/\/i0.wp.com\/lasprimeras.com.do\/wp-content\/uploads\/2023\/06\/Luiz-Inacio-Lula-da-Silva-y-Nicolas-Maduro.jpeg?resize=350%2C200&ssl=1","width":350,"height":200,"srcset":"https:\/\/i0.wp.com\/lasprimeras.com.do\/wp-content\/uploads\/2023\/06\/Luiz-Inacio-Lula-da-Silva-y-Nicolas-Maduro.jpeg?resize=350%2C200&ssl=1 1x, https:\/\/i0.wp.com\/lasprimeras.com.do\/wp-content\/uploads\/2023\/06\/Luiz-Inacio-Lula-da-Silva-y-Nicolas-Maduro.jpeg?resize=525%2C300&ssl=1 1.5x, https:\/\/i0.wp.com\/lasprimeras.com.do\/wp-content\/uploads\/2023\/06\/Luiz-Inacio-Lula-da-Silva-y-Nicolas-Maduro.jpeg?resize=700%2C400&ssl=1 2x"},"classes":[]},{"id":86353,"url":"https:\/\/lasprimeras.com.do\/index.php\/2024\/07\/23\/maduro-busca-apuntalar-el-apoyo-de-los-militares-antes-de-una-renida-eleccion-presidencial\/","url_meta":{"origin":87314,"position":5},"title":"Maduro busca apuntalar el apoyo de los militares antes de una re\u00f1ida elecci\u00f3n presidencial","author":"Nelson Feliz","date":"23 de julio de 2024","format":false,"excerpt":"BY JOSHUA GOODMAN AND REGINA GARC\u00cdA CANO AGUA CALIENTE, Venezuela (AP) \u2014 En un cruce de caminos, no muy lejos de una gasolinera cubierta de maleza, hombres y mujeres j\u00f3venes vestidos con descoloridos uniformes verdes detienen a los veh\u00edculos que regresan de un mitin de opositores al presidente de Venezuela,\u2026","rel":"","context":"En \u00abSin categor\u00eda\u00bb","block_context":{"text":"Sin categor\u00eda","link":"https:\/\/lasprimeras.com.do\/index.php\/category\/sin-categoria\/"},"img":{"alt_text":"Nicol\u00e1s Maduro","src":"https:\/\/i0.wp.com\/lasprimeras.com.do\/wp-content\/uploads\/2024\/07\/Nicolas-Maduro.png?resize=350%2C200&ssl=1","width":350,"height":200,"srcset":"https:\/\/i0.wp.com\/lasprimeras.com.do\/wp-content\/uploads\/2024\/07\/Nicolas-Maduro.png?resize=350%2C200&ssl=1 1x, https:\/\/i0.wp.com\/lasprimeras.com.do\/wp-content\/uploads\/2024\/07\/Nicolas-Maduro.png?resize=525%2C300&ssl=1 1.5x, https:\/\/i0.wp.com\/lasprimeras.com.do\/wp-content\/uploads\/2024\/07\/Nicolas-Maduro.png?resize=700%2C400&ssl=1 2x"},"classes":[]}],"jetpack_sharing_enabled":true,"_links":{"self":[{"href":"https:\/\/lasprimeras.com.do\/index.php\/wp-json\/wp\/v2\/posts\/87314","targetHints":{"allow":["GET"]}}],"collection":[{"href":"https:\/\/lasprimeras.com.do\/index.php\/wp-json\/wp\/v2\/posts"}],"about":[{"href":"https:\/\/lasprimeras.com.do\/index.php\/wp-json\/wp\/v2\/types\/post"}],"author":[{"embeddable":true,"href":"https:\/\/lasprimeras.com.do\/index.php\/wp-json\/wp\/v2\/users\/2"}],"replies":[{"embeddable":true,"href":"https:\/\/lasprimeras.com.do\/index.php\/wp-json\/wp\/v2\/comments?post=87314"}],"version-history":[{"count":1,"href":"https:\/\/lasprimeras.com.do\/index.php\/wp-json\/wp\/v2\/posts\/87314\/revisions"}],"predecessor-version":[{"id":87316,"href":"https:\/\/lasprimeras.com.do\/index.php\/wp-json\/wp\/v2\/posts\/87314\/revisions\/87316"}],"wp:featuredmedia":[{"embeddable":true,"href":"https:\/\/lasprimeras.com.do\/index.php\/wp-json\/wp\/v2\/media\/87315"}],"wp:attachment":[{"href":"https:\/\/lasprimeras.com.do\/index.php\/wp-json\/wp\/v2\/media?parent=87314"}],"wp:term":[{"taxonomy":"category","embeddable":true,"href":"https:\/\/lasprimeras.com.do\/index.php\/wp-json\/wp\/v2\/categories?post=87314"},{"taxonomy":"post_tag","embeddable":true,"href":"https:\/\/lasprimeras.com.do\/index.php\/wp-json\/wp\/v2\/tags?post=87314"}],"curies":[{"name":"wp","href":"https:\/\/api.w.org\/{rel}","templated":true}]}}