{"id":87317,"date":"2024-08-10T22:17:21","date_gmt":"2024-08-11T02:17:21","guid":{"rendered":"https:\/\/lasprimeras.com.do\/?p=87317"},"modified":"2024-08-10T22:17:22","modified_gmt":"2024-08-11T02:17:22","slug":"una-ex-boina-verde-de-ee-uu-implicada-en-el-golpe-de-estado-contra-maduro-en-venezuela","status":"publish","type":"post","link":"https:\/\/lasprimeras.com.do\/index.php\/2024\/08\/10\/una-ex-boina-verde-de-ee-uu-implicada-en-el-golpe-de-estado-contra-maduro-en-venezuela\/","title":{"rendered":"Una ex boina verde de EE. UU. implicada en el golpe de Estado contra Maduro en Venezuela"},"content":{"rendered":"\n<p>Por JOSHUA GOODMAN<\/p>\n\n\n\n<p>MIAMI (AP) \u2014 Investigadores federales dicen que encontraron el ADN de una ex boina verde de EE. UU. condecorado en algunas de las 60 armas autom\u00e1ticas que supuestamente contrabande\u00f3 de Florida a Sudam\u00e9rica como parte de un fallido intento de golpe de Estado en 2020 contra el presidente venezolano Nicol\u00e1s Maduro.<\/p>\n\n\n\n<p>Las acusaciones fueron detalladas en documentos judiciales presentados d\u00edas despu\u00e9s del arresto de Jord\u00e1n Goudreau la semana pasada y contienen la evidencia m\u00e1s s\u00f3lida hasta el momento que lo vincula con el tr\u00e1fico ilegal de armas que facilit\u00f3 la incursi\u00f3n anfibia, que termin\u00f3 con varios combatientes muertos y dos de los ex colegas de Goudreau en las Fuerzas Especiales de EE. UU. encerrados durante a\u00f1os en Venezuela.<\/p>\n\n\n\n<p>El complot, expuesto por The Associated Press dos d\u00edas antes de la incursi\u00f3n, fue llevado a cabo por un grupo heterog\u00e9neo de desertores del ej\u00e9rcito venezolano a quienes Goudreau supuestamente ayud\u00f3 a armar y entrenar en la vecina Colombia.<\/p>\n\n\n\n<p>Goudreau luego se atribuy\u00f3 la responsabilidad del golpe, pero dijo que estaba actuando en concierto con la oposici\u00f3n venezolana para proteger la democracia.<\/p>\n\n\n\n<p>Tambi\u00e9n dijo que estaba en contacto con el gobierno del entonces presidente Donald Trump, que no ocultaba su deseo de que Maduro se fuera, aunque no hay evidencia de que funcionarios estadounidenses aprobaran la invasi\u00f3n.<\/p>\n\n\n\n<p>Despu\u00e9s del arresto de Goudreau en Nueva York la semana pasada, un magistrado federal inicialmente permiti\u00f3 a la cineasta Jen Gatien poner su loft de Manhattan de 2 millones de d\u00f3lares como fianza para asegurar la liberaci\u00f3n de Goudreau.<\/p>\n\n\n\n<p>Pero los fiscales apelaron y ahora le toca a un juez en Tampa, Florida, donde Goudreau fue acusado, determinar si debe permanecer tras las rejas en espera de juicio.<\/p>\n\n\n\n<p>Los fiscales que argumentaron que Goudreau representa un riesgo de fuga presentaron lo que llamaron evidencia \u201cabrumadora\u201d de que \u00e9l viol\u00f3 conscientemente las leyes de control de armas de Estados Unidos y que trat\u00f3 de esconderse despu\u00e9s de enterarse de que estaba siendo investigado.<\/p>\n\n\n\n<p>Esos esfuerzos incluyeron mover sus cuentas bancarias a criptomonedas, obtener una licencia de conducir mexicana y supuestamente entrar y salir a escondidas a trav\u00e9s de la frontera de Estados Unidos hacia M\u00e9xico y Canad\u00e1, donde naci\u00f3 y vivi\u00f3 hasta que emigr\u00f3 y se alist\u00f3 en el ej\u00e9rcito de Estados Unidos.<\/p>\n\n\n\n<p>Las b\u00fasquedas en Internet en el tel\u00e9fono celular de Goudreau supuestamente inclu\u00edan \u201cc\u00f3mo correr y permanecer oculto de los federales\u201d, \u201cc\u00f3mo ser un fugitivo exitoso en la fuga\u201d y \u201cqu\u00e9 sucede si huyo de la ley\u201d.<\/p>\n\n\n\n<p>Aunque este hombre de 48 a\u00f1os no tiene antecedentes penales y recibi\u00f3 tres veces la Estrella de Bronce en Irak y Afganist\u00e1n, los fiscales argumentaron que era un peligro para el p\u00fablico y un riesgo de fuga debido a su experiencia con armas de fuego, acceso a un velero en una base de la Fuerza A\u00e9rea en Tampa y 10.000 d\u00f3lares mensuales en ingresos por jubilaci\u00f3n militar por discapacidad.<\/p>\n\n\n\n<p>\u201cGoudreau investig\u00f3 a fondo y actu\u00f3 en consecuencia, abandonando ilegalmente los Estados Unidos y evadiendo la detecci\u00f3n de las fuerzas del orden\u201d, escribieron los fiscales. <\/p>\n\n\n\n<p>\u201cAhora que ha sido acusado de graves infracciones que conllevan importantes penas de prisi\u00f3n, Goudreau tiene todos los incentivos y los medios para huir, esta vez para siempre\u201d.<\/p>\n\n\n\n<p>Gustavo Garc\u00eda-Montes, abogado de Goudreau, rechaz\u00f3 la descripci\u00f3n que los fiscales hicieron de su cliente y se\u00f1al\u00f3 que Goudreau se reuni\u00f3 voluntariamente con investigadores federales antes de su arresto.<\/p>\n","protected":false},"excerpt":{"rendered":"<p>Por JOSHUA GOODMAN MIAMI (AP) \u2014 Investigadores federales dicen que encontraron el ADN de una ex boina verde de EE. UU. condecorado en algunas de las 60 armas autom\u00e1ticas que&hellip;<\/p>\n","protected":false},"author":2,"featured_media":87318,"comment_status":"open","ping_status":"open","sticky":false,"template":"","format":"standard","meta":{"content-type":"","jetpack_post_was_ever_published":false,"_jetpack_newsletter_access":"","_jetpack_dont_email_post_to_subs":false,"_jetpack_newsletter_tier_id":0,"_jetpack_memberships_contains_paywalled_content":false,"_jetpack_memberships_contains_paid_content":false,"footnotes":""},"categories":[1],"tags":[1680,1923,2831,14678,7837,420],"class_list":["post-87317","post","type-post","status-publish","format-standard","has-post-thumbnail","hentry","category-sin-categoria","tag-adn","tag-armas","tag-ee-uu-2","tag-ex-boina-verde","tag-golpe-de-estado","tag-venezuela"],"jetpack_featured_media_url":"https:\/\/lasprimeras.com.do\/wp-content\/uploads\/2024\/08\/Ex-boina-verde.jpg","jetpack-related-posts":[{"id":109356,"url":"https:\/\/lasprimeras.com.do\/index.php\/2025\/09\/16\/maduro-dice-que-amenazas-militares-de-ee-uu-son-un-problema-de-caracter-internacional\/","url_meta":{"origin":87317,"position":0},"title":"Maduro dice que &#8220;amenazas militares&#8221; de EE. UU. son un &#8220;problema de car\u00e1cter internacional&#8221;","author":"Nelson Feliz","date":"16 de septiembre de 2025","format":false,"excerpt":"EE. UU. ha incrementado su presencia militar en el Caribe sur en respuesta al \"narcotr\u00e1fico proveniente de Venezuela\", seg\u00fan denuncia Washington Caracas,EFE -El presidente de Venezuela, Nicol\u00e1s Maduro, asegur\u00f3 este martes que las que llam\u00f3 \"amenazas militares\" de Estados Unidos contra su pa\u00eds, en referencia al despliegue de fuerzas militares\u2026","rel":"","context":"En \u00abINTERNACIONALES\u00bb","block_context":{"text":"INTERNACIONALES","link":"https:\/\/lasprimeras.com.do\/index.php\/category\/sin-categoria\/internacionales\/"},"img":{"alt_text":"","src":"https:\/\/i0.wp.com\/lasprimeras.com.do\/wp-content\/uploads\/2025\/09\/nico.jpg?resize=350%2C200&ssl=1","width":350,"height":200,"srcset":"https:\/\/i0.wp.com\/lasprimeras.com.do\/wp-content\/uploads\/2025\/09\/nico.jpg?resize=350%2C200&ssl=1 1x, https:\/\/i0.wp.com\/lasprimeras.com.do\/wp-content\/uploads\/2025\/09\/nico.jpg?resize=525%2C300&ssl=1 1.5x, https:\/\/i0.wp.com\/lasprimeras.com.do\/wp-content\/uploads\/2025\/09\/nico.jpg?resize=700%2C400&ssl=1 2x"},"classes":[]},{"id":118755,"url":"https:\/\/lasprimeras.com.do\/index.php\/2026\/01\/03\/captura-de-nicolas-maduro-participo-trinidad-y-tobago-en-el-operativo-militar-de-ee-uu-contra-venezuela\/","url_meta":{"origin":87317,"position":1},"title":"Captura de Nicol\u00e1s Maduro \u00bfParticip\u00f3 Trinidad y Tobago en el operativo militar de EE. UU. contra Venezuela?","author":"Nelson Feliz","date":"3 de enero de 2026","format":false,"excerpt":"A\u00f1adi\u00f3 que Trinidad y Tobago \"contin\u00faa manteniendo relaciones de paz con la gente de Venezuela\". San Juan, (EFE).- La primera ministra de Trinidad y Tobago, Kamla Persad-Bissessar, asegur\u00f3 este s\u00e1bado que su pa\u00eds no particip\u00f3 en el operativo militar de Estados Unidos contra Venezuela, que incluy\u00f3 la captura del presidente\u2026","rel":"","context":"En \u00abINTERNACIONALES\u00bb","block_context":{"text":"INTERNACIONALES","link":"https:\/\/lasprimeras.com.do\/index.php\/category\/sin-categoria\/internacionales\/"},"img":{"alt_text":"Kamla Persad-Bissessar","src":"https:\/\/i0.wp.com\/lasprimeras.com.do\/wp-content\/uploads\/2026\/01\/Kamla-Persad-Bissessar.jpg?resize=350%2C200&ssl=1","width":350,"height":200,"srcset":"https:\/\/i0.wp.com\/lasprimeras.com.do\/wp-content\/uploads\/2026\/01\/Kamla-Persad-Bissessar.jpg?resize=350%2C200&ssl=1 1x, https:\/\/i0.wp.com\/lasprimeras.com.do\/wp-content\/uploads\/2026\/01\/Kamla-Persad-Bissessar.jpg?resize=525%2C300&ssl=1 1.5x, https:\/\/i0.wp.com\/lasprimeras.com.do\/wp-content\/uploads\/2026\/01\/Kamla-Persad-Bissessar.jpg?resize=700%2C400&ssl=1 2x"},"classes":[]},{"id":118740,"url":"https:\/\/lasprimeras.com.do\/index.php\/2026\/01\/03\/vicepresidenta-de-venezuela-dice-que-se-desconoce-el-paradero-de-nicolas-maduro-y-su-esposa-tras-ataques-de-ee-uu\/","url_meta":{"origin":87317,"position":2},"title":"Vicepresidenta de Venezuela dice que se desconoce el paradero de Nicol\u00e1s Maduro y su esposa tras ataques de EE.UU.","author":"Nelson Feliz","date":"3 de enero de 2026","format":false,"excerpt":"En un contacto telef\u00f3nico con el canal estatal Venezolana de Televisi\u00f3n (VTV), Rodr\u00edguez exigi\u00f3 al Gobierno de Trump una prueba de vida de Maduro y de Flores. Caracas, (EFE).- La vicepresidenta de Venezuela, Delcy Rodr\u00edguez, denunci\u00f3 la madrugada de este s\u00e1bado que se desconoce el paradero del presidente Nicol\u00e1s Maduro\u2026","rel":"","context":"En \u00abINTERNACIONALES\u00bb","block_context":{"text":"INTERNACIONALES","link":"https:\/\/lasprimeras.com.do\/index.php\/category\/sin-categoria\/internacionales\/"},"img":{"alt_text":"Delcy Rodr\u00edguez","src":"https:\/\/i0.wp.com\/lasprimeras.com.do\/wp-content\/uploads\/2026\/01\/Delcy-Rodriguez.jpg?resize=350%2C200&ssl=1","width":350,"height":200,"srcset":"https:\/\/i0.wp.com\/lasprimeras.com.do\/wp-content\/uploads\/2026\/01\/Delcy-Rodriguez.jpg?resize=350%2C200&ssl=1 1x, https:\/\/i0.wp.com\/lasprimeras.com.do\/wp-content\/uploads\/2026\/01\/Delcy-Rodriguez.jpg?resize=525%2C300&ssl=1 1.5x, https:\/\/i0.wp.com\/lasprimeras.com.do\/wp-content\/uploads\/2026\/01\/Delcy-Rodriguez.jpg?resize=700%2C400&ssl=1 2x, https:\/\/i0.wp.com\/lasprimeras.com.do\/wp-content\/uploads\/2026\/01\/Delcy-Rodriguez.jpg?resize=1050%2C600&ssl=1 3x"},"classes":[]},{"id":118784,"url":"https:\/\/lasprimeras.com.do\/index.php\/2026\/01\/03\/rubio-dice-que-maduro-sera-juzgado-en-ee-uu-y-que-no-habra-mas-ataques-en-venezuela\/","url_meta":{"origin":87317,"position":3},"title":"Rubio dice que Maduro ser\u00e1 juzgado en EE.UU y que no habr\u00e1 m\u00e1s ataques en Venezuela","author":"Nelson Feliz","date":"3 de enero de 2026","format":false,"excerpt":"Washington, (EFE).- El secretario de Estado de Estados Unidos, Marco Rubio, asegur\u00f3 este s\u00e1bado que Nicol\u00e1s Maduro ha sido arrestado por Estados Unidos y se enfrentar\u00e1 a un juicio penal en Estados Unidos y que ahora que el l\u00edder venezolano ha sido capturado no se esperan nuevas acciones militares en\u2026","rel":"","context":"En \u00abINTERNACIONALES\u00bb","block_context":{"text":"INTERNACIONALES","link":"https:\/\/lasprimeras.com.do\/index.php\/category\/sin-categoria\/internacionales\/"},"img":{"alt_text":"Marco Rubio","src":"https:\/\/i0.wp.com\/lasprimeras.com.do\/wp-content\/uploads\/2026\/01\/Marco-Rubio.jpg?resize=350%2C200&ssl=1","width":350,"height":200,"srcset":"https:\/\/i0.wp.com\/lasprimeras.com.do\/wp-content\/uploads\/2026\/01\/Marco-Rubio.jpg?resize=350%2C200&ssl=1 1x, https:\/\/i0.wp.com\/lasprimeras.com.do\/wp-content\/uploads\/2026\/01\/Marco-Rubio.jpg?resize=525%2C300&ssl=1 1.5x, https:\/\/i0.wp.com\/lasprimeras.com.do\/wp-content\/uploads\/2026\/01\/Marco-Rubio.jpg?resize=700%2C400&ssl=1 2x"},"classes":[]},{"id":112152,"url":"https:\/\/lasprimeras.com.do\/index.php\/2025\/10\/19\/la-actividad-de-la-cia-contra-el-chavismo-resucita-el-intervencionismo-de-ee-uu-en-america-latina\/","url_meta":{"origin":87317,"position":4},"title":"La actividad de la CIA contra el chavismo resucita el intervencionismo de EE UU en Am\u00e9rica Latina","author":"Nelson Feliz","date":"19 de octubre de 2025","format":false,"excerpt":"Las operaciones encubiertas de la agencia, que Trump ha confirmado esta semana, remiten a los golpes, intentos de magnicidio e insurgencias apoyados o ejecutados por Washington en la regi\u00f3n durante el siglo XX. Mar\u00eda Antonia S\u00e1nchez-Vallejo Francesco Manetto Nueva York \/ M\u00e9xico - La larga, y a menudo siniestra, historia\u2026","rel":"","context":"En \u00abINTERNACIONALES\u00bb","block_context":{"text":"INTERNACIONALES","link":"https:\/\/lasprimeras.com.do\/index.php\/category\/sin-categoria\/internacionales\/"},"img":{"alt_text":"","src":"https:\/\/i0.wp.com\/lasprimeras.com.do\/wp-content\/uploads\/2025\/10\/LA-CIA.jpg?resize=350%2C200&ssl=1","width":350,"height":200,"srcset":"https:\/\/i0.wp.com\/lasprimeras.com.do\/wp-content\/uploads\/2025\/10\/LA-CIA.jpg?resize=350%2C200&ssl=1 1x, https:\/\/i0.wp.com\/lasprimeras.com.do\/wp-content\/uploads\/2025\/10\/LA-CIA.jpg?resize=525%2C300&ssl=1 1.5x, https:\/\/i0.wp.com\/lasprimeras.com.do\/wp-content\/uploads\/2025\/10\/LA-CIA.jpg?resize=700%2C400&ssl=1 2x, https:\/\/i0.wp.com\/lasprimeras.com.do\/wp-content\/uploads\/2025\/10\/LA-CIA.jpg?resize=1050%2C600&ssl=1 3x"},"classes":[]},{"id":116644,"url":"https:\/\/lasprimeras.com.do\/index.php\/2025\/12\/02\/trump-advierte-que-cualquier-pais-que-trafique-droga-hacia-ee-uu-esta-sujeto-a-ataques\/","url_meta":{"origin":87317,"position":5},"title":"Trump advierte que cualquier pa\u00eds que trafique droga hacia EE. UU. &#8220;est\u00e1 sujeto a ataques&#8221;","author":"Nelson Feliz","date":"2 de diciembre de 2025","format":false,"excerpt":"El mandatario, quien reiter\u00f3 que los ataques contra los c\u00e1rteles de la droga dentro del territorio venezolano comenzar\u00e1n \"muy pronto\" Washington,EFE -El presidente de Estados Unidos, Donald Trump, advirti\u00f3 este martes que cualquier pa\u00eds que produzca y trafique droga hacia el pa\u00eds norteamericano \"est\u00e1 sujeto a ataques\", al sugerir que\u2026","rel":"","context":"En \u00abINTERNACIONALES\u00bb","block_context":{"text":"INTERNACIONALES","link":"https:\/\/lasprimeras.com.do\/index.php\/category\/sin-categoria\/internacionales\/"},"img":{"alt_text":"","src":"https:\/\/i0.wp.com\/lasprimeras.com.do\/wp-content\/uploads\/2025\/10\/Donald-Trump.jpg?resize=350%2C200&ssl=1","width":350,"height":200,"srcset":"https:\/\/i0.wp.com\/lasprimeras.com.do\/wp-content\/uploads\/2025\/10\/Donald-Trump.jpg?resize=350%2C200&ssl=1 1x, https:\/\/i0.wp.com\/lasprimeras.com.do\/wp-content\/uploads\/2025\/10\/Donald-Trump.jpg?resize=525%2C300&ssl=1 1.5x, https:\/\/i0.wp.com\/lasprimeras.com.do\/wp-content\/uploads\/2025\/10\/Donald-Trump.jpg?resize=700%2C400&ssl=1 2x"},"classes":[]}],"jetpack_sharing_enabled":true,"_links":{"self":[{"href":"https:\/\/lasprimeras.com.do\/index.php\/wp-json\/wp\/v2\/posts\/87317","targetHints":{"allow":["GET"]}}],"collection":[{"href":"https:\/\/lasprimeras.com.do\/index.php\/wp-json\/wp\/v2\/posts"}],"about":[{"href":"https:\/\/lasprimeras.com.do\/index.php\/wp-json\/wp\/v2\/types\/post"}],"author":[{"embeddable":true,"href":"https:\/\/lasprimeras.com.do\/index.php\/wp-json\/wp\/v2\/users\/2"}],"replies":[{"embeddable":true,"href":"https:\/\/lasprimeras.com.do\/index.php\/wp-json\/wp\/v2\/comments?post=87317"}],"version-history":[{"count":1,"href":"https:\/\/lasprimeras.com.do\/index.php\/wp-json\/wp\/v2\/posts\/87317\/revisions"}],"predecessor-version":[{"id":87319,"href":"https:\/\/lasprimeras.com.do\/index.php\/wp-json\/wp\/v2\/posts\/87317\/revisions\/87319"}],"wp:featuredmedia":[{"embeddable":true,"href":"https:\/\/lasprimeras.com.do\/index.php\/wp-json\/wp\/v2\/media\/87318"}],"wp:attachment":[{"href":"https:\/\/lasprimeras.com.do\/index.php\/wp-json\/wp\/v2\/media?parent=87317"}],"wp:term":[{"taxonomy":"category","embeddable":true,"href":"https:\/\/lasprimeras.com.do\/index.php\/wp-json\/wp\/v2\/categories?post=87317"},{"taxonomy":"post_tag","embeddable":true,"href":"https:\/\/lasprimeras.com.do\/index.php\/wp-json\/wp\/v2\/tags?post=87317"}],"curies":[{"name":"wp","href":"https:\/\/api.w.org\/{rel}","templated":true}]}}