{"id":87337,"date":"2024-08-11T00:20:29","date_gmt":"2024-08-11T04:20:29","guid":{"rendered":"https:\/\/lasprimeras.com.do\/?p=87337"},"modified":"2024-08-11T00:23:11","modified_gmt":"2024-08-11T04:23:11","slug":"joven-dominicano-se-destaca-en-el-beisbol-en-nueva-york","status":"publish","type":"post","link":"https:\/\/lasprimeras.com.do\/index.php\/2024\/08\/11\/joven-dominicano-se-destaca-en-el-beisbol-en-nueva-york\/","title":{"rendered":"Joven dominicano se destaca en el b\u00e9isbol en Nueva York"},"content":{"rendered":"\n<p><strong>\u201cHendricks ha logrado superar las expectativas y su corta edad ha alcanzado niveles superiores\u201d.<\/strong><\/p>\n\n\n\n<p>Por: Aquiles Rojas<\/p>\n\n\n\n<p>NUEVA YORK. -El estudiante y jugador de b\u00e9isbol de origen dominicano, Kendrick Ra\u00fal Peguero Brito, se ha destacado en los \u00faltimos meses como un atleta que los entendidos en la materia le auguran un futuro muy promisorio en<\/p>\n\n\n\n<p>Peguero Brito empez\u00f3 a practicar b\u00e9isbol a la edad de tres a\u00f1os con el equipo los RAIDER en la liga Rolando Paulino de El Bronx, donde sigue jugando muy activamente.<\/p>\n\n\n\n<p>\u201cMi hijo juega con la liga CSEE desde el grado sexto grado y este a\u00f1o cursando el octavo, es decir la intermedia, jugo en una categor\u00eda mas alta en la secundaria (High School) donde logro ser escogido para el Sal\u00f3n de la Fama de esa instituci\u00f3n educativa con el n\u00famero 7\u201d , narra su madre, Awilda Brito.<\/p>\n\n\n\n<p>El adolescente fue seleccionado como el Jugador M\u00e1s Valioso ( MVP) de la ciudad de Yonkers.<\/p>\n\n\n\n<figure class=\"wp-block-image size-full is-resized\"><img decoding=\"async\" width=\"695\" height=\"889\" src=\"https:\/\/lasprimeras.com.do\/wp-content\/uploads\/2024\/08\/Kendrick-Raul-Peguero-2.jpg\" alt=\"\" class=\"wp-image-87341\" style=\"width:840px;height:auto\" srcset=\"https:\/\/lasprimeras.com.do\/wp-content\/uploads\/2024\/08\/Kendrick-Raul-Peguero-2.jpg 695w, https:\/\/lasprimeras.com.do\/wp-content\/uploads\/2024\/08\/Kendrick-Raul-Peguero-2-235x300.jpg 235w\" sizes=\"(max-width: 695px) 100vw, 695px\" \/><\/figure>\n\n\n\n<p>Peguero Brito, es un atleta que participa en distintas disciplinas, donde se ha destacado como el m\u00e1s valioso en el \u201cfooball \u201c y baloncesto \u201cbasketball\u201d en la categor\u00eda de intermedia.<\/p>\n\n\n\n<p>\u201cKendrick es uno de esos ni\u00f1os que goza de una condici\u00f3n f\u00edsica en \u00f3ptimas condiciones que junto con su disciplina y amor por el deporte ha logrado superar las expectativas y su corta edad ha alcanzado niveles superiores\u201d, dijo Luis Fernando L\u00f3pez al hablar con este reportero.<\/p>\n\n\n\n<p>\u201cQuienes conocemos a Kendrick sabemos que es un ni\u00f1o amante el deporte principalmente, y que su gran pasi\u00f3n es el b\u00e9isbol, donde no se descarta la posibilidad de que en un futuro, no muy lejano sea tomado en cuenta por club deportivo profesional en las Grandes Ligas\u201d, manifest\u00f3 un amigo de la familia, que prefiri\u00f3 el anonimato.<\/p>\n","protected":false},"excerpt":{"rendered":"<p>\u201cHendricks ha logrado superar las expectativas y su corta edad ha alcanzado niveles superiores\u201d. Por: Aquiles Rojas NUEVA YORK. -El estudiante y jugador de b\u00e9isbol de origen dominicano, Kendrick Ra\u00fal&hellip;<\/p>\n","protected":false},"author":2,"featured_media":87340,"comment_status":"open","ping_status":"open","sticky":false,"template":"","format":"standard","meta":{"content-type":"","jetpack_post_was_ever_published":false,"_jetpack_newsletter_access":"","_jetpack_dont_email_post_to_subs":false,"_jetpack_newsletter_tier_id":0,"_jetpack_memberships_contains_paywalled_content":false,"_jetpack_memberships_contains_paid_content":false,"footnotes":""},"categories":[1],"tags":[14682],"class_list":["post-87337","post","type-post","status-publish","format-standard","has-post-thumbnail","hentry","category-sin-categoria","tag-kendrick-raul-peguero"],"jetpack_featured_media_url":"https:\/\/lasprimeras.com.do\/wp-content\/uploads\/2024\/08\/Kendrick-Raul-Peguero-3.jpg","jetpack-related-posts":[{"id":60516,"url":"https:\/\/lasprimeras.com.do\/index.php\/2023\/09\/15\/aguilas-y-licey-jugaran-una-serie-de-tres-partidos-en-nueva-york\/","url_meta":{"origin":87337,"position":0},"title":"\u00c1guilas y Licey jugar\u00e1n una serie de tres partidos en Nueva York","author":"Nelson Feliz","date":"15 de septiembre de 2023","format":false,"excerpt":"Por EFE Los Tigres del Licey y las \u00c1guilas Cibae\u00f1as, los equipos m\u00e1s ganadores en la historia del b\u00e9isbol profesional dominicano, se enfrentar\u00e1n en una serie de tres partidos en noviembre pr\u00f3ximo en el Citi Field, sede de los Metros de Nueva York. La serie, a celebrarse del 10 al\u2026","rel":"","context":"En \u00abSin categor\u00eda\u00bb","block_context":{"text":"Sin categor\u00eda","link":"https:\/\/lasprimeras.com.do\/index.php\/category\/sin-categoria\/"},"img":{"alt_text":"","src":"https:\/\/i0.wp.com\/lasprimeras.com.do\/wp-content\/uploads\/2023\/09\/serielicai.png?resize=350%2C200&ssl=1","width":350,"height":200,"srcset":"https:\/\/i0.wp.com\/lasprimeras.com.do\/wp-content\/uploads\/2023\/09\/serielicai.png?resize=350%2C200&ssl=1 1x, https:\/\/i0.wp.com\/lasprimeras.com.do\/wp-content\/uploads\/2023\/09\/serielicai.png?resize=525%2C300&ssl=1 1.5x, https:\/\/i0.wp.com\/lasprimeras.com.do\/wp-content\/uploads\/2023\/09\/serielicai.png?resize=700%2C400&ssl=1 2x"},"classes":[]},{"id":117273,"url":"https:\/\/lasprimeras.com.do\/index.php\/2025\/12\/08\/la-seleccion-de-rd-y-los-tigres-de-detroit-jugaran-dos-juegos-en-el-estadio-quisqueya-juan-marichal\/","url_meta":{"origin":87337,"position":1},"title":"La Selecci\u00f3n de RD y los Tigres de Detroit jugar\u00e1n dos juegos en el Estadio Quisqueya Juan Marichal","author":"Nelson Feliz","date":"8 de diciembre de 2025","format":false,"excerpt":"El evento se realizar\u00e1 en memoria de las v\u00edctimas del 8 de abril en Santo Domingo, a beneficio de la Cruz Roja Dominicana. \u200bORLANDO. World Baseball Classic, Inc. anunci\u00f3 hoy que la Selecci\u00f3n Nacional de Rep\u00fablica Dominicana jugar\u00e1 una serie de dos juegos contra los Tigres de Detroit como parte\u2026","rel":"","context":"En \u00abSin categor\u00eda\u00bb","block_context":{"text":"Sin categor\u00eda","link":"https:\/\/lasprimeras.com.do\/index.php\/category\/sin-categoria\/"},"img":{"alt_text":"","src":"https:\/\/i0.wp.com\/lasprimeras.com.do\/wp-content\/uploads\/2025\/12\/medina.jpg?resize=350%2C200&ssl=1","width":350,"height":200,"srcset":"https:\/\/i0.wp.com\/lasprimeras.com.do\/wp-content\/uploads\/2025\/12\/medina.jpg?resize=350%2C200&ssl=1 1x, https:\/\/i0.wp.com\/lasprimeras.com.do\/wp-content\/uploads\/2025\/12\/medina.jpg?resize=525%2C300&ssl=1 1.5x, https:\/\/i0.wp.com\/lasprimeras.com.do\/wp-content\/uploads\/2025\/12\/medina.jpg?resize=700%2C400&ssl=1 2x"},"classes":[]},{"id":57245,"url":"https:\/\/lasprimeras.com.do\/index.php\/2023\/08\/10\/anthony-brito-asegura-adan-peguero-ganara-ampliamente-en-santo-domingo-este\/","url_meta":{"origin":87337,"position":2},"title":"Anthony Brito asegura Ad\u00e1n Peguero ganar\u00e1 ampliamente en Santo Domingo Este","author":"Nelson Feliz","date":"10 de agosto de 2023","format":false,"excerpt":"El dirigente pol\u00edtico Anthony Brito manifest\u00f3 hoy que, el precandidato a la alcald\u00eda de Santo Domingo Este por el Partido Revolucionario Moderno (PRM), Ad\u00e1n Peguero ganar\u00e1 las elecciones internas de esa organizaci\u00f3n pol\u00edtica en octubre y las municipales en febrero. Brito asegur\u00f3 estar confiado en el triunfo de Peguero en\u2026","rel":"","context":"En \u00abSin categor\u00eda\u00bb","block_context":{"text":"Sin categor\u00eda","link":"https:\/\/lasprimeras.com.do\/index.php\/category\/sin-categoria\/"},"img":{"alt_text":"Anthony Brito","src":"https:\/\/i0.wp.com\/lasprimeras.com.do\/wp-content\/uploads\/2023\/08\/AnthonyBrito.jpg?resize=350%2C200&ssl=1","width":350,"height":200,"srcset":"https:\/\/i0.wp.com\/lasprimeras.com.do\/wp-content\/uploads\/2023\/08\/AnthonyBrito.jpg?resize=350%2C200&ssl=1 1x, https:\/\/i0.wp.com\/lasprimeras.com.do\/wp-content\/uploads\/2023\/08\/AnthonyBrito.jpg?resize=525%2C300&ssl=1 1.5x, https:\/\/i0.wp.com\/lasprimeras.com.do\/wp-content\/uploads\/2023\/08\/AnthonyBrito.jpg?resize=700%2C400&ssl=1 2x"},"classes":[]},{"id":120803,"url":"https:\/\/lasprimeras.com.do\/index.php\/2026\/01\/28\/leones-del-escogido-se-coronan-campeones-beisbol-dominicano\/","url_meta":{"origin":87337,"position":3},"title":"Leones del Escogido se coronan campeones beisbol dominicano","author":"Nelson Feliz","date":"28 de enero de 2026","format":false,"excerpt":"El Escogido completa el homenaje a Juan Marichal con su corona 18 Los escarlatas derrotaron 1-0 a los Toros para imponerse 4-1 en la final y defender la corona. A este Escogido le cost\u00f3 carburar, pero cuando encendi\u00f3 fue un monoplaza de F\u00f3rmula 1. Prend\u00eda por momentos, pero no arrancaba,\u2026","rel":"","context":"En \u00abDEPORTES\u00bb","block_context":{"text":"DEPORTES","link":"https:\/\/lasprimeras.com.do\/index.php\/category\/deportes\/"},"img":{"alt_text":"","src":"https:\/\/i0.wp.com\/lasprimeras.com.do\/wp-content\/uploads\/2026\/01\/Serie-del-Caribe.jpg?resize=350%2C200&ssl=1","width":350,"height":200,"srcset":"https:\/\/i0.wp.com\/lasprimeras.com.do\/wp-content\/uploads\/2026\/01\/Serie-del-Caribe.jpg?resize=350%2C200&ssl=1 1x, https:\/\/i0.wp.com\/lasprimeras.com.do\/wp-content\/uploads\/2026\/01\/Serie-del-Caribe.jpg?resize=525%2C300&ssl=1 1.5x, https:\/\/i0.wp.com\/lasprimeras.com.do\/wp-content\/uploads\/2026\/01\/Serie-del-Caribe.jpg?resize=700%2C400&ssl=1 2x"},"classes":[]},{"id":102467,"url":"https:\/\/lasprimeras.com.do\/index.php\/2025\/07\/05\/anuncian-intercambio-de-beisbol-entre-puerto-rico-y-republica-dominicana\/","url_meta":{"origin":87337,"position":4},"title":"Anuncian intercambio de b\u00e9isbol entre Puerto Rico y Rep\u00fablica Dominicana","author":"Nelson Feliz","date":"5 de julio de 2025","format":false,"excerpt":"La actividad ser\u00e1 celebrada en el fin de semana del 25 al 27 de julio La Asociaci\u00f3n Deportiva y Cultural PI.ED.MA. estar\u00e1 realizando un intercambio deportivo y cultural con el\u00a0Team Sugar\u00a0de Puerto Rico.\u00a0 La actividad que ser\u00e1 realizada el fin de semana del\u00a025 al 27 de julio\u00a0estar\u00e1 compuesta por j\u00f3venes\u2026","rel":"","context":"En \u00abDEPORTES\u00bb","block_context":{"text":"DEPORTES","link":"https:\/\/lasprimeras.com.do\/index.php\/category\/deportes\/"},"img":{"alt_text":"","src":"https:\/\/i0.wp.com\/lasprimeras.com.do\/wp-content\/uploads\/2025\/07\/deporte.jpg?resize=350%2C200&ssl=1","width":350,"height":200,"srcset":"https:\/\/i0.wp.com\/lasprimeras.com.do\/wp-content\/uploads\/2025\/07\/deporte.jpg?resize=350%2C200&ssl=1 1x, https:\/\/i0.wp.com\/lasprimeras.com.do\/wp-content\/uploads\/2025\/07\/deporte.jpg?resize=525%2C300&ssl=1 1.5x, https:\/\/i0.wp.com\/lasprimeras.com.do\/wp-content\/uploads\/2025\/07\/deporte.jpg?resize=700%2C400&ssl=1 2x"},"classes":[]},{"id":114477,"url":"https:\/\/lasprimeras.com.do\/index.php\/2025\/11\/14\/union-de-ligas-inaugura-torneos-de-beisbol-en-provincias-rd-dominicano-ny-valora-y-apoya\/","url_meta":{"origin":87337,"position":5},"title":"Uni\u00f3n de Ligas inaugura torneos de b\u00e9isbol en provincias RD; dominicano NY valora y apoya","author":"Nelson Feliz","date":"14 de noviembre de 2025","format":false,"excerpt":"Por Ram\u00f3n Mercedes NUEVA YORK.- La Uni\u00f3n de Ligas de B\u00e9isbol de la Rep\u00fablica Dominicana, que dirige el Nelvin Taveras, inaugur\u00f3 recientemente tres importantes torneos de b\u00e9isbol en las provincias de San Crist\u00f3bal, Santo Domingo y Moca, en las categor\u00edas 13 a14 a\u00f1os. El empresario, deportista y l\u00edder comunitario en\u2026","rel":"","context":"En \u00abDEPORTES\u00bb","block_context":{"text":"DEPORTES","link":"https:\/\/lasprimeras.com.do\/index.php\/category\/deportes\/"},"img":{"alt_text":"","src":"https:\/\/i0.wp.com\/lasprimeras.com.do\/wp-content\/uploads\/2025\/11\/WhatsApp-Image-2025-11-14-at-8.14.06-AM-1.jpeg?resize=350%2C200&ssl=1","width":350,"height":200,"srcset":"https:\/\/i0.wp.com\/lasprimeras.com.do\/wp-content\/uploads\/2025\/11\/WhatsApp-Image-2025-11-14-at-8.14.06-AM-1.jpeg?resize=350%2C200&ssl=1 1x, https:\/\/i0.wp.com\/lasprimeras.com.do\/wp-content\/uploads\/2025\/11\/WhatsApp-Image-2025-11-14-at-8.14.06-AM-1.jpeg?resize=525%2C300&ssl=1 1.5x"},"classes":[]}],"jetpack_sharing_enabled":true,"_links":{"self":[{"href":"https:\/\/lasprimeras.com.do\/index.php\/wp-json\/wp\/v2\/posts\/87337","targetHints":{"allow":["GET"]}}],"collection":[{"href":"https:\/\/lasprimeras.com.do\/index.php\/wp-json\/wp\/v2\/posts"}],"about":[{"href":"https:\/\/lasprimeras.com.do\/index.php\/wp-json\/wp\/v2\/types\/post"}],"author":[{"embeddable":true,"href":"https:\/\/lasprimeras.com.do\/index.php\/wp-json\/wp\/v2\/users\/2"}],"replies":[{"embeddable":true,"href":"https:\/\/lasprimeras.com.do\/index.php\/wp-json\/wp\/v2\/comments?post=87337"}],"version-history":[{"count":2,"href":"https:\/\/lasprimeras.com.do\/index.php\/wp-json\/wp\/v2\/posts\/87337\/revisions"}],"predecessor-version":[{"id":87342,"href":"https:\/\/lasprimeras.com.do\/index.php\/wp-json\/wp\/v2\/posts\/87337\/revisions\/87342"}],"wp:featuredmedia":[{"embeddable":true,"href":"https:\/\/lasprimeras.com.do\/index.php\/wp-json\/wp\/v2\/media\/87340"}],"wp:attachment":[{"href":"https:\/\/lasprimeras.com.do\/index.php\/wp-json\/wp\/v2\/media?parent=87337"}],"wp:term":[{"taxonomy":"category","embeddable":true,"href":"https:\/\/lasprimeras.com.do\/index.php\/wp-json\/wp\/v2\/categories?post=87337"},{"taxonomy":"post_tag","embeddable":true,"href":"https:\/\/lasprimeras.com.do\/index.php\/wp-json\/wp\/v2\/tags?post=87337"}],"curies":[{"name":"wp","href":"https:\/\/api.w.org\/{rel}","templated":true}]}}