{"id":87364,"date":"2024-08-11T12:21:08","date_gmt":"2024-08-11T16:21:08","guid":{"rendered":"https:\/\/lasprimeras.com.do\/?p=87364"},"modified":"2024-08-11T12:21:09","modified_gmt":"2024-08-11T16:21:09","slug":"jennifer-valente-revalida-oro-en-el-omnium-olimpico-lavreysen-y-andrews-anaden-mas","status":"publish","type":"post","link":"https:\/\/lasprimeras.com.do\/index.php\/2024\/08\/11\/jennifer-valente-revalida-oro-en-el-omnium-olimpico-lavreysen-y-andrews-anaden-mas\/","title":{"rendered":"Jennifer Valente revalida oro en el \u00f3mnium ol\u00edmpico. Lavreysen y Andrews a\u00f1aden m\u00e1s"},"content":{"rendered":"\n<p>By Dave Skretta<\/p>\n\n\n\n<p>MONTIGNY-LE-BRETONNEUX, Francia (AP) \u2014 Jennifer Valente complet\u00f3 una aplastante defensa de su t\u00edtulo en el \u00f3mnium ol\u00edmpico el domingo, colg\u00e1ndose su medalla de oro durante la semana y coronar la mejor campa\u00f1a del equipo de ciclismo de Estados Unidos en 40 a\u00f1os.<\/p>\n\n\n\n<p>Valente cerr\u00f3 con 144 puntos en la competencia de m\u00faltiples disciplinas, muy lejos de la polaca Daria Pikulik con 131. La neozelandesa Daria Pikulik super\u00f3 a la belga Lotte Kopecky al final de la carrera de puntos que cubri\u00f3 80 vueltas para obtener el bronce.<\/p>\n\n\n\n<p>A comienzos de semana, Valente integr\u00f3 el equipo estadounidense que gan\u00f3 el oro en la persecuci\u00f3n. Lo hizo con Kristen Faulkner, quien tambi\u00e9n atrap\u00f3 dos oros tras haber ganado la carrera de ruta.<\/p>\n\n\n\n<p>En resumen, Estados Unidos atrap\u00f3 tres oros y un total de seis en el programa del ciclismo, para su mejor cosecha desde los cuatro oros y nueve preseas en Los \u00c1ngeles 1984.<\/p>\n\n\n\n<p>Al inicio de la \u00faltima jornada en el V\u00e9lodrome National de Saint-Quentin-en-Yvelines., el neerland\u00e9s Harrie Lavreysen obtuvo su tercer oro de los Juegos de Par\u00eds al resistir valientemente los embates de los australianos Matthew Glaetzer y Matthew Richardson en la final del keirin masculino.<\/p>\n\n\n\n<p>En el sprint femenino, la neozelandesa Ellesse Andrews gan\u00f3 su segunda medalla de oro al vencer a la alemana Lea Friedrich.<\/p>\n\n\n\n<p>Justo cuando Lavreysen estaba llegando a la recta final de la \u00faltima vuelta, el japon\u00e9s Kaiya Ota choc\u00f3 con Jack Carlin.<\/p>\n\n\n\n<p>El ciclista brit\u00e1nico cay\u00f3 fuertemente y se desliz\u00f3 hasta detenerse en la parte inferior de la pista, donde permaneci\u00f3 inm\u00f3vil por un momento mientras los m\u00e9dicos corr\u00edan a revisarlo. Carlin finalmente se puso de pie y pudo salir caminando de la pista.<\/p>\n\n\n\n<p>Richardson se llev\u00f3 la medalla de plata, la cual se suma a la otra del mismo color que gan\u00f3 en el sprint y al bronce en el sprint por equipos. Glaetzer, por su parte, gan\u00f3 su segunda medalla de bronce en Par\u00eds 2024.<\/p>\n\n\n\n<p>En Par\u00eds 2024, Andrews tambi\u00e9n se llev\u00f3 la victoria en el keirin y form\u00f3 equipo con Rebecca Petch y Shaane Fulton para ganar la plata en el sprint por equipos.<\/p>\n\n\n\n<p>En la carrera por el bronce en el sprint, la brit\u00e1nica Emma Finucane arras\u00f3 con la holandesa Hetty van de Wouw, ganando ambas carreras desde el frente. Fue la segunda medalla para la galesa de 21 a\u00f1os despu\u00e9s de su bronce en el keirin.<\/p>\n","protected":false},"excerpt":{"rendered":"<p>By Dave Skretta MONTIGNY-LE-BRETONNEUX, Francia (AP) \u2014 Jennifer Valente complet\u00f3 una aplastante defensa de su t\u00edtulo en el \u00f3mnium ol\u00edmpico el domingo, colg\u00e1ndose su medalla de oro durante la semana&hellip;<\/p>\n","protected":false},"author":2,"featured_media":87365,"comment_status":"open","ping_status":"open","sticky":false,"template":"","format":"standard","meta":{"content-type":"","jetpack_post_was_ever_published":false,"_jetpack_newsletter_access":"","_jetpack_dont_email_post_to_subs":false,"_jetpack_newsletter_tier_id":0,"_jetpack_memberships_contains_paywalled_content":false,"_jetpack_memberships_contains_paid_content":false,"footnotes":""},"categories":[1],"tags":[14696,14694,14692,14693,7784,14695],"class_list":["post-87364","post","type-post","status-publish","format-standard","has-post-thumbnail","hentry","category-sin-categoria","tag-ellesse-andrews","tag-harrie-lavreysen","tag-jennifer-valente","tag-omnium-olimpico","tag-oro","tag-revalida"],"jetpack_featured_media_url":"https:\/\/lasprimeras.com.do\/wp-content\/uploads\/2024\/08\/Jennifer-Valente.jpg","jetpack-related-posts":[{"id":74026,"url":"https:\/\/lasprimeras.com.do\/index.php\/2024\/01\/18\/pabellon-de-la-fama-del-deporte-dominicano-reconoce-al-gimnasta-audrys-nin\/","url_meta":{"origin":87364,"position":0},"title":"Pabell\u00f3n de la Fama del Deporte Dominicano reconoce al gimnasta Audrys Nin","author":"BIMARY DE JES\u00daS Matos","date":"18 de enero de 2024","format":false,"excerpt":"Santo Domingo.-El Pabell\u00f3n de la Fama del Deporte Dominicano reconoci\u00f3 al gimnasta Audrys Nin Reyes por su segunda medalla de oro consecutivo en Juegos Panamericanos, y por clasificar a los Juegos Ol\u00edmpicos Par\u00eds 2024. Reyes recibi\u00f3 el reconocimiento en el marco del 57 Ceremonial de Exaltaci\u00f3n de la Clase Inmortal.\u2026","rel":"","context":"En \u00abSin categor\u00eda\u00bb","block_context":{"text":"Sin categor\u00eda","link":"https:\/\/lasprimeras.com.do\/index.php\/category\/sin-categoria\/"},"img":{"alt_text":"","src":"https:\/\/i0.wp.com\/lasprimeras.com.do\/wp-content\/uploads\/2024\/01\/WhatsApp-Image-2024-01-17-at-6.23.17-PM-1.webp?resize=350%2C200&ssl=1","width":350,"height":200,"srcset":"https:\/\/i0.wp.com\/lasprimeras.com.do\/wp-content\/uploads\/2024\/01\/WhatsApp-Image-2024-01-17-at-6.23.17-PM-1.webp?resize=350%2C200&ssl=1 1x, https:\/\/i0.wp.com\/lasprimeras.com.do\/wp-content\/uploads\/2024\/01\/WhatsApp-Image-2024-01-17-at-6.23.17-PM-1.webp?resize=525%2C300&ssl=1 1.5x"},"classes":[]},{"id":65377,"url":"https:\/\/lasprimeras.com.do\/index.php\/2023\/10\/27\/rd-pasa-por-encima-de-brasil-y-revalida-el-oro-voleibol-femenino\/","url_meta":{"origin":87364,"position":1},"title":"RD pasa por encima de Brasil y revalida el oro voleibol femenino","author":"BIMARY DE JES\u00daS Matos","date":"27 de octubre de 2023","format":false,"excerpt":"Santiago de Chile.- La selecci\u00f3n femenina de Rep\u00fablica Dominicana se adjudic\u00f3 la medalla de oro en los XIX Juegos Panamericanos, que se disputan en Chile, tras derrotar con facilidad a Brasil por un contundente 3-0. Con este oro Rep\u00fablica Dominicana revalid\u00f3 el t\u00edtulo obtenido en la edici\u00f3n de las justas\u2026","rel":"","context":"En \u00abSin categor\u00eda\u00bb","block_context":{"text":"Sin categor\u00eda","link":"https:\/\/lasprimeras.com.do\/index.php\/category\/sin-categoria\/"},"img":{"alt_text":"","src":"https:\/\/i0.wp.com\/lasprimeras.com.do\/wp-content\/uploads\/2023\/10\/WhatsApp-Image-2023-10-27-at-10.33.57-AM-1.webp?resize=350%2C200&ssl=1","width":350,"height":200,"srcset":"https:\/\/i0.wp.com\/lasprimeras.com.do\/wp-content\/uploads\/2023\/10\/WhatsApp-Image-2023-10-27-at-10.33.57-AM-1.webp?resize=350%2C200&ssl=1 1x, https:\/\/i0.wp.com\/lasprimeras.com.do\/wp-content\/uploads\/2023\/10\/WhatsApp-Image-2023-10-27-at-10.33.57-AM-1.webp?resize=525%2C300&ssl=1 1.5x, https:\/\/i0.wp.com\/lasprimeras.com.do\/wp-content\/uploads\/2023\/10\/WhatsApp-Image-2023-10-27-at-10.33.57-AM-1.webp?resize=700%2C400&ssl=1 2x"},"classes":[]},{"id":87373,"url":"https:\/\/lasprimeras.com.do\/index.php\/2024\/08\/11\/serbia-derrota-13-11-a-croacia-para-su-tercer-oro-consecutivo-en-waterpolo-masculino-olimpico\/","url_meta":{"origin":87364,"position":2},"title":"Serbia derrota 13-11 a Croacia para su tercer oro consecutivo en waterpolo masculino ol\u00edmpico","author":"Nelson Feliz","date":"11 de agosto de 2024","format":false,"excerpt":"By JAY COHEN NANTERRE, Francia (AP) \u2014 Milos Cuk anot\u00f3 tres veces y Serbia super\u00f3 13-11 a Croacia el domingo para ganar su tercera medalla de oro consecutiva en el waterpolo masculino de los Juegos Ol\u00edmpicos. Nikola Dedovic y Nikola Jaksic firmaron dos goles cada uno y Serbia emple\u00f3 un\u2026","rel":"","context":"En \u00abSin categor\u00eda\u00bb","block_context":{"text":"Sin categor\u00eda","link":"https:\/\/lasprimeras.com.do\/index.php\/category\/sin-categoria\/"},"img":{"alt_text":"waterpolo masculino ol\u00edmpico","src":"https:\/\/i0.wp.com\/lasprimeras.com.do\/wp-content\/uploads\/2024\/08\/waterpolo-masculino-olimpico.jpg?resize=350%2C200&ssl=1","width":350,"height":200,"srcset":"https:\/\/i0.wp.com\/lasprimeras.com.do\/wp-content\/uploads\/2024\/08\/waterpolo-masculino-olimpico.jpg?resize=350%2C200&ssl=1 1x, https:\/\/i0.wp.com\/lasprimeras.com.do\/wp-content\/uploads\/2024\/08\/waterpolo-masculino-olimpico.jpg?resize=525%2C300&ssl=1 1.5x, https:\/\/i0.wp.com\/lasprimeras.com.do\/wp-content\/uploads\/2024\/08\/waterpolo-masculino-olimpico.jpg?resize=700%2C400&ssl=1 2x"},"classes":[]},{"id":86929,"url":"https:\/\/lasprimeras.com.do\/index.php\/2024\/08\/04\/novak-djokovic-conquista-su-1er-oro-olimpico-tras-vencer-a-carlos-alcaraz-en-la-final-del-tenis\/","url_meta":{"origin":87364,"position":3},"title":"Novak Djokovic conquista su 1er oro ol\u00edmpico tras vencer a Carlos Alcaraz en la final del tenis","author":"Nelson Feliz","date":"4 de agosto de 2024","format":false,"excerpt":"By HOWARD FENDRICH PAR\u00cdS (AP) \u2014 Novak Djokovic conquist\u00f3 su primera medalla ol\u00edmpica de oro tras vencer el domingo 7-6 (3), 7-6 (2) a Carlos Alcaraz en una apasionante final de sencillos del tenis masculino, y el astro serbio de 37 a\u00f1os a\u00f1adi\u00f3 el \u00faltimo laurel significativo que faltaba en\u2026","rel":"","context":"En \u00abSin categor\u00eda\u00bb","block_context":{"text":"Sin categor\u00eda","link":"https:\/\/lasprimeras.com.do\/index.php\/category\/sin-categoria\/"},"img":{"alt_text":"Novak Djokovic","src":"https:\/\/i0.wp.com\/lasprimeras.com.do\/wp-content\/uploads\/2024\/08\/Novak-Djokovic.png?resize=350%2C200&ssl=1","width":350,"height":200,"srcset":"https:\/\/i0.wp.com\/lasprimeras.com.do\/wp-content\/uploads\/2024\/08\/Novak-Djokovic.png?resize=350%2C200&ssl=1 1x, https:\/\/i0.wp.com\/lasprimeras.com.do\/wp-content\/uploads\/2024\/08\/Novak-Djokovic.png?resize=525%2C300&ssl=1 1.5x"},"classes":[]},{"id":86935,"url":"https:\/\/lasprimeras.com.do\/index.php\/2024\/08\/04\/francisca-crovetto-se-consagra-en-el-skeet-olimpico-primer-oro-de-chile-en-20-anos\/","url_meta":{"origin":87364,"position":4},"title":"Francisca Crovetto se consagra en el skeet ol\u00edmpico, primer oro de Chile en 20 a\u00f1os","author":"Nelson Feliz","date":"4 de agosto de 2024","format":false,"excerpt":"CHATEAUROUX, Francia (AP) \u2014 Chile se adjudic\u00f3 su primera medalla ol\u00edmpica de oro en 20 a\u00f1os cuando Francisca Crovetto se llev\u00f3 el domingo la victoria en la modalidad de skeet femenino del tiro deportivo. Se trata de la primera medalla de oro conquistada por una mujer chilena en la historia\u2026","rel":"","context":"En \u00abSin categor\u00eda\u00bb","block_context":{"text":"Sin categor\u00eda","link":"https:\/\/lasprimeras.com.do\/index.php\/category\/sin-categoria\/"},"img":{"alt_text":"Francisca Crovetto","src":"https:\/\/i0.wp.com\/lasprimeras.com.do\/wp-content\/uploads\/2024\/08\/Francisca-Crovetto.png?resize=350%2C200&ssl=1","width":350,"height":200,"srcset":"https:\/\/i0.wp.com\/lasprimeras.com.do\/wp-content\/uploads\/2024\/08\/Francisca-Crovetto.png?resize=350%2C200&ssl=1 1x, https:\/\/i0.wp.com\/lasprimeras.com.do\/wp-content\/uploads\/2024\/08\/Francisca-Crovetto.png?resize=525%2C300&ssl=1 1.5x, https:\/\/i0.wp.com\/lasprimeras.com.do\/wp-content\/uploads\/2024\/08\/Francisca-Crovetto.png?resize=700%2C400&ssl=1 2x"},"classes":[]},{"id":71096,"url":"https:\/\/lasprimeras.com.do\/index.php\/2023\/12\/17\/rd-se-rinde-ante-marileidy-paulino-la-reina-del-mundo-en-los-400-metros\/","url_meta":{"origin":87364,"position":5},"title":"RD se rinde ante Marileidy Paulino, la reina del mundo en los 400 metros","author":"Nelson Feliz","date":"17 de diciembre de 2023","format":false,"excerpt":"Paulino es la \u00fanica dominicana en ganar el Campeonato Mundial de atletismo, la Liga Diamante, y colgarse dos medallas ol\u00edmpicas, una en 400 metros y otra en el relevo mixto 4x400 en Tokio 2020. La atleta dominicana Marileidy Paulino tuvo un 2023 sencillamente espectacular en su especialidad: los 400 metros.\u2026","rel":"","context":"En \u00abSin categor\u00eda\u00bb","block_context":{"text":"Sin categor\u00eda","link":"https:\/\/lasprimeras.com.do\/index.php\/category\/sin-categoria\/"},"img":{"alt_text":"Marileidy Paulino cruza la meta final para ganar el oro en los 200 metros de los Juegos Panamericanos.AFP","src":"https:\/\/i0.wp.com\/lasprimeras.com.do\/wp-content\/uploads\/2023\/12\/Marileidy-Paulino.jpeg?resize=350%2C200&ssl=1","width":350,"height":200,"srcset":"https:\/\/i0.wp.com\/lasprimeras.com.do\/wp-content\/uploads\/2023\/12\/Marileidy-Paulino.jpeg?resize=350%2C200&ssl=1 1x, https:\/\/i0.wp.com\/lasprimeras.com.do\/wp-content\/uploads\/2023\/12\/Marileidy-Paulino.jpeg?resize=525%2C300&ssl=1 1.5x, https:\/\/i0.wp.com\/lasprimeras.com.do\/wp-content\/uploads\/2023\/12\/Marileidy-Paulino.jpeg?resize=700%2C400&ssl=1 2x"},"classes":[]}],"jetpack_sharing_enabled":true,"_links":{"self":[{"href":"https:\/\/lasprimeras.com.do\/index.php\/wp-json\/wp\/v2\/posts\/87364","targetHints":{"allow":["GET"]}}],"collection":[{"href":"https:\/\/lasprimeras.com.do\/index.php\/wp-json\/wp\/v2\/posts"}],"about":[{"href":"https:\/\/lasprimeras.com.do\/index.php\/wp-json\/wp\/v2\/types\/post"}],"author":[{"embeddable":true,"href":"https:\/\/lasprimeras.com.do\/index.php\/wp-json\/wp\/v2\/users\/2"}],"replies":[{"embeddable":true,"href":"https:\/\/lasprimeras.com.do\/index.php\/wp-json\/wp\/v2\/comments?post=87364"}],"version-history":[{"count":1,"href":"https:\/\/lasprimeras.com.do\/index.php\/wp-json\/wp\/v2\/posts\/87364\/revisions"}],"predecessor-version":[{"id":87366,"href":"https:\/\/lasprimeras.com.do\/index.php\/wp-json\/wp\/v2\/posts\/87364\/revisions\/87366"}],"wp:featuredmedia":[{"embeddable":true,"href":"https:\/\/lasprimeras.com.do\/index.php\/wp-json\/wp\/v2\/media\/87365"}],"wp:attachment":[{"href":"https:\/\/lasprimeras.com.do\/index.php\/wp-json\/wp\/v2\/media?parent=87364"}],"wp:term":[{"taxonomy":"category","embeddable":true,"href":"https:\/\/lasprimeras.com.do\/index.php\/wp-json\/wp\/v2\/categories?post=87364"},{"taxonomy":"post_tag","embeddable":true,"href":"https:\/\/lasprimeras.com.do\/index.php\/wp-json\/wp\/v2\/tags?post=87364"}],"curies":[{"name":"wp","href":"https:\/\/api.w.org\/{rel}","templated":true}]}}