{"id":87367,"date":"2024-08-11T12:28:36","date_gmt":"2024-08-11T16:28:36","guid":{"rendered":"https:\/\/lasprimeras.com.do\/?p=87367"},"modified":"2024-08-11T12:28:38","modified_gmt":"2024-08-11T16:28:38","slug":"italia-vence-a-estados-unidos-y-se-lleva-el-oro-en-voleibol-femenino","status":"publish","type":"post","link":"https:\/\/lasprimeras.com.do\/index.php\/2024\/08\/11\/italia-vence-a-estados-unidos-y-se-lleva-el-oro-en-voleibol-femenino\/","title":{"rendered":"Italia vence a Estados Unidos y se lleva el oro en voleibol femenino"},"content":{"rendered":"\n<p>By KRISTIE RIEKEN<\/p>\n\n\n\n<p>PAR\u00cdS (AP) \u2014 Italia venci\u00f3 a Estados Unidos en sets corridos 25-18, 25-20, 25-17, para adjudicarse el domingo la medalla de oro en el voleibol femenino de los Juegos Ol\u00edmpicos de Par\u00eds.<\/p>\n\n\n\n<p>A lo largo del torneo, las italianas apenas perdieron un set, lo que reflej\u00f3 lo dominantes que fueron en toda la competencia.<\/p>\n\n\n\n<p>Para Italia, primeras del ranking, es la primera medalla en este deporte. Por su parte, las estadounidenses regresar\u00e1n a casa decepcionadas, luego de que en Tokio 2020 obtuvieran la presea dorada.<\/p>\n\n\n\n<p>Sin duda, esta es una victoria hist\u00f3rica para Italia, cuyo mejor resultado ol\u00edmpico hab\u00eda sido un quinto lugar.<\/p>\n\n\n\n<p>El triunfo de las europeas se produjo frente a una multitud bulliciosa en la Arena Par\u00eds Sur, donde muchos fan\u00e1ticos ondearon banderas de ambos pa\u00edses.<\/p>\n\n\n\n<p>La gente bail\u00f3 y vitore\u00f3 mientras las italianas avanzaban hacia la victoria decisiva.<\/p>\n\n\n\n<p>Cuando Italia anot\u00f3 el punto final, muchas de las jugadoras se desplomaron en la cancha y luego comenzaron a abrazarse. Despu\u00e9s, lanzaron por los aires a la veterana Monica De Gennaro, de 37 a\u00f1os y cuatro veces ol\u00edmpica.<\/p>\n\n\n\n<p>La plata de las estadounidenses les da su s\u00e9ptima medalla ol\u00edmpica y las convierte en el pa\u00eds con m\u00e1s podios en este deporte.<\/p>\n\n\n\n<p>Italia barri\u00f3 a Turqu\u00eda en sets corridos para llegar a la final, mientras que Estados Unidos batall\u00f3 con Brasil en un partido dram\u00e1tico de cinco sets.<\/p>\n\n\n\n<p>El entrenador estadounidense Karch Kiraly cambi\u00f3 la alineaci\u00f3n despu\u00e9s de la derrota en cinco sets ante China el 29 de julio, al comienzo de la fase de grupos.<\/p>\n\n\n\n<p>Mand\u00f3 a las veteranas Jordan Larson y Kelsey Robinson Cook a la banca y sus lugares fueron ocupados por Avery Skinner y Kathryn Plummer.<\/p>\n\n\n\n<p>La decisi\u00f3n funcion\u00f3 y Estados Unidos derrot\u00f3 a Serbia en su siguiente partido. Pero este domingo, no fue suficiente para superar al poderoso equipo italiano y repetir como campeonas.<\/p>\n","protected":false},"excerpt":{"rendered":"<p>By KRISTIE RIEKEN PAR\u00cdS (AP) \u2014 Italia venci\u00f3 a Estados Unidos en sets corridos 25-18, 25-20, 25-17, para adjudicarse el domingo la medalla de oro en el voleibol femenino de&hellip;<\/p>\n","protected":false},"author":2,"featured_media":87368,"comment_status":"open","ping_status":"open","sticky":false,"template":"","format":"standard","meta":{"content-type":"","jetpack_post_was_ever_published":false,"_jetpack_newsletter_access":"","_jetpack_dont_email_post_to_subs":false,"_jetpack_newsletter_tier_id":0,"_jetpack_memberships_contains_paywalled_content":false,"_jetpack_memberships_contains_paid_content":false,"footnotes":""},"categories":[1],"tags":[14697,7784,14698],"class_list":["post-87367","post","type-post","status-publish","format-standard","has-post-thumbnail","hentry","category-sin-categoria","tag-italia-vence-a-estados-unidos","tag-oro","tag-voleibol-femenino"],"jetpack_featured_media_url":"https:\/\/lasprimeras.com.do\/wp-content\/uploads\/2024\/08\/voleibol-femenino.jpg","jetpack-related-posts":[{"id":86581,"url":"https:\/\/lasprimeras.com.do\/index.php\/2024\/07\/28\/las-reinas-del-caribe-pierden-3-1-ante-italia-en-juegos-olimpicos-de-paris\/","url_meta":{"origin":87367,"position":0},"title":"Las Reinas del Caribe pierden 3-1 ante Italia en Juegos Ol\u00edmpicos de Par\u00eds","author":"Nelson Feliz","date":"28 de julio de 2024","format":false,"excerpt":"Par\u00eds, EFE.- Las \u2018Reinas del Caribe\u2019 dominicanas no pudieron superar su primer obst\u00e1culo en los Juegos Ol\u00edmpicos de Par\u00eds y cayeron por 3-1 (25-19, 24-26, 25-21 y 25-18) ante Italia, la selecci\u00f3n que encabeza el r\u00e1nking mundial y que fue un rival demasiado fuerte para el equipo que entrena el\u2026","rel":"","context":"En \u00abSin categor\u00eda\u00bb","block_context":{"text":"Sin categor\u00eda","link":"https:\/\/lasprimeras.com.do\/index.php\/category\/sin-categoria\/"},"img":{"alt_text":"Jineiry Mart\u00ednez (izq.) y Brayelin Elizabeth Mart\u00ednez de Rep\u00fablica Dominicana (c) en acci\u00f3n contra Paola Ogechi Egonu de Italia durante el partido del grupo C de la ronda preliminar entre Italia y la Rep\u00fablica Dominicana de las competencias de voleibol en los Juegos Ol\u00edmpicos de Par\u00eds 2024, en el South Paris Arena en Par\u00eds, Francia, el 28 de julio de 2024. EFE\/EPA\/MAST IRHAM","src":"https:\/\/i0.wp.com\/lasprimeras.com.do\/wp-content\/uploads\/2024\/07\/Las-Reinas-del-Caribe-1.png?resize=350%2C200&ssl=1","width":350,"height":200,"srcset":"https:\/\/i0.wp.com\/lasprimeras.com.do\/wp-content\/uploads\/2024\/07\/Las-Reinas-del-Caribe-1.png?resize=350%2C200&ssl=1 1x, https:\/\/i0.wp.com\/lasprimeras.com.do\/wp-content\/uploads\/2024\/07\/Las-Reinas-del-Caribe-1.png?resize=525%2C300&ssl=1 1.5x, https:\/\/i0.wp.com\/lasprimeras.com.do\/wp-content\/uploads\/2024\/07\/Las-Reinas-del-Caribe-1.png?resize=700%2C400&ssl=1 2x"},"classes":[]},{"id":86628,"url":"https:\/\/lasprimeras.com.do\/index.php\/2024\/07\/28\/jugadora-dominicana-de-voleibol-es-la-primera-atleta-femenina-con-doping-positivo-en-paris-2024\/","url_meta":{"origin":87367,"position":1},"title":"Jugadora dominicana de voleibol es la primera atleta femenina con doping positivo en Par\u00eds 2024","author":"Nelson Feliz","date":"28 de julio de 2024","format":false,"excerpt":"La prueba que se aplic\u00f3 durante la Liga de Naciones le cuesta a la jugadora su participaci\u00f3n en los JJOO La jugadora del equipo dominicano de voleibol, Lisvel Eve Mej\u00eda,dio positivo en una prueba de dopaje efectuada en el pasado torneo de la Liga de Naciones, por lo que ser\u00e1\u2026","rel":"","context":"En \u00abSin categor\u00eda\u00bb","block_context":{"text":"Sin categor\u00eda","link":"https:\/\/lasprimeras.com.do\/index.php\/category\/sin-categoria\/"},"img":{"alt_text":"Lisvel Eve Mej\u00eda","src":"https:\/\/i0.wp.com\/lasprimeras.com.do\/wp-content\/uploads\/2024\/07\/Lisvel-Eve-Mejia.png?resize=350%2C200&ssl=1","width":350,"height":200,"srcset":"https:\/\/i0.wp.com\/lasprimeras.com.do\/wp-content\/uploads\/2024\/07\/Lisvel-Eve-Mejia.png?resize=350%2C200&ssl=1 1x, https:\/\/i0.wp.com\/lasprimeras.com.do\/wp-content\/uploads\/2024\/07\/Lisvel-Eve-Mejia.png?resize=525%2C300&ssl=1 1.5x"},"classes":[]},{"id":63931,"url":"https:\/\/lasprimeras.com.do\/index.php\/2023\/10\/17\/seleccion-femenina-de-voleibol-se-prepara-para-los-panamericanos\/","url_meta":{"origin":87367,"position":2},"title":"Selecci\u00f3n femenina de voleibol se prepara para los Panamericanos","author":"BIMARY DE JES\u00daS Matos","date":"17 de octubre de 2023","format":false,"excerpt":"BRASIL.- La selecci\u00f3n femenina de voleibol de Rep\u00fablica Dominicana cumple la \u00faltima etapa de preparaci\u00f3n para los Juegos Panamericanos de Santiago de Chile, en los que buscan revalidar el t\u00edtulo alcanzado en la edici\u00f3n de Lima 2019. \u2018Las Reinas del Caribe\u2019, que tambi\u00e9n tienen asegurado su boleto para los Juegos\u2026","rel":"","context":"En \u00abSin categor\u00eda\u00bb","block_context":{"text":"Sin categor\u00eda","link":"https:\/\/lasprimeras.com.do\/index.php\/category\/sin-categoria\/"},"img":{"alt_text":"","src":"https:\/\/i0.wp.com\/lasprimeras.com.do\/wp-content\/uploads\/2023\/10\/Captura-de-pantalla-2023-10-16-172822-2.jpg?resize=350%2C200&ssl=1","width":350,"height":200},"classes":[]},{"id":87364,"url":"https:\/\/lasprimeras.com.do\/index.php\/2024\/08\/11\/jennifer-valente-revalida-oro-en-el-omnium-olimpico-lavreysen-y-andrews-anaden-mas\/","url_meta":{"origin":87367,"position":3},"title":"Jennifer Valente revalida oro en el \u00f3mnium ol\u00edmpico. Lavreysen y Andrews a\u00f1aden m\u00e1s","author":"Nelson Feliz","date":"11 de agosto de 2024","format":false,"excerpt":"By Dave Skretta MONTIGNY-LE-BRETONNEUX, Francia (AP) \u2014 Jennifer Valente complet\u00f3 una aplastante defensa de su t\u00edtulo en el \u00f3mnium ol\u00edmpico el domingo, colg\u00e1ndose su medalla de oro durante la semana y coronar la mejor campa\u00f1a del equipo de ciclismo de Estados Unidos en 40 a\u00f1os. Valente cerr\u00f3 con 144 puntos\u2026","rel":"","context":"En \u00abSin categor\u00eda\u00bb","block_context":{"text":"Sin categor\u00eda","link":"https:\/\/lasprimeras.com.do\/index.php\/category\/sin-categoria\/"},"img":{"alt_text":"Jennifer Valente","src":"https:\/\/i0.wp.com\/lasprimeras.com.do\/wp-content\/uploads\/2024\/08\/Jennifer-Valente.jpg?resize=350%2C200&ssl=1","width":350,"height":200,"srcset":"https:\/\/i0.wp.com\/lasprimeras.com.do\/wp-content\/uploads\/2024\/08\/Jennifer-Valente.jpg?resize=350%2C200&ssl=1 1x, https:\/\/i0.wp.com\/lasprimeras.com.do\/wp-content\/uploads\/2024\/08\/Jennifer-Valente.jpg?resize=525%2C300&ssl=1 1.5x, https:\/\/i0.wp.com\/lasprimeras.com.do\/wp-content\/uploads\/2024\/08\/Jennifer-Valente.jpg?resize=700%2C400&ssl=1 2x"},"classes":[]},{"id":84471,"url":"https:\/\/lasprimeras.com.do\/index.php\/2024\/06\/09\/clark-dejo-la-lista-de-la-seleccion-nacional-de-baloncesto-de-ee-uu\/","url_meta":{"origin":87367,"position":4},"title":"Clark dej\u00f3 la lista de la selecci\u00f3n nacional de baloncesto de EE. UU.","author":"Nelson Feliz","date":"9 de junio de 2024","format":false,"excerpt":"Dice fuente AP; Taurasi forma parte del sexto equipo ol\u00edmpico POR DOUG FEINBERG Caitlin Clark no ir\u00e1 a los Juegos Ol\u00edmpicos de Par\u00eds, seg\u00fan una persona familiarizada con la decisi\u00f3n. La persona, que proporcion\u00f3 la lista completa a The Associated Press, habl\u00f3 el s\u00e1bado bajo condici\u00f3n de anonimato porque no\u2026","rel":"","context":"En \u00abSin categor\u00eda\u00bb","block_context":{"text":"Sin categor\u00eda","link":"https:\/\/lasprimeras.com.do\/index.php\/category\/sin-categoria\/"},"img":{"alt_text":"","src":"https:\/\/i0.wp.com\/lasprimeras.com.do\/wp-content\/uploads\/2024\/06\/Caitlin-Clark.jpg?resize=350%2C200&ssl=1","width":350,"height":200,"srcset":"https:\/\/i0.wp.com\/lasprimeras.com.do\/wp-content\/uploads\/2024\/06\/Caitlin-Clark.jpg?resize=350%2C200&ssl=1 1x, https:\/\/i0.wp.com\/lasprimeras.com.do\/wp-content\/uploads\/2024\/06\/Caitlin-Clark.jpg?resize=525%2C300&ssl=1 1.5x, https:\/\/i0.wp.com\/lasprimeras.com.do\/wp-content\/uploads\/2024\/06\/Caitlin-Clark.jpg?resize=700%2C400&ssl=1 2x"},"classes":[]},{"id":63821,"url":"https:\/\/lasprimeras.com.do\/index.php\/2023\/10\/16\/marileidy-paulino-entre-grandes-estrellas-de-panamericanos-2023\/","url_meta":{"origin":87367,"position":5},"title":"Marileidy Paulino entre grandes estrellas de Panamericanos 2023","author":"BIMARY DE JES\u00daS Matos","date":"16 de octubre de 2023","format":false,"excerpt":"CHILE.- Los vaticinios no pueden ser mejores, seg\u00fan los organizadores. \u00abSantiago 2023 ser\u00e1n unos Juegos muy competidos, espero que quede en el recuerdo como una gran fiesta\u00bb, seg\u00fan Jaime Pizarro, presidente del Comit\u00e9 Organizador de los Panamericanos 2023. A ello ayuda la presencia de grandes campeones ol\u00edmpicos y mundiales que\u2026","rel":"","context":"En \u00abSin categor\u00eda\u00bb","block_context":{"text":"Sin categor\u00eda","link":"https:\/\/lasprimeras.com.do\/index.php\/category\/sin-categoria\/"},"img":{"alt_text":"","src":"https:\/\/i0.wp.com\/lasprimeras.com.do\/wp-content\/uploads\/2023\/10\/WhatsApp-Image-2023-10-15-at-8.04.52-PM-5.jpeg?resize=350%2C200&ssl=1","width":350,"height":200,"srcset":"https:\/\/i0.wp.com\/lasprimeras.com.do\/wp-content\/uploads\/2023\/10\/WhatsApp-Image-2023-10-15-at-8.04.52-PM-5.jpeg?resize=350%2C200&ssl=1 1x, https:\/\/i0.wp.com\/lasprimeras.com.do\/wp-content\/uploads\/2023\/10\/WhatsApp-Image-2023-10-15-at-8.04.52-PM-5.jpeg?resize=525%2C300&ssl=1 1.5x, https:\/\/i0.wp.com\/lasprimeras.com.do\/wp-content\/uploads\/2023\/10\/WhatsApp-Image-2023-10-15-at-8.04.52-PM-5.jpeg?resize=700%2C400&ssl=1 2x"},"classes":[]}],"jetpack_sharing_enabled":true,"_links":{"self":[{"href":"https:\/\/lasprimeras.com.do\/index.php\/wp-json\/wp\/v2\/posts\/87367","targetHints":{"allow":["GET"]}}],"collection":[{"href":"https:\/\/lasprimeras.com.do\/index.php\/wp-json\/wp\/v2\/posts"}],"about":[{"href":"https:\/\/lasprimeras.com.do\/index.php\/wp-json\/wp\/v2\/types\/post"}],"author":[{"embeddable":true,"href":"https:\/\/lasprimeras.com.do\/index.php\/wp-json\/wp\/v2\/users\/2"}],"replies":[{"embeddable":true,"href":"https:\/\/lasprimeras.com.do\/index.php\/wp-json\/wp\/v2\/comments?post=87367"}],"version-history":[{"count":1,"href":"https:\/\/lasprimeras.com.do\/index.php\/wp-json\/wp\/v2\/posts\/87367\/revisions"}],"predecessor-version":[{"id":87369,"href":"https:\/\/lasprimeras.com.do\/index.php\/wp-json\/wp\/v2\/posts\/87367\/revisions\/87369"}],"wp:featuredmedia":[{"embeddable":true,"href":"https:\/\/lasprimeras.com.do\/index.php\/wp-json\/wp\/v2\/media\/87368"}],"wp:attachment":[{"href":"https:\/\/lasprimeras.com.do\/index.php\/wp-json\/wp\/v2\/media?parent=87367"}],"wp:term":[{"taxonomy":"category","embeddable":true,"href":"https:\/\/lasprimeras.com.do\/index.php\/wp-json\/wp\/v2\/categories?post=87367"},{"taxonomy":"post_tag","embeddable":true,"href":"https:\/\/lasprimeras.com.do\/index.php\/wp-json\/wp\/v2\/tags?post=87367"}],"curies":[{"name":"wp","href":"https:\/\/api.w.org\/{rel}","templated":true}]}}