{"id":87370,"date":"2024-08-11T12:38:58","date_gmt":"2024-08-11T16:38:58","guid":{"rendered":"https:\/\/lasprimeras.com.do\/?p=87370"},"modified":"2024-08-11T12:39:00","modified_gmt":"2024-08-11T16:39:00","slug":"colombiana-tatiana-renteria-supera-a-ecuatoriana-genesis-reasco-por-bronce-en-lucha-olimpica","status":"publish","type":"post","link":"https:\/\/lasprimeras.com.do\/index.php\/2024\/08\/11\/colombiana-tatiana-renteria-supera-a-ecuatoriana-genesis-reasco-por-bronce-en-lucha-olimpica\/","title":{"rendered":"Colombiana Tatiana Renter\u00eda supera a ecuatoriana G\u00e9nesis Reasco por bronce en lucha ol\u00edmpica"},"content":{"rendered":"\n<p>PAR\u00cdS (AP) \u2014 Con la \u00faltima opci\u00f3n de darle una medalla a Colombia en los Juegos Ol\u00edmpicos, la luchadora Tatiana Renter\u00eda se alz\u00f3 con el bronce tras derrotar a la ecuatoriana G\u00e9nesis Reasco en un re\u00f1ido combate.<\/p>\n\n\n\n<p>Las dos sudamericanas sucumbieron en la ronda de semifinales de los 76 kilogramos y se midieron por el bronce. Renter\u00eda se impuso 2-1 en la Arena del Campo de Marte.<\/p>\n\n\n\n<p>Renter\u00eda, de 23 a\u00f1os, lleg\u00f3 a Par\u00eds 2024 como candidata al podio tras conquistar un bronce en el Mundial de Belgrado de 2023.<\/p>\n\n\n\n<p>El bronce de Renter\u00eda es el cuarto metal de Colombia en estos Juegos. Las otras tres preseas fueron de plata, obtenidas por los pesistas Yeison L\u00f3pez y Mari Leivis S\u00e1nchez y el gimnasta \u00c1ngel Barajas.<\/p>\n\n\n\n<p>\u201cNo me pod\u00eda ir sin la medalla\u201d, dijo Renter\u00eda, madre desde los 17 a\u00f1os. \u201cPelear por el bronce es dif\u00edcil porque se pelea igual que por el oro porque vuelves a tu pa\u00eds sin nada. Lo vemos como un oro\u201d.<\/p>\n\n\n\n<p>\u201cEsto es para mi pa\u00eds, para mi familia, mi hija de seis. Ella es mi motivaci\u00f3n, mi motor, la medalla es para ella\u201d, a\u00f1adi\u00f3. \u201cS\u00f3lo les pido que nos sigan apoyando porque vamos a seguir entrenando duro para ganar oro en los pr\u00f3ximos Juegos\u201d.<\/p>\n\n\n\n<p>Renter\u00eda sigue los pasos de Jackeline Renter\u00eda, autora de las otras dos medallas de Colombia en la lucha ol\u00edmpica al colgarse bronces en Beijing 2008 y Londres 2012.<\/p>\n\n\n\n<p>El primer punto de Renter\u00eda en la final por el bronce fue debido a una sanci\u00f3n por inactividad a Reasco, al no marcar un punto durante los 30 segundos especificados para eso.<\/p>\n\n\n\n<p>Renter\u00eda logr\u00f3 mantener a raya a su rival, sin darle margen para igualar el combate.<\/p>\n\n\n\n<p>En el segundo set, Renter\u00eda procur\u00f3 evitar que la ecuatoriana tomase la iniciativa. Pero Reasco logr\u00f3 empatar por el mismo m\u00e9todo del primero: inactividad.<\/p>\n\n\n\n<p>Renter\u00eda no se amilan\u00f3 y de inmediato logr\u00f3 el siguiente punto, el cual defendi\u00f3 hasta el t\u00e9rmino del combate.<\/p>\n\n\n\n<p>\u201cNo s\u00e9 c\u00f3mo explicar la alegr\u00eda que siento al ganar esta medalla, esto es para toda Colombia\u201d; dijo Renter\u00eda. \u201cJackeline tiene mucha experiencia, la escucho y ella sabe que quiero superarla con una medalla de oro que espero obtener en los pr\u00f3ximos Juegos Ol\u00edmpicos\u201d.<\/p>\n","protected":false},"excerpt":{"rendered":"<p>PAR\u00cdS (AP) \u2014 Con la \u00faltima opci\u00f3n de darle una medalla a Colombia en los Juegos Ol\u00edmpicos, la luchadora Tatiana Renter\u00eda se alz\u00f3 con el bronce tras derrotar a la&hellip;<\/p>\n","protected":false},"author":2,"featured_media":87371,"comment_status":"open","ping_status":"open","sticky":false,"template":"","format":"standard","meta":{"content-type":"","jetpack_post_was_ever_published":false,"_jetpack_newsletter_access":"","_jetpack_dont_email_post_to_subs":false,"_jetpack_newsletter_tier_id":0,"_jetpack_memberships_contains_paywalled_content":false,"_jetpack_memberships_contains_paid_content":false,"footnotes":""},"categories":[1],"tags":[8842,529,14699,14701,14702,13834,14700],"class_list":["post-87370","post","type-post","status-publish","format-standard","has-post-thumbnail","hentry","category-sin-categoria","tag-bronce","tag-colombiana","tag-ecuatoriana","tag-genesis-reasco","tag-lucha-olimpica","tag-supera","tag-tatiana-renteria"],"jetpack_featured_media_url":"https:\/\/lasprimeras.com.do\/wp-content\/uploads\/2024\/08\/LUCHA-LIBRE.jpg","jetpack-related-posts":[{"id":81621,"url":"https:\/\/lasprimeras.com.do\/index.php\/2024\/04\/23\/gonzalez-scott-nunez-renteria-y-salwa-eid-conquistan-el-oro-en-4to-clasico-felix-sanchez\/","url_meta":{"origin":87370,"position":0},"title":"Gonz\u00e1lez, Scott, N\u00fa\u00f1ez, Renter\u00eda y Salwa Eid conquistan el oro en \u201c4to Cl\u00e1sico F\u00e9lix S\u00e1nchez\u201d","author":"BIMARY DE JES\u00daS Matos","date":"23 de abril de 2024","format":false,"excerpt":"Monte Plata.- Los Jhonny Renter\u00eda de Colombia, los dominicanos Yeral N\u00fa\u00f1ez, Alexander Ogando, Edidiong Odiong, de Baherim, Shainer Reginfo Montoya, de Cuba y Jos\u00e9 Gonz\u00e1lez, se llevaron los m\u00e1ximos honores en el \u201c4to Cl\u00e1sico F\u00e9lix S\u00e1nchez\u201d, que se celebr\u00f3 con rotundo \u00e9xito en la pista Luguelin Santos del Complejo Deportivo\u2026","rel":"","context":"En \u00abSin categor\u00eda\u00bb","block_context":{"text":"Sin categor\u00eda","link":"https:\/\/lasprimeras.com.do\/index.php\/category\/sin-categoria\/"},"img":{"alt_text":"","src":"https:\/\/i0.wp.com\/lasprimeras.com.do\/wp-content\/uploads\/2024\/04\/Captura-de-pantalla-2024-04-14-155210.webp?resize=350%2C200&ssl=1","width":350,"height":200,"srcset":"https:\/\/i0.wp.com\/lasprimeras.com.do\/wp-content\/uploads\/2024\/04\/Captura-de-pantalla-2024-04-14-155210.webp?resize=350%2C200&ssl=1 1x, https:\/\/i0.wp.com\/lasprimeras.com.do\/wp-content\/uploads\/2024\/04\/Captura-de-pantalla-2024-04-14-155210.webp?resize=525%2C300&ssl=1 1.5x, https:\/\/i0.wp.com\/lasprimeras.com.do\/wp-content\/uploads\/2024\/04\/Captura-de-pantalla-2024-04-14-155210.webp?resize=700%2C400&ssl=1 2x, https:\/\/i0.wp.com\/lasprimeras.com.do\/wp-content\/uploads\/2024\/04\/Captura-de-pantalla-2024-04-14-155210.webp?resize=1050%2C600&ssl=1 3x, https:\/\/i0.wp.com\/lasprimeras.com.do\/wp-content\/uploads\/2024\/04\/Captura-de-pantalla-2024-04-14-155210.webp?resize=1400%2C800&ssl=1 4x"},"classes":[]},{"id":99371,"url":"https:\/\/lasprimeras.com.do\/index.php\/2025\/05\/20\/senado-reconoce-al-boxeador-cristian-pinales-medallista-de-bronce-juegos-olimpicos-de-paris-2024\/","url_meta":{"origin":87370,"position":1},"title":"Senado reconoce al boxeador Cristian Pinales, medallista de bronce Juegos Ol\u00edmpicos de Par\u00eds 2024","author":"Nelson Feliz","date":"20 de mayo de 2025","format":false,"excerpt":"Por Elvis Castro Hern\u00e1ndez El Senado de la Rep\u00fablica reconoci\u00f3, este martes, al boxeador Cristian Pinales, por haber obtenido medalla de bronce en los Juegos Ol\u00edmpicos de Par\u00eds 2024, en la categor\u00eda de 80 kilogramos, poniendo en alto el nombre de la Rep\u00fablica Dominicana. El presidente de la Chamara Alta,\u2026","rel":"","context":"En \u00abDEPORTES\u00bb","block_context":{"text":"DEPORTES","link":"https:\/\/lasprimeras.com.do\/index.php\/category\/deportes\/"},"img":{"alt_text":"Ricardo de los Santos","src":"https:\/\/i0.wp.com\/lasprimeras.com.do\/wp-content\/uploads\/2025\/05\/Ricardo-de-los-Santos-3-1.jpg?resize=350%2C200&ssl=1","width":350,"height":200,"srcset":"https:\/\/i0.wp.com\/lasprimeras.com.do\/wp-content\/uploads\/2025\/05\/Ricardo-de-los-Santos-3-1.jpg?resize=350%2C200&ssl=1 1x, https:\/\/i0.wp.com\/lasprimeras.com.do\/wp-content\/uploads\/2025\/05\/Ricardo-de-los-Santos-3-1.jpg?resize=525%2C300&ssl=1 1.5x, https:\/\/i0.wp.com\/lasprimeras.com.do\/wp-content\/uploads\/2025\/05\/Ricardo-de-los-Santos-3-1.jpg?resize=700%2C400&ssl=1 2x"},"classes":[]},{"id":63821,"url":"https:\/\/lasprimeras.com.do\/index.php\/2023\/10\/16\/marileidy-paulino-entre-grandes-estrellas-de-panamericanos-2023\/","url_meta":{"origin":87370,"position":2},"title":"Marileidy Paulino entre grandes estrellas de Panamericanos 2023","author":"BIMARY DE JES\u00daS Matos","date":"16 de octubre de 2023","format":false,"excerpt":"CHILE.- Los vaticinios no pueden ser mejores, seg\u00fan los organizadores. \u00abSantiago 2023 ser\u00e1n unos Juegos muy competidos, espero que quede en el recuerdo como una gran fiesta\u00bb, seg\u00fan Jaime Pizarro, presidente del Comit\u00e9 Organizador de los Panamericanos 2023. A ello ayuda la presencia de grandes campeones ol\u00edmpicos y mundiales que\u2026","rel":"","context":"En \u00abSin categor\u00eda\u00bb","block_context":{"text":"Sin categor\u00eda","link":"https:\/\/lasprimeras.com.do\/index.php\/category\/sin-categoria\/"},"img":{"alt_text":"","src":"https:\/\/i0.wp.com\/lasprimeras.com.do\/wp-content\/uploads\/2023\/10\/WhatsApp-Image-2023-10-15-at-8.04.52-PM-5.jpeg?resize=350%2C200&ssl=1","width":350,"height":200,"srcset":"https:\/\/i0.wp.com\/lasprimeras.com.do\/wp-content\/uploads\/2023\/10\/WhatsApp-Image-2023-10-15-at-8.04.52-PM-5.jpeg?resize=350%2C200&ssl=1 1x, https:\/\/i0.wp.com\/lasprimeras.com.do\/wp-content\/uploads\/2023\/10\/WhatsApp-Image-2023-10-15-at-8.04.52-PM-5.jpeg?resize=525%2C300&ssl=1 1.5x, https:\/\/i0.wp.com\/lasprimeras.com.do\/wp-content\/uploads\/2023\/10\/WhatsApp-Image-2023-10-15-at-8.04.52-PM-5.jpeg?resize=700%2C400&ssl=1 2x"},"classes":[]},{"id":87361,"url":"https:\/\/lasprimeras.com.do\/index.php\/2024\/08\/11\/las-esperanzas-colombianas-de-otra-medalla-en-paris-2024-naufragan-en-el-velodromo-olimpico\/","url_meta":{"origin":87370,"position":3},"title":"Las esperanzas colombianas de otra medalla en Par\u00eds 2024 naufragan en el vel\u00f3dromo ol\u00edmpico","author":"Nelson Feliz","date":"11 de agosto de 2024","format":false,"excerpt":"By CARLOS RODR\u00cdGUEZ SAINT-QUENTIN-EN-YVELINES, Francia (AP) \u2014 Las esperanzas de Colombia de sumar una \u00faltima medalla en los Juegos Ol\u00edmpicos de Par\u00eds se esfumaron el domingo en el vel\u00f3dromo nacional, donde tres de sus ciclistas no pudieron acceder a la pelea por las medallas, entre ellos el campe\u00f3n mundial de\u2026","rel":"","context":"En \u00abSin categor\u00eda\u00bb","block_context":{"text":"Sin categor\u00eda","link":"https:\/\/lasprimeras.com.do\/index.php\/category\/sin-categoria\/"},"img":{"alt_text":"Martha Bayona","src":"https:\/\/i0.wp.com\/lasprimeras.com.do\/wp-content\/uploads\/2024\/08\/Martha-Bayona.jpg?resize=350%2C200&ssl=1","width":350,"height":200,"srcset":"https:\/\/i0.wp.com\/lasprimeras.com.do\/wp-content\/uploads\/2024\/08\/Martha-Bayona.jpg?resize=350%2C200&ssl=1 1x, https:\/\/i0.wp.com\/lasprimeras.com.do\/wp-content\/uploads\/2024\/08\/Martha-Bayona.jpg?resize=525%2C300&ssl=1 1.5x, https:\/\/i0.wp.com\/lasprimeras.com.do\/wp-content\/uploads\/2024\/08\/Martha-Bayona.jpg?resize=700%2C400&ssl=1 2x"},"classes":[]},{"id":117083,"url":"https:\/\/lasprimeras.com.do\/index.php\/2025\/12\/07\/dominicana-alcanza-74-medallas-y-el-septimo-lugar-en-bolivarianos\/","url_meta":{"origin":87370,"position":4},"title":"Dominicana alcanza 74 medallas y el s\u00e9ptimo lugar en Bolivarianos","author":"Nelson Feliz","date":"7 de diciembre de 2025","format":false,"excerpt":"La Rep\u00fablica Dominicana participa en los Bolivarianos en calidad de invitada desde el 2013. Lima - La Rep\u00fablica Dominicana cerr\u00f3 un nuevo cap\u00edtulo con la conquista de 74 medallas en los XX Juegos Bolivarianos que concluyeron este domingo en esta ciudad. Con 12 de oro, 17 de plata y 45\u2026","rel":"","context":"En \u00abDEPORTES\u00bb","block_context":{"text":"DEPORTES","link":"https:\/\/lasprimeras.com.do\/index.php\/category\/deportes\/"},"img":{"alt_text":"El equipo de judo celebra el triunfo en los Juegos Bolivarianos que se celebraron en Lima, Per\u00fa.","src":"https:\/\/i0.wp.com\/lasprimeras.com.do\/wp-content\/uploads\/2025\/12\/RD.jpg?resize=350%2C200&ssl=1","width":350,"height":200,"srcset":"https:\/\/i0.wp.com\/lasprimeras.com.do\/wp-content\/uploads\/2025\/12\/RD.jpg?resize=350%2C200&ssl=1 1x, https:\/\/i0.wp.com\/lasprimeras.com.do\/wp-content\/uploads\/2025\/12\/RD.jpg?resize=525%2C300&ssl=1 1.5x, https:\/\/i0.wp.com\/lasprimeras.com.do\/wp-content\/uploads\/2025\/12\/RD.jpg?resize=700%2C400&ssl=1 2x"},"classes":[]},{"id":87364,"url":"https:\/\/lasprimeras.com.do\/index.php\/2024\/08\/11\/jennifer-valente-revalida-oro-en-el-omnium-olimpico-lavreysen-y-andrews-anaden-mas\/","url_meta":{"origin":87370,"position":5},"title":"Jennifer Valente revalida oro en el \u00f3mnium ol\u00edmpico. Lavreysen y Andrews a\u00f1aden m\u00e1s","author":"Nelson Feliz","date":"11 de agosto de 2024","format":false,"excerpt":"By Dave Skretta MONTIGNY-LE-BRETONNEUX, Francia (AP) \u2014 Jennifer Valente complet\u00f3 una aplastante defensa de su t\u00edtulo en el \u00f3mnium ol\u00edmpico el domingo, colg\u00e1ndose su medalla de oro durante la semana y coronar la mejor campa\u00f1a del equipo de ciclismo de Estados Unidos en 40 a\u00f1os. Valente cerr\u00f3 con 144 puntos\u2026","rel":"","context":"En \u00abSin categor\u00eda\u00bb","block_context":{"text":"Sin categor\u00eda","link":"https:\/\/lasprimeras.com.do\/index.php\/category\/sin-categoria\/"},"img":{"alt_text":"Jennifer Valente","src":"https:\/\/i0.wp.com\/lasprimeras.com.do\/wp-content\/uploads\/2024\/08\/Jennifer-Valente.jpg?resize=350%2C200&ssl=1","width":350,"height":200,"srcset":"https:\/\/i0.wp.com\/lasprimeras.com.do\/wp-content\/uploads\/2024\/08\/Jennifer-Valente.jpg?resize=350%2C200&ssl=1 1x, https:\/\/i0.wp.com\/lasprimeras.com.do\/wp-content\/uploads\/2024\/08\/Jennifer-Valente.jpg?resize=525%2C300&ssl=1 1.5x, https:\/\/i0.wp.com\/lasprimeras.com.do\/wp-content\/uploads\/2024\/08\/Jennifer-Valente.jpg?resize=700%2C400&ssl=1 2x"},"classes":[]}],"jetpack_sharing_enabled":true,"_links":{"self":[{"href":"https:\/\/lasprimeras.com.do\/index.php\/wp-json\/wp\/v2\/posts\/87370","targetHints":{"allow":["GET"]}}],"collection":[{"href":"https:\/\/lasprimeras.com.do\/index.php\/wp-json\/wp\/v2\/posts"}],"about":[{"href":"https:\/\/lasprimeras.com.do\/index.php\/wp-json\/wp\/v2\/types\/post"}],"author":[{"embeddable":true,"href":"https:\/\/lasprimeras.com.do\/index.php\/wp-json\/wp\/v2\/users\/2"}],"replies":[{"embeddable":true,"href":"https:\/\/lasprimeras.com.do\/index.php\/wp-json\/wp\/v2\/comments?post=87370"}],"version-history":[{"count":1,"href":"https:\/\/lasprimeras.com.do\/index.php\/wp-json\/wp\/v2\/posts\/87370\/revisions"}],"predecessor-version":[{"id":87372,"href":"https:\/\/lasprimeras.com.do\/index.php\/wp-json\/wp\/v2\/posts\/87370\/revisions\/87372"}],"wp:featuredmedia":[{"embeddable":true,"href":"https:\/\/lasprimeras.com.do\/index.php\/wp-json\/wp\/v2\/media\/87371"}],"wp:attachment":[{"href":"https:\/\/lasprimeras.com.do\/index.php\/wp-json\/wp\/v2\/media?parent=87370"}],"wp:term":[{"taxonomy":"category","embeddable":true,"href":"https:\/\/lasprimeras.com.do\/index.php\/wp-json\/wp\/v2\/categories?post=87370"},{"taxonomy":"post_tag","embeddable":true,"href":"https:\/\/lasprimeras.com.do\/index.php\/wp-json\/wp\/v2\/tags?post=87370"}],"curies":[{"name":"wp","href":"https:\/\/api.w.org\/{rel}","templated":true}]}}