{"id":87403,"date":"2024-08-11T15:41:31","date_gmt":"2024-08-11T19:41:31","guid":{"rendered":"https:\/\/lasprimeras.com.do\/?p=87403"},"modified":"2024-08-11T15:41:33","modified_gmt":"2024-08-11T19:41:33","slug":"abinader-conduce-el-monorriel-de-santiago-en-su-primera-prueba-dinamica-con-pasajeros","status":"publish","type":"post","link":"https:\/\/lasprimeras.com.do\/index.php\/2024\/08\/11\/abinader-conduce-el-monorriel-de-santiago-en-su-primera-prueba-dinamica-con-pasajeros\/","title":{"rendered":"Abinader conduce el Monorriel de Santiago en su primera prueba din\u00e1mica con pasajeros"},"content":{"rendered":"\n<p><strong>Mandatario dice un transporte masivo de calidad es fundamental para el desarrollo econ\u00f3mico de cualquier sociedad.<\/strong><\/p>\n\n\n\n<p>La Rep\u00fablica Dominicana y que la posiciona a otro nivel en la regi\u00f3n de Centroam\u00e9rica y El Caribe en materia de transporte, movilidad, innovaci\u00f3n y sostenibilidad, el presidente Luis Abinader condujo este domingo el primer viaje con pasajeros del Monorriel de Santiago.<\/p>\n\n\n\n<p>El mandatario condujo el tren y 4 vagones desde la Estaci\u00f3n 3, en el Ensanche Espaillat en un recorrido que empez\u00f3 a las 11:45 de la ma\u00f1ana, hasta la Estaci\u00f3n 2, en San Lorenzo, donde lleg\u00f3 a las 11:58 de la ma\u00f1ana, en un trayecto de cerca de 2 kil\u00f3metros a una velocidad reducida de aproximadamente 15 kil\u00f3metros por hora en esta prueba.<\/p>\n\n\n\n<p>Tras concluir el recorrido de prueba, el jefe de Estado expres\u00f3 estar muy emocionado de poder participar de esta prueba del Monorriel, dijo que es el m\u00e1s moderno de toda la regi\u00f3n, con la \u00faltima tecnolog\u00eda para el transporte masivo y que Santiago lo tendr\u00e1 para lograr que la ciudad contin\u00fae su crecimiento econ\u00f3mico, su competitividad, aumente su productividad y que sea de beneficio para todos.<\/p>\n\n\n\n<p>&#8220;Estoy muy contento, la prueba fue excelente, se seguir\u00e1n haciendo pruebas y esperamos ya que el pr\u00f3ximo a\u00f1o todos los santiagueros puedan utilizarlo&#8221;, manifest\u00f3 Abinader.<\/p>\n\n\n\n<p>El primer mandatario, consider\u00f3 que un transporte masivo de calidad es fundamental para el desarrollo econ\u00f3mico de cualquier sociedad y de cualquier pa\u00eds y afirm\u00f3 que &#8220;eso es lo que estamos haciendo en Santiago, la capital la ciudad coraz\u00f3n y la capital de toda la regi\u00f3n&#8221;.<\/p>\n\n\n\n<p>De igual forma, indic\u00f3 que en esta provincia hay industrias fundamentales no solamente para la regi\u00f3n, sino para el pa\u00eds, como son las zonas francas, las industrias, todo lo relacionado con el cigarro y la industria agropecuaria que le sirve a todo el territorio nacional.<\/p>\n\n\n\n<p>Apunt\u00f3 que cuando concluya la construcci\u00f3n del Monorriel desde la estaci\u00f3n de Cienfuegos hasta Pek\u00edn, ser\u00e1n unos 14 km podr\u00e1n y se podr\u00e1 hacer el recorrido en 25 minutos.<\/p>\n\n\n\n<p>El presidente Abinader anunci\u00f3 tambi\u00e9n, que est\u00e1n ejecutando el sistema integrado de transporte de Santo Domingo, el cual ya se encuentra en licitaci\u00f3n el tren metropolitano que ir\u00eda desde el centro de la ciudad, desde la John F. Kennedy con M\u00e1ximo G\u00f3mez, hasta el aeropuerto Internacional de las Am\u00e9ricas, Jos\u00e9 Francisco Pe\u00f1a G\u00f3mez.<\/p>\n\n\n\n<p>Del mismo modo, indic\u00f3 que ya est\u00e1 en licitaci\u00f3n el telef\u00e9rico de Santo Domingo Oeste, reafirmando que este tipo de obra es fundamental para el desarrollo econ\u00f3mico de una ciudad.<\/p>\n\n\n\n<p>Luego de concluir la prueba de movimiento con pasajeros, el presidente Abinader realiz\u00f3 un recorrido por la ruta de la primera etapa del Monorriel, haciendo posteriormente una parada en el Parque Lineal Arroyo Grurabo y en la Estaci\u00f3n Central Telef\u00e9rico Las Carreras, de Santiago.<\/p>\n\n\n\n<p>El gobernante estuvo acompa\u00f1ado durante el recorrido por la vicepresidenta Raquel Pe\u00f1a; el ministro de la Presidencia Joel Santos; el actual senador de Santiago Eduardo Estrella; la gobernadora, Rosa Santos; el director ejecutivo del Fideicomiso para el Desarrollo del Sistema de Transporte Masivo de la Rep\u00fablica Dominicana (FITRAM), Jhael Isa.<\/p>\n\n\n\n<p>Este movimiento del Monorriel de Santiago se trata de una promesa cumplida por el presidente de la Rep\u00fablica, compromiso que asumi\u00f3 en el 2021 cuando se inici\u00f3 el proceso de construcci\u00f3n del Sistema Integrado de Transporte de Santiago (SIT-Stgo), con la l\u00ednea 1 del telef\u00e9rico de esa ciudad.<\/p>\n\n\n\n<p>El 30 de abril del 2022 se iniciaron los trabajos de la obra del Monorriel de Santiago, proyecto que lleva dos a\u00f1os y 4 meses en construcci\u00f3n.<\/p>\n\n\n\n<p>El Monorriel es un sistema de transporte ferroviario de alta tecnolog\u00eda, que tendr\u00e1 la capacidad de poder transportar 20,000 pasajeros por hora por sentido y 200,000 pasajeros por d\u00eda en la ciudad de Santiago.<\/p>\n\n\n\n<p>Realizar\u00e1 su recorrido sobre una estructura de vigas en hormig\u00f3n armado (Monovigas), en un viaducto que atravesar\u00e1 toda la ciudad desde Cienfuegos hasta Pek\u00edn.<\/p>\n\n\n\n<p>El sistema tendr\u00e1 una longitud aproximada de 13.2 kil\u00f3metros de viaducto, con 14 estaciones y una terminal central de integraci\u00f3n con el telef\u00e9rico.&nbsp; Asimismo, tendr\u00e1 una velocidad m\u00e1xima de 80 km\/h con un intervalo entre trenes de 180 segundos, pudiendo llegar en 25 minutos desde Cien Fuegos hasta el sector de Pek\u00edn.<\/p>\n\n\n\n<p>Este proyecto impactar\u00e1 de manera directa a m\u00e1s de 500 mil ciudadanos, con beneficios que se traducen en la reducci\u00f3n en 30% del gasto de transporte y de la congesti\u00f3n del tr\u00e1nsito, aumento de la productividad y disminuci\u00f3n del impacto ambiental.<\/p>\n\n\n\n<p>Tambi\u00e9n estuvieron presentes, los directores de la OPRET, Rafael Antonio Santos; del INTRANT, Milton Morrison; de Coraasan, Andr\u00e9s Burgos; del CESMET, mayor general Manuel Antonio Lachapelle De Los Santos; el senador electo de Santiago, Daniel Rivera; el alcalde, Ulises Rodr\u00edguez; el gerente general de Edenorte, Andr\u00e9s Cueto; el director del Distrito Municipal de Santiago Oeste, Eddy B\u00e1ez y representantes de empresas contratistas nacionales e internacionales.<\/p>\n\n\n\n<figure class=\"wp-block-embed is-type-video is-provider-youtube wp-block-embed-youtube wp-embed-aspect-16-9 wp-has-aspect-ratio\"><div class=\"wp-block-embed__wrapper\">\n<iframe title=\"Abinader conduce el Monorriel de Santiago\" width=\"500\" height=\"281\" src=\"https:\/\/www.youtube.com\/embed\/vBaVk7TlcBQ?feature=oembed\" frameborder=\"0\" allow=\"accelerometer; autoplay; clipboard-write; encrypted-media; gyroscope; picture-in-picture; web-share\" referrerpolicy=\"strict-origin-when-cross-origin\" allowfullscreen><\/iframe>\n<\/div><\/figure>\n","protected":false},"excerpt":{"rendered":"<p>Mandatario dice un transporte masivo de calidad es fundamental para el desarrollo econ\u00f3mico de cualquier sociedad. La Rep\u00fablica Dominicana y que la posiciona a otro nivel en la regi\u00f3n de&hellip;<\/p>\n","protected":false},"author":2,"featured_media":87404,"comment_status":"open","ping_status":"open","sticky":false,"template":"","format":"standard","meta":{"content-type":"","jetpack_post_was_ever_published":false,"_jetpack_newsletter_access":"","_jetpack_dont_email_post_to_subs":false,"_jetpack_newsletter_tier_id":0,"_jetpack_memberships_contains_paywalled_content":false,"_jetpack_memberships_contains_paid_content":false,"footnotes":""},"categories":[35,25],"tags":[2784,876,67,14712,3760,2866,1683],"class_list":["post-87403","post","type-post","status-publish","format-standard","has-post-thumbnail","hentry","category-nacionales","category-portada","tag-conduce","tag-dinamica","tag-luis-abinader","tag-monorriel-de-santiago","tag-pasajeros","tag-primera","tag-prueba"],"jetpack_featured_media_url":"https:\/\/lasprimeras.com.do\/wp-content\/uploads\/2024\/08\/Luis-Abinader-7-1.jpg","jetpack-related-posts":[{"id":87268,"url":"https:\/\/lasprimeras.com.do\/index.php\/2024\/08\/09\/abinader-hara-primera-prueba-del-monorriel-de-santiago\/","url_meta":{"origin":87403,"position":0},"title":"Abinader har\u00e1 primera prueba del Monorriel de Santiago","author":"Nelson Feliz","date":"9 de agosto de 2024","format":false,"excerpt":"Mandatario estar\u00e1 desde este viernes inaugurando obras en el Cibao. El presidente Luis Abinader agotar\u00e1 una amplia agenda de trabajo desde este viernes y hasta el domingo en la regi\u00f3n del Cibao que incluye la primera prueba del Monorriel de Santiago. El mandatario se trasladar\u00e1 a las provincias Duarte y\u2026","rel":"","context":"En \u00abNACIONALES\u00bb","block_context":{"text":"NACIONALES","link":"https:\/\/lasprimeras.com.do\/index.php\/category\/nacionales\/"},"img":{"alt_text":"Luis Abinader","src":"https:\/\/i0.wp.com\/lasprimeras.com.do\/wp-content\/uploads\/2024\/08\/Luis-Abinader-6.jpg?resize=350%2C200&ssl=1","width":350,"height":200,"srcset":"https:\/\/i0.wp.com\/lasprimeras.com.do\/wp-content\/uploads\/2024\/08\/Luis-Abinader-6.jpg?resize=350%2C200&ssl=1 1x, https:\/\/i0.wp.com\/lasprimeras.com.do\/wp-content\/uploads\/2024\/08\/Luis-Abinader-6.jpg?resize=525%2C300&ssl=1 1.5x"},"classes":[]},{"id":107633,"url":"https:\/\/lasprimeras.com.do\/index.php\/2025\/08\/28\/presidente-abinader-anuncia-la-construccion-del-monorriel-de-santo-domingo\/","url_meta":{"origin":87403,"position":1},"title":"Presidente Abinader anuncia la construcci\u00f3n del Monorriel de Santo Domingo","author":"Nelson Feliz","date":"28 de agosto de 2025","format":false,"excerpt":"Atravesar\u00e1 la Autopista Las Am\u00e9ricas y la Av. 27 de Febrero atendiendo la demanda de viajes prevista por la conexi\u00f3n de Santo Domingo Este y el Distrito Nacional El presidente Luis Abinader anunci\u00f3 este jueves la construcci\u00f3n del Monorriel de Santo Domingo, el cual formar\u00e1 parte del Sistema Integrado de\u2026","rel":"","context":"En \u00abNACIONALES\u00bb","block_context":{"text":"NACIONALES","link":"https:\/\/lasprimeras.com.do\/index.php\/category\/nacionales\/"},"img":{"alt_text":"","src":"https:\/\/i0.wp.com\/lasprimeras.com.do\/wp-content\/uploads\/2025\/08\/Construccion-del-Monorriel-de-Santo-Domingo.jpg?resize=350%2C200&ssl=1","width":350,"height":200,"srcset":"https:\/\/i0.wp.com\/lasprimeras.com.do\/wp-content\/uploads\/2025\/08\/Construccion-del-Monorriel-de-Santo-Domingo.jpg?resize=350%2C200&ssl=1 1x, https:\/\/i0.wp.com\/lasprimeras.com.do\/wp-content\/uploads\/2025\/08\/Construccion-del-Monorriel-de-Santo-Domingo.jpg?resize=525%2C300&ssl=1 1.5x, https:\/\/i0.wp.com\/lasprimeras.com.do\/wp-content\/uploads\/2025\/08\/Construccion-del-Monorriel-de-Santo-Domingo.jpg?resize=700%2C400&ssl=1 2x"},"classes":[]},{"id":103460,"url":"https:\/\/lasprimeras.com.do\/index.php\/2025\/07\/15\/abinader-inaugurara-obras-deportivas-y-supervisara-en-de-santiago-este-miercoles\/","url_meta":{"origin":87403,"position":2},"title":"Abinader inaugurar\u00e1 obras deportivas y supervisar\u00e1 en de Santiago este mi\u00e9rcoles","author":"Nelson Feliz","date":"15 de julio de 2025","format":false,"excerpt":"El presidente Luis Abinader agotar\u00e1 este mi\u00e9rcoles una agenda de actividades en distintos sectores de la provincia de Santiago, que abarcan la inauguraci\u00f3n de obras deportivas, supervisi\u00f3n de infraestructura de obras, jornadas de inclusi\u00f3n social y encuentros con sectores industriales. La agenda del mandatario est\u00e1 programada para iniciar a las\u2026","rel":"","context":"En \u00abNACIONALES\u00bb","block_context":{"text":"NACIONALES","link":"https:\/\/lasprimeras.com.do\/index.php\/category\/nacionales\/"},"img":{"alt_text":"","src":"https:\/\/i0.wp.com\/lasprimeras.com.do\/wp-content\/uploads\/2025\/07\/anina-1.jpg?resize=350%2C200&ssl=1","width":350,"height":200,"srcset":"https:\/\/i0.wp.com\/lasprimeras.com.do\/wp-content\/uploads\/2025\/07\/anina-1.jpg?resize=350%2C200&ssl=1 1x, https:\/\/i0.wp.com\/lasprimeras.com.do\/wp-content\/uploads\/2025\/07\/anina-1.jpg?resize=525%2C300&ssl=1 1.5x, https:\/\/i0.wp.com\/lasprimeras.com.do\/wp-content\/uploads\/2025\/07\/anina-1.jpg?resize=700%2C400&ssl=1 2x"},"classes":[]},{"id":111859,"url":"https:\/\/lasprimeras.com.do\/index.php\/2025\/10\/14\/llama-oposicion-politica-rd-no-ser-mezquina-y-reconocer-obras-presidente-abinader\/","url_meta":{"origin":87403,"position":3},"title":"Llama oposici\u00f3n pol\u00edtica RD no ser mezquina y reconocer obras presidente Abinader","author":"Nelson Feliz","date":"14 de octubre de 2025","format":false,"excerpt":"Por Ram\u00f3n Mercedes NUEVA YORK.- La oposici\u00f3n pol\u00edtica dominicana no debe ser mezquina ante las miles de infraestructuras que el presidente Luis Abinader ha realizado para bien de los dominicanos en todo el pa\u00eds, afirm\u00f3 el dirigente del Partido Revolucionario Moderno (PRM-NY), Roberto Rojas. Rojas, un empresario y l\u00edder comunitario\u2026","rel":"","context":"En \u00abLA VOZ DE LA DIASPORA\u00bb","block_context":{"text":"LA VOZ DE LA DIASPORA","link":"https:\/\/lasprimeras.com.do\/index.php\/category\/la-voz-de-la-diaspora\/"},"img":{"alt_text":"","src":"https:\/\/i0.wp.com\/lasprimeras.com.do\/wp-content\/uploads\/2025\/10\/WhatsApp-Image-2025-10-14-at-5.20.15-AM.jpeg?resize=350%2C200&ssl=1","width":350,"height":200},"classes":[]},{"id":81578,"url":"https:\/\/lasprimeras.com.do\/index.php\/2024\/04\/22\/abinader-presenta-ejecuciones-en-educacion-transporte-vivienda-salud-e-infraestructura-en-santiago\/","url_meta":{"origin":87403,"position":4},"title":"Abinader presenta ejecuciones en educaci\u00f3n, transporte, vivienda, salud e infraestructura en Santiago","author":"Nelson Feliz","date":"22 de abril de 2024","format":false,"excerpt":"Tambi\u00e9n han sido impactados los sectores agua, electricidad, deportes y empleos. El presidente Luis Abinader present\u00f3 este lunes, desde Santiago, un informe sobre los avances que se registran en esta Ciudad Coraz\u00f3n desde 2020 a la fecha, abarcando las \u00e1reas de educaci\u00f3n, transporte, salud, infraestructura, electricidad, agua, entre otros. El\u2026","rel":"","context":"En \u00abECONOM\u00cdA\u00bb","block_context":{"text":"ECONOM\u00cdA","link":"https:\/\/lasprimeras.com.do\/index.php\/category\/economia\/"},"img":{"alt_text":"Luis Abinader","src":"https:\/\/i0.wp.com\/lasprimeras.com.do\/wp-content\/uploads\/2024\/04\/Luis-Abinader-S-1.jpg?resize=350%2C200&ssl=1","width":350,"height":200,"srcset":"https:\/\/i0.wp.com\/lasprimeras.com.do\/wp-content\/uploads\/2024\/04\/Luis-Abinader-S-1.jpg?resize=350%2C200&ssl=1 1x, https:\/\/i0.wp.com\/lasprimeras.com.do\/wp-content\/uploads\/2024\/04\/Luis-Abinader-S-1.jpg?resize=525%2C300&ssl=1 1.5x"},"classes":[]},{"id":121202,"url":"https:\/\/lasprimeras.com.do\/index.php\/2026\/01\/30\/fuerza-del-pueblo-reitera-que-el-monorriel-no-es-la-opcion-masviable-para-santo-domingo\/","url_meta":{"origin":87403,"position":5},"title":"Fuerza del Pueblo reitera que el monorriel no es la opci\u00f3n m\u00e1sviable para Santo Domingo","author":"Nelson Feliz","date":"30 de enero de 2026","format":false,"excerpt":"Seg\u00fan estudio oficial del Gobierno, el sistema de metro obtuvo la mejor evaluaci\u00f3n t\u00e9cnica y de movilidad. El miembro de la Direcci\u00f3n Pol\u00edtica de la Fuerza del Pueblo (FP), ingeniero C\u00e9sar Fern\u00e1ndez, reiter\u00f3 que esa organizaci\u00f3n no se opone a la ejecuci\u00f3n de obras de infraestructura, pero insisti\u00f3 en que\u2026","rel":"","context":"En \u00abPOLITICA\u00bb","block_context":{"text":"POLITICA","link":"https:\/\/lasprimeras.com.do\/index.php\/category\/politica\/"},"img":{"alt_text":"","src":"https:\/\/i0.wp.com\/lasprimeras.com.do\/wp-content\/uploads\/2026\/02\/cesar-fernandez.jpg?resize=350%2C200&ssl=1","width":350,"height":200,"srcset":"https:\/\/i0.wp.com\/lasprimeras.com.do\/wp-content\/uploads\/2026\/02\/cesar-fernandez.jpg?resize=350%2C200&ssl=1 1x, https:\/\/i0.wp.com\/lasprimeras.com.do\/wp-content\/uploads\/2026\/02\/cesar-fernandez.jpg?resize=525%2C300&ssl=1 1.5x, https:\/\/i0.wp.com\/lasprimeras.com.do\/wp-content\/uploads\/2026\/02\/cesar-fernandez.jpg?resize=700%2C400&ssl=1 2x"},"classes":[]}],"jetpack_sharing_enabled":true,"_links":{"self":[{"href":"https:\/\/lasprimeras.com.do\/index.php\/wp-json\/wp\/v2\/posts\/87403","targetHints":{"allow":["GET"]}}],"collection":[{"href":"https:\/\/lasprimeras.com.do\/index.php\/wp-json\/wp\/v2\/posts"}],"about":[{"href":"https:\/\/lasprimeras.com.do\/index.php\/wp-json\/wp\/v2\/types\/post"}],"author":[{"embeddable":true,"href":"https:\/\/lasprimeras.com.do\/index.php\/wp-json\/wp\/v2\/users\/2"}],"replies":[{"embeddable":true,"href":"https:\/\/lasprimeras.com.do\/index.php\/wp-json\/wp\/v2\/comments?post=87403"}],"version-history":[{"count":1,"href":"https:\/\/lasprimeras.com.do\/index.php\/wp-json\/wp\/v2\/posts\/87403\/revisions"}],"predecessor-version":[{"id":87405,"href":"https:\/\/lasprimeras.com.do\/index.php\/wp-json\/wp\/v2\/posts\/87403\/revisions\/87405"}],"wp:featuredmedia":[{"embeddable":true,"href":"https:\/\/lasprimeras.com.do\/index.php\/wp-json\/wp\/v2\/media\/87404"}],"wp:attachment":[{"href":"https:\/\/lasprimeras.com.do\/index.php\/wp-json\/wp\/v2\/media?parent=87403"}],"wp:term":[{"taxonomy":"category","embeddable":true,"href":"https:\/\/lasprimeras.com.do\/index.php\/wp-json\/wp\/v2\/categories?post=87403"},{"taxonomy":"post_tag","embeddable":true,"href":"https:\/\/lasprimeras.com.do\/index.php\/wp-json\/wp\/v2\/tags?post=87403"}],"curies":[{"name":"wp","href":"https:\/\/api.w.org\/{rel}","templated":true}]}}