{"id":87406,"date":"2024-08-11T21:09:54","date_gmt":"2024-08-12T01:09:54","guid":{"rendered":"https:\/\/lasprimeras.com.do\/?p=87406"},"modified":"2024-08-11T21:09:55","modified_gmt":"2024-08-12T01:09:55","slug":"donald-trump-habria-llamado-perra-a-kamala-harris","status":"publish","type":"post","link":"https:\/\/lasprimeras.com.do\/index.php\/2024\/08\/11\/donald-trump-habria-llamado-perra-a-kamala-harris\/","title":{"rendered":"Donald Trump habr\u00eda llamado &#8220;perra&#8221; a Kamala Harris"},"content":{"rendered":"\n<p><strong>Seg\u00fan fuentes de NYT, el candidato presidencial republicano se ha mostrado a menudo de mal humor en las \u00faltimas semanas.<\/strong><\/p>\n\n\n\n<p>El exmandatario estadounidense y candidato presidencial republicano, Donald Trump, utiliza en privado un lenguaje obsceno cuando habla de su rival dem\u00f3crata Kamala Harris, informa The New York Times.<\/p>\n\n\n\n<p>De acuerdo con el medio, Trump se ha mostrado a menudo de mal humor en las \u00faltimas semanas.<\/p>\n\n\n\n<p>El expresidente incluso ha llamado en repetidas ocasiones &#8220;perra&#8221; a su rival en privado, dijeron dos personas que lo escucharon en varias ocasiones.<\/p>\n\n\n\n<p>No obstante, Steven Cheung, director de comunicaciones de la campa\u00f1a del candidato republicano, rechaz\u00f3 las alegaciones.<\/p>\n\n\n\n<p>&#8220;Ese no es el lenguaje que el presidente Trump ha utilizado para describir a Kamala, y no es como la campa\u00f1a la caracterizar\u00eda&#8221;, declar\u00f3.<\/p>\n\n\n\n<p>Seg\u00fan otra fuente, en una cena con donantes a principios de agosto, Trump se\u00f1al\u00f3 que los medios se equivocaban al asegurar que su car\u00e1cter se hab\u00eda suavizado tras el intento de asesinato que sufri\u00f3 a mediados de julio.<\/p>\n\n\n\n<p>Por su parte, otro interlocutor dijo a NYT que el candidato republicano se describ\u00eda a s\u00ed mismo como &#8220;enfadado&#8221; porque &#8220;ellos&#8221;, es decir, los dem\u00f3cratas, hab\u00edan intentado primero llevarle a la bancarrota y luego matarle.<\/p>\n\n\n\n<p>Fuente RT<\/p>\n","protected":false},"excerpt":{"rendered":"<p>Seg\u00fan fuentes de NYT, el candidato presidencial republicano se ha mostrado a menudo de mal humor en las \u00faltimas semanas. El exmandatario estadounidense y candidato presidencial republicano, Donald Trump, utiliza&hellip;<\/p>\n","protected":false},"author":2,"featured_media":87407,"comment_status":"open","ping_status":"open","sticky":false,"template":"","format":"standard","meta":{"content-type":"","jetpack_post_was_ever_published":false,"_jetpack_newsletter_access":"","_jetpack_dont_email_post_to_subs":false,"_jetpack_newsletter_tier_id":0,"_jetpack_memberships_contains_paywalled_content":false,"_jetpack_memberships_contains_paid_content":false,"footnotes":""},"categories":[1],"tags":[978,2291,14713,14714],"class_list":["post-87406","post","type-post","status-publish","format-standard","has-post-thumbnail","hentry","category-sin-categoria","tag-donald-trump","tag-kamala-harris","tag-perra","tag-the-new-york-times"],"jetpack_featured_media_url":"https:\/\/lasprimeras.com.do\/wp-content\/uploads\/2024\/08\/DONALD-Y-KAMALA.jpg","jetpack-related-posts":[{"id":90474,"url":"https:\/\/lasprimeras.com.do\/index.php\/2024\/10\/22\/perezosa-como-el-infierno-loca-y-lo-peor-crecen-insultos-de-donald-trump-contra-kamala-harris\/","url_meta":{"origin":87406,"position":0},"title":"\u201cPerezosa como el infierno\u201d, \u201cloca\u201d y \u201clo peor\u201d: crecen insultos de Donald Trump contra Kamala Harris","author":"Nelson Feliz","date":"22 de octubre de 2024","format":false,"excerpt":"Historia de Lenys Moreno El candidato presidencial republicano en Estados Unidos, Donald Trump, contin\u00faa en su descarga con insultos en contra de su rival dem\u00f3crata Kamala Harris. Durante un evento de campa\u00f1a de divulgaci\u00f3n latina en Miami, este martes el expresidente se afinc\u00f3 con calificativos negativos en contra de la\u2026","rel":"","context":"En \u00abSin categor\u00eda\u00bb","block_context":{"text":"Sin categor\u00eda","link":"https:\/\/lasprimeras.com.do\/index.php\/category\/sin-categoria\/"},"img":{"alt_text":"","src":"https:\/\/i0.wp.com\/lasprimeras.com.do\/wp-content\/uploads\/2024\/10\/Donald-Trump.jpg?resize=350%2C200&ssl=1","width":350,"height":200,"srcset":"https:\/\/i0.wp.com\/lasprimeras.com.do\/wp-content\/uploads\/2024\/10\/Donald-Trump.jpg?resize=350%2C200&ssl=1 1x, https:\/\/i0.wp.com\/lasprimeras.com.do\/wp-content\/uploads\/2024\/10\/Donald-Trump.jpg?resize=525%2C300&ssl=1 1.5x"},"classes":[]},{"id":87895,"url":"https:\/\/lasprimeras.com.do\/index.php\/2024\/08\/19\/kamala-harris-supera-a-donald-trump-encuestas-muestran-5-puntos-de-diferencia\/","url_meta":{"origin":87406,"position":1},"title":"Kamala Harris supera a Donald Trump; encuestas muestran 5 puntos de diferencia","author":"Nelson Feliz","date":"19 de agosto de 2024","format":false,"excerpt":"Grethell Anguiano Mon\u00e1rrez Kamala Harris ha tomado la delantera sobre Donald Trump en las encuestas de cara a las elecciones presidenciales en Estados Unidos. Nuevas encuestas fechadas este domingo 18 de agosto indican que la candidata dem\u00f3crata tiene una ventaja del 50% frente al 45% del republicano Trump. La diferencia\u2026","rel":"","context":"En \u00abSin categor\u00eda\u00bb","block_context":{"text":"Sin categor\u00eda","link":"https:\/\/lasprimeras.com.do\/index.php\/category\/sin-categoria\/"},"img":{"alt_text":"Kamala Harris supera a Donald Trump","src":"https:\/\/i0.wp.com\/lasprimeras.com.do\/wp-content\/uploads\/2024\/08\/Kamala-Harris-supera-a-Donald-Trump.jpg?resize=350%2C200&ssl=1","width":350,"height":200,"srcset":"https:\/\/i0.wp.com\/lasprimeras.com.do\/wp-content\/uploads\/2024\/08\/Kamala-Harris-supera-a-Donald-Trump.jpg?resize=350%2C200&ssl=1 1x, https:\/\/i0.wp.com\/lasprimeras.com.do\/wp-content\/uploads\/2024\/08\/Kamala-Harris-supera-a-Donald-Trump.jpg?resize=525%2C300&ssl=1 1.5x"},"classes":[]},{"id":88911,"url":"https:\/\/lasprimeras.com.do\/index.php\/2024\/09\/10\/trump-acusa-a-los-inmigrantes-de-comerse-perros-y-gatos-ante-la-mirada-atonita-de-harris\/","url_meta":{"origin":87406,"position":2},"title":"Trump acusa a los inmigrantes de comerse perros y gatos ante la mirada at\u00f3nita de Harris","author":"Nelson Feliz","date":"10 de septiembre de 2024","format":false,"excerpt":"Filadelfia (EE.UU.),(EFE).- El candidato republicano a la presidencia estadounidense, Donald Trump, acus\u00f3 este martes a los inmigrantes que llegan a Estados Unidos de comerse los perros y los gatos de los ciudadanos que viven en las ciudades fronterizas, ante una at\u00f3nita Kamala Harris, su rival dem\u00f3crata en las elecciones del\u2026","rel":"","context":"En \u00abSin categor\u00eda\u00bb","block_context":{"text":"Sin categor\u00eda","link":"https:\/\/lasprimeras.com.do\/index.php\/category\/sin-categoria\/"},"img":{"alt_text":"Donald Trump y Kamala Harris","src":"https:\/\/i0.wp.com\/lasprimeras.com.do\/wp-content\/uploads\/2024\/09\/Donald-Trump-y-Kamala-Harris.jpg?resize=350%2C200&ssl=1","width":350,"height":200,"srcset":"https:\/\/i0.wp.com\/lasprimeras.com.do\/wp-content\/uploads\/2024\/09\/Donald-Trump-y-Kamala-Harris.jpg?resize=350%2C200&ssl=1 1x, https:\/\/i0.wp.com\/lasprimeras.com.do\/wp-content\/uploads\/2024\/09\/Donald-Trump-y-Kamala-Harris.jpg?resize=525%2C300&ssl=1 1.5x"},"classes":[]},{"id":90477,"url":"https:\/\/lasprimeras.com.do\/index.php\/2024\/10\/22\/bill-gates-respalda-a-kamala-harris-con-50-millones-de-dolares-segun-the-new-york-times\/","url_meta":{"origin":87406,"position":3},"title":"Bill Gates respalda a Kamala Harris con 50 millones de d\u00f3lares, seg\u00fan The New York Times","author":"Nelson Feliz","date":"22 de octubre de 2024","format":false,"excerpt":"Nueva York,(EFE).- Bill Gates, uno de los fundadores de Microsoft y una de las personas m\u00e1s ricas del mundo, respald\u00f3 a la vicepresidenta y candidata dem\u00f3crata, Kamala Harris, con una donaci\u00f3n secreta de 50 millones de d\u00f3lares, seg\u00fan se\u00f1ala este martes The New York Times. De acuerdo con el rotativo,\u2026","rel":"","context":"En \u00abSin categor\u00eda\u00bb","block_context":{"text":"Sin categor\u00eda","link":"https:\/\/lasprimeras.com.do\/index.php\/category\/sin-categoria\/"},"img":{"alt_text":"Bill Gates","src":"https:\/\/i0.wp.com\/lasprimeras.com.do\/wp-content\/uploads\/2024\/10\/Bill-Gates.jpg?resize=350%2C200&ssl=1","width":350,"height":200,"srcset":"https:\/\/i0.wp.com\/lasprimeras.com.do\/wp-content\/uploads\/2024\/10\/Bill-Gates.jpg?resize=350%2C200&ssl=1 1x, https:\/\/i0.wp.com\/lasprimeras.com.do\/wp-content\/uploads\/2024\/10\/Bill-Gates.jpg?resize=525%2C300&ssl=1 1.5x, https:\/\/i0.wp.com\/lasprimeras.com.do\/wp-content\/uploads\/2024\/10\/Bill-Gates.jpg?resize=700%2C400&ssl=1 2x"},"classes":[]},{"id":90351,"url":"https:\/\/lasprimeras.com.do\/index.php\/2024\/10\/20\/kamala-harris-agudiza-los-ataques-contra-trump-porque-esta-cada-vez-mas-desquiciado\/","url_meta":{"origin":87406,"position":4},"title":"Kamala Harris agudiza los ataques contra Trump porque est\u00e1 \u201ccada vez m\u00e1s desquiciado\u201d","author":"Nelson Feliz","date":"20 de octubre de 2024","format":false,"excerpt":"Detroit, EFE.-.La vicepresidenta de Estados Unidos y candidata dem\u00f3crata a la Casa Blanca, Kamala Harris, reconoci\u00f3 este s\u00e1bado que ha cambiado su estrategia y ha aumentado los ataques contra su rival republicano, el expresidente Donald Trump (2017-2021), quien para ella est\u00e1 cada vez m\u00e1s \u201cdesquiciado\u201d y necesita que alguien le\u2026","rel":"","context":"En \u00abSin categor\u00eda\u00bb","block_context":{"text":"Sin categor\u00eda","link":"https:\/\/lasprimeras.com.do\/index.php\/category\/sin-categoria\/"},"img":{"alt_text":"Kamala Harris","src":"https:\/\/i0.wp.com\/lasprimeras.com.do\/wp-content\/uploads\/2024\/10\/Kamala-Harris-4.jpg?resize=350%2C200&ssl=1","width":350,"height":200,"srcset":"https:\/\/i0.wp.com\/lasprimeras.com.do\/wp-content\/uploads\/2024\/10\/Kamala-Harris-4.jpg?resize=350%2C200&ssl=1 1x, https:\/\/i0.wp.com\/lasprimeras.com.do\/wp-content\/uploads\/2024\/10\/Kamala-Harris-4.jpg?resize=525%2C300&ssl=1 1.5x"},"classes":[]},{"id":90966,"url":"https:\/\/lasprimeras.com.do\/index.php\/2024\/11\/04\/kamala-harris-sorprende-con-un-cameo-junto-a-su-imitadora-en-saturday-night-live\/","url_meta":{"origin":87406,"position":5},"title":"Kamala Harris sorprende con un cameo junto a su imitadora en Saturday Night Live","author":"Nelson Feliz","date":"4 de noviembre de 2024","format":false,"excerpt":"Nueva York, (EFE).- La candidata dem\u00f3crata a la presidencia, la vicepresidenta K\u00e1mala Harris, apareci\u00f3 por sorpresa en la noche del s\u00e1bado en el programa de la televisi\u00f3n estadounidense 'Saturday Night Live', junto con su imitadora, la actriz Maya Rudolph, para pedir que voten por ella y hacer bromas sobre su\u2026","rel":"","context":"En \u00abINTERNACIONALES\u00bb","block_context":{"text":"INTERNACIONALES","link":"https:\/\/lasprimeras.com.do\/index.php\/category\/sin-categoria\/internacionales\/"},"img":{"alt_text":"kamala and kamala","src":"https:\/\/i0.wp.com\/lasprimeras.com.do\/wp-content\/uploads\/2024\/11\/kamala-and-kamala-1.jpg?resize=350%2C200&ssl=1","width":350,"height":200,"srcset":"https:\/\/i0.wp.com\/lasprimeras.com.do\/wp-content\/uploads\/2024\/11\/kamala-and-kamala-1.jpg?resize=350%2C200&ssl=1 1x, https:\/\/i0.wp.com\/lasprimeras.com.do\/wp-content\/uploads\/2024\/11\/kamala-and-kamala-1.jpg?resize=525%2C300&ssl=1 1.5x"},"classes":[]}],"jetpack_sharing_enabled":true,"_links":{"self":[{"href":"https:\/\/lasprimeras.com.do\/index.php\/wp-json\/wp\/v2\/posts\/87406","targetHints":{"allow":["GET"]}}],"collection":[{"href":"https:\/\/lasprimeras.com.do\/index.php\/wp-json\/wp\/v2\/posts"}],"about":[{"href":"https:\/\/lasprimeras.com.do\/index.php\/wp-json\/wp\/v2\/types\/post"}],"author":[{"embeddable":true,"href":"https:\/\/lasprimeras.com.do\/index.php\/wp-json\/wp\/v2\/users\/2"}],"replies":[{"embeddable":true,"href":"https:\/\/lasprimeras.com.do\/index.php\/wp-json\/wp\/v2\/comments?post=87406"}],"version-history":[{"count":1,"href":"https:\/\/lasprimeras.com.do\/index.php\/wp-json\/wp\/v2\/posts\/87406\/revisions"}],"predecessor-version":[{"id":87408,"href":"https:\/\/lasprimeras.com.do\/index.php\/wp-json\/wp\/v2\/posts\/87406\/revisions\/87408"}],"wp:featuredmedia":[{"embeddable":true,"href":"https:\/\/lasprimeras.com.do\/index.php\/wp-json\/wp\/v2\/media\/87407"}],"wp:attachment":[{"href":"https:\/\/lasprimeras.com.do\/index.php\/wp-json\/wp\/v2\/media?parent=87406"}],"wp:term":[{"taxonomy":"category","embeddable":true,"href":"https:\/\/lasprimeras.com.do\/index.php\/wp-json\/wp\/v2\/categories?post=87406"},{"taxonomy":"post_tag","embeddable":true,"href":"https:\/\/lasprimeras.com.do\/index.php\/wp-json\/wp\/v2\/tags?post=87406"}],"curies":[{"name":"wp","href":"https:\/\/api.w.org\/{rel}","templated":true}]}}