{"id":87494,"date":"2024-08-10T13:20:08","date_gmt":"2024-08-10T17:20:08","guid":{"rendered":"https:\/\/lasprimeras.com.do\/?p=87494"},"modified":"2024-08-12T13:24:26","modified_gmt":"2024-08-12T17:24:26","slug":"antonio-carbone-donara-una-vivienda-amueblada-a-la-medallista-olimpica-marileidy-paulino","status":"publish","type":"post","link":"https:\/\/lasprimeras.com.do\/index.php\/2024\/08\/10\/antonio-carbone-donara-una-vivienda-amueblada-a-la-medallista-olimpica-marileidy-paulino\/","title":{"rendered":"Antonio Carbone donar\u00e1 una vivienda amueblada a la medallista ol\u00edmpica Marileidy Paulino"},"content":{"rendered":"\n<p>Por Martin Restituyo<\/p>\n\n\n\n<p>El empresario canadiense Antonio Carbone, en colaboraci\u00f3n con la Fundaci\u00f3n Carolina Denis, ha anunciado este viernes la donaci\u00f3n de una vivienda totalmente amueblada y equipada a la campeona ol\u00edmpica dominicana Marileidy Paulino.<\/p>\n\n\n\n<p>En una reuni\u00f3n privada con ingenieros y arquitectos, Carbone dio instrucciones para reparar la casa actual de Paulino y proporcionar una nueva vivienda a la atleta.<\/p>\n\n\n\n<p>&#8220;Marileidy es un orgullo dominicano y, como empresario extranjero comprometido con la lucha anticorrupci\u00f3n, me comprometo a entregarle esta casa como premio a su llegada al pa\u00eds&#8221;, declar\u00f3 Carbone.<\/p>\n\n\n\n<p>Esta donaci\u00f3n se produce tras la destacada actuaci\u00f3n de Paulino en los Juegos Ol\u00edmpicos de Par\u00eds 2024, donde conquist\u00f3 la medalla de oro en los 400 metros con un tiempo de 48.17 segundos, estableciendo un nuevo r\u00e9cord ol\u00edmpico.<\/p>\n\n\n\n<p>La atleta dominicana se ha convertido en la cuarta mujer m\u00e1s r\u00e1pida de la historia en esta disciplina.<\/p>\n\n\n\n<p>Paulino, de 27 a\u00f1os, ha alcanzado un hito hist\u00f3rico al convertirse en la m\u00e1xima medallista ol\u00edmpica de la Rep\u00fablica Dominicana, sumando esta medalla de oro a las dos de plata obtenidas en Tokio 2020.<\/p>\n\n\n\n<p>La iniciativa de Carbone busca reconocer el esfuerzo y dedicaci\u00f3n de Paulino, quien comenz\u00f3 su carrera deportiva en el balonmano antes de ser reclutada por la federaci\u00f3n de atletismo a los 18 a\u00f1os.<\/p>\n\n\n\n<p>Su transici\u00f3n a los 400 metros en 2020 ha resultado en un \u00e9xito sin precedentes para el deporte dominicano<\/p>\n","protected":false},"excerpt":{"rendered":"<p>Por Martin Restituyo El empresario canadiense Antonio Carbone, en colaboraci\u00f3n con la Fundaci\u00f3n Carolina Denis, ha anunciado este viernes la donaci\u00f3n de una vivienda totalmente amueblada y equipada a la&hellip;<\/p>\n","protected":false},"author":2,"featured_media":87495,"comment_status":"open","ping_status":"open","sticky":false,"template":"","format":"standard","meta":{"content-type":"","jetpack_post_was_ever_published":false,"_jetpack_newsletter_access":"","_jetpack_dont_email_post_to_subs":false,"_jetpack_newsletter_tier_id":0,"_jetpack_memberships_contains_paywalled_content":false,"_jetpack_memberships_contains_paid_content":false,"footnotes":""},"categories":[1],"tags":[13715,6671,14745,7910,14746],"class_list":["post-87494","post","type-post","status-publish","format-standard","has-post-thumbnail","hentry","category-sin-categoria","tag-antonio-carbone","tag-donara","tag-medallista","tag-olimpica","tag-vivienda-amueblada"],"jetpack_featured_media_url":"https:\/\/lasprimeras.com.do\/wp-content\/uploads\/2024\/08\/Antonio-Carbone.jpg","jetpack-related-posts":[{"id":87675,"url":"https:\/\/lasprimeras.com.do\/index.php\/2024\/08\/15\/marileidy-rechaza-casa-ofrecida-por-empresario-antonio-carbone\/","url_meta":{"origin":87494,"position":0},"title":"Marileidy rechaza casa ofrecida por empresario Antonio Carbone","author":"Nelson Feliz","date":"15 de agosto de 2024","format":false,"excerpt":"La ganadora de medalla de oro en los pasados juegos ol\u00edmpicos, Marileidy Paulino inform\u00f3 que no acept\u00f3 la vivienda que le ofreci\u00f3 el empresario italo-canadiense, Antonio Carbone. En un comunicado enviado a este medio, la ganadora de oro en los 400 metros planos de los Juegos Ol\u00edmpicos 2024 dijo que\u2026","rel":"","context":"En \u00abSin categor\u00eda\u00bb","block_context":{"text":"Sin categor\u00eda","link":"https:\/\/lasprimeras.com.do\/index.php\/category\/sin-categoria\/"},"img":{"alt_text":"Marileidy Paulino, de Rep\u00fablica Dominicana, tras ganar la final femenina de 400 metros durante el Campeonato Mundial de Atletismo en Budapest, Hungr\u00eda, el mi\u00e9rcoles 23 de agosto de 2023. (AP, DAVID J. PHILLIP)","src":"https:\/\/i0.wp.com\/lasprimeras.com.do\/wp-content\/uploads\/2023\/08\/Marileidy-Paulino-2.jpg?resize=350%2C200&ssl=1","width":350,"height":200,"srcset":"https:\/\/i0.wp.com\/lasprimeras.com.do\/wp-content\/uploads\/2023\/08\/Marileidy-Paulino-2.jpg?resize=350%2C200&ssl=1 1x, https:\/\/i0.wp.com\/lasprimeras.com.do\/wp-content\/uploads\/2023\/08\/Marileidy-Paulino-2.jpg?resize=525%2C300&ssl=1 1.5x, https:\/\/i0.wp.com\/lasprimeras.com.do\/wp-content\/uploads\/2023\/08\/Marileidy-Paulino-2.jpg?resize=700%2C400&ssl=1 2x"},"classes":[]},{"id":109458,"url":"https:\/\/lasprimeras.com.do\/index.php\/2025\/09\/18\/marileidy-paulino-logra-plata-en-los-400-metros-del-mundial-con-record-nacional\/","url_meta":{"origin":87494,"position":1},"title":"Marileidy Paulino logra plata en los 400 metros del Mundial con r\u00e9cord nacional","author":"Nelson Feliz","date":"18 de septiembre de 2025","format":false,"excerpt":"Marileidy Paulino va por medalla en el Mundial de Atletismo de Jap\u00f3n. La velocista dominicana Marileidy Paulino conquist\u00f3 este jueves la medalla de plata en la final de los 400 metros planos del Mundial de Atletismo celebrado en Jap\u00f3n, al detener el cron\u00f3metro en 47.98 segundos, nuevo r\u00e9cord nacional para\u2026","rel":"","context":"En \u00abDEPORTES\u00bb","block_context":{"text":"DEPORTES","link":"https:\/\/lasprimeras.com.do\/index.php\/category\/deportes\/"},"img":{"alt_text":"","src":"https:\/\/i0.wp.com\/lasprimeras.com.do\/wp-content\/uploads\/2025\/09\/Marileidy-Paulino-1.jpg?resize=350%2C200&ssl=1","width":350,"height":200,"srcset":"https:\/\/i0.wp.com\/lasprimeras.com.do\/wp-content\/uploads\/2025\/09\/Marileidy-Paulino-1.jpg?resize=350%2C200&ssl=1 1x, https:\/\/i0.wp.com\/lasprimeras.com.do\/wp-content\/uploads\/2025\/09\/Marileidy-Paulino-1.jpg?resize=525%2C300&ssl=1 1.5x, https:\/\/i0.wp.com\/lasprimeras.com.do\/wp-content\/uploads\/2025\/09\/Marileidy-Paulino-1.jpg?resize=700%2C400&ssl=1 2x"},"classes":[]},{"id":87308,"url":"https:\/\/lasprimeras.com.do\/index.php\/2024\/08\/09\/presidente-del-senado-felicita-a-marileidy-paulino-ganadora-medalla-oro-en-juegos-olimpicos-de-paris\/","url_meta":{"origin":87494,"position":2},"title":"Presidente del Senado felicita a Marileidy Paulino ganadora medalla oro en Juegos Ol\u00edmpicos de Par\u00eds","author":"Nelson Feliz","date":"9 de agosto de 2024","format":false,"excerpt":"El presidente del Senado, Ricardo de los Santos, felicit\u00f3 este viernes a la atleta velocista dominicana, Marileidy Paulino, quien conquist\u00f3 la medalla de oro en la final de los 400 metros planos de los XXXIII\u00a0Juegos Ol\u00edmpicos de Par\u00eds, Francia, 2024, con un tiempo de 48.17 segundos, quien adem\u00e1s rompi\u00f3 el\u2026","rel":"","context":"En \u00abNACIONALES\u00bb","block_context":{"text":"NACIONALES","link":"https:\/\/lasprimeras.com.do\/index.php\/category\/nacionales\/"},"img":{"alt_text":"Ricardo de los Santos","src":"https:\/\/i0.wp.com\/lasprimeras.com.do\/wp-content\/uploads\/2024\/08\/Ricardo-de-los-Santos-2.jpg?resize=350%2C200&ssl=1","width":350,"height":200,"srcset":"https:\/\/i0.wp.com\/lasprimeras.com.do\/wp-content\/uploads\/2024\/08\/Ricardo-de-los-Santos-2.jpg?resize=350%2C200&ssl=1 1x, https:\/\/i0.wp.com\/lasprimeras.com.do\/wp-content\/uploads\/2024\/08\/Ricardo-de-los-Santos-2.jpg?resize=525%2C300&ssl=1 1.5x"},"classes":[]},{"id":109539,"url":"https:\/\/lasprimeras.com.do\/index.php\/2025\/09\/18\/marileidy-a-mclaughlin-levrone-solo-pido-que-se-corra-todo-el-ano-como-hago-yo\/","url_meta":{"origin":87494,"position":3},"title":"Marileidy a McLaughlin-Levrone: &#8220;Solo pido que se corra todo el a\u00f1o, como hago yo&#8221;","author":"Nelson Feliz","date":"18 de septiembre de 2025","format":false,"excerpt":"La dominicana logr\u00f3 la medalla de plata mundial en una carrera memorable Tokio, AFP - Marileidy Paulino lanz\u00f3 un 'dardo' a la ganadora de la medalla de oro en los 400 metros del Mundial de Atletismo, Sydney McLaughlin-Levrone, que apenas corri\u00f3 en la temporada de 400 metros. \"Yo solo pido\u2026","rel":"","context":"En \u00abDEPORTES\u00bb","block_context":{"text":"DEPORTES","link":"https:\/\/lasprimeras.com.do\/index.php\/category\/deportes\/"},"img":{"alt_text":"","src":"https:\/\/i0.wp.com\/lasprimeras.com.do\/wp-content\/uploads\/2025\/09\/Marileidy-Paulino.jpg?resize=350%2C200&ssl=1","width":350,"height":200,"srcset":"https:\/\/i0.wp.com\/lasprimeras.com.do\/wp-content\/uploads\/2025\/09\/Marileidy-Paulino.jpg?resize=350%2C200&ssl=1 1x, https:\/\/i0.wp.com\/lasprimeras.com.do\/wp-content\/uploads\/2025\/09\/Marileidy-Paulino.jpg?resize=525%2C300&ssl=1 1.5x, https:\/\/i0.wp.com\/lasprimeras.com.do\/wp-content\/uploads\/2025\/09\/Marileidy-Paulino.jpg?resize=700%2C400&ssl=1 2x"},"classes":[]},{"id":87278,"url":"https:\/\/lasprimeras.com.do\/index.php\/2024\/08\/10\/marileidy-paulino-no-me-creo-poder-ser-campeona-olimpica\/","url_meta":{"origin":87494,"position":4},"title":"Marileidy Paulino: \u00abNo me creo poder ser campeona ol\u00edmpica\u00bb","author":"Nelson Feliz","date":"10 de agosto de 2024","format":false,"excerpt":"Par\u00eds, EFE.- Marileidy Paulino, que se proclam\u00f3 este viernes campeona de los 400 metros con r\u00e9cord ol\u00edmpico, se mostr\u00f3 \u00abfeliz\u00bb de lograr la \u00fanica medalla que le faltaba para completar el ciclo desde Tokio 2020 y dijo que no se cree que haya podido conquistar el oro en los Juegos\u2026","rel":"","context":"En \u00abSin categor\u00eda\u00bb","block_context":{"text":"Sin categor\u00eda","link":"https:\/\/lasprimeras.com.do\/index.php\/category\/sin-categoria\/"},"img":{"alt_text":"Marileidy Paulino","src":"https:\/\/i0.wp.com\/lasprimeras.com.do\/wp-content\/uploads\/2024\/08\/Marileidy-Paulino.jpeg?resize=350%2C200&ssl=1","width":350,"height":200,"srcset":"https:\/\/i0.wp.com\/lasprimeras.com.do\/wp-content\/uploads\/2024\/08\/Marileidy-Paulino.jpeg?resize=350%2C200&ssl=1 1x, https:\/\/i0.wp.com\/lasprimeras.com.do\/wp-content\/uploads\/2024\/08\/Marileidy-Paulino.jpeg?resize=525%2C300&ssl=1 1.5x, https:\/\/i0.wp.com\/lasprimeras.com.do\/wp-content\/uploads\/2024\/08\/Marileidy-Paulino.jpeg?resize=700%2C400&ssl=1 2x"},"classes":[]},{"id":87927,"url":"https:\/\/lasprimeras.com.do\/index.php\/2024\/08\/19\/marileidy-paulino-no-tengo-problema-con-nadie-viviendo-mi-momento-disfrutando-mi-medalla\/","url_meta":{"origin":87494,"position":5},"title":"Marileidy Paulino: \u00abNo tengo problema con nadie. Viviendo mi momento, disfrutando mi medalla\u00bb","author":"Nelson Feliz","date":"19 de agosto de 2024","format":false,"excerpt":"Paulino partir\u00e1 este 26 de agosto hacia Polonia a representar su liga Diamante y luego a la final. La medallista ol\u00edmpica Marileidy Paulino declar\u00f3 que \u00abNo tiene problema con nadie ni con nada, viviendo mi momento, disfrutando mi medalla, junto con mi familia, seres queridos y tambi\u00e9n mi equipo\u00bb. Esas\u2026","rel":"","context":"En \u00abSin categor\u00eda\u00bb","block_context":{"text":"Sin categor\u00eda","link":"https:\/\/lasprimeras.com.do\/index.php\/category\/sin-categoria\/"},"img":{"alt_text":"Marileidy Paulino","src":"https:\/\/i0.wp.com\/lasprimeras.com.do\/wp-content\/uploads\/2024\/08\/Marileidy-Paulino.jpg?resize=350%2C200&ssl=1","width":350,"height":200,"srcset":"https:\/\/i0.wp.com\/lasprimeras.com.do\/wp-content\/uploads\/2024\/08\/Marileidy-Paulino.jpg?resize=350%2C200&ssl=1 1x, https:\/\/i0.wp.com\/lasprimeras.com.do\/wp-content\/uploads\/2024\/08\/Marileidy-Paulino.jpg?resize=525%2C300&ssl=1 1.5x"},"classes":[]}],"jetpack_sharing_enabled":true,"_links":{"self":[{"href":"https:\/\/lasprimeras.com.do\/index.php\/wp-json\/wp\/v2\/posts\/87494","targetHints":{"allow":["GET"]}}],"collection":[{"href":"https:\/\/lasprimeras.com.do\/index.php\/wp-json\/wp\/v2\/posts"}],"about":[{"href":"https:\/\/lasprimeras.com.do\/index.php\/wp-json\/wp\/v2\/types\/post"}],"author":[{"embeddable":true,"href":"https:\/\/lasprimeras.com.do\/index.php\/wp-json\/wp\/v2\/users\/2"}],"replies":[{"embeddable":true,"href":"https:\/\/lasprimeras.com.do\/index.php\/wp-json\/wp\/v2\/comments?post=87494"}],"version-history":[{"count":1,"href":"https:\/\/lasprimeras.com.do\/index.php\/wp-json\/wp\/v2\/posts\/87494\/revisions"}],"predecessor-version":[{"id":87496,"href":"https:\/\/lasprimeras.com.do\/index.php\/wp-json\/wp\/v2\/posts\/87494\/revisions\/87496"}],"wp:featuredmedia":[{"embeddable":true,"href":"https:\/\/lasprimeras.com.do\/index.php\/wp-json\/wp\/v2\/media\/87495"}],"wp:attachment":[{"href":"https:\/\/lasprimeras.com.do\/index.php\/wp-json\/wp\/v2\/media?parent=87494"}],"wp:term":[{"taxonomy":"category","embeddable":true,"href":"https:\/\/lasprimeras.com.do\/index.php\/wp-json\/wp\/v2\/categories?post=87494"},{"taxonomy":"post_tag","embeddable":true,"href":"https:\/\/lasprimeras.com.do\/index.php\/wp-json\/wp\/v2\/tags?post=87494"}],"curies":[{"name":"wp","href":"https:\/\/api.w.org\/{rel}","templated":true}]}}