{"id":87683,"date":"2024-08-15T18:34:34","date_gmt":"2024-08-15T22:34:34","guid":{"rendered":"https:\/\/lasprimeras.com.do\/?p=87683"},"modified":"2024-08-15T18:34:36","modified_gmt":"2024-08-15T22:34:36","slug":"subcomisiones-tematicas-del-x-congreso-ordinario-reinaldo-pared-perez-del-pld-cumplen-encomiendas","status":"publish","type":"post","link":"https:\/\/lasprimeras.com.do\/index.php\/2024\/08\/15\/subcomisiones-tematicas-del-x-congreso-ordinario-reinaldo-pared-perez-del-pld-cumplen-encomiendas\/","title":{"rendered":"Subcomisiones tem\u00e1ticas del X Congreso Ordinario Reinaldo Pared P\u00e9rez del PLD cumplen encomiendas"},"content":{"rendered":"\n<p>Las diferentes subcomisiones que coordinan los quince ejes tem\u00e1ticos del X Congreso Ordinario Reinaldo Pared P\u00e9rez del Partido de la Liberaci\u00f3n Dominicana (PLD) prosiguen la entrega de los informes con las propuestas que deben ser objeto de an\u00e1lisis y discusi\u00f3n en la etapa tem\u00e1tica del Congreso Pelede\u00edsta.<\/p>\n\n\n\n<p>Hasta este jueves se hab\u00edan depositado diez informes, mientras las restantes subcomisiones unifican las propuestas recibidas de sus integrantes para proceder a redactar el documento final y proceder a la entrega del mismo, tanto en formato impreso como digital.<\/p>\n\n\n\n<p>A las subcomisiones que entregaron sus propuestas. Formaci\u00f3n Pol\u00edtica, Poder Congresual e Iniciativa Legislativa, Medio Ambiente y Cambio Clim\u00e1tico, Declaraci\u00f3n de Principios, Pol\u00edtica de Igualdad y Equidad de G\u00e9nero y Transformaci\u00f3n Digital e Innovaci\u00f3n, Comunicaciones Estrat\u00e9gicas, R\u00e9gimen de \u00c9tica y Disciplina, se le sumaron L\u00ednea Organizativa, Electoral y Sectorial y Gobiernos Locales y Desarrollo Sostenible.<\/p>\n\n\n\n<p>La tarde del mi\u00e9rcoles la Subcomisi\u00f3n de Gobiernos Locales y Desarrollo Sostenible, coordinada por Karen Ricardo, integrante del Comit\u00e9 Pol\u00edtico, entreg\u00f3 la propuesta a la Coordinadora de la Comisi\u00f3n Organizadora del X Congreso Ordinario Reinaldo Pared P\u00e9rez, Cristina Lizardo.<\/p>\n\n\n\n<p>Ricardo se hizo acompa\u00f1ar con parte de los integrantes de dicha subcomisi\u00f3n: Dilen Montero, Ren\u00e9 Polanco, Rub\u00e9n Aybar, Edita Sandoval, Blanca Rodr\u00edguez y Leonardo Aquino, todos involucrados en la municipalidad.<\/p>\n\n\n\n<p>El documento conteniendo la propuesta en el eje tem\u00e1tico L\u00ednea Organizativa, Electoral y Sectorial, fue entregado en las oficinas donde opera la Comisi\u00f3n Organizadora del X congreso Ordinario Reinaldo Pared P\u00e9rez por Danilo D\u00edaz, miembro del Comit\u00e9 Pol\u00edtico.<\/p>\n\n\n\n<p>Los ejes tem\u00e1ticos dado a conocer en la Plenaria de apertura del Congreso son: Modificaci\u00f3n de los Estatutos del PLD, Declaraci\u00f3n de Principios, L\u00ednea Organizativa, Electoral y Sectorial ; L\u00ednea Pol\u00edtica Nacional e Internacional; Poder Congresual e Iniciativas Legislativas; Los Gobiernos Locales y Desarrollo Sostenible; Formaci\u00f3n Pol\u00edtica; Comunicaci\u00f3n Estrat\u00e9gica; Relaci\u00f3n Partido- Sociedad ; Dominicanos en el Exterior y el Codesarrollo; Pol\u00edticas de Igualdad y Equidad de G\u00e9nero; Juventud; Participaci\u00f3n e Inclusi\u00f3n; Medio Ambiente y Cambio clim\u00e1tico; R\u00e9gimen de \u00c9tica y Disciplina y Transformaci\u00f3n Digital e Innovaci\u00f3n.<\/p>\n","protected":false},"excerpt":{"rendered":"<p>Las diferentes subcomisiones que coordinan los quince ejes tem\u00e1ticos del X Congreso Ordinario Reinaldo Pared P\u00e9rez del Partido de la Liberaci\u00f3n Dominicana (PLD) prosiguen la entrega de los informes con&hellip;<\/p>\n","protected":false},"author":2,"featured_media":87684,"comment_status":"open","ping_status":"open","sticky":false,"template":"","format":"standard","meta":{"content-type":"","jetpack_post_was_ever_published":false,"_jetpack_newsletter_access":"","_jetpack_dont_email_post_to_subs":false,"_jetpack_newsletter_tier_id":0,"_jetpack_memberships_contains_paywalled_content":false,"_jetpack_memberships_contains_paid_content":false,"footnotes":""},"categories":[1],"tags":[14833,13476,269,14832,14173,14831,13172],"class_list":["post-87683","post","type-post","status-publish","format-standard","has-post-thumbnail","hentry","category-sin-categoria","tag-encomiendas","tag-ordinario","tag-pld","tag-reinaldo-pared-perez","tag-subcomisiones","tag-tematicas","tag-x-congreso"],"jetpack_featured_media_url":"https:\/\/lasprimeras.com.do\/wp-content\/uploads\/2024\/08\/comisiones-pld.jpg","jetpack-related-posts":[{"id":86198,"url":"https:\/\/lasprimeras.com.do\/index.php\/2024\/07\/20\/subcomisiones-del-congreso-del-pld-preparan-documentos\/","url_meta":{"origin":87683,"position":0},"title":"Subcomisiones del Congreso del PLD preparan documentos","author":"Nelson Feliz","date":"20 de julio de 2024","format":false,"excerpt":"Subcomisi\u00f3n del X Congreso del PLD \u201cPoder Congresual e Iniciativas Legislativas\u201d, adelanta redacci\u00f3n de documento que conocer\u00e1n organismos del PLD.\u00a0\u00a0 Dentro de los objetivos de\u00a0\u00a0los\u00a0\u00a0integrantes del Congreso Nacional, miembros o dirigentes del PLD est\u00e1\u00a0\u00a0lograr una mayor aceptaci\u00f3n pol\u00edtica de la ciudadan\u00eda a trav\u00e9s de incidencia de los legisladores pelede\u00edstas en\u2026","rel":"","context":"En \u00abPORTADA\u00bb","block_context":{"text":"PORTADA","link":"https:\/\/lasprimeras.com.do\/index.php\/category\/portada\/"},"img":{"alt_text":"","src":"https:\/\/i0.wp.com\/lasprimeras.com.do\/wp-content\/uploads\/2024\/07\/COM-LEGISLATIVA.jpg?resize=350%2C200&ssl=1","width":350,"height":200,"srcset":"https:\/\/i0.wp.com\/lasprimeras.com.do\/wp-content\/uploads\/2024\/07\/COM-LEGISLATIVA.jpg?resize=350%2C200&ssl=1 1x, https:\/\/i0.wp.com\/lasprimeras.com.do\/wp-content\/uploads\/2024\/07\/COM-LEGISLATIVA.jpg?resize=525%2C300&ssl=1 1.5x, https:\/\/i0.wp.com\/lasprimeras.com.do\/wp-content\/uploads\/2024\/07\/COM-LEGISLATIVA.jpg?resize=700%2C400&ssl=1 2x"},"classes":[]},{"id":89883,"url":"https:\/\/lasprimeras.com.do\/index.php\/2024\/10\/06\/pld-trabaja-en-sus-nuevos-estatutos-y-documentos-de-areas\/","url_meta":{"origin":87683,"position":1},"title":"PLD trabaja en sus nuevos Estatutos y documentos de \u00c1reas","author":"Nelson Feliz","date":"6 de octubre de 2024","format":false,"excerpt":"Comisi\u00f3n del X Congreso Ordinario Reinaldo Pared P\u00e9rez define criterios para aprobaci\u00f3n de la Reforma de los Estatutos y los Documentos de \u00c1reas. La Comisi\u00f3n Organizadora del X Congreso Ordinario Reinaldo Pared Perez mediante resoluci\u00f3n defini\u00f3 los criterios para la aprobaci\u00f3n de la Reforma de los Estatutos, que conocieron los\u2026","rel":"","context":"En \u00abPORTADA\u00bb","block_context":{"text":"PORTADA","link":"https:\/\/lasprimeras.com.do\/index.php\/category\/portada\/"},"img":{"alt_text":"","src":"https:\/\/i0.wp.com\/lasprimeras.com.do\/wp-content\/uploads\/2024\/10\/COMISION-COINGRESOEN-SALON-cp.jpg?resize=350%2C200&ssl=1","width":350,"height":200,"srcset":"https:\/\/i0.wp.com\/lasprimeras.com.do\/wp-content\/uploads\/2024\/10\/COMISION-COINGRESOEN-SALON-cp.jpg?resize=350%2C200&ssl=1 1x, https:\/\/i0.wp.com\/lasprimeras.com.do\/wp-content\/uploads\/2024\/10\/COMISION-COINGRESOEN-SALON-cp.jpg?resize=525%2C300&ssl=1 1.5x, https:\/\/i0.wp.com\/lasprimeras.com.do\/wp-content\/uploads\/2024\/10\/COMISION-COINGRESOEN-SALON-cp.jpg?resize=700%2C400&ssl=1 2x"},"classes":[]},{"id":84953,"url":"https:\/\/lasprimeras.com.do\/index.php\/2024\/06\/18\/pld-informa-de-los-avances-en-la-organizacion-de-su-x-congreso\/","url_meta":{"origin":87683,"position":2},"title":"PLD informa de los avances en la organizaci\u00f3n de su X Congreso","author":"Nelson Feliz","date":"18 de junio de 2024","format":false,"excerpt":"PLD anuncia que la apertura del X Congreso Ordinario se realizar\u00e1 el pr\u00f3ximo domingo 7 de Julio. El Partido de la Liberaci\u00f3n Dominicana (PLD) anunci\u00f3 que ha postergado el acto de apertura del X Congreso Ordinario para el domingo 7 julio, confirmando su realizaci\u00f3n en el Pabell\u00f3n de Voleibol del\u2026","rel":"","context":"En \u00abSin categor\u00eda\u00bb","block_context":{"text":"Sin categor\u00eda","link":"https:\/\/lasprimeras.com.do\/index.php\/category\/sin-categoria\/"},"img":{"alt_text":"Congreso Ordinario","src":"https:\/\/i0.wp.com\/lasprimeras.com.do\/wp-content\/uploads\/2024\/06\/Congreso-Ordinario.jpg?resize=350%2C200&ssl=1","width":350,"height":200,"srcset":"https:\/\/i0.wp.com\/lasprimeras.com.do\/wp-content\/uploads\/2024\/06\/Congreso-Ordinario.jpg?resize=350%2C200&ssl=1 1x, https:\/\/i0.wp.com\/lasprimeras.com.do\/wp-content\/uploads\/2024\/06\/Congreso-Ordinario.jpg?resize=525%2C300&ssl=1 1.5x"},"classes":[]},{"id":85906,"url":"https:\/\/lasprimeras.com.do\/index.php\/2024\/07\/12\/comision-entregara-este-viernes-instructivo-para-la-evaluacion-critica-y-autocritica\/","url_meta":{"origin":87683,"position":3},"title":"Comisi\u00f3n entregar\u00e1 este viernes \u201cInstructivo para la Evaluaci\u00f3n Cr\u00edtica y Autocr\u00edtica\u201d","author":"Nelson Feliz","date":"12 de julio de 2024","format":false,"excerpt":"Comisiones tem\u00e1ticas del X Congreso Ordinario Reinaldo Pared P\u00e9rez del PLD se re\u00fanen preparan documento que enviar\u00e1n a los organismos. Dando seguimiento al cronograma de actividades preparado para el X Congreso Ordinario Reinaldo Pared P\u00e9rez, los integrantes de las diferentes comisiones tem\u00e1ticas se han reunido preparando el documento que enviar\u00e1n\u2026","rel":"","context":"En \u00abSin categor\u00eda\u00bb","block_context":{"text":"Sin categor\u00eda","link":"https:\/\/lasprimeras.com.do\/index.php\/category\/sin-categoria\/"},"img":{"alt_text":"","src":"https:\/\/i0.wp.com\/lasprimeras.com.do\/wp-content\/uploads\/2024\/07\/pld.jpg?resize=350%2C200&ssl=1","width":350,"height":200,"srcset":"https:\/\/i0.wp.com\/lasprimeras.com.do\/wp-content\/uploads\/2024\/07\/pld.jpg?resize=350%2C200&ssl=1 1x, https:\/\/i0.wp.com\/lasprimeras.com.do\/wp-content\/uploads\/2024\/07\/pld.jpg?resize=525%2C300&ssl=1 1.5x, https:\/\/i0.wp.com\/lasprimeras.com.do\/wp-content\/uploads\/2024\/07\/pld.jpg?resize=700%2C400&ssl=1 2x"},"classes":[]},{"id":84817,"url":"https:\/\/lasprimeras.com.do\/index.php\/2024\/06\/16\/pld-presentara-informes-sobre-reunion-del-x-congreso\/","url_meta":{"origin":87683,"position":4},"title":"PLD presentar\u00e1 informes sobre Reuni\u00f3n del X Congreso","author":"Nelson Feliz","date":"16 de junio de 2024","format":false,"excerpt":"El Partido de la Liberaci\u00f3n Dominicana (PLD) presentar\u00e1 los informes sobre los adelantos de los trabajos de su X Congreso Ordinario. Para informar sobre los adelantos en los preparativos del X Congreso Ordinario del Partido de la Liberaci\u00f3n Dominicana, su Comisi\u00f3n Organizadora realizar\u00e1 este lunes una rueda de prensa en\u2026","rel":"","context":"En \u00abPORTADA\u00bb","block_context":{"text":"PORTADA","link":"https:\/\/lasprimeras.com.do\/index.php\/category\/portada\/"},"img":{"alt_text":"Reuni\u00f3n de Comisi\u00f3n del X Congreso del PLD","src":"https:\/\/i0.wp.com\/lasprimeras.com.do\/wp-content\/uploads\/2024\/06\/Reunion-de-Comision-del-X-Congreso-del-PLD.jpg?resize=350%2C200&ssl=1","width":350,"height":200,"srcset":"https:\/\/i0.wp.com\/lasprimeras.com.do\/wp-content\/uploads\/2024\/06\/Reunion-de-Comision-del-X-Congreso-del-PLD.jpg?resize=350%2C200&ssl=1 1x, https:\/\/i0.wp.com\/lasprimeras.com.do\/wp-content\/uploads\/2024\/06\/Reunion-de-Comision-del-X-Congreso-del-PLD.jpg?resize=525%2C300&ssl=1 1.5x, https:\/\/i0.wp.com\/lasprimeras.com.do\/wp-content\/uploads\/2024\/06\/Reunion-de-Comision-del-X-Congreso-del-PLD.jpg?resize=700%2C400&ssl=1 2x"},"classes":[]},{"id":89514,"url":"https:\/\/lasprimeras.com.do\/index.php\/2024\/09\/26\/reuniones-preparatorias-de-la-plenaria-del-x-congreso-del-pld\/","url_meta":{"origin":87683,"position":5},"title":"Reuniones preparatorias de la Plenaria del X Congreso del PLD","author":"Nelson Feliz","date":"26 de septiembre de 2024","format":false,"excerpt":"Organismos del PLD en provincias, municipios y seccionales en el exterior reportan la celebraci\u00f3n de reuniones preparatorias de la Plenaria Tem\u00e1tica del X Congreso. El Partido de la Liberaci\u00f3n Dominicana (PLD) contin\u00faa desarrollando reuniones y encuentros instruyendo y orientando sobre la realizaci\u00f3n de la Plenaria sobre los quince ejes tem\u00e1ticos\u2026","rel":"","context":"En \u00abPORTADA\u00bb","block_context":{"text":"PORTADA","link":"https:\/\/lasprimeras.com.do\/index.php\/category\/portada\/"},"img":{"alt_text":"","src":"https:\/\/i0.wp.com\/lasprimeras.com.do\/wp-content\/uploads\/2024\/09\/3DN.jpg?resize=350%2C200&ssl=1","width":350,"height":200,"srcset":"https:\/\/i0.wp.com\/lasprimeras.com.do\/wp-content\/uploads\/2024\/09\/3DN.jpg?resize=350%2C200&ssl=1 1x, https:\/\/i0.wp.com\/lasprimeras.com.do\/wp-content\/uploads\/2024\/09\/3DN.jpg?resize=525%2C300&ssl=1 1.5x"},"classes":[]}],"jetpack_sharing_enabled":true,"_links":{"self":[{"href":"https:\/\/lasprimeras.com.do\/index.php\/wp-json\/wp\/v2\/posts\/87683","targetHints":{"allow":["GET"]}}],"collection":[{"href":"https:\/\/lasprimeras.com.do\/index.php\/wp-json\/wp\/v2\/posts"}],"about":[{"href":"https:\/\/lasprimeras.com.do\/index.php\/wp-json\/wp\/v2\/types\/post"}],"author":[{"embeddable":true,"href":"https:\/\/lasprimeras.com.do\/index.php\/wp-json\/wp\/v2\/users\/2"}],"replies":[{"embeddable":true,"href":"https:\/\/lasprimeras.com.do\/index.php\/wp-json\/wp\/v2\/comments?post=87683"}],"version-history":[{"count":1,"href":"https:\/\/lasprimeras.com.do\/index.php\/wp-json\/wp\/v2\/posts\/87683\/revisions"}],"predecessor-version":[{"id":87685,"href":"https:\/\/lasprimeras.com.do\/index.php\/wp-json\/wp\/v2\/posts\/87683\/revisions\/87685"}],"wp:featuredmedia":[{"embeddable":true,"href":"https:\/\/lasprimeras.com.do\/index.php\/wp-json\/wp\/v2\/media\/87684"}],"wp:attachment":[{"href":"https:\/\/lasprimeras.com.do\/index.php\/wp-json\/wp\/v2\/media?parent=87683"}],"wp:term":[{"taxonomy":"category","embeddable":true,"href":"https:\/\/lasprimeras.com.do\/index.php\/wp-json\/wp\/v2\/categories?post=87683"},{"taxonomy":"post_tag","embeddable":true,"href":"https:\/\/lasprimeras.com.do\/index.php\/wp-json\/wp\/v2\/tags?post=87683"}],"curies":[{"name":"wp","href":"https:\/\/api.w.org\/{rel}","templated":true}]}}