{"id":87774,"date":"2024-08-16T08:35:00","date_gmt":"2024-08-16T12:35:00","guid":{"rendered":"https:\/\/lasprimeras.com.do\/?p=87774"},"modified":"2024-08-17T20:39:20","modified_gmt":"2024-08-18T00:39:20","slug":"161-anos-de-inicio-de-la-guerra-de-la-restauracion","status":"publish","type":"post","link":"https:\/\/lasprimeras.com.do\/index.php\/2024\/08\/16\/161-anos-de-inicio-de-la-guerra-de-la-restauracion\/","title":{"rendered":"161 a\u00f1os de inicio de la Guerra de la Restauraci\u00f3n"},"content":{"rendered":"\n<p>Juan Bosch afirm\u00f3 que \u201cla Guerra de la Restauraci\u00f3n es la p\u00e1gina m\u00e1s notable de la historia dominicana\u201d.<\/p>\n\n\n\n<p>En el 161 aniversario del inicio de la Guerra de la Restauraci\u00f3n, el Partido de la Liberaci\u00f3n Dominicana (PLD), en comuni\u00f3n con el pueblo, rinde tributo a los h\u00e9roes de esta gran epopeya.<\/p>\n\n\n\n<p>La Restauraci\u00f3n de la Independencia se inici\u00f3 con el Grito en el Cerro de Capotillo, el 16 de agosto de 1863 y se extendi\u00f3 con gran intensidad por todo el territorio, luego de la proclama que conquist\u00f3 al pueblo indignado por las condiciones miserables en que viv\u00edan y las discriminaciones de la corona.<\/p>\n\n\n\n<p>\u201cLa guerra de la Restauraci\u00f3n tuvo desde el primer momento el apoyo resuelto de las grandes masas del pueblo dominicano porque en ella se reunieron una guerra de liberaci\u00f3n nacional y una guerra social\u201d es la explicaci\u00f3n dada por el Profesor Juan Bosch en el libro \u201cLa Guerra de la Restauraci\u00f3n\u201d, epopeya que el l\u00edder hist\u00f3rico del PLD calific\u00f3 como la \u201cp\u00e1gina m\u00e1s notable de la historia dominicana\u201d<\/p>\n\n\n\n<p>Fue un movimiento de tanta intensidad y aglutinaci\u00f3n que en menos de 17 meses se orden\u00f3 el abandono de las tropas espa\u00f1olas quienes ocupaban nuestro territorio luego del ignominioso acto de la anexi\u00f3n.<\/p>\n\n\n\n<p>El l\u00edder hist\u00f3rico del PLD y ex Presidente de la Rep\u00fablica resalta el gran esfuerzo colectivo gigantesco, heroico y las haza\u00f1as militares que libraron los hombres y mujeres que participaron en la guerra restauradora para rescatar la independencia, que se perdi\u00f3 con la anexi\u00f3n a Espa\u00f1a en 1861.<\/p>\n\n\n\n<p>En sus escritos el Profesor Juan Bosch emite expresiones de elogio al gobierno instalado por los Restauradores apuntando que pol\u00edticamente se manejaron con habilidad: \u201cAdem\u00e1s de hacer la guerra, los restauradores formaron un gobierno que supo manejar con habilidad en medio de la furia de la guerra y supo conducir la pol\u00edtica exterior de la revoluci\u00f3n\u201d<\/p>\n\n\n\n<p>El cap\u00edtulo m\u00e1s notable de la historia nacional que es la Guerra de la Restauraci\u00f3n dej\u00f3 una gran lecci\u00f3n: La Unidad del Pueblo Dominicano.<\/p>\n\n\n\n<p>Loor a la memoria de los h\u00e9roes restauradores en esta fecha hist\u00f3rica y siempre.<\/p>\n","protected":false},"excerpt":{"rendered":"<p>Juan Bosch afirm\u00f3 que \u201cla Guerra de la Restauraci\u00f3n es la p\u00e1gina m\u00e1s notable de la historia dominicana\u201d. En el 161 aniversario del inicio de la Guerra de la Restauraci\u00f3n,&hellip;<\/p>\n","protected":false},"author":2,"featured_media":87775,"comment_status":"open","ping_status":"open","sticky":false,"template":"","format":"standard","meta":{"content-type":"","jetpack_post_was_ever_published":false,"_jetpack_newsletter_access":"","_jetpack_dont_email_post_to_subs":false,"_jetpack_newsletter_tier_id":0,"_jetpack_memberships_contains_paywalled_content":false,"_jetpack_memberships_contains_paid_content":false,"footnotes":""},"categories":[482],"tags":[14861],"class_list":["post-87774","post","type-post","status-publish","format-standard","has-post-thumbnail","hentry","category-historia","tag-guerra-de-la-restauracion"],"jetpack_featured_media_url":"https:\/\/lasprimeras.com.do\/wp-content\/uploads\/2024\/08\/guerra-restauracion.jpg","jetpack-related-posts":[{"id":87880,"url":"https:\/\/lasprimeras.com.do\/index.php\/2024\/08\/18\/abinader-y-raquel-pena-encabezan-tedeum-por-161-aniversario-restauracion-en-santiago\/","url_meta":{"origin":87774,"position":0},"title":"Abinader y Raquel Pe\u00f1a encabezan tedeum por 161 aniversario Restauraci\u00f3n en Santiago","author":"Nelson Feliz","date":"18 de agosto de 2024","format":false,"excerpt":"Mandatarios tambi\u00e9n encabezaron el develamiento tarja hist\u00f3rica conmemorativa al primer cementerio de Santiago. El presidente Luis Abinader y la vicepresidenta Raquel Pe\u00f1a encabezaron este domingo en esta provincia un tedeum de acci\u00f3n de gracias por el 161 aniversario de la gesta restauradora y por el inicio de los cuatro a\u00f1os\u2026","rel":"","context":"En \u00abNACIONALES\u00bb","block_context":{"text":"NACIONALES","link":"https:\/\/lasprimeras.com.do\/index.php\/category\/nacionales\/"},"img":{"alt_text":"El presidente Luis Abinader y la vicepresidenta Raquel Pe\u00f1a","src":"https:\/\/i0.wp.com\/lasprimeras.com.do\/wp-content\/uploads\/2024\/08\/Abinader-3.jpg?resize=350%2C200&ssl=1","width":350,"height":200,"srcset":"https:\/\/i0.wp.com\/lasprimeras.com.do\/wp-content\/uploads\/2024\/08\/Abinader-3.jpg?resize=350%2C200&ssl=1 1x, https:\/\/i0.wp.com\/lasprimeras.com.do\/wp-content\/uploads\/2024\/08\/Abinader-3.jpg?resize=525%2C300&ssl=1 1.5x, https:\/\/i0.wp.com\/lasprimeras.com.do\/wp-content\/uploads\/2024\/08\/Abinader-3.jpg?resize=700%2C400&ssl=1 2x"},"classes":[]},{"id":95917,"url":"https:\/\/lasprimeras.com.do\/index.php\/2025\/03\/18\/el-presidente-pedro-santana-proclama-la-anexion-de-la-republica-dominicana-a-espana\/","url_meta":{"origin":87774,"position":1},"title":"El Presidente Pedro Santana proclama la anexi\u00f3n de la Rep\u00fablica Dominicana a Espa\u00f1a","author":"Nelson Feliz","date":"18 de marzo de 2025","format":false,"excerpt":"Por: H\u00e9ctor Tineo El 18 de marzo de 1861, el presidente Pedro Santana proclam\u00f3 la anexi\u00f3n de la Rep\u00fablica Dominicana a Espa\u00f1a. Al dirigirse al pueblo dominicano, el jefe del Estado motiv\u00f3 su decisi\u00f3n en que el pueblo dominicano cree en los valores de Espa\u00f1a, como: \u201cReligi\u00f3n, idioma, creencias y\u2026","rel":"","context":"En \u00abMILITARES\u00bb","block_context":{"text":"MILITARES","link":"https:\/\/lasprimeras.com.do\/index.php\/category\/militares\/"},"img":{"alt_text":"","src":"https:\/\/i0.wp.com\/lasprimeras.com.do\/wp-content\/uploads\/2025\/03\/Presidente-Pedro-Santana.jpg?resize=350%2C200&ssl=1","width":350,"height":200},"classes":[]},{"id":128565,"url":"https:\/\/lasprimeras.com.do\/index.php\/2026\/04\/24\/la-revolucion-de-1965-marco-el-quiebre-que-llevo-a-juan-bosch-a-fundar-el-pld-anos-despues\/","url_meta":{"origin":87774,"position":2},"title":"La Revoluci\u00f3n de 1965 marc\u00f3 el quiebre que llev\u00f3 a Juan Bosch a fundar el PLD a\u00f1os despu\u00e9s","author":"Nelson Feliz","date":"24 de abril de 2026","format":false,"excerpt":"La Guerra de abril 1965 es uno de los episodios m\u00e1s trascendentes de la historia de la Rep\u00fablica Dominicana, resalta el historiador Rafael P\u00e9rez Modesto. El historiador y miembro del Comit\u00e9 Central del Partido de la Liberaci\u00f3n Dominicana (PLD), Rafael P\u00e9rez Modesto, en la fecha de conmemoraci\u00f3n de la Guerra\u2026","rel":"","context":"En \u00abHISTORIA\u00bb","block_context":{"text":"HISTORIA","link":"https:\/\/lasprimeras.com.do\/index.php\/category\/historia\/"},"img":{"alt_text":"Rafael P\u00e9rez Modesto","src":"https:\/\/i0.wp.com\/lasprimeras.com.do\/wp-content\/uploads\/2026\/04\/Rafael-Perez-Modesto.jpg?resize=350%2C200&ssl=1","width":350,"height":200,"srcset":"https:\/\/i0.wp.com\/lasprimeras.com.do\/wp-content\/uploads\/2026\/04\/Rafael-Perez-Modesto.jpg?resize=350%2C200&ssl=1 1x, https:\/\/i0.wp.com\/lasprimeras.com.do\/wp-content\/uploads\/2026\/04\/Rafael-Perez-Modesto.jpg?resize=525%2C300&ssl=1 1.5x, https:\/\/i0.wp.com\/lasprimeras.com.do\/wp-content\/uploads\/2026\/04\/Rafael-Perez-Modesto.jpg?resize=700%2C400&ssl=1 2x"},"classes":[]},{"id":57844,"url":"https:\/\/lasprimeras.com.do\/index.php\/2023\/08\/16\/luis-el-gallo-levanta-la-bandera-de-la-restauracion\/","url_meta":{"origin":87774,"position":3},"title":"Luis \u201cEl Gallo\u201d levanta la Bandera de la Restauraci\u00f3n","author":"Nelson Feliz","date":"16 de agosto de 2023","format":false,"excerpt":"Presidente de la UDC pide unidad contra aquellos que intentan vulnerar la soberan\u00eda. El presidente de la Uni\u00f3n Dem\u00f3crata Cristiana \u2013UDC-, Luis Acosta Moreta, Luis \u201cEl Gallo\u201d, dijo hoy que levanta la Bandera de la Restauraci\u00f3n Nacional para abogar por la unidad de la sociedad dominicana y hacer frente al\u2026","rel":"","context":"En \u00abPORTADA\u00bb","block_context":{"text":"PORTADA","link":"https:\/\/lasprimeras.com.do\/index.php\/category\/portada\/"},"img":{"alt_text":"Luis Acosta Moreta","src":"https:\/\/i0.wp.com\/lasprimeras.com.do\/wp-content\/uploads\/2023\/08\/Luis-Acosta-Moreta-1.jpg?resize=350%2C200&ssl=1","width":350,"height":200,"srcset":"https:\/\/i0.wp.com\/lasprimeras.com.do\/wp-content\/uploads\/2023\/08\/Luis-Acosta-Moreta-1.jpg?resize=350%2C200&ssl=1 1x, https:\/\/i0.wp.com\/lasprimeras.com.do\/wp-content\/uploads\/2023\/08\/Luis-Acosta-Moreta-1.jpg?resize=525%2C300&ssl=1 1.5x, https:\/\/i0.wp.com\/lasprimeras.com.do\/wp-content\/uploads\/2023\/08\/Luis-Acosta-Moreta-1.jpg?resize=700%2C400&ssl=1 2x"},"classes":[]},{"id":105958,"url":"https:\/\/lasprimeras.com.do\/index.php\/2025\/08\/08\/intrant-lanza-operativo-especial-de-inspeccion-vehicular-por-el-dia-de-la-restauracion\/","url_meta":{"origin":87774,"position":4},"title":"INTRANT lanza &#8220;Operativo Especial de Inspecci\u00f3n Vehicular&#8221; por el D\u00eda de la Restauraci\u00f3n","author":"Nelson Feliz","date":"8 de agosto de 2025","format":false,"excerpt":"M\u00e1s de 5,000 unidades fueron inspeccionadas durante el operativo de diciembre, y se espera igual o mayor alcance en esta nueva jornada. El Instituto Nacional de Tr\u00e1nsito y Transporte Terrestre (INTRANT), a trav\u00e9s de su Direcci\u00f3n de Inspector\u00eda General, lanz\u00f3 este jueves el Operativo Especial de Inspecci\u00f3n Vehicular \u2013 Restauraci\u00f3n\u2026","rel":"","context":"En \u00abNACIONALES\u00bb","block_context":{"text":"NACIONALES","link":"https:\/\/lasprimeras.com.do\/index.php\/category\/nacionales\/"},"img":{"alt_text":"","src":"https:\/\/i0.wp.com\/lasprimeras.com.do\/wp-content\/uploads\/2025\/08\/itrant.jpg?resize=350%2C200&ssl=1","width":350,"height":200,"srcset":"https:\/\/i0.wp.com\/lasprimeras.com.do\/wp-content\/uploads\/2025\/08\/itrant.jpg?resize=350%2C200&ssl=1 1x, https:\/\/i0.wp.com\/lasprimeras.com.do\/wp-content\/uploads\/2025\/08\/itrant.jpg?resize=525%2C300&ssl=1 1.5x, https:\/\/i0.wp.com\/lasprimeras.com.do\/wp-content\/uploads\/2025\/08\/itrant.jpg?resize=700%2C400&ssl=1 2x"},"classes":[]},{"id":109275,"url":"https:\/\/lasprimeras.com.do\/index.php\/2025\/09\/16\/celebraran-2do-aniversario-patronales-culturales-en-pimentel-provincia-duarte\/","url_meta":{"origin":87774,"position":5},"title":"Celebrar\u00e1n 2do. aniversario \u00abPatronales Culturales\u00bb en Pimentel, provincia Duarte","author":"Nelson Feliz","date":"16 de septiembre de 2025","format":false,"excerpt":"Por Ram\u00f3n Mercedes NUEVA YORK.- El Centro Cultural Francisco Nolasco Cordero celebrar\u00e1 los d\u00edas 19, 20 y 21 de este mes el segundo aniversario de las \u00abPatronales Culturales\u00bb, en el municipio de Pimentel, provincia Duarte, inform\u00f3 su presidente, el abogado y director del diario digital \u00abNeoyorkinos\u00bb, Nolagko Nolasco residente en\u2026","rel":"","context":"En \u00abENTRETENIMIENTO\u00bb","block_context":{"text":"ENTRETENIMIENTO","link":"https:\/\/lasprimeras.com.do\/index.php\/category\/entretenimiento\/"},"img":{"alt_text":"","src":"https:\/\/i0.wp.com\/lasprimeras.com.do\/wp-content\/uploads\/2025\/09\/WhatsApp-Image-2025-09-16-at-5.37.25-AM-1.jpeg?resize=350%2C200&ssl=1","width":350,"height":200,"srcset":"https:\/\/i0.wp.com\/lasprimeras.com.do\/wp-content\/uploads\/2025\/09\/WhatsApp-Image-2025-09-16-at-5.37.25-AM-1.jpeg?resize=350%2C200&ssl=1 1x, https:\/\/i0.wp.com\/lasprimeras.com.do\/wp-content\/uploads\/2025\/09\/WhatsApp-Image-2025-09-16-at-5.37.25-AM-1.jpeg?resize=525%2C300&ssl=1 1.5x"},"classes":[]}],"jetpack_sharing_enabled":true,"_links":{"self":[{"href":"https:\/\/lasprimeras.com.do\/index.php\/wp-json\/wp\/v2\/posts\/87774","targetHints":{"allow":["GET"]}}],"collection":[{"href":"https:\/\/lasprimeras.com.do\/index.php\/wp-json\/wp\/v2\/posts"}],"about":[{"href":"https:\/\/lasprimeras.com.do\/index.php\/wp-json\/wp\/v2\/types\/post"}],"author":[{"embeddable":true,"href":"https:\/\/lasprimeras.com.do\/index.php\/wp-json\/wp\/v2\/users\/2"}],"replies":[{"embeddable":true,"href":"https:\/\/lasprimeras.com.do\/index.php\/wp-json\/wp\/v2\/comments?post=87774"}],"version-history":[{"count":1,"href":"https:\/\/lasprimeras.com.do\/index.php\/wp-json\/wp\/v2\/posts\/87774\/revisions"}],"predecessor-version":[{"id":87776,"href":"https:\/\/lasprimeras.com.do\/index.php\/wp-json\/wp\/v2\/posts\/87774\/revisions\/87776"}],"wp:featuredmedia":[{"embeddable":true,"href":"https:\/\/lasprimeras.com.do\/index.php\/wp-json\/wp\/v2\/media\/87775"}],"wp:attachment":[{"href":"https:\/\/lasprimeras.com.do\/index.php\/wp-json\/wp\/v2\/media?parent=87774"}],"wp:term":[{"taxonomy":"category","embeddable":true,"href":"https:\/\/lasprimeras.com.do\/index.php\/wp-json\/wp\/v2\/categories?post=87774"},{"taxonomy":"post_tag","embeddable":true,"href":"https:\/\/lasprimeras.com.do\/index.php\/wp-json\/wp\/v2\/tags?post=87774"}],"curies":[{"name":"wp","href":"https:\/\/api.w.org\/{rel}","templated":true}]}}