{"id":87912,"date":"2024-08-19T18:25:40","date_gmt":"2024-08-19T22:25:40","guid":{"rendered":"https:\/\/lasprimeras.com.do\/?p=87912"},"modified":"2024-08-19T22:10:06","modified_gmt":"2024-08-20T02:10:06","slug":"joel-martinez-asume-la-alcaldia-de-la-vega-tras-la-renuncia-de-amparo-custodio","status":"publish","type":"post","link":"https:\/\/lasprimeras.com.do\/index.php\/2024\/08\/19\/joel-martinez-asume-la-alcaldia-de-la-vega-tras-la-renuncia-de-amparo-custodio\/","title":{"rendered":"Joel Mart\u00ednez asume la alcald\u00eda de La Vega tras la renuncia de Amparo Custodio"},"content":{"rendered":"\n<p><strong>Joel Mart\u00ednez asume provisionalmente la alcald\u00eda de La Vega tras la renuncia de Amparo Custodio. Mantendr\u00e1 la continuidad del plan de desarrollo municipal establecido por su predecesor, Kelvin Cruz.<\/strong><\/p>\n\n\n\n<p>Por Carlos Santana<\/p>\n\n\n\n<p>En un inesperado giro pol\u00edtico, Joel Mart\u00ednez, hasta ahora secretario general del Ayuntamiento de La Vega, ha asumido de manera provisional las funciones de alcalde tras la renuncia de Amparo Custodio y la designaci\u00f3n de Kelvin Cruz como ministro de Deportes.<\/p>\n\n\n\n<p>Este movimiento ha dejado al municipio en una situaci\u00f3n de interinidad, mientras el presidente Luis Abinader y el Partido Revolucionario Moderno (PRM) deciden qui\u00e9n ocupar\u00e1 definitivamente la silla principal del gobierno local.<\/p>\n\n\n\n<p>La sorpresiva renuncia de Custodio, una figura respetada por su trayectoria y dedicaci\u00f3n en la administraci\u00f3n p\u00fablica, ha generado un ambiente de incertidumbre en La Vega.<\/p>\n\n\n\n<p>Custodio, quien hab\u00eda tomado las riendas del ayuntamiento tras la partida de Cruz, justific\u00f3 su dimisi\u00f3n alegando lealtad al mandato popular que eligi\u00f3 a Cruz para liderar la alcald\u00eda.<\/p>\n\n\n\n<p>A pesar de haber sido ratificada en su puesto tras la reelecci\u00f3n de Cruz con un abrumador 70% de los votos, Custodio decidi\u00f3 dar un paso al costado, dejando el camino libre para que el PRM resuelva el vac\u00edo de poder.<\/p>\n\n\n\n<p>En este contexto, Mart\u00ednez se ha visto catapultado a un cargo que, seg\u00fan sus propias palabras, asume con humildad y estoicismo. Con una vasta experiencia municipal que incluye 12 a\u00f1os como director de Planeamiento Urbano bajo la gesti\u00f3n de Fausto Ruiz, Mart\u00ednez ha sido un pilar en el equipo de Cruz, lo que le otorga una s\u00f3lida base para mantener la continuidad del programa de gobierno municipal.<\/p>\n\n\n\n<p>&#8220;Nosotros seguimos trabajando bajo el plan de desarrollo municipal y el programa de obras y proyectos de gesti\u00f3n presentado por Kelvin Cruz&#8221;, declar\u00f3 Mart\u00ednez al tomar las riendas de la alcald\u00eda.<\/p>\n\n\n\n<p>Su enfoque, claramente delineado, es el de preservar la estructura y operativa del equipo municipal, sin introducir cambios que puedan alterar los proyectos ya en marcha.<\/p>\n\n\n\n<p>La ley dominicana, en su P\u00e1rrafo II del Art\u00edculo 64 de la Ley 176-04 del Distrito Nacional y los Municipios, establece que en casos como el presente, es el secretario general quien debe asumir provisionalmente las funciones de alcalde, hasta que se nombre un sustituto definitivo.<\/p>\n\n\n\n<p>As\u00ed, Mart\u00ednez, con su profundo conocimiento de la gesti\u00f3n municipal y su cercan\u00eda con Cruz, se perfila como una figura clave para mantener la estabilidad en La Vega durante este periodo de transici\u00f3n.<\/p>\n\n\n\n<p>Mientras, La Vega espera la decisi\u00f3n final del PRM y del presidente Abinader, la gesti\u00f3n de Mart\u00ednez se presenta como una continuaci\u00f3n natural de la obra de Cruz, con la promesa de no desviar el rumbo trazado por su predecesor.<\/p>\n\n\n\n<p>En un momento en el que la pol\u00edtica local est\u00e1 en plena efervescencia, Mart\u00ednez se convierte en el guardi\u00e1n de un legado que, seg\u00fan sus propias palabras, solo necesita ser continuado.<\/p>\n\n\n\n<p><strong>Fuente Diario Cibao<\/strong><\/p>\n","protected":false},"excerpt":{"rendered":"<p>Joel Mart\u00ednez asume provisionalmente la alcald\u00eda de La Vega tras la renuncia de Amparo Custodio. Mantendr\u00e1 la continuidad del plan de desarrollo municipal establecido por su predecesor, Kelvin Cruz. Por&hellip;<\/p>\n","protected":false},"author":2,"featured_media":87913,"comment_status":"open","ping_status":"open","sticky":false,"template":"","format":"standard","meta":{"content-type":"","jetpack_post_was_ever_published":false,"_jetpack_newsletter_access":"","_jetpack_dont_email_post_to_subs":false,"_jetpack_newsletter_tier_id":0,"_jetpack_memberships_contains_paywalled_content":false,"_jetpack_memberships_contains_paid_content":false,"footnotes":""},"categories":[25],"tags":[869,14920,7081,14919,940,2407],"class_list":["post-87912","post","type-post","status-publish","format-standard","has-post-thumbnail","hentry","category-portada","tag-alcaldia","tag-amparo-custodio","tag-asume","tag-joel-martinez","tag-la-vega","tag-renuncia"],"jetpack_featured_media_url":"https:\/\/lasprimeras.com.do\/wp-content\/uploads\/2024\/08\/JOEL-MARTINEZ.jpg","jetpack-related-posts":[{"id":87991,"url":"https:\/\/lasprimeras.com.do\/index.php\/2024\/08\/19\/amparo-custodio-renuncia-a-vicealcaldia-de-la-vega-y-no-asumira-el-cabildo-ante-la-salida-de-kelvin-cruz\/","url_meta":{"origin":87912,"position":0},"title":"Amparo Custodio renuncia a vicealcald\u00eda de La Vega y no asumir\u00e1 el cabildo ante la salida de Kelvin Cruz","author":"Nelson Feliz","date":"19 de agosto de 2024","format":false,"excerpt":"La vicealcaldesa de La Vega, Amparo Custodio, renunci\u00f3 a su cargo, lo que la excluye de ser alcaldesa de ese municipio, tras la designaci\u00f3n del s\u00edndico Kelvin Cruz como ministro de Deportes y Recreaci\u00f3n. A trav\u00e9s de un comunicado, la dirigente del Frente Amplio indic\u00f3 que a pesar de que\u2026","rel":"","context":"En \u00abPORTADA\u00bb","block_context":{"text":"PORTADA","link":"https:\/\/lasprimeras.com.do\/index.php\/category\/portada\/"},"img":{"alt_text":"Amparo Custodio, al centro, al momento de anunciar su renuncia. A la derecha, Mar\u00eda Teresa Cabrera, presidente del Frente Amplio y a la izquierda Heidi Adon, secretaria generalExterna","src":"https:\/\/i0.wp.com\/lasprimeras.com.do\/wp-content\/uploads\/2024\/08\/Amparo-Custodio.jpeg?resize=350%2C200&ssl=1","width":350,"height":200,"srcset":"https:\/\/i0.wp.com\/lasprimeras.com.do\/wp-content\/uploads\/2024\/08\/Amparo-Custodio.jpeg?resize=350%2C200&ssl=1 1x, https:\/\/i0.wp.com\/lasprimeras.com.do\/wp-content\/uploads\/2024\/08\/Amparo-Custodio.jpeg?resize=525%2C300&ssl=1 1.5x, https:\/\/i0.wp.com\/lasprimeras.com.do\/wp-content\/uploads\/2024\/08\/Amparo-Custodio.jpeg?resize=700%2C400&ssl=1 2x"},"classes":[]},{"id":91158,"url":"https:\/\/lasprimeras.com.do\/index.php\/2024\/11\/10\/fp-rechaza-designacion-de-amparo-custodio-como-alcaldesa-de-la-vega\/","url_meta":{"origin":87912,"position":1},"title":"FP rechaza designaci\u00f3n de Amparo Custodio como alcaldesa de La Vega","author":"Nelson Feliz","date":"10 de noviembre de 2024","format":false,"excerpt":"Advierten que si asume Alcald\u00eda estar\u00eda usurpando funciones. El partido Fuerza del Pueblo (FP) expres\u00f3 su rechazo a la designaci\u00f3n de Amparo Custodio como alcaldesa del municipio de La Vega y pidi\u00f3 que esta se abstenga de asumir el cargo, pues estar\u00eda usurpando funciones. La posici\u00f3n del partido liderado por\u2026","rel":"","context":"En \u00abSin categor\u00eda\u00bb","block_context":{"text":"Sin categor\u00eda","link":"https:\/\/lasprimeras.com.do\/index.php\/category\/sin-categoria\/"},"img":{"alt_text":"Ignacio Ditren","src":"https:\/\/i0.wp.com\/lasprimeras.com.do\/wp-content\/uploads\/2024\/11\/Ignacio-Ditren.jpg?resize=350%2C200&ssl=1","width":350,"height":200,"srcset":"https:\/\/i0.wp.com\/lasprimeras.com.do\/wp-content\/uploads\/2024\/11\/Ignacio-Ditren.jpg?resize=350%2C200&ssl=1 1x, https:\/\/i0.wp.com\/lasprimeras.com.do\/wp-content\/uploads\/2024\/11\/Ignacio-Ditren.jpg?resize=525%2C300&ssl=1 1.5x, https:\/\/i0.wp.com\/lasprimeras.com.do\/wp-content\/uploads\/2024\/11\/Ignacio-Ditren.jpg?resize=700%2C400&ssl=1 2x"},"classes":[]},{"id":87988,"url":"https:\/\/lasprimeras.com.do\/index.php\/2024\/08\/20\/maria-teresa-cabrera-el-prm-presiono-a-vicealcaldesa-de-la-vega-para-que-renuncie\/","url_meta":{"origin":87912,"position":2},"title":"Mar\u00eda Teresa Cabrera: \u201cEl PRM presion\u00f3 a vicealcaldesa de La Vega para que renuncie\u201d","author":"Nelson Feliz","date":"20 de agosto de 2024","format":false,"excerpt":"La presidenta del Frente Amplio, Mar\u00eda Teresa Cabrera, manifest\u00f3 que la renuncia de la vicealcaldesa de La Vega, Amparo Custodio, para no dirigir ese ayuntamiento, se debi\u00f3 a presiones de miembros del Partido Revolucionario Moderno (PRM) en ese municipio. Cabrera, dijo que militantes y figuras que gravitan en el partido\u2026","rel":"","context":"En \u00abPORTADA\u00bb","block_context":{"text":"PORTADA","link":"https:\/\/lasprimeras.com.do\/index.php\/category\/portada\/"},"img":{"alt_text":"Mar\u00eda Teresa Cabrera","src":"https:\/\/i0.wp.com\/lasprimeras.com.do\/wp-content\/uploads\/2024\/08\/Maria-Teresa-Cabrera.jpg?resize=350%2C200&ssl=1","width":350,"height":200,"srcset":"https:\/\/i0.wp.com\/lasprimeras.com.do\/wp-content\/uploads\/2024\/08\/Maria-Teresa-Cabrera.jpg?resize=350%2C200&ssl=1 1x, https:\/\/i0.wp.com\/lasprimeras.com.do\/wp-content\/uploads\/2024\/08\/Maria-Teresa-Cabrera.jpg?resize=525%2C300&ssl=1 1.5x, https:\/\/i0.wp.com\/lasprimeras.com.do\/wp-content\/uploads\/2024\/08\/Maria-Teresa-Cabrera.jpg?resize=700%2C400&ssl=1 2x, https:\/\/i0.wp.com\/lasprimeras.com.do\/wp-content\/uploads\/2024\/08\/Maria-Teresa-Cabrera.jpg?resize=1050%2C600&ssl=1 3x"},"classes":[]},{"id":91064,"url":"https:\/\/lasprimeras.com.do\/index.php\/2024\/11\/08\/teodoro-considera-solucion-a-la-crisis-institucional-alcaldia-de-la-vega\/","url_meta":{"origin":87912,"position":3},"title":"Teodoro considera soluci\u00f3n a la crisis institucional alcald\u00eda de La Vega","author":"Nelson Feliz","date":"8 de noviembre de 2024","format":false,"excerpt":"El ex presidente del Colegio de Ingenieros, Arquitectos y Agrimensores \u2013CODIA- Ing. Teodoro Tejada favoreci\u00f3 la decisi\u00f3n de la Sala Capitular de la alcald\u00eda del municipio de La Vega, de dejar sin efecto la renuncia que hab\u00eda presentado al cargo la vice alcaldesa Amparo Custodio, para que asuma las funciones\u2026","rel":"","context":"En \u00abPORTADA\u00bb","block_context":{"text":"PORTADA","link":"https:\/\/lasprimeras.com.do\/index.php\/category\/portada\/"},"img":{"alt_text":"","src":"https:\/\/i0.wp.com\/lasprimeras.com.do\/wp-content\/uploads\/2024\/11\/Teodoro-Tejada.jpg?resize=350%2C200&ssl=1","width":350,"height":200,"srcset":"https:\/\/i0.wp.com\/lasprimeras.com.do\/wp-content\/uploads\/2024\/11\/Teodoro-Tejada.jpg?resize=350%2C200&ssl=1 1x, https:\/\/i0.wp.com\/lasprimeras.com.do\/wp-content\/uploads\/2024\/11\/Teodoro-Tejada.jpg?resize=525%2C300&ssl=1 1.5x"},"classes":[]},{"id":88517,"url":"https:\/\/lasprimeras.com.do\/index.php\/2024\/08\/29\/renuncias-en-alcaldia-de-la-vega-dejan-atras-vocacion-de-servicio\/","url_meta":{"origin":87912,"position":4},"title":"Renuncias en alcald\u00eda de La Vega dejan atr\u00e1s vocaci\u00f3n de servicio","author":"Nelson Feliz","date":"29 de agosto de 2024","format":false,"excerpt":"Es una decepci\u00f3n y un mal ejemplo que el alcalde Kelvin Cruz renunciara a la alcald\u00eda de La Vega, afirma Bol\u00edvar Marte, presidente provincial del PLD. El presidente provincial del Partido de la Liberaci\u00f3n Dominicana en La Vega, Bol\u00edvar Marte, consider\u00f3 como una decepci\u00f3n para los veganos la renuncia del\u2026","rel":"","context":"En \u00abPORTADA\u00bb","block_context":{"text":"PORTADA","link":"https:\/\/lasprimeras.com.do\/index.php\/category\/portada\/"},"img":{"alt_text":"Bol\u00edvar Marte","src":"https:\/\/i0.wp.com\/lasprimeras.com.do\/wp-content\/uploads\/2024\/08\/Bolivar-Marte.jpg?resize=350%2C200&ssl=1","width":350,"height":200,"srcset":"https:\/\/i0.wp.com\/lasprimeras.com.do\/wp-content\/uploads\/2024\/08\/Bolivar-Marte.jpg?resize=350%2C200&ssl=1 1x, https:\/\/i0.wp.com\/lasprimeras.com.do\/wp-content\/uploads\/2024\/08\/Bolivar-Marte.jpg?resize=525%2C300&ssl=1 1.5x, https:\/\/i0.wp.com\/lasprimeras.com.do\/wp-content\/uploads\/2024\/08\/Bolivar-Marte.jpg?resize=700%2C400&ssl=1 2x"},"classes":[]},{"id":90569,"url":"https:\/\/lasprimeras.com.do\/index.php\/2024\/10\/24\/jce-analiza-dos-peticiones-para-resolver-impasse-en-la-alcaldia-de-la-vega\/","url_meta":{"origin":87912,"position":5},"title":"JCE analiza dos peticiones para resolver impasse en la Alcald\u00eda de La Vega","author":"Nelson Feliz","date":"24 de octubre de 2024","format":false,"excerpt":"El PRM y la oposici\u00f3n mantienen puntos diferentes sobre la vacante en esa demarcaci\u00f3n. La Junta Central Electoral (JCE) estudia dos instancias sobre la Alcald\u00eda de La Vega, donde todav\u00eda no se ha llenado la vacante dejada por Kelvin Cruz, quien renunci\u00f3 tras ser designado ministro de Deportes por el\u2026","rel":"","context":"En \u00abPORTADA\u00bb","block_context":{"text":"PORTADA","link":"https:\/\/lasprimeras.com.do\/index.php\/category\/portada\/"},"img":{"alt_text":"","src":"https:\/\/i0.wp.com\/lasprimeras.com.do\/wp-content\/uploads\/2023\/11\/Roman-Jaquez.jpg?resize=350%2C200&ssl=1","width":350,"height":200},"classes":[]}],"jetpack_sharing_enabled":true,"_links":{"self":[{"href":"https:\/\/lasprimeras.com.do\/index.php\/wp-json\/wp\/v2\/posts\/87912","targetHints":{"allow":["GET"]}}],"collection":[{"href":"https:\/\/lasprimeras.com.do\/index.php\/wp-json\/wp\/v2\/posts"}],"about":[{"href":"https:\/\/lasprimeras.com.do\/index.php\/wp-json\/wp\/v2\/types\/post"}],"author":[{"embeddable":true,"href":"https:\/\/lasprimeras.com.do\/index.php\/wp-json\/wp\/v2\/users\/2"}],"replies":[{"embeddable":true,"href":"https:\/\/lasprimeras.com.do\/index.php\/wp-json\/wp\/v2\/comments?post=87912"}],"version-history":[{"count":2,"href":"https:\/\/lasprimeras.com.do\/index.php\/wp-json\/wp\/v2\/posts\/87912\/revisions"}],"predecessor-version":[{"id":87930,"href":"https:\/\/lasprimeras.com.do\/index.php\/wp-json\/wp\/v2\/posts\/87912\/revisions\/87930"}],"wp:featuredmedia":[{"embeddable":true,"href":"https:\/\/lasprimeras.com.do\/index.php\/wp-json\/wp\/v2\/media\/87913"}],"wp:attachment":[{"href":"https:\/\/lasprimeras.com.do\/index.php\/wp-json\/wp\/v2\/media?parent=87912"}],"wp:term":[{"taxonomy":"category","embeddable":true,"href":"https:\/\/lasprimeras.com.do\/index.php\/wp-json\/wp\/v2\/categories?post=87912"},{"taxonomy":"post_tag","embeddable":true,"href":"https:\/\/lasprimeras.com.do\/index.php\/wp-json\/wp\/v2\/tags?post=87912"}],"curies":[{"name":"wp","href":"https:\/\/api.w.org\/{rel}","templated":true}]}}