{"id":87915,"date":"2024-08-19T18:37:38","date_gmt":"2024-08-19T22:37:38","guid":{"rendered":"https:\/\/lasprimeras.com.do\/?p=87915"},"modified":"2024-08-19T18:37:40","modified_gmt":"2024-08-19T22:37:40","slug":"digega-refuerza-apoyo-a-productores-ovicaprinos-en-pedernales","status":"publish","type":"post","link":"https:\/\/lasprimeras.com.do\/index.php\/2024\/08\/19\/digega-refuerza-apoyo-a-productores-ovicaprinos-en-pedernales\/","title":{"rendered":"DIGEGA refuerza apoyo a productores ovicaprinos en Pedernales"},"content":{"rendered":"\n<p>En su continuo esfuerzo por fortalecer y tecnificar la crianza de ovinos y caprinos en la regi\u00f3n Sur del pa\u00eds, la Direcci\u00f3n General de Ganader\u00eda (DIGEGA) ha llevado a cabo una importante entrega de recursos en la provincia de Pedernales.<\/p>\n\n\n\n<p>Esta iniciativa forma parte del &#8220;Proyecto 02 de Fortalecimiento de la Crianza Ovicaprina en la Zona Fronteriza&#8221;, destinado a impulsar el desarrollo y cuidado de la producci\u00f3n en esta \u00e1rea clave.<\/p>\n\n\n\n<p>El director general de Ganader\u00eda, doctor Abel Madera, encabez\u00f3 la entrega de un total de RD$ 1,820,000.00 en recursos, que incluyen 19 padrotes de ovejos y chivos de pura raza, adem\u00e1s de materiales para la construcci\u00f3n de 15 enramadas, corrales, y otros implementos esenciales como mallas, clavos, alucines, grapas y alambres de p\u00faas.<\/p>\n\n\n\n<p>Durante el acto, Madera resalt\u00f3 el compromiso de la instituci\u00f3n con la mejora de la calidad en la crianza de ovinos y caprinos, destacando que esta iniciativa responde a la directriz del presidente Luis Abinader de fortalecer la oferta de carne, leche, queso y otros productos derivados, fundamentales para el sector hotelero y tur\u00edstico en la zona.<\/p>\n\n\n\n<p>Adicionalmente, se anunci\u00f3 que los productores agropecuarios de la frontera con Pedernales recibir\u00e1n cursos de capacitaci\u00f3n en la elaboraci\u00f3n de productos l\u00e1cteos como quesos, yogures y borugas, ampliando as\u00ed sus oportunidades de desarrollo econ\u00f3mico.<\/p>\n\n\n\n<p>El evento cont\u00f3 tambi\u00e9n con la presencia del subdirector de DIGEGA, Milton N\u00fa\u00f1ez, y t\u00e9cnicos de la entidad, quienes reafirmaron el compromiso de brindar apoyo continuo a los productores a trav\u00e9s de formaci\u00f3n t\u00e9cnica y la donaci\u00f3n de equipos el\u00e9ctricos.<\/p>\n\n\n\n<p>Los beneficiarios expresaron su agradecimiento al presidente Luis Abinader y a la DIGEGA por su apoyo constante, que sigue siendo vital para el progreso de los productores en la regi\u00f3n sur del pa\u00eds.<\/p>\n","protected":false},"excerpt":{"rendered":"<p>En su continuo esfuerzo por fortalecer y tecnificar la crianza de ovinos y caprinos en la regi\u00f3n Sur del pa\u00eds, la Direcci\u00f3n General de Ganader\u00eda (DIGEGA) ha llevado a cabo&hellip;<\/p>\n","protected":false},"author":2,"featured_media":87916,"comment_status":"open","ping_status":"open","sticky":false,"template":"","format":"standard","meta":{"content-type":"","jetpack_post_was_ever_published":false,"_jetpack_newsletter_access":"","_jetpack_dont_email_post_to_subs":false,"_jetpack_newsletter_tier_id":0,"_jetpack_memberships_contains_paywalled_content":false,"_jetpack_memberships_contains_paid_content":false,"footnotes":""},"categories":[35],"tags":[2720,12296,12295,30,1217,75],"class_list":["post-87915","post","type-post","status-publish","format-standard","has-post-thumbnail","hentry","category-nacionales","tag-apoyo","tag-digega","tag-ovicaprinos","tag-pedernales","tag-productores","tag-refuerza"],"jetpack_featured_media_url":"https:\/\/lasprimeras.com.do\/wp-content\/uploads\/2024\/08\/DIGEGA.jpg","jetpack-related-posts":[{"id":79377,"url":"https:\/\/lasprimeras.com.do\/index.php\/2024\/03\/26\/digega-entrega-padrotes-de-ovicaprinos-en-la-feria-agropecuaria-nacional-2024\/","url_meta":{"origin":87915,"position":0},"title":"DIGEGA entrega padrotes de ovicaprinos en la \u201cFeria Agropecuaria Nacional 2024\u201d","author":"Nelson Feliz","date":"26 de marzo de 2024","format":false,"excerpt":"La Direcci\u00f3n General de Ganader\u00eda (DIGEGA) entreg\u00f3 150 padrotes de ovicaprinos, en el marco de la Feria Agropecuaria Nacional 2024, que se desarrolla\u00a0 del 8 al 17 de marzo. La entrega, que fue llevada a cabo en el stand que ocupa el Proyecto de Mejoramiento de la Ganader\u00eda en Rep\u00fablica\u2026","rel":"","context":"En \u00abNACIONALES\u00bb","block_context":{"text":"NACIONALES","link":"https:\/\/lasprimeras.com.do\/index.php\/category\/nacionales\/"},"img":{"alt_text":"Ovinocaprino","src":"https:\/\/i0.wp.com\/lasprimeras.com.do\/wp-content\/uploads\/2024\/03\/Ovinocaprino.jpg?resize=350%2C200&ssl=1","width":350,"height":200},"classes":[]},{"id":102033,"url":"https:\/\/lasprimeras.com.do\/index.php\/2025\/06\/30\/gobierno-indeniza-productores-porcinos-del-cibao-afectados-por-la-peste-africana\/","url_meta":{"origin":87915,"position":1},"title":"Gobierno indeniza productores porcinos del Cibao afectados por la peste africana","author":"Nelson Feliz","date":"30 de junio de 2025","format":false,"excerpt":"La Direcci\u00f3n General de Ganader\u00eda (DIGEGA) realiz\u00f3 este lunes la entrega formal de RD$80 millones en cheques a 29 productores porcinos de las provincias que forman la regi\u00f3n Cibao Central, como parte del plan de compensaci\u00f3n a quienes resultaron afectados por la peste porcina africana. El acto estuvo encabezado por\u2026","rel":"","context":"En \u00abECONOM\u00cdA\u00bb","block_context":{"text":"ECONOM\u00cdA","link":"https:\/\/lasprimeras.com.do\/index.php\/category\/economia\/"},"img":{"alt_text":"DIGEGA","src":"https:\/\/i0.wp.com\/lasprimeras.com.do\/wp-content\/uploads\/2025\/06\/DIGEGA-1.jpg?resize=350%2C200&ssl=1","width":350,"height":200,"srcset":"https:\/\/i0.wp.com\/lasprimeras.com.do\/wp-content\/uploads\/2025\/06\/DIGEGA-1.jpg?resize=350%2C200&ssl=1 1x, https:\/\/i0.wp.com\/lasprimeras.com.do\/wp-content\/uploads\/2025\/06\/DIGEGA-1.jpg?resize=525%2C300&ssl=1 1.5x, https:\/\/i0.wp.com\/lasprimeras.com.do\/wp-content\/uploads\/2025\/06\/DIGEGA-1.jpg?resize=700%2C400&ssl=1 2x"},"classes":[]},{"id":105116,"url":"https:\/\/lasprimeras.com.do\/index.php\/2025\/07\/30\/sanidad-avicola-refuerza-integracion-regional-con-apoyo-de-digega-y-oirsa\/","url_meta":{"origin":87915,"position":2},"title":"Sanidad Av\u00edcola refuerza integraci\u00f3n regional con apoyo de DIGEGA y OIRSA","author":"Nelson Feliz","date":"30 de julio de 2025","format":false,"excerpt":"La Comisi\u00f3n T\u00e9cnica Regional de Sanidad Av\u00edcola celebra, su reuni\u00f3n ordinaria en Rep\u00fablica Dominicana, consolidando la cooperaci\u00f3n entre los ocho pa\u00edses miembros: Belice, Guatemala, Honduras, El Salvador, Nicaragua, Costa Rica, Panam\u00e1 y Rep\u00fablica Dominicana. El evento es organizado con el respaldo del Organismo Internacional Regional de Sanidad Agropecuaria (OIRSA), la\u2026","rel":"","context":"En \u00abNACIONALES\u00bb","block_context":{"text":"NACIONALES","link":"https:\/\/lasprimeras.com.do\/index.php\/category\/nacionales\/"},"img":{"alt_text":"","src":"https:\/\/i0.wp.com\/lasprimeras.com.do\/wp-content\/uploads\/2025\/07\/reunion-ordinaria.jpg?resize=350%2C200&ssl=1","width":350,"height":200,"srcset":"https:\/\/i0.wp.com\/lasprimeras.com.do\/wp-content\/uploads\/2025\/07\/reunion-ordinaria.jpg?resize=350%2C200&ssl=1 1x, https:\/\/i0.wp.com\/lasprimeras.com.do\/wp-content\/uploads\/2025\/07\/reunion-ordinaria.jpg?resize=525%2C300&ssl=1 1.5x, https:\/\/i0.wp.com\/lasprimeras.com.do\/wp-content\/uploads\/2025\/07\/reunion-ordinaria.jpg?resize=700%2C400&ssl=1 2x"},"classes":[]},{"id":106428,"url":"https:\/\/lasprimeras.com.do\/index.php\/2025\/08\/14\/gobierno-refuerza-apoyo-economico-a-pequenos-porcicultores-afectados-por-la-peste-porcina-africana\/","url_meta":{"origin":87915,"position":3},"title":"Gobierno refuerza apoyo econ\u00f3mico a peque\u00f1os porcicultores afectados por la Peste Porcina Africana","author":"Nelson Feliz","date":"14 de agosto de 2025","format":false,"excerpt":"La Direcci\u00f3n General de Ganader\u00eda (Digega) reforz\u00f3 el apoyo econ\u00f3mico a peque\u00f1os productores porcinos de distintas provincias del pa\u00eds que fueron afectados por la Peste Porcina Africana (PPA). La iniciativa que cuenta con una inversi\u00f3n total de RD$ 110 millones en una primera etapa forma parte del programa de compensaci\u00f3n\u2026","rel":"","context":"En \u00abECONOM\u00cdA\u00bb","block_context":{"text":"ECONOM\u00cdA","link":"https:\/\/lasprimeras.com.do\/index.php\/category\/economia\/"},"img":{"alt_text":"","src":"https:\/\/i0.wp.com\/lasprimeras.com.do\/wp-content\/uploads\/2025\/08\/digega.jpg?resize=350%2C200&ssl=1","width":350,"height":200,"srcset":"https:\/\/i0.wp.com\/lasprimeras.com.do\/wp-content\/uploads\/2025\/08\/digega.jpg?resize=350%2C200&ssl=1 1x, https:\/\/i0.wp.com\/lasprimeras.com.do\/wp-content\/uploads\/2025\/08\/digega.jpg?resize=525%2C300&ssl=1 1.5x, https:\/\/i0.wp.com\/lasprimeras.com.do\/wp-content\/uploads\/2025\/08\/digega.jpg?resize=700%2C400&ssl=1 2x"},"classes":[]},{"id":99167,"url":"https:\/\/lasprimeras.com.do\/index.php\/2025\/05\/18\/digega-inicia-pago-de-indemnizacion-a-productores-porcinos-afectados-por-la-ppa\/","url_meta":{"origin":87915,"position":4},"title":"DIGEGA inicia pago de indemnizaci\u00f3n a productores porcinos afectados por la PPA","author":"Nelson Feliz","date":"18 de mayo de 2025","format":false,"excerpt":"La Direcci\u00f3n General de Ganader\u00eda (DIGEGA) en coordinaci\u00f3n con la Tesorer\u00eda Nacional comenz\u00f3 el proceso de pago de indemnizaciones a los productores porcinos cuyos animales fueron sacrificados debido al brote de Peste Porcina Africana (PPA). En esta primera fase, se entregar\u00e1n 60 cheques a criadores que ya han sido debidamente\u2026","rel":"","context":"En \u00abECONOM\u00cdA\u00bb","block_context":{"text":"ECONOM\u00cdA","link":"https:\/\/lasprimeras.com.do\/index.php\/category\/economia\/"},"img":{"alt_text":"","src":"https:\/\/i0.wp.com\/lasprimeras.com.do\/wp-content\/uploads\/2025\/05\/pago.jpg?resize=350%2C200&ssl=1","width":350,"height":200,"srcset":"https:\/\/i0.wp.com\/lasprimeras.com.do\/wp-content\/uploads\/2025\/05\/pago.jpg?resize=350%2C200&ssl=1 1x, https:\/\/i0.wp.com\/lasprimeras.com.do\/wp-content\/uploads\/2025\/05\/pago.jpg?resize=525%2C300&ssl=1 1.5x"},"classes":[]},{"id":112143,"url":"https:\/\/lasprimeras.com.do\/index.php\/2025\/10\/17\/ganaderia-indemniza-a-porcicultores-afectados-por-la-peste-porcina-africana\/","url_meta":{"origin":87915,"position":5},"title":"Ganader\u00eda indemniza a porcicultores afectados por la Peste Porcina Africana","author":"Nelson Feliz","date":"17 de octubre de 2025","format":false,"excerpt":"La Direcci\u00f3n General de Ganader\u00eda (DIGEGA), entreg\u00f3 este viernes m\u00e1s de RD$130 millones en cheques de indemnizaci\u00f3n a porcicultores de diferentes zonas del pa\u00eds, como parte del compromiso asumido por el gobierno para compensar a los productores afectados por la Peste Porcina Africana (PPA). La entrega, realizada en un acto\u2026","rel":"","context":"En \u00abECONOM\u00cdA\u00bb","block_context":{"text":"ECONOM\u00cdA","link":"https:\/\/lasprimeras.com.do\/index.php\/category\/economia\/"},"img":{"alt_text":"","src":"https:\/\/i0.wp.com\/lasprimeras.com.do\/wp-content\/uploads\/2025\/10\/CHEQUES-1.jpg?resize=350%2C200&ssl=1","width":350,"height":200,"srcset":"https:\/\/i0.wp.com\/lasprimeras.com.do\/wp-content\/uploads\/2025\/10\/CHEQUES-1.jpg?resize=350%2C200&ssl=1 1x, https:\/\/i0.wp.com\/lasprimeras.com.do\/wp-content\/uploads\/2025\/10\/CHEQUES-1.jpg?resize=525%2C300&ssl=1 1.5x, https:\/\/i0.wp.com\/lasprimeras.com.do\/wp-content\/uploads\/2025\/10\/CHEQUES-1.jpg?resize=700%2C400&ssl=1 2x"},"classes":[]}],"jetpack_sharing_enabled":true,"_links":{"self":[{"href":"https:\/\/lasprimeras.com.do\/index.php\/wp-json\/wp\/v2\/posts\/87915","targetHints":{"allow":["GET"]}}],"collection":[{"href":"https:\/\/lasprimeras.com.do\/index.php\/wp-json\/wp\/v2\/posts"}],"about":[{"href":"https:\/\/lasprimeras.com.do\/index.php\/wp-json\/wp\/v2\/types\/post"}],"author":[{"embeddable":true,"href":"https:\/\/lasprimeras.com.do\/index.php\/wp-json\/wp\/v2\/users\/2"}],"replies":[{"embeddable":true,"href":"https:\/\/lasprimeras.com.do\/index.php\/wp-json\/wp\/v2\/comments?post=87915"}],"version-history":[{"count":1,"href":"https:\/\/lasprimeras.com.do\/index.php\/wp-json\/wp\/v2\/posts\/87915\/revisions"}],"predecessor-version":[{"id":87917,"href":"https:\/\/lasprimeras.com.do\/index.php\/wp-json\/wp\/v2\/posts\/87915\/revisions\/87917"}],"wp:featuredmedia":[{"embeddable":true,"href":"https:\/\/lasprimeras.com.do\/index.php\/wp-json\/wp\/v2\/media\/87916"}],"wp:attachment":[{"href":"https:\/\/lasprimeras.com.do\/index.php\/wp-json\/wp\/v2\/media?parent=87915"}],"wp:term":[{"taxonomy":"category","embeddable":true,"href":"https:\/\/lasprimeras.com.do\/index.php\/wp-json\/wp\/v2\/categories?post=87915"},{"taxonomy":"post_tag","embeddable":true,"href":"https:\/\/lasprimeras.com.do\/index.php\/wp-json\/wp\/v2\/tags?post=87915"}],"curies":[{"name":"wp","href":"https:\/\/api.w.org\/{rel}","templated":true}]}}