{"id":87936,"date":"2024-08-19T23:34:29","date_gmt":"2024-08-20T03:34:29","guid":{"rendered":"https:\/\/lasprimeras.com.do\/?p=87936"},"modified":"2024-08-19T23:34:31","modified_gmt":"2024-08-20T03:34:31","slug":"dharuelly-daza-es-la-nueva-vicepresidenta-de-la-camara-de-diputados","status":"publish","type":"post","link":"https:\/\/lasprimeras.com.do\/index.php\/2024\/08\/19\/dharuelly-daza-es-la-nueva-vicepresidenta-de-la-camara-de-diputados\/","title":{"rendered":"Dharuelly D\u00b4Aza es la nueva vicepresidenta de la C\u00e1mara de Diputados"},"content":{"rendered":"\n<p>La diputada Dharuelly D\u00b4Aza hija del presidente de la Liga Municipal Dominicana(LMD) V\u00edctor D\u00b4Aza, fue juramentada como vicepresidenta de la C\u00e1mara de Diputados en una ceremonia celebrada en el Congreso Nacional.<\/p>\n\n\n\n<p>La representante de la circunscripci\u00f3n 1 de Santiago y miembro del Partido Revolucionario Moderno (PRM), al asumir este nuevo rol se comprometi\u00f3 a trabajar con firmeza por el bienestar de todos los dominicanos.<\/p>\n\n\n\n<p>D\u00b4Aza agradeci\u00f3 a sus colegas y al presidente de la C\u00e1mara Baja, Alfredo Pacheco, por la confianza y el apoyo un\u00e1nime recibido.<\/p>\n\n\n\n<p>Subray\u00f3 el honor de representar a Santiago y a sus comunidades en este nuevo rol y reconoci\u00f3 el papel esencial de sus compa\u00f1eros en este proceso.<\/p>\n\n\n\n<p>Asimismo, reafirm\u00f3 su compromiso de trabajar con dedicaci\u00f3n y responsabilidad para impulsar iniciativas que beneficien a todos los ciudadanos de su circunscripci\u00f3n, siempre poniendo los intereses de la naci\u00f3n por encima de todo.<\/p>\n\n\n\n<p>\u201cEste fue un momento crucial para nuestro pa\u00eds, y como vicepresidenta de la C\u00e1mara de Diputados, me compromet\u00ed plenamente a hacer o\u00edr la voz de nuestra gente\u201d, declar\u00f3 la legisladora.<\/p>\n\n\n\n<p><strong>Vida profesional<\/strong><\/p>\n\n\n\n<p>Dharuelly D\u00b4Aza es m\u00e9dica de profesi\u00f3n, destacada por su labor en salud p\u00fablica y sus esfuerzos legislativos en favor de la equidad y el progreso social.<\/p>\n\n\n\n<p>Se gradu\u00f3 en Medicina General en la PUCMM de Santiago y complet\u00f3 especializaciones en Medicina Interna en la Cl\u00ednica Corominas, as\u00ed como en endocrinolog\u00eda e infertilidad. Adem\u00e1s, la diputada tiene experiencia como locutora profesional y pedagoga en ingl\u00e9s.<\/p>\n\n\n\n<p>Es importante resaltar que, durante la pandemia de COVID-19, desempe\u00f1\u00f3 un papel fundamental al dirigir el \u00e1rea de Medicina Interna en la zona de aislamiento del Hospital Regional Jos\u00e9 Mar\u00eda Cabral y B\u00e1ez.<\/p>\n\n\n\n<p>En esta labor, colabor\u00f3 estrechamente con un equipo multidisciplinario, coordinando la atenci\u00f3n m\u00e9dica en una de las unidades m\u00e1s cr\u00edticas de la emergencia sanitaria.<\/p>\n\n\n\n<p>Como madre y esposa, D\u00b4Aza enfatiz\u00f3 la importancia de equilibrar su vida profesional y personal, mencionando c\u00f3mo estos roles la inspiraron a ser una mejor servidora p\u00fablica.<br>\u201cMi familia fue mi mayor apoyo y fortaleza. Entend\u00ed las necesidades de nuestras familias y trabaj\u00e9 sin descanso para mejorar su calidad de vida\u201d, a\u00f1adi\u00f3.<\/p>\n\n\n\n<p>Su elecci\u00f3n como vicepresidenta fue vista como un reconocimiento a su liderazgo, dedicaci\u00f3n y capacidad para enfrentar los desaf\u00edos del pa\u00eds. A lo largo de su carrera, combin\u00f3 su experiencia m\u00e9dica con su pasi\u00f3n por el servicio p\u00fablico, ganando el respeto y admiraci\u00f3n de sus electores.<\/p>\n\n\n\n<p>Con la incorporaci\u00f3n de D\u00b4Aza como vicepresidenta, la C\u00e1mara de Diputados abri\u00f3 un nuevo cap\u00edtulo de liderazgo enfocado en la transparencia, inclusi\u00f3n y progreso para todos los dominicanos.<\/p>\n","protected":false},"excerpt":{"rendered":"<p>La diputada Dharuelly D\u00b4Aza hija del presidente de la Liga Municipal Dominicana(LMD) V\u00edctor D\u00b4Aza, fue juramentada como vicepresidenta de la C\u00e1mara de Diputados en una ceremonia celebrada en el Congreso&hellip;<\/p>\n","protected":false},"author":2,"featured_media":87937,"comment_status":"open","ping_status":"open","sticky":false,"template":"","format":"standard","meta":{"content-type":"","jetpack_post_was_ever_published":false,"_jetpack_newsletter_access":"","_jetpack_dont_email_post_to_subs":false,"_jetpack_newsletter_tier_id":0,"_jetpack_memberships_contains_paywalled_content":false,"_jetpack_memberships_contains_paid_content":false,"footnotes":""},"categories":[1],"tags":[1102,14924,2874],"class_list":["post-87936","post","type-post","status-publish","format-standard","has-post-thumbnail","hentry","category-sin-categoria","tag-camara-de-diputados","tag-dharuelly-daza","tag-vicepresidenta"],"jetpack_featured_media_url":"https:\/\/lasprimeras.com.do\/wp-content\/uploads\/2024\/08\/Dharuelly-D\u00b4Aza.jpg","jetpack-related-posts":[{"id":105073,"url":"https:\/\/lasprimeras.com.do\/index.php\/2025\/07\/30\/vicepresidenta-camara-de-diputados-es-necesaria-la-reforma-fiscal\/","url_meta":{"origin":87936,"position":0},"title":"Vicepresidenta C\u00e1mara de Diputados: \u201cEs necesaria la reforma fiscal\u201d","author":"Nelson Feliz","date":"30 de julio de 2025","format":false,"excerpt":"La vicepresidenta de la C\u00e1mara de Diputados, Dharuelly D\u2019Aza , expres\u00f3 este martes su respaldo a la propuesta de reforma fiscal, calific\u00e1ndola como necesaria para modernizar la econom\u00eda y fortalecer las finanzas p\u00fablicas de la Rep\u00fablica Dominicana. Aza afirm\u00f3 que, aunque el proyecto no fue conocido en su momento, probablemente\u2026","rel":"","context":"En \u00abECONOM\u00cdA\u00bb","block_context":{"text":"ECONOM\u00cdA","link":"https:\/\/lasprimeras.com.do\/index.php\/category\/economia\/"},"img":{"alt_text":"","src":"https:\/\/i0.wp.com\/lasprimeras.com.do\/wp-content\/uploads\/2025\/07\/REFORMA-FISCAL-768x432-1.jpg?resize=350%2C200&ssl=1","width":350,"height":200,"srcset":"https:\/\/i0.wp.com\/lasprimeras.com.do\/wp-content\/uploads\/2025\/07\/REFORMA-FISCAL-768x432-1.jpg?resize=350%2C200&ssl=1 1x, https:\/\/i0.wp.com\/lasprimeras.com.do\/wp-content\/uploads\/2025\/07\/REFORMA-FISCAL-768x432-1.jpg?resize=525%2C300&ssl=1 1.5x, https:\/\/i0.wp.com\/lasprimeras.com.do\/wp-content\/uploads\/2025\/07\/REFORMA-FISCAL-768x432-1.jpg?resize=700%2C400&ssl=1 2x"},"classes":[]},{"id":104265,"url":"https:\/\/lasprimeras.com.do\/index.php\/2025\/07\/22\/ricardo-de-los-santos-y-alfredo-pacheco-seguiran-al-frente-del-senado-y-camara-de-diputados\/","url_meta":{"origin":87936,"position":1},"title":"Ricardo de los Santos y Alfredo Pacheco seguir\u00e1n al frente del Senado y C\u00e1mara de Diputados","author":"Nelson Feliz","date":"22 de julio de 2025","format":false,"excerpt":"La Direcci\u00f3n Ejecutiva del PRM los confirm\u00f3 junto a sus respectivos equipos. La direcci\u00f3n ejecutiva del Partido Revolucionario Moderno (PRM) decidi\u00f3 ratificar a sus legisladores la continuidad de los actuales bufetes directivos del Senado de la Rep\u00fablica y la C\u00e1mara de Diputados. De acuerdo a una nota de prensa, el\u2026","rel":"","context":"En \u00abPOLITICA\u00bb","block_context":{"text":"POLITICA","link":"https:\/\/lasprimeras.com.do\/index.php\/category\/politica\/"},"img":{"alt_text":"","src":"https:\/\/i0.wp.com\/lasprimeras.com.do\/wp-content\/uploads\/2025\/07\/prm.jpg?resize=350%2C200&ssl=1","width":350,"height":200,"srcset":"https:\/\/i0.wp.com\/lasprimeras.com.do\/wp-content\/uploads\/2025\/07\/prm.jpg?resize=350%2C200&ssl=1 1x, https:\/\/i0.wp.com\/lasprimeras.com.do\/wp-content\/uploads\/2025\/07\/prm.jpg?resize=525%2C300&ssl=1 1.5x, https:\/\/i0.wp.com\/lasprimeras.com.do\/wp-content\/uploads\/2025\/07\/prm.jpg?resize=700%2C400&ssl=1 2x"},"classes":[]},{"id":103690,"url":"https:\/\/lasprimeras.com.do\/index.php\/2025\/07\/17\/victor-daza-valora-como-positiva-la-modificacion-ley-225-20-aprobada-en-camara-de-diputados\/","url_meta":{"origin":87936,"position":2},"title":"V\u00edctor D\u00b4Aza valora como positiva la modificaci\u00f3n Ley 225-20 aprobada en C\u00e1mara de Diputados","author":"Nelson Feliz","date":"17 de julio de 2025","format":false,"excerpt":"El presidente de la Liga Municipal Dominicana (LMD), V\u00edctor D\u00b4Aza, valor\u00f3 como positiva la aprobaci\u00f3n en segunda lectura del proyecto de ley que modifica la Ley 225-20 de Gesti\u00f3n Integral y Coprocesamiento de los Residuos S\u00f3lidos. D\u00b4Aza explic\u00f3 que, ante la necesidad de los gobiernos locales de contar con m\u00e1s\u2026","rel":"","context":"En \u00abNACIONALES\u00bb","block_context":{"text":"NACIONALES","link":"https:\/\/lasprimeras.com.do\/index.php\/category\/nacionales\/"},"img":{"alt_text":"","src":"https:\/\/i0.wp.com\/lasprimeras.com.do\/wp-content\/uploads\/2025\/07\/Victor-D%C2%B4Aza.jpg?resize=350%2C200&ssl=1","width":350,"height":200,"srcset":"https:\/\/i0.wp.com\/lasprimeras.com.do\/wp-content\/uploads\/2025\/07\/Victor-D%C2%B4Aza.jpg?resize=350%2C200&ssl=1 1x, https:\/\/i0.wp.com\/lasprimeras.com.do\/wp-content\/uploads\/2025\/07\/Victor-D%C2%B4Aza.jpg?resize=525%2C300&ssl=1 1.5x, https:\/\/i0.wp.com\/lasprimeras.com.do\/wp-content\/uploads\/2025\/07\/Victor-D%C2%B4Aza.jpg?resize=700%2C400&ssl=1 2x"},"classes":[]},{"id":115253,"url":"https:\/\/lasprimeras.com.do\/index.php\/2025\/11\/20\/valoran-de-positivo-en-ny-camara-diputados-rd-reconociera-a-prestante-dominicana-cristina-contreras\/","url_meta":{"origin":87936,"position":3},"title":"Valoran de positivo en NY C\u00e1mara Diputados RD reconociera a prestante dominicana Cristina Contreras","author":"Nelson Feliz","date":"20 de noviembre de 2025","format":false,"excerpt":"Por Ram\u00f3n Mercedes NUEVA YORK.- Dominicanos en esta ciudad valoraron de positivo el reconcomiendo que la C\u00e1mara de Diputados de la Rep\u00fablica Dominicana hiciera esta semana a Cristina Contreras, actual directora del Hospital Lincoln, en El Bronx, por su excelsa trayectoria y aportes en el sistema de salud p\u00fablica a\u2026","rel":"","context":"En \u00abLA VOZ DE LA DIASPORA\u00bb","block_context":{"text":"LA VOZ DE LA DIASPORA","link":"https:\/\/lasprimeras.com.do\/index.php\/category\/la-voz-de-la-diaspora\/"},"img":{"alt_text":"","src":"https:\/\/i0.wp.com\/lasprimeras.com.do\/wp-content\/uploads\/2025\/11\/Valoran-de-positivo-en-NY-Camara-Diputados-RD-reconociera-a-prestante-dominicana-Cristina-Contreras.jpeg?resize=350%2C200&ssl=1","width":350,"height":200,"srcset":"https:\/\/i0.wp.com\/lasprimeras.com.do\/wp-content\/uploads\/2025\/11\/Valoran-de-positivo-en-NY-Camara-Diputados-RD-reconociera-a-prestante-dominicana-Cristina-Contreras.jpeg?resize=350%2C200&ssl=1 1x, https:\/\/i0.wp.com\/lasprimeras.com.do\/wp-content\/uploads\/2025\/11\/Valoran-de-positivo-en-NY-Camara-Diputados-RD-reconociera-a-prestante-dominicana-Cristina-Contreras.jpeg?resize=525%2C300&ssl=1 1.5x"},"classes":[]},{"id":101216,"url":"https:\/\/lasprimeras.com.do\/index.php\/2025\/06\/17\/municipalidad-se-integra-al-pacto-nacional-de-seguridad-vial\/","url_meta":{"origin":87936,"position":4},"title":"Municipalidad se integra al Pacto Nacional de Seguridad Vial","author":"Nelson Feliz","date":"17 de junio de 2025","format":false,"excerpt":"En el marco de la celebraci\u00f3n del Congreso internacional \u201cTr\u00e1nsito, Movilidad y Seguridad Vial\u201d, la Liga Municipal Dominicana (LMD), el Instituto Nacional de Tr\u00e1nsito y Transporte Terrestre (INTRANT), el Instituto de Formaci\u00f3n T\u00e9cnico Profesional (INFOTEP) y la Federaci\u00f3n Dominicana de Municipios (FEDOMU), suscribieron un Compromiso por la Seguridad Vial en\u2026","rel":"","context":"En \u00abNACIONALES\u00bb","block_context":{"text":"NACIONALES","link":"https:\/\/lasprimeras.com.do\/index.php\/category\/nacionales\/"},"img":{"alt_text":"","src":"https:\/\/i0.wp.com\/lasprimeras.com.do\/wp-content\/uploads\/2025\/06\/Pacto-Nacional-de-Seguridad-Vial-1.jpg?resize=350%2C200&ssl=1","width":350,"height":200,"srcset":"https:\/\/i0.wp.com\/lasprimeras.com.do\/wp-content\/uploads\/2025\/06\/Pacto-Nacional-de-Seguridad-Vial-1.jpg?resize=350%2C200&ssl=1 1x, https:\/\/i0.wp.com\/lasprimeras.com.do\/wp-content\/uploads\/2025\/06\/Pacto-Nacional-de-Seguridad-Vial-1.jpg?resize=525%2C300&ssl=1 1.5x, https:\/\/i0.wp.com\/lasprimeras.com.do\/wp-content\/uploads\/2025\/06\/Pacto-Nacional-de-Seguridad-Vial-1.jpg?resize=700%2C400&ssl=1 2x"},"classes":[]},{"id":121145,"url":"https:\/\/lasprimeras.com.do\/index.php\/2026\/02\/01\/congreso-nacional-rinde-tributo-y-da-ultimo-adios-al-expresidente-de-la-camara-alta-ing-ramon-alburquerque\/","url_meta":{"origin":87936,"position":5},"title":"Congreso Nacional rinde tributo y da \u00faltimo adi\u00f3s al expresidente de la C\u00e1mara Alta Ing. Ram\u00f3n Alburquerque","author":"Nelson Feliz","date":"1 de febrero de 2026","format":false,"excerpt":"Ricardo de los Santos record\u00f3 los aportes al desarrollo del pa\u00eds y el paso por la presidencia del Senado de Ram\u00f3n Alburquerque. Por Israel Figueroa El Congreso Nacional rindi\u00f3 homenaje este domingo al ex presidente del Senado de la Rep\u00fablica, Ingeniero Ram\u00f3n Alburquerque, en un solemne acto desarrollado en el\u2026","rel":"","context":"En \u00abNACIONALES\u00bb","block_context":{"text":"NACIONALES","link":"https:\/\/lasprimeras.com.do\/index.php\/category\/nacionales\/"},"img":{"alt_text":"","src":"https:\/\/i0.wp.com\/lasprimeras.com.do\/wp-content\/uploads\/2026\/02\/RICARDO-DE-LOS-SANTOS.jpg?resize=350%2C200&ssl=1","width":350,"height":200,"srcset":"https:\/\/i0.wp.com\/lasprimeras.com.do\/wp-content\/uploads\/2026\/02\/RICARDO-DE-LOS-SANTOS.jpg?resize=350%2C200&ssl=1 1x, https:\/\/i0.wp.com\/lasprimeras.com.do\/wp-content\/uploads\/2026\/02\/RICARDO-DE-LOS-SANTOS.jpg?resize=525%2C300&ssl=1 1.5x, https:\/\/i0.wp.com\/lasprimeras.com.do\/wp-content\/uploads\/2026\/02\/RICARDO-DE-LOS-SANTOS.jpg?resize=700%2C400&ssl=1 2x"},"classes":[]}],"jetpack_sharing_enabled":true,"_links":{"self":[{"href":"https:\/\/lasprimeras.com.do\/index.php\/wp-json\/wp\/v2\/posts\/87936","targetHints":{"allow":["GET"]}}],"collection":[{"href":"https:\/\/lasprimeras.com.do\/index.php\/wp-json\/wp\/v2\/posts"}],"about":[{"href":"https:\/\/lasprimeras.com.do\/index.php\/wp-json\/wp\/v2\/types\/post"}],"author":[{"embeddable":true,"href":"https:\/\/lasprimeras.com.do\/index.php\/wp-json\/wp\/v2\/users\/2"}],"replies":[{"embeddable":true,"href":"https:\/\/lasprimeras.com.do\/index.php\/wp-json\/wp\/v2\/comments?post=87936"}],"version-history":[{"count":1,"href":"https:\/\/lasprimeras.com.do\/index.php\/wp-json\/wp\/v2\/posts\/87936\/revisions"}],"predecessor-version":[{"id":87938,"href":"https:\/\/lasprimeras.com.do\/index.php\/wp-json\/wp\/v2\/posts\/87936\/revisions\/87938"}],"wp:featuredmedia":[{"embeddable":true,"href":"https:\/\/lasprimeras.com.do\/index.php\/wp-json\/wp\/v2\/media\/87937"}],"wp:attachment":[{"href":"https:\/\/lasprimeras.com.do\/index.php\/wp-json\/wp\/v2\/media?parent=87936"}],"wp:term":[{"taxonomy":"category","embeddable":true,"href":"https:\/\/lasprimeras.com.do\/index.php\/wp-json\/wp\/v2\/categories?post=87936"},{"taxonomy":"post_tag","embeddable":true,"href":"https:\/\/lasprimeras.com.do\/index.php\/wp-json\/wp\/v2\/tags?post=87936"}],"curies":[{"name":"wp","href":"https:\/\/api.w.org\/{rel}","templated":true}]}}