{"id":87939,"date":"2024-08-19T23:54:00","date_gmt":"2024-08-20T03:54:00","guid":{"rendered":"https:\/\/lasprimeras.com.do\/?p=87939"},"modified":"2024-08-19T23:54:02","modified_gmt":"2024-08-20T03:54:02","slug":"sheila-brito-denuncia-que-el-desempleo-de-jovenes-supera-el-25","status":"publish","type":"post","link":"https:\/\/lasprimeras.com.do\/index.php\/2024\/08\/19\/sheila-brito-denuncia-que-el-desempleo-de-jovenes-supera-el-25\/","title":{"rendered":"Sheila Brito denuncia que el desempleo de j\u00f3venes supera el 25%"},"content":{"rendered":"\n<p><strong>En el accionar del Gobierno y en el discurso del presidente Luis Abinader, el sector juvenil est\u00e1 ausente, denuncia Sheila Brito, subsecretar\u00eda JPLD<\/strong><\/p>\n\n\n\n<p>La subsecretaria de la Juventud del Partido de la Liberaci\u00f3n Dominicana (PLD), Sheila Brito, denunci\u00f3 en un art\u00edculo publicado en Vanguardia del Pueblo bajo el t\u00edtulo: \u201cLa Juventud en el Discurso del presidente Luis Abinader, un Compromiso Olvidado\u201d.<\/p>\n\n\n\n<p>\u201cLas cifras son alarmantes. En un pa\u00eds donde un gran porcentaje de la poblaci\u00f3n es joven, se estima que el desempleo juvenil supera el 25%. Las oportunidades de empleo genuinas han sido insuficientes, y las iniciativas orientadas a la capacitaci\u00f3n y la inserci\u00f3n laboral han sido limitadas y, en muchos casos, inadecuadas\u201d opina.<\/p>\n\n\n\n<p>Sheila Brito reconoce que se han lanzado iniciativas, como programas de emprendimiento y la promoci\u00f3n de la educaci\u00f3n t\u00e9cnica; sin embargo, estas propuestas a menudo quedan en el discurso sin el respaldo normativo y financiero correspondiente que garantice su sostenibilidad y efectividad.<\/p>\n\n\n\n<p>\u201cLas pol\u00edticas de juventud no pueden ser tratadas como una acci\u00f3n aislada; requieren un enfoque integral que contemple la salud, la educaci\u00f3n, el empleo y la participaci\u00f3n activa en la sociedad\u201d dijo Brito.<\/p>\n\n\n\n<p>En las acciones concretas implementadas durante la administraci\u00f3n del presidente Luis Abinader se percibe una falta de enfoque espec\u00edfico hacia las necesidades y desaf\u00edos que enfrenta la juventud dominicana.<\/p>\n\n\n\n<p>La dirigente peledeista, Sheila Brito vuelve con interrogantes para cerrar su opini\u00f3n sobre el tema: \u00bfest\u00e1 el presidente Luis Abinader dispuesto a priorizar las pol\u00edticas p\u00fablicas de juventud en su segundo mandato, o seguir\u00e1 siendo un tema relegado en su agenda?, respondiendo que \u201cla construcci\u00f3n de un futuro pr\u00f3spero para la naci\u00f3n depende, en gran medida, de c\u00f3mo se les incluya y se le empodere en el presente a las y los j\u00f3venes\u201d.<\/p>\n","protected":false},"excerpt":{"rendered":"<p>En el accionar del Gobierno y en el discurso del presidente Luis Abinader, el sector juvenil est\u00e1 ausente, denuncia Sheila Brito, subsecretar\u00eda JPLD La subsecretaria de la Juventud del Partido&hellip;<\/p>\n","protected":false},"author":2,"featured_media":87940,"comment_status":"open","ping_status":"open","sticky":false,"template":"","format":"standard","meta":{"content-type":"","jetpack_post_was_ever_published":false,"_jetpack_newsletter_access":"","_jetpack_dont_email_post_to_subs":false,"_jetpack_newsletter_tier_id":0,"_jetpack_memberships_contains_paywalled_content":false,"_jetpack_memberships_contains_paid_content":false,"footnotes":""},"categories":[1],"tags":[4157,3899,14926,14925],"class_list":["post-87939","post","type-post","status-publish","format-standard","has-post-thumbnail","hentry","category-sin-categoria","tag-desempleo","tag-jovenes","tag-jpld","tag-sheila-brito"],"jetpack_featured_media_url":"https:\/\/lasprimeras.com.do\/wp-content\/uploads\/2024\/08\/Sheila-Brito.jpg","jetpack-related-posts":[{"id":92549,"url":"https:\/\/lasprimeras.com.do\/index.php\/2025\/01\/06\/sheila-brito-gobierno-del-prm-abandona-la-juventud-dominicana\/","url_meta":{"origin":87939,"position":0},"title":"Sheila Brito: Gobierno del PRM abandona la juventud dominicana","author":"Nelson Feliz","date":"6 de enero de 2025","format":false,"excerpt":"La subsecretaria de la Juventud del Partido de la Liberaci\u00f3n Dominicana (PLD), Sheila Brito, denunci\u00f3 que el gobierno del PRM ha abandonado totalmente la juventud dominicana a quienes prometieron villas y castillos para conseguir su voto en los anteriores y pasados comicios El Gobierno del PRM encabezado por Luis Abinader,\u2026","rel":"","context":"En \u00abPOLITICA\u00bb","block_context":{"text":"POLITICA","link":"https:\/\/lasprimeras.com.do\/index.php\/category\/politica\/"},"img":{"alt_text":"Sheila Brito","src":"https:\/\/i0.wp.com\/lasprimeras.com.do\/wp-content\/uploads\/2025\/01\/Sheila-Brito.jpg?resize=350%2C200&ssl=1","width":350,"height":200,"srcset":"https:\/\/i0.wp.com\/lasprimeras.com.do\/wp-content\/uploads\/2025\/01\/Sheila-Brito.jpg?resize=350%2C200&ssl=1 1x, https:\/\/i0.wp.com\/lasprimeras.com.do\/wp-content\/uploads\/2025\/01\/Sheila-Brito.jpg?resize=525%2C300&ssl=1 1.5x"},"classes":[]},{"id":120629,"url":"https:\/\/lasprimeras.com.do\/index.php\/2026\/01\/26\/jovenes-denuncian-abandono-y-desprecio-del-gobierno-prm-exigen-politicas-integrales-video\/","url_meta":{"origin":87939,"position":1},"title":"J\u00f3venes denuncian abandono y desprecio del Gobierno PRM; exigen pol\u00edticas integrales | Video","author":"Nelson Feliz","date":"26 de enero de 2026","format":false,"excerpt":"El PLD, en el d\u00eda de Duarte, demanda la adopci\u00f3n de una Estrategia Nacional de Juventud En la celebraci\u00f3n del d\u00eda del Natalicio del Patricio Juan Pablo Duarte, el Partido de la Liberaci\u00f3n Dominicana (PLD) al resaltar el eterno liderazgo joven del Padre de la Patria, demand\u00f3 del Gobierno adoptar,\u2026","rel":"","context":"En \u00abPOLITICA\u00bb","block_context":{"text":"POLITICA","link":"https:\/\/lasprimeras.com.do\/index.php\/category\/politica\/"},"img":{"alt_text":"Estrategia Nacional de Juventud","src":"https:\/\/i0.wp.com\/lasprimeras.com.do\/wp-content\/uploads\/2026\/01\/pld.jpg?resize=350%2C200&ssl=1","width":350,"height":200,"srcset":"https:\/\/i0.wp.com\/lasprimeras.com.do\/wp-content\/uploads\/2026\/01\/pld.jpg?resize=350%2C200&ssl=1 1x, https:\/\/i0.wp.com\/lasprimeras.com.do\/wp-content\/uploads\/2026\/01\/pld.jpg?resize=525%2C300&ssl=1 1.5x, https:\/\/i0.wp.com\/lasprimeras.com.do\/wp-content\/uploads\/2026\/01\/pld.jpg?resize=700%2C400&ssl=1 2x"},"classes":[]},{"id":86180,"url":"https:\/\/lasprimeras.com.do\/index.php\/2024\/07\/20\/fallecio-la-congresista-estadounidense-sheila-jackson-lee-de-texas\/","url_meta":{"origin":87939,"position":2},"title":"Falleci\u00f3 la congresista estadounidense Sheila Jackson Lee de Texas","author":"Nelson Feliz","date":"20 de julio de 2024","format":false,"excerpt":"Sheila Jackson padec\u00eda c\u00e1ncer de p\u00e1ncreas. POR JIM VERTUNO La congresista estadounidense Sheila Jackson Lee, de Texas, que contribuy\u00f3 durante mucho tiempo a liderar los esfuerzos federales para proteger a las mujeres de la violencia dom\u00e9stica y reconocer el Juneteenth como feriado nacional, falleci\u00f3. Ten\u00eda 74 a\u00f1os. Lillie Conley, su\u2026","rel":"","context":"En \u00abSin categor\u00eda\u00bb","block_context":{"text":"Sin categor\u00eda","link":"https:\/\/lasprimeras.com.do\/index.php\/category\/sin-categoria\/"},"img":{"alt_text":"Sheila Jackson Lee","src":"https:\/\/i0.wp.com\/lasprimeras.com.do\/wp-content\/uploads\/2024\/07\/Sheila-Jackson-Lee.jpg?resize=350%2C200&ssl=1","width":350,"height":200,"srcset":"https:\/\/i0.wp.com\/lasprimeras.com.do\/wp-content\/uploads\/2024\/07\/Sheila-Jackson-Lee.jpg?resize=350%2C200&ssl=1 1x, https:\/\/i0.wp.com\/lasprimeras.com.do\/wp-content\/uploads\/2024\/07\/Sheila-Jackson-Lee.jpg?resize=525%2C300&ssl=1 1.5x, https:\/\/i0.wp.com\/lasprimeras.com.do\/wp-content\/uploads\/2024\/07\/Sheila-Jackson-Lee.jpg?resize=700%2C400&ssl=1 2x"},"classes":[]},{"id":123006,"url":"https:\/\/lasprimeras.com.do\/index.php\/2026\/02\/24\/francisco-dominguez-brito-responde-a-celso-marranzini-denuncia-colapso-del-sistema-electrico\/","url_meta":{"origin":87939,"position":3},"title":"Francisco Dom\u00ednguez Brito responde a Celso Marranzini: Denuncia colapso del sistema el\u00e9ctrico","author":"Nelson Feliz","date":"24 de febrero de 2026","format":false,"excerpt":"El miembro del Comit\u00e9 Politico del Partido de la Liberaci\u00f3n Dominicana (PLD), Francisco Dom\u00ednguez Brito, dijo acepta el reto planteado por el presidente del Consejo Unificado de las Empresas Distribuidoras de Electricidad, Celso Marranzini, asegurando que asumir\u00e1 el control del sistema el\u00e9ctrico nacional \u201ca partir del 2028, cuando el PLD\u2026","rel":"","context":"En \u00abPOLITICA\u00bb","block_context":{"text":"POLITICA","link":"https:\/\/lasprimeras.com.do\/index.php\/category\/politica\/"},"img":{"alt_text":"Francisco Dom\u00ednguez Brito","src":"https:\/\/i0.wp.com\/lasprimeras.com.do\/wp-content\/uploads\/2026\/02\/Francisco-Dominguez-Brito-2.jpg?resize=350%2C200&ssl=1","width":350,"height":200,"srcset":"https:\/\/i0.wp.com\/lasprimeras.com.do\/wp-content\/uploads\/2026\/02\/Francisco-Dominguez-Brito-2.jpg?resize=350%2C200&ssl=1 1x, https:\/\/i0.wp.com\/lasprimeras.com.do\/wp-content\/uploads\/2026\/02\/Francisco-Dominguez-Brito-2.jpg?resize=525%2C300&ssl=1 1.5x"},"classes":[]},{"id":106279,"url":"https:\/\/lasprimeras.com.do\/index.php\/2025\/08\/13\/liderazgo-de-la-fp-en-sdn-que-apoya-a-manuel-brito-a-la-presidencia-saca-amplia-mayoria-de-la-dc\/","url_meta":{"origin":87939,"position":4},"title":"Liderazgo de la FP en SDN que apoya a Manuel Brito a la Presidencia saca amplia mayor\u00eda de la DC","author":"Nelson Feliz","date":"13 de agosto de 2025","format":false,"excerpt":"En el municipio Santo Domingo Norte fueron elegidos 34 nuevos miembros de la Direcci\u00f3n Central en su Congreso Ordinario Manuel Aurelio Tavares Justo -Manolo- de los cuales 26 de ellos apoyan al actual secretarios general, Manuel Brito, para que presida la organizaci\u00f3n pol\u00edtica en el municipio. De unos 19 a\u2026","rel":"","context":"En \u00abPOLITICA\u00bb","block_context":{"text":"POLITICA","link":"https:\/\/lasprimeras.com.do\/index.php\/category\/politica\/"},"img":{"alt_text":"","src":"https:\/\/i0.wp.com\/lasprimeras.com.do\/wp-content\/uploads\/2025\/08\/FP-3.jpg?resize=350%2C200&ssl=1","width":350,"height":200,"srcset":"https:\/\/i0.wp.com\/lasprimeras.com.do\/wp-content\/uploads\/2025\/08\/FP-3.jpg?resize=350%2C200&ssl=1 1x, https:\/\/i0.wp.com\/lasprimeras.com.do\/wp-content\/uploads\/2025\/08\/FP-3.jpg?resize=525%2C300&ssl=1 1.5x, https:\/\/i0.wp.com\/lasprimeras.com.do\/wp-content\/uploads\/2025\/08\/FP-3.jpg?resize=700%2C400&ssl=1 2x"},"classes":[]},{"id":61512,"url":"https:\/\/lasprimeras.com.do\/index.php\/2023\/09\/27\/francisco-dominguez-brito-aboga-por-apertura-de-frontera\/","url_meta":{"origin":87939,"position":5},"title":"Francisco Dom\u00ednguez Brito aboga por apertura de frontera","author":"Nelson Feliz","date":"27 de septiembre de 2023","format":false,"excerpt":"El ex procurador de la Rep\u00fablica Dominicana, Francisco Dom\u00ednguez Brito, reiter\u00f3 su reclamo de apertura de la frontera con Hait\u00ed, ya que la decisi\u00f3n tomada por el gobierno est\u00e1 generando un estado de ansiedad y de inquietud en todos los sectores productivos y considerables p\u00e9rdidas econ\u00f3micas. \u201cNuevamente demandamos que se\u2026","rel":"","context":"En \u00abSin categor\u00eda\u00bb","block_context":{"text":"Sin categor\u00eda","link":"https:\/\/lasprimeras.com.do\/index.php\/category\/sin-categoria\/"},"img":{"alt_text":"Francisco Dom\u00ednguez Brito","src":"https:\/\/i0.wp.com\/lasprimeras.com.do\/wp-content\/uploads\/2023\/09\/Francisco-Dominguez-Brito.png?resize=350%2C200&ssl=1","width":350,"height":200},"classes":[]}],"jetpack_sharing_enabled":true,"_links":{"self":[{"href":"https:\/\/lasprimeras.com.do\/index.php\/wp-json\/wp\/v2\/posts\/87939","targetHints":{"allow":["GET"]}}],"collection":[{"href":"https:\/\/lasprimeras.com.do\/index.php\/wp-json\/wp\/v2\/posts"}],"about":[{"href":"https:\/\/lasprimeras.com.do\/index.php\/wp-json\/wp\/v2\/types\/post"}],"author":[{"embeddable":true,"href":"https:\/\/lasprimeras.com.do\/index.php\/wp-json\/wp\/v2\/users\/2"}],"replies":[{"embeddable":true,"href":"https:\/\/lasprimeras.com.do\/index.php\/wp-json\/wp\/v2\/comments?post=87939"}],"version-history":[{"count":1,"href":"https:\/\/lasprimeras.com.do\/index.php\/wp-json\/wp\/v2\/posts\/87939\/revisions"}],"predecessor-version":[{"id":87941,"href":"https:\/\/lasprimeras.com.do\/index.php\/wp-json\/wp\/v2\/posts\/87939\/revisions\/87941"}],"wp:featuredmedia":[{"embeddable":true,"href":"https:\/\/lasprimeras.com.do\/index.php\/wp-json\/wp\/v2\/media\/87940"}],"wp:attachment":[{"href":"https:\/\/lasprimeras.com.do\/index.php\/wp-json\/wp\/v2\/media?parent=87939"}],"wp:term":[{"taxonomy":"category","embeddable":true,"href":"https:\/\/lasprimeras.com.do\/index.php\/wp-json\/wp\/v2\/categories?post=87939"},{"taxonomy":"post_tag","embeddable":true,"href":"https:\/\/lasprimeras.com.do\/index.php\/wp-json\/wp\/v2\/tags?post=87939"}],"curies":[{"name":"wp","href":"https:\/\/api.w.org\/{rel}","templated":true}]}}