{"id":87951,"date":"2024-08-20T12:56:27","date_gmt":"2024-08-20T16:56:27","guid":{"rendered":"https:\/\/lasprimeras.com.do\/?p=87951"},"modified":"2024-08-20T12:56:28","modified_gmt":"2024-08-20T16:56:28","slug":"trujillo-decreta-la-ley-marcial-dos-dias-despues-del-ciclon-san-zenon","status":"publish","type":"post","link":"https:\/\/lasprimeras.com.do\/index.php\/2024\/08\/20\/trujillo-decreta-la-ley-marcial-dos-dias-despues-del-ciclon-san-zenon\/","title":{"rendered":"Trujillo decreta la Ley Marcial, dos d\u00edas despu\u00e9s del cicl\u00f3n San Zen\u00f3n"},"content":{"rendered":"\n<p>Por Jeffry Jim\u00e9nez<\/p>\n\n\n\n<p>(Todo aquel que encuentren en las calles con un Cuchillo O un Alicate,,,, \u00a1M\u00e1tenlos\u2026.<br>El 3 de septiembre de 1930, la ciudad de San Domingo de Guzm\u00e1n, fue devastada por el cicl\u00f3n de San Zen\u00f3n. Ocasion\u00f3 la mayor tragedia causada por un fen\u00f3meno de ese tipo en la Rep\u00fablica Dominicana. Murieron m\u00e1s de dos mil personas y la ciudad qued\u00f3 desolada.<\/p>\n\n\n\n<p>Cuando se produjo el cicl\u00f3n el presidente Rafael Le\u00f3nidas Trujillo Molina, ten\u00eda 18 d\u00edas en el poder. Hab\u00eda sido juramentado como jefe del Estado el 16 de agosto de 1930.<\/p>\n\n\n\n<p>Las consecuencias del hurac\u00e1n y el plan de recuperaci\u00f3n que llev\u00f3 a cabo le permitieron consolidarse en el poder y reelegirse en el a\u00f1o 1934. Al referirse al acontecimiento, el historiador y novelista Ram\u00f3n Marrero Aristy, en su obra \u00abLa Rep\u00fablica Dominicana Origen y destino del pueblo cristiano m\u00e1s antiguo de Am\u00e9rica\u00bb, volumen III, apunta:<\/p>\n\n\n\n<p>\u00abEn las primeras horas de la tarde, con furia apocal\u00edptica, el pavoroso hurac\u00e1n devast\u00f3 la ciudad, dejando a su paso m\u00e1s de dos mil muertos y quince mil heridos, as\u00ed como barrios enteros destruidos, convertidos en montones de escombros.<\/p>\n\n\n\n<p>\u00abSobre la grave crisis econ\u00f3mica, \u00e9sta furiosa descarga de la naturaleza sembraba el caos m\u00e1s espantoso. El presidente Trujillo se creci\u00f3 frente a la adversidad. Trabajando sin descanso en un despacho improvisado en la Fortaleza Ozama, dict\u00f3 las disposiciones de emergencia encaminadas a resta\u00f1ar tan graves heridas, a mantener el orden, y a levantar el esp\u00edritu abatido de los habitantes de la Capital de la Rep\u00fablica\u00bb.<\/p>\n\n\n\n<p>En tanto, \u00abEl Congreso Nacional suspendi\u00f3 las garant\u00edas constitucionales, y le otorg\u00f3 al presidente Trujillo poderes extraordinarios para tomar todas las medidas necesarias para iniciar la recuperaci\u00f3n nacional, quien para tonificar el esp\u00edritu p\u00fablico lanz\u00f3 una vibrante proclama el d\u00eda 5, que fue una clarinada para impulsar el tremendo esfuerzo necesario para la reconstrucci\u00f3n\u00bb.<\/p>\n\n\n\n<p>En la ocasi\u00f3n el presidente Trujillo dijo: \u00abAnte la enorme cat\u00e1strofe que ha destruido la ciudad de Santo Domingo y sus contornos, me siento profundamente conmovido. El cuadro pavoroso que se ha ofrecido a mi vista tan pronto como la furia del viento me permiti\u00f3 lanzarme a la calle, ha herido en lo m\u00e1s \u00edntimo mi coraz\u00f3n de ciudadano y de mandatario.<br>En el primer momento y bajo la turbaci\u00f3n que me produjo tal fatal acontecimiento, brotaron de mis ojos l\u00e1grimas que nunca so\u00f1\u00e9 derramar; pero consciente de mis responsabilidades me repuse prontamente y he concentrado toda mi energ\u00eda y toda mi actividad en la tarea de proporcionar socorro a la poblaci\u00f3n abatida por la terrible desgracio.<\/p>\n\n\n\n<p>\u00abHe querido dar, ante todo, la impresi\u00f3n r\u00e1pida y cierta de que el pueblo no ha sido ni ser\u00e1 jam\u00e1s abandonado por el Gobierno. No hay esfuerzo por grande que parezca que pueda ser escatimado en esta hora de dolor.<\/p>\n\n\n\n<p>S\u00e9 que junto a mi est\u00e1n todos los dominicanos y los extranjeros que conviven con nosotros; que de todos los pa\u00edses amigos vendr\u00e1n en socorro nuestro, seg\u00fan nos lo est\u00e1n anunciando los gobiernos respectivos; pero por encima de todo socorro extranjero que debemos agradecer sinceramente, est\u00e1 la misericordia inmediata del Gobierno que no abandonar\u00e1 ni por un momento su disposici\u00f3n a sostener al pueblo para que pueda soportar la terrible prueba a que lo ha sometido el destino\u00bb.<\/p>\n\n\n\n<p>El presidente Trujillo tambi\u00e9n destac\u00f3 en su discurso a la Naci\u00f3n luego del cicl\u00f3n de San Zen\u00f3n: \u00abEl Congreso Nacional acaba de investirme de todos los poderes con el fin de facilitar la concepci\u00f3n y la ejecuci\u00f3n de las medidas necesarias.<\/p>\n\n\n\n<p>Tales poderes nada significar\u00edan para m\u00ed si no me hubieran sido otorgados como para robustecer la acci\u00f3n que ya yo hab\u00eda iniciado para hacer efectiva la ayuda del Gobierno a la poblaci\u00f3n desvalida y para proteger las propiedades que escaparon de los estragos del vendaval.<\/p>\n\n\n\n<p>La Ley Marcial ha sido, pues, declarada; pero esa medida extrema s\u00f3lo ha podido ser tomada en inter\u00e9s de eliminar todo obst\u00e1culo a la obra de salvamento a que han tenido que dedicarse todos los elementos disponibles.<\/p>\n\n\n\n<p>\u00abRecomiendo, pues, la mayor serenidad posible y aconsejo resignaci\u00f3n a todos aquellos que junto con las p\u00e9rdidas materiales experimentadas han sufrido el gran dolor de perder sus familiares. En medio a tanta ruina, a tanta desolaci\u00f3n, s\u00f3lo el esp\u00edritu viril con que el pueblo dominicano ha sabido enfrentarse a las grandes vicisitudes de su historia, puede ayudarnos en la obra inmensa de reconstruir lo que hemos perdido\u00bb.<\/p>\n\n\n\n<p>Al dirigirse al pa\u00eds luego del cicl\u00f3n de San Zen\u00f3n, que devast\u00f3 la Capital el 5 de septiembre de 1930, Trujillo concluy\u00f3:<\/p>\n\n\n\n<p>Conciudadanos: \u00abYo tambi\u00e9n he visto lanzada a la calle mi familia; yo tambi\u00e9n he tenido que consolar la desesperaci\u00f3n de los m\u00edos bajo la c\u00f3lera del hurac\u00e1n; yo tambi\u00e9n estoy bajo el peso directo de la gran desgracia, y yo tambi\u00e9n he tenido que beber mis propias l\u00e1grimas ante este cuadro pavoroso que ofrece la ciudad Capital de la Rep\u00fablica. Estoy pues, identificado con el pueblo para sufrir con \u00e9l y ayudarlo decididamente a reedificar sus hogares en ruina\u00bb.<\/p>\n\n\n\n<p>El historiador Ram\u00f3n Marrero Aristy, anota que \u00abAl conocerse en el mundo entero la noticia de la espantosa cat\u00e1strofe que hab\u00eda semidestruido la ciudad de Santo Domingo, comenzaron a llegar auxilios de toda especie, m\u00e1s r\u00e1pidamente de los pa\u00edses vecinos, que enviaron brigadas de m\u00e9dicos y enfermeros para atender a los millares de herido.<\/p>\n\n\n\n<p>\u00abBarcos de guerra de Holanda, Inglaterra, Estados Unidos, Cuba y otros pa\u00edses, llegaron a Santo Domingo con gran cantidad de alimentos, para sustentar la poblaci\u00f3n, que se hallaba pr\u00e1cticamente bloqueada, pues las carreteras y puentes que a ella conducen hab\u00edan sido destruidos por la violencia de las aguas que cayeron el d\u00eda 3.<\/p>\n\n\n\n<p>Marrero Aristy sostiene que la mayor contribuci\u00f3n para el r\u00e1pido restablecimiento de la normalidad la dio el propio presidente, quien, de d\u00eda y de noche, se consagr\u00f3 a tomar las medidas pertinentes para que la cat\u00e1strofe no hundiera al pa\u00eds definitivamente.<\/p>\n\n\n\n<p>Apunta que al lado de Trujillo estuvo \u00abtoda la Naci\u00f3n, que acudi\u00f3 en masa a prestar su concurso a la Capital de la Rep\u00fablica. Fue una empresa de solidaridad nacional y de ingentes esfuerzos constructivos dirigidos personalmente por el presidente Trujillo.<\/p>\n\n\n\n<p>Ley Marcial: La ley marcial abarca la limitaci\u00f3n o supresi\u00f3n de ciertos derechos que el ordenamiento avala a las personas, anexando la aplicaci\u00f3n de procedimientos sumarios en los juicios y sanciones severas de mayor peso de los que se sobreponen en situaciones catalogadas como normales.<\/p>\n\n\n\n<p>En el mayor de los casos, la pena de muerte es implantada para cr\u00edmenes que generalmente no se les atribuir\u00eda como cr\u00edmenes capitales, tales como los robos o saqueos en momentos de cat\u00e1strofes.<\/p>\n\n\n\n<p>Sistema de estatutos o normas que se lleva a cabo luego de una declaraci\u00f3n de tipo formal, cuando una determinada situaci\u00f3n solicita que una supremac\u00eda militar adquiera la gerencia o dominio normal de la justicia de forma general o de un estado total.<\/p>\n\n\n\n<p>Es decir que se le otorga la autoridad o el poder al cuerpo policial o militar referente a la administraci\u00f3n, majeo o tutela del cuidado del orden p\u00fablico y el mantenimiento de la justicia; por ende se asume que la ley marcial impera en el caso de ser necesario apoyar las pr\u00e1cticas de organizaciones y autoridades militares.<\/p>\n\n\n\n<p>Se debe de resaltar que hubo m\u00e1s de cien cad\u00e1veres qu\u00e9 se le atribuy\u00f3 al Cicl\u00f3n, ya que en el conteo hubo de los antisociales que salieron a las calles con cuchillos y Alicates, que como se anunci\u00f3 en el toque de queda: Las personas que encuentren con un cuchillo o un alicate- Fusilado, debido a que muchos arrancaba los dedos de los cad\u00e1veres para quitarles los anillos y el alicate, fue para los antisociales que le arrancaban los dientes de oro y de plata que se usaba en la \u00e9poca y as\u00ed fueron fusilados una cantidad de personas que se le atribuyeron al poderoso San Zen\u00f3n.<\/p>\n\n\n\n<p>Fuentes: Historia Dominicana en Graficas.<br>Entrevista al Dr. Euclides Guti\u00e9rrez F\u00e9lix.<br>Hemeroteca del Profesor Jeffry Jimenez.<\/p>\n","protected":false},"excerpt":{"rendered":"<p>Por Jeffry Jim\u00e9nez (Todo aquel que encuentren en las calles con un Cuchillo O un Alicate,,,, \u00a1M\u00e1tenlos\u2026.El 3 de septiembre de 1930, la ciudad de San Domingo de Guzm\u00e1n, fue&hellip;<\/p>\n","protected":false},"author":2,"featured_media":87952,"comment_status":"open","ping_status":"open","sticky":false,"template":"","format":"standard","meta":{"content-type":"","jetpack_post_was_ever_published":false,"_jetpack_newsletter_access":"","_jetpack_dont_email_post_to_subs":false,"_jetpack_newsletter_tier_id":0,"_jetpack_memberships_contains_paywalled_content":false,"_jetpack_memberships_contains_paid_content":false,"footnotes":""},"categories":[482],"tags":[14927,5287,3862,6523],"class_list":["post-87951","post","type-post","status-publish","format-standard","has-post-thumbnail","hentry","category-historia","tag-ciclon-san-zenon","tag-decreta","tag-ley-marcial","tag-rafael-leonidas-trujillo"],"jetpack_featured_media_url":"https:\/\/lasprimeras.com.do\/wp-content\/uploads\/2024\/08\/ciudad-trujillo.jpeg","jetpack-related-posts":[{"id":99858,"url":"https:\/\/lasprimeras.com.do\/index.php\/2025\/05\/28\/trujillo-prohibio-poner-nombres-de-personas-a-comunidades-excepto-el-suyo-y-el-de-su-familia\/","url_meta":{"origin":87951,"position":0},"title":"Trujillo prohibi\u00f3 poner nombres de personas a comunidades, excepto el suyo y el de su familia","author":"Nelson Feliz","date":"28 de mayo de 2025","format":false,"excerpt":"Por Tom\u00e1s Vidal Rodr\u00edguez Una de las primeras disposiciones del dictador Rafael Le\u00f3nidas Trujillo Molina, tras asumir la presidencia de la Rep\u00fablica Dominicana el 16 de agosto de 1930, fue prohibir que se asignaran nombres de personas a calles, villas y provincias. Sin embargo, esta prohibici\u00f3n no aplicaba cuando se\u2026","rel":"","context":"En \u00abHISTORIA\u00bb","block_context":{"text":"HISTORIA","link":"https:\/\/lasprimeras.com.do\/index.php\/category\/historia\/"},"img":{"alt_text":"Rafael Le\u00f3nidas Trujillo","src":"https:\/\/i0.wp.com\/lasprimeras.com.do\/wp-content\/uploads\/2025\/03\/Rafael-Leonidas-Trujillo.png?resize=350%2C200&ssl=1","width":350,"height":200,"srcset":"https:\/\/i0.wp.com\/lasprimeras.com.do\/wp-content\/uploads\/2025\/03\/Rafael-Leonidas-Trujillo.png?resize=350%2C200&ssl=1 1x, https:\/\/i0.wp.com\/lasprimeras.com.do\/wp-content\/uploads\/2025\/03\/Rafael-Leonidas-Trujillo.png?resize=525%2C300&ssl=1 1.5x, https:\/\/i0.wp.com\/lasprimeras.com.do\/wp-content\/uploads\/2025\/03\/Rafael-Leonidas-Trujillo.png?resize=700%2C400&ssl=1 2x"},"classes":[]},{"id":95198,"url":"https:\/\/lasprimeras.com.do\/index.php\/2025\/03\/11\/trujillo-y-su-imperio-economico-antes-de-8-anos-como-presidente-era-uno-de-los-hombres-mas-rico-de-la-region\/","url_meta":{"origin":87951,"position":1},"title":"Trujillo y su imperio econ\u00f3mico: Antes de 8 a\u00f1os como Presidente era uno de los hombres m\u00e1s rico de la regi\u00f3n","author":"Nelson Feliz","date":"11 de marzo de 2025","format":false,"excerpt":"Por Tom\u00e1s Vidal Rodr\u00edguez En marzo de 1938, cuando la dictadura de Rafael Le\u00f3nidas Trujillo Molina llevaba siete a\u00f1os y siete meses en el poder, el dictador ya se hab\u00eda convertido en uno de los hombres m\u00e1s ricos de la regi\u00f3n, acumulando una fortuna que superaba los 30 millones de\u2026","rel":"","context":"En \u00abHISTORIA\u00bb","block_context":{"text":"HISTORIA","link":"https:\/\/lasprimeras.com.do\/index.php\/category\/historia\/"},"img":{"alt_text":"Rafael Le\u00f3nidas Trujillo","src":"https:\/\/i0.wp.com\/lasprimeras.com.do\/wp-content\/uploads\/2025\/03\/Rafael-Leonidas-Trujillo.png?resize=350%2C200&ssl=1","width":350,"height":200,"srcset":"https:\/\/i0.wp.com\/lasprimeras.com.do\/wp-content\/uploads\/2025\/03\/Rafael-Leonidas-Trujillo.png?resize=350%2C200&ssl=1 1x, https:\/\/i0.wp.com\/lasprimeras.com.do\/wp-content\/uploads\/2025\/03\/Rafael-Leonidas-Trujillo.png?resize=525%2C300&ssl=1 1.5x, https:\/\/i0.wp.com\/lasprimeras.com.do\/wp-content\/uploads\/2025\/03\/Rafael-Leonidas-Trujillo.png?resize=700%2C400&ssl=1 2x"},"classes":[]},{"id":86821,"url":"https:\/\/lasprimeras.com.do\/index.php\/2024\/08\/01\/felicidades-al-periodico-listin-diario-hoy-cumple-135-anos\/","url_meta":{"origin":87951,"position":2},"title":"Felicidades al periodico Listin Diario; hoy cumple 135 a\u00f1os","author":"Nelson Feliz","date":"1 de agosto de 2024","format":false,"excerpt":"Por. Jeffry Jim\u00e9nezTexto del periodista H\u00e9ctor Tineo Se cumple un a\u00f1o mas de la fundaci\u00f3n del Decano de los dominicanos. El 1 de agosto de 1889, Arturo J. Pellerano Alfau fund\u00f3 List\u00edn Diario, hace hoy 135 a\u00f1os. Sali\u00f3 a la luz p\u00fablica con el nombre de \u201cList\u00edn Diario Mar\u00edtimo\u201d, con\u2026","rel":"","context":"En \u00abHISTORIA\u00bb","block_context":{"text":"HISTORIA","link":"https:\/\/lasprimeras.com.do\/index.php\/category\/historia\/"},"img":{"alt_text":"List\u00edn Diario Mar\u00edtimo","src":"https:\/\/i0.wp.com\/lasprimeras.com.do\/wp-content\/uploads\/2024\/08\/WhatsApp-Image-2024-08-01-at-7.43.30-PM.jpeg?resize=350%2C200&ssl=1","width":350,"height":200},"classes":[]},{"id":100171,"url":"https:\/\/lasprimeras.com.do\/index.php\/2025\/06\/02\/efemerides-patrias-rinde-homenaje-al-teniente-amado-garcia-guerrero\/","url_meta":{"origin":87951,"position":3},"title":"Efem\u00e9rides Patrias rinde homenaje al teniente Amado Garc\u00eda Guerrero","author":"Nelson Feliz","date":"2 de junio de 2025","format":false,"excerpt":"Resalta el decreto patri\u00f3tico para Juancito Rodr\u00edguez. La Comisi\u00f3n Permanente de Efem\u00e9rides Patrias, junto con la Fundaci\u00f3n H\u00e9roes del 30 de mayo y la Fundaci\u00f3n Hermanos de la Maza, recordaron al teniente Amado Garc\u00eda Guerrero, en el 64 aniversario de su vil asesinato perpetrado por la maquinaria de terror de\u2026","rel":"","context":"En \u00abNACIONALES\u00bb","block_context":{"text":"NACIONALES","link":"https:\/\/lasprimeras.com.do\/index.php\/category\/nacionales\/"},"img":{"alt_text":"Juan Pablo Uribe entrega la medalla a directivos de las fundaciones patri\u00f3ticas.","src":"https:\/\/i0.wp.com\/lasprimeras.com.do\/wp-content\/uploads\/2025\/06\/Juan-Pablo-Uribe-entrega-la-medalla-a-directivos-de-las-fundaciones-patrioticas.jpg?resize=350%2C200&ssl=1","width":350,"height":200,"srcset":"https:\/\/i0.wp.com\/lasprimeras.com.do\/wp-content\/uploads\/2025\/06\/Juan-Pablo-Uribe-entrega-la-medalla-a-directivos-de-las-fundaciones-patrioticas.jpg?resize=350%2C200&ssl=1 1x, https:\/\/i0.wp.com\/lasprimeras.com.do\/wp-content\/uploads\/2025\/06\/Juan-Pablo-Uribe-entrega-la-medalla-a-directivos-de-las-fundaciones-patrioticas.jpg?resize=525%2C300&ssl=1 1.5x, https:\/\/i0.wp.com\/lasprimeras.com.do\/wp-content\/uploads\/2025\/06\/Juan-Pablo-Uribe-entrega-la-medalla-a-directivos-de-las-fundaciones-patrioticas.jpg?resize=700%2C400&ssl=1 2x"},"classes":[]},{"id":108962,"url":"https:\/\/lasprimeras.com.do\/index.php\/2025\/09\/12\/ramfis-dominguez-trujillo-denuncia-alegada-arbitrariedad-del-tse\/","url_meta":{"origin":87951,"position":4},"title":"Ramfis Dom\u00ednguez Trujillo denuncia alegada arbitrariedad del TSE","author":"Nelson Feliz","date":"12 de septiembre de 2025","format":false,"excerpt":"El presidente del conservador Partido Esperanza Democr\u00e1tica (PED), Ramfis Dom\u00ednguez Trujillo, denunci\u00f3 que una reciente sentencia del Tribunal Superior Electoral (TSE) representa un retroceso para la democracia dominicana. Dom\u00ednguez, nieto del dictador Rafael Le\u00f3nidas Trujillo (1930-1961), indic\u00f3 que el TSE alter\u00f3 el lugar alcanzado por el PD en la boleta\u2026","rel":"","context":"En \u00abPOLITICA\u00bb","block_context":{"text":"POLITICA","link":"https:\/\/lasprimeras.com.do\/index.php\/category\/politica\/"},"img":{"alt_text":"Ramfis Dom\u00ednguez Trujillo","src":"https:\/\/i0.wp.com\/lasprimeras.com.do\/wp-content\/uploads\/2023\/08\/ranfis.jpeg?resize=350%2C200&ssl=1","width":350,"height":200,"srcset":"https:\/\/i0.wp.com\/lasprimeras.com.do\/wp-content\/uploads\/2023\/08\/ranfis.jpeg?resize=350%2C200&ssl=1 1x, https:\/\/i0.wp.com\/lasprimeras.com.do\/wp-content\/uploads\/2023\/08\/ranfis.jpeg?resize=525%2C300&ssl=1 1.5x, https:\/\/i0.wp.com\/lasprimeras.com.do\/wp-content\/uploads\/2023\/08\/ranfis.jpeg?resize=700%2C400&ssl=1 2x"},"classes":[]},{"id":100059,"url":"https:\/\/lasprimeras.com.do\/index.php\/2025\/05\/30\/30-de-mayo-es-el-dia-de-la-libertad\/","url_meta":{"origin":87951,"position":5},"title":"30 de mayo es el D\u00eda de la Libertad","author":"Nelson Feliz","date":"30 de mayo de 2025","format":false,"excerpt":"No podemos olvidar jam\u00e1s aquel tiempo en el que el terror era predominante, dice el PLD sobre la tiran\u00eda de Trujillo En el 64 aniversario del ajusticiamiento del tirano, Rafael Le\u00f3nidas Trujillo, el Partido de la Liberaci\u00f3n Dominicana (PLD), reafirm\u00f3 el compromiso asumido en sus 51 a\u00f1os de existencia de\u2026","rel":"","context":"En \u00abHISTORIA\u00bb","block_context":{"text":"HISTORIA","link":"https:\/\/lasprimeras.com.do\/index.php\/category\/historia\/"},"img":{"alt_text":"","src":"https:\/\/i0.wp.com\/lasprimeras.com.do\/wp-content\/uploads\/2025\/05\/30-de-mayo-es-el-Dia-de-la-Libertad.jpg?resize=350%2C200&ssl=1","width":350,"height":200,"srcset":"https:\/\/i0.wp.com\/lasprimeras.com.do\/wp-content\/uploads\/2025\/05\/30-de-mayo-es-el-Dia-de-la-Libertad.jpg?resize=350%2C200&ssl=1 1x, https:\/\/i0.wp.com\/lasprimeras.com.do\/wp-content\/uploads\/2025\/05\/30-de-mayo-es-el-Dia-de-la-Libertad.jpg?resize=525%2C300&ssl=1 1.5x, https:\/\/i0.wp.com\/lasprimeras.com.do\/wp-content\/uploads\/2025\/05\/30-de-mayo-es-el-Dia-de-la-Libertad.jpg?resize=700%2C400&ssl=1 2x"},"classes":[]}],"jetpack_sharing_enabled":true,"_links":{"self":[{"href":"https:\/\/lasprimeras.com.do\/index.php\/wp-json\/wp\/v2\/posts\/87951","targetHints":{"allow":["GET"]}}],"collection":[{"href":"https:\/\/lasprimeras.com.do\/index.php\/wp-json\/wp\/v2\/posts"}],"about":[{"href":"https:\/\/lasprimeras.com.do\/index.php\/wp-json\/wp\/v2\/types\/post"}],"author":[{"embeddable":true,"href":"https:\/\/lasprimeras.com.do\/index.php\/wp-json\/wp\/v2\/users\/2"}],"replies":[{"embeddable":true,"href":"https:\/\/lasprimeras.com.do\/index.php\/wp-json\/wp\/v2\/comments?post=87951"}],"version-history":[{"count":1,"href":"https:\/\/lasprimeras.com.do\/index.php\/wp-json\/wp\/v2\/posts\/87951\/revisions"}],"predecessor-version":[{"id":87953,"href":"https:\/\/lasprimeras.com.do\/index.php\/wp-json\/wp\/v2\/posts\/87951\/revisions\/87953"}],"wp:featuredmedia":[{"embeddable":true,"href":"https:\/\/lasprimeras.com.do\/index.php\/wp-json\/wp\/v2\/media\/87952"}],"wp:attachment":[{"href":"https:\/\/lasprimeras.com.do\/index.php\/wp-json\/wp\/v2\/media?parent=87951"}],"wp:term":[{"taxonomy":"category","embeddable":true,"href":"https:\/\/lasprimeras.com.do\/index.php\/wp-json\/wp\/v2\/categories?post=87951"},{"taxonomy":"post_tag","embeddable":true,"href":"https:\/\/lasprimeras.com.do\/index.php\/wp-json\/wp\/v2\/tags?post=87951"}],"curies":[{"name":"wp","href":"https:\/\/api.w.org\/{rel}","templated":true}]}}