{"id":87957,"date":"2024-08-20T13:05:26","date_gmt":"2024-08-20T17:05:26","guid":{"rendered":"https:\/\/lasprimeras.com.do\/?p=87957"},"modified":"2024-08-20T13:05:28","modified_gmt":"2024-08-20T17:05:28","slug":"republica-dominicana-cae-ante-colombia-2-1-y-se-complica-avance-a-semifinales-para-dominicanos","status":"publish","type":"post","link":"https:\/\/lasprimeras.com.do\/index.php\/2024\/08\/20\/republica-dominicana-cae-ante-colombia-2-1-y-se-complica-avance-a-semifinales-para-dominicanos\/","title":{"rendered":"Rep\u00fablica Dominicana cae ante Colombia 2-1 y se complica avance a semifinales para dominicanos"},"content":{"rendered":"\n<p>Barranquilla, Colombia.- En la cuarta jornada de la Copa Mundial de B\u00e9isbol U15, Colombia derrota a Rep\u00fablica Dominicana 2-1 y mejora su marca a 2-2. Con este resultado los colombianos est\u00e1n en la puerta de la clasificaci\u00f3n a la ronda semifinal o \u00abS\u00faper Ronda\u00bb, etapa a la que clasifican los primeros tres lugares de cada grupo.<\/p>\n\n\n\n<p>En la primera entrada los dominicanos aprovecharon el descontrol del abridor colombiano V\u00edctor G\u00f3mez que concedi\u00f3 tres bases por bolas y sin hits logran pisar el plato en una ocasi\u00f3n, para iniciar en la delantera 1 por 0.<\/p>\n\n\n\n<p>La carrera dominicana en el primer asalto entr\u00f3 en las piernas de Wandy Asigen en batazo de selecci\u00f3n de Gustavo Talmare por las paradas cortas que forz\u00f3 a Starlin De Los Santos en la segunda base por la v\u00eda 6-4.<\/p>\n\n\n\n<p>La defensa dominicana ense\u00f1\u00f3 recuperaci\u00f3n al lograr una doble matanza para cerra la primera entrada de Colombia con bases llenas. Por la v\u00eda 4-6-3 los dominicanos lograron una r\u00e1pida jugada de dos outs.<\/p>\n\n\n\n<p>Las acciones se igualaron en la parte baja de la tercera entrada cuando con corredores en las esquinas, Sebasti\u00e1n Solano bate\u00f3 por las paradas cortas fallando por la v\u00eda 6-3 y anot\u00f3 Eber Miranda.<\/p>\n\n\n\n<p>Luego lleg\u00f3 el sencillo al jard\u00edn derecho de Santiago Blanco que remolc\u00f3 desde la intermedia a Ander Elorriaga y el partido cambiaba de liderato 2-1 a favor de Colombia.<\/p>\n\n\n\n<p>Colombia tuvo en el lanzador V\u00edctor G\u00f3mez, quien fue el ganador, su principal arma contra la ofensiva dominicana, la cual entr\u00f3 en el juego como la m\u00e1s productiva del torneo.<\/p>\n\n\n\n<p>El lanzador derecho colombiano trabaj\u00f3 en cinco entradas y dos tercios, concediendo s\u00f3lo un hit, una carrera limpia, 3 bases por bolas y ponch\u00f3 a 8, con efectividad de 0.72.<\/p>\n\n\n\n<p>Por los dominicanos el abridor fue Justin Burgos, quien carg\u00f3 con la derrota. Cuatro entradas y dos tercios en el box, con s\u00f3lo dos hits, dos carreras limpias, 4 bases y un ponche. Cerrando su actuaci\u00f3n con 1.80 de efectividad.<\/p>\n\n\n\n<p>Duelo de pitcheo, en un partido en el que s\u00f3lo se conectaron tres imparables y dos errores por los dominicanos.<\/p>\n","protected":false},"excerpt":{"rendered":"<p>Barranquilla, Colombia.- En la cuarta jornada de la Copa Mundial de B\u00e9isbol U15, Colombia derrota a Rep\u00fablica Dominicana 2-1 y mejora su marca a 2-2. Con este resultado los colombianos&hellip;<\/p>\n","protected":false},"author":2,"featured_media":87958,"comment_status":"open","ping_status":"open","sticky":false,"template":"","format":"standard","meta":{"content-type":"","jetpack_post_was_ever_published":false,"_jetpack_newsletter_access":"","_jetpack_dont_email_post_to_subs":false,"_jetpack_newsletter_tier_id":0,"_jetpack_memberships_contains_paywalled_content":false,"_jetpack_memberships_contains_paid_content":false,"footnotes":""},"categories":[1],"tags":[14928,5114],"class_list":["post-87957","post","type-post","status-publish","format-standard","has-post-thumbnail","hentry","category-sin-categoria","tag-republica-dominicana-cae-ante-colombia-2-1","tag-semifinales"],"jetpack_featured_media_url":"https:\/\/lasprimeras.com.do\/wp-content\/uploads\/2024\/08\/depo.jpg","jetpack-related-posts":[{"id":104857,"url":"https:\/\/lasprimeras.com.do\/index.php\/2025\/07\/28\/republica-dominicana-gana-a-panama-y-va-rumbo-a-semifinales-mundial-u12\/","url_meta":{"origin":87957,"position":0},"title":"Rep\u00fablica Dominicana gana a Panam\u00e1 y va rumbo a semifinales Mundial U12","author":"Nelson Feliz","date":"28 de julio de 2025","format":false,"excerpt":"Tain\u00e1n, Taiw\u00e1n.- Llega la segunda victoria de la Rep\u00fablica Dominicana al enfrentar a Panam\u00e1 con pizarra 10-3, en su tercera fecha de la serie regular en la Copa Mundial de B\u00e9isbol U12 que se celebra en Tainan, Taiw\u00e1n. Los dominicanos tomaron la delantera del juego en el segundo episodio y\u2026","rel":"","context":"En \u00abDEPORTES\u00bb","block_context":{"text":"DEPORTES","link":"https:\/\/lasprimeras.com.do\/index.php\/category\/deportes\/"},"img":{"alt_text":"","src":"https:\/\/i0.wp.com\/lasprimeras.com.do\/wp-content\/uploads\/2025\/07\/rd-1.jpg?resize=350%2C200&ssl=1","width":350,"height":200,"srcset":"https:\/\/i0.wp.com\/lasprimeras.com.do\/wp-content\/uploads\/2025\/07\/rd-1.jpg?resize=350%2C200&ssl=1 1x, https:\/\/i0.wp.com\/lasprimeras.com.do\/wp-content\/uploads\/2025\/07\/rd-1.jpg?resize=525%2C300&ssl=1 1.5x, https:\/\/i0.wp.com\/lasprimeras.com.do\/wp-content\/uploads\/2025\/07\/rd-1.jpg?resize=700%2C400&ssl=1 2x"},"classes":[]},{"id":76197,"url":"https:\/\/lasprimeras.com.do\/index.php\/2024\/02\/08\/panama-vence-a-dominicana-3-1-todo-definido-para-semifinales-en-serie-del-caribe\/","url_meta":{"origin":87957,"position":1},"title":"Panam\u00e1 vence a Dominicana 3-1; todo definido para semifinales en Serie del Caribe","author":"BIMARY DE JES\u00daS Matos","date":"8 de febrero de 2024","format":false,"excerpt":"Miami.- Los Federales de Chiriqu\u00ed, de Panam\u00e1, consiguieron anoche un resonante triunfo tres vueltas por una sobre los Tigres del Licey, de la Rep\u00fablica Dominicana, para culminar en la segunda posici\u00f3n de la ronde regular de la 66ava Serie del Caribe. Ahora tienen marca de cinco ganados y uno perdido,\u2026","rel":"","context":"En \u00abSin categor\u00eda\u00bb","block_context":{"text":"Sin categor\u00eda","link":"https:\/\/lasprimeras.com.do\/index.php\/category\/sin-categoria\/"},"img":{"alt_text":"","src":"https:\/\/i0.wp.com\/lasprimeras.com.do\/wp-content\/uploads\/2024\/02\/Panama-vence-RD-scaled-1.webp?resize=350%2C200&ssl=1","width":350,"height":200,"srcset":"https:\/\/i0.wp.com\/lasprimeras.com.do\/wp-content\/uploads\/2024\/02\/Panama-vence-RD-scaled-1.webp?resize=350%2C200&ssl=1 1x, https:\/\/i0.wp.com\/lasprimeras.com.do\/wp-content\/uploads\/2024\/02\/Panama-vence-RD-scaled-1.webp?resize=525%2C300&ssl=1 1.5x, https:\/\/i0.wp.com\/lasprimeras.com.do\/wp-content\/uploads\/2024\/02\/Panama-vence-RD-scaled-1.webp?resize=700%2C400&ssl=1 2x, https:\/\/i0.wp.com\/lasprimeras.com.do\/wp-content\/uploads\/2024\/02\/Panama-vence-RD-scaled-1.webp?resize=1050%2C600&ssl=1 3x, https:\/\/i0.wp.com\/lasprimeras.com.do\/wp-content\/uploads\/2024\/02\/Panama-vence-RD-scaled-1.webp?resize=1400%2C800&ssl=1 4x"},"classes":[]},{"id":124583,"url":"https:\/\/lasprimeras.com.do\/index.php\/2026\/03\/13\/con-un-cuadrangular-de-austin-wells-rd-gana-10-0-a-corea-del-sur-en-semifinales-del-clasico-mundial-de-beisbol\/","url_meta":{"origin":87957,"position":2},"title":"Con un cuadrangular de Austin Wells, RD gana 10-0 a Corea del Sur en semifinales del Cl\u00e1sico Mundial de B\u00e9isbol","author":"Nelson Feliz","date":"13 de marzo de 2026","format":false,"excerpt":"Rep\u00fablica Dominicana le entra a palos a Corea y est\u00e1 en semifinales del Cl\u00e1sico Mundial de B\u00e9isbol Con un enorme cuadrangular que remolc\u00f3 tres carreras en la parte baja del s\u00e9ptimo episodio en el que Austin Wells sell\u00f3 el triunfo por nocaut de la selecci\u00f3n de la Rep\u00fablica Dominicana 10-0\u2026","rel":"","context":"En \u00abDEPORTES\u00bb","block_context":{"text":"DEPORTES","link":"https:\/\/lasprimeras.com.do\/index.php\/category\/deportes\/"},"img":{"alt_text":"","src":"https:\/\/i0.wp.com\/lasprimeras.com.do\/wp-content\/uploads\/2026\/03\/Austin-Wells.jpg?resize=350%2C200&ssl=1","width":350,"height":200,"srcset":"https:\/\/i0.wp.com\/lasprimeras.com.do\/wp-content\/uploads\/2026\/03\/Austin-Wells.jpg?resize=350%2C200&ssl=1 1x, https:\/\/i0.wp.com\/lasprimeras.com.do\/wp-content\/uploads\/2026\/03\/Austin-Wells.jpg?resize=525%2C300&ssl=1 1.5x, https:\/\/i0.wp.com\/lasprimeras.com.do\/wp-content\/uploads\/2026\/03\/Austin-Wells.jpg?resize=700%2C400&ssl=1 2x"},"classes":[]},{"id":87370,"url":"https:\/\/lasprimeras.com.do\/index.php\/2024\/08\/11\/colombiana-tatiana-renteria-supera-a-ecuatoriana-genesis-reasco-por-bronce-en-lucha-olimpica\/","url_meta":{"origin":87957,"position":3},"title":"Colombiana Tatiana Renter\u00eda supera a ecuatoriana G\u00e9nesis Reasco por bronce en lucha ol\u00edmpica","author":"Nelson Feliz","date":"11 de agosto de 2024","format":false,"excerpt":"PAR\u00cdS (AP) \u2014 Con la \u00faltima opci\u00f3n de darle una medalla a Colombia en los Juegos Ol\u00edmpicos, la luchadora Tatiana Renter\u00eda se alz\u00f3 con el bronce tras derrotar a la ecuatoriana G\u00e9nesis Reasco en un re\u00f1ido combate. Las dos sudamericanas sucumbieron en la ronda de semifinales de los 76 kilogramos\u2026","rel":"","context":"En \u00abSin categor\u00eda\u00bb","block_context":{"text":"Sin categor\u00eda","link":"https:\/\/lasprimeras.com.do\/index.php\/category\/sin-categoria\/"},"img":{"alt_text":"Colombiana Tatiana Renter\u00eda supera a ecuatoriana G\u00e9nesis Reasco por bronce en lucha ol\u00edmpica","src":"https:\/\/i0.wp.com\/lasprimeras.com.do\/wp-content\/uploads\/2024\/08\/LUCHA-LIBRE.jpg?resize=350%2C200&ssl=1","width":350,"height":200,"srcset":"https:\/\/i0.wp.com\/lasprimeras.com.do\/wp-content\/uploads\/2024\/08\/LUCHA-LIBRE.jpg?resize=350%2C200&ssl=1 1x, https:\/\/i0.wp.com\/lasprimeras.com.do\/wp-content\/uploads\/2024\/08\/LUCHA-LIBRE.jpg?resize=525%2C300&ssl=1 1.5x, https:\/\/i0.wp.com\/lasprimeras.com.do\/wp-content\/uploads\/2024\/08\/LUCHA-LIBRE.jpg?resize=700%2C400&ssl=1 2x"},"classes":[]},{"id":88187,"url":"https:\/\/lasprimeras.com.do\/index.php\/2024\/08\/23\/rd-derrota-a-venezuela-en-el-inicio-de-la-ronda-de-posicionamiento\/","url_meta":{"origin":87957,"position":4},"title":"RD derrota a Venezuela en el inicio de la ronda de posicionamiento","author":"Nelson Feliz","date":"23 de agosto de 2024","format":false,"excerpt":"Cartagena de Indias, Colombia. - La Rep\u00fablica Dominicana derrota a Venezuela 5 a 4 este jueves en el Estadio Once de Noviembre en el inicio de la ronda de posicionamiento de la Copa Mundial de B\u00e9isbol U15. Esta ronda en la que juegan los dominicanos es la que sirve para\u2026","rel":"","context":"En \u00abSin categor\u00eda\u00bb","block_context":{"text":"Sin categor\u00eda","link":"https:\/\/lasprimeras.com.do\/index.php\/category\/sin-categoria\/"},"img":{"alt_text":"Rep\u00fablica Dominicana derrota a Venezuela","src":"https:\/\/i0.wp.com\/lasprimeras.com.do\/wp-content\/uploads\/2024\/08\/Republica-Dominicana-derrota-a-Venezuela.jpg?resize=350%2C200&ssl=1","width":350,"height":200,"srcset":"https:\/\/i0.wp.com\/lasprimeras.com.do\/wp-content\/uploads\/2024\/08\/Republica-Dominicana-derrota-a-Venezuela.jpg?resize=350%2C200&ssl=1 1x, https:\/\/i0.wp.com\/lasprimeras.com.do\/wp-content\/uploads\/2024\/08\/Republica-Dominicana-derrota-a-Venezuela.jpg?resize=525%2C300&ssl=1 1.5x"},"classes":[]},{"id":65294,"url":"https:\/\/lasprimeras.com.do\/index.php\/2023\/10\/27\/republica-dominicana-asciende-al-septimo-lugar-en-panamericanos\/","url_meta":{"origin":87957,"position":5},"title":"Rep\u00fablica Dominicana asciende al s\u00e9ptimo lugar en Panamericanos","author":"BIMARY DE JES\u00daS Matos","date":"27 de octubre de 2023","format":false,"excerpt":"SANTIAGO, Chile. Tras la conclusi\u00f3n de la jornada VII de la XIX edici\u00f3n de los Juegos Panamericanos de Chile, la Rep\u00fablica Dominicana ascendi\u00f3 a la s\u00e9ptima posici\u00f3n del medallero general. Con la presea de oro del equipo de voleibol femenino, y las dos preseas de bronce del boxeo, la delegaci\u00f3n\u2026","rel":"","context":"En \u00abSin categor\u00eda\u00bb","block_context":{"text":"Sin categor\u00eda","link":"https:\/\/lasprimeras.com.do\/index.php\/category\/sin-categoria\/"},"img":{"alt_text":"","src":"https:\/\/i0.wp.com\/lasprimeras.com.do\/wp-content\/uploads\/2023\/10\/WhatsApp-Image-2023-10-26-at-6.18.01-PM-4.jpeg?resize=350%2C200&ssl=1","width":350,"height":200,"srcset":"https:\/\/i0.wp.com\/lasprimeras.com.do\/wp-content\/uploads\/2023\/10\/WhatsApp-Image-2023-10-26-at-6.18.01-PM-4.jpeg?resize=350%2C200&ssl=1 1x, https:\/\/i0.wp.com\/lasprimeras.com.do\/wp-content\/uploads\/2023\/10\/WhatsApp-Image-2023-10-26-at-6.18.01-PM-4.jpeg?resize=525%2C300&ssl=1 1.5x"},"classes":[]}],"jetpack_sharing_enabled":true,"_links":{"self":[{"href":"https:\/\/lasprimeras.com.do\/index.php\/wp-json\/wp\/v2\/posts\/87957","targetHints":{"allow":["GET"]}}],"collection":[{"href":"https:\/\/lasprimeras.com.do\/index.php\/wp-json\/wp\/v2\/posts"}],"about":[{"href":"https:\/\/lasprimeras.com.do\/index.php\/wp-json\/wp\/v2\/types\/post"}],"author":[{"embeddable":true,"href":"https:\/\/lasprimeras.com.do\/index.php\/wp-json\/wp\/v2\/users\/2"}],"replies":[{"embeddable":true,"href":"https:\/\/lasprimeras.com.do\/index.php\/wp-json\/wp\/v2\/comments?post=87957"}],"version-history":[{"count":1,"href":"https:\/\/lasprimeras.com.do\/index.php\/wp-json\/wp\/v2\/posts\/87957\/revisions"}],"predecessor-version":[{"id":87959,"href":"https:\/\/lasprimeras.com.do\/index.php\/wp-json\/wp\/v2\/posts\/87957\/revisions\/87959"}],"wp:featuredmedia":[{"embeddable":true,"href":"https:\/\/lasprimeras.com.do\/index.php\/wp-json\/wp\/v2\/media\/87958"}],"wp:attachment":[{"href":"https:\/\/lasprimeras.com.do\/index.php\/wp-json\/wp\/v2\/media?parent=87957"}],"wp:term":[{"taxonomy":"category","embeddable":true,"href":"https:\/\/lasprimeras.com.do\/index.php\/wp-json\/wp\/v2\/categories?post=87957"},{"taxonomy":"post_tag","embeddable":true,"href":"https:\/\/lasprimeras.com.do\/index.php\/wp-json\/wp\/v2\/tags?post=87957"}],"curies":[{"name":"wp","href":"https:\/\/api.w.org\/{rel}","templated":true}]}}