{"id":87968,"date":"2024-08-20T17:29:51","date_gmt":"2024-08-20T21:29:51","guid":{"rendered":"https:\/\/lasprimeras.com.do\/?p=87968"},"modified":"2024-08-20T17:29:53","modified_gmt":"2024-08-20T21:29:53","slug":"director-de-oms-europa-dice-que-fracaso-en-erradicacion-de-la-viruela-simica-fue-por-falta-de-compromiso-y-recursos","status":"publish","type":"post","link":"https:\/\/lasprimeras.com.do\/index.php\/2024\/08\/20\/director-de-oms-europa-dice-que-fracaso-en-erradicacion-de-la-viruela-simica-fue-por-falta-de-compromiso-y-recursos\/","title":{"rendered":"Director de OMS Europa dice que fracaso en erradicaci\u00f3n de la viruela s\u00edmica fue por falta de compromiso y recursos"},"content":{"rendered":"\n<p><strong>Portavoz de la OMS afirma que no se recomienda el uso de mascarilla para prevenir el contagio de la viruela s\u00edmica, ya que el contacto es de piel a piel.<\/strong><\/p>\n\n\n\n<p>La Organizaci\u00f3n Mundial de la Salud (OMS) emiti\u00f3 un mensaje por el nuevo brote de viruela s\u00edmica (mpox en ingl\u00e9s) en \u00c1frica y un \u00fanico caso detectado en Europa, en un intento por contener las informaciones alarmistas y rumores en torno a esta enfermedad y su modo de transmisi\u00f3n.<\/p>\n\n\n\n<p>\u201cLa viruela s\u00edmica no es la covid (\u2026) En funci\u00f3n de lo que sabemos, se transmite principalmente a trav\u00e9s de contacto de piel con piel que presenta lesiones, incluidas (las producidas) en relaciones sexuales\u201d, se\u00f1al\u00f3 el director de OMS Europa, Hans Kluge, en comentarios a la prensa internacional en Ginebra.<\/p>\n\n\n\n<p>En la misma l\u00ednea, Kluge record\u00f3 que se sabe como controlar esta enfermedad infecciosa y cuales son \u201clos pasos que se deben dar en Europa para eliminar la transmisi\u00f3n por completo\u201d.<\/p>\n\n\n\n<p>En la misma actividad, el portavoz de la OMS, Tarik Jasarevic, enfatiz\u00f3 que no se recomienda el uso de mascarillas pues el contacto es de piel a piel.<\/p>\n\n\n\n<p>El estado de alerta sanitaria que declar\u00f3 la OMS se asocia con la r\u00e1pida expansi\u00f3n y elevada mortalidad de una nueva variante denominada clado 1b en \u00c1frica y un caso en Suecia, de un viajero que hab\u00eda estado en un \u00e1rea de \u00c1frica donde el virus circula con intensidad.<\/p>\n\n\n\n<p>Esa variante es diferente al denominado clado 2, que caus\u00f3 en 2022 un violento brote en \u00c1frica y cientos de casos en Europa, Norteam\u00e9rica y pa\u00edses de otras regiones.<\/p>\n\n\n\n<p>El responsable de la oficina europea de la OMS record\u00f3 que hace dos a\u00f1os se pidi\u00f3 a los gobiernos de Europa que mantuviesen los esfuerzos para eliminar totalmente la viruela s\u00edmica de Europa, pero se fracaso porque \u201chubo falta de compromiso y de recursos\u201d.<\/p>\n\n\n\n<p>La consecuencia es que cada mes se diagnostican un centenar de casos de la clado 2 de la viruela s\u00edmica en Europa, con un total de 27 mil casos diagnosticados desde 2022 en este continente.<\/p>\n\n\n\n<p>Lo que preocupa del actual brote es que se est\u00e1 observando que el clado 1b se contagia m\u00e1s f\u00e1cilmente entre personas y tiende a causar s\u00edntomas m\u00e1s severos.<\/p>\n\n\n\n<p>Ante informaciones sobre la supuesta transmisi\u00f3n de este clado de viruela s\u00edmica por el aire, el responsable sanitario explic\u00f3 que \u201ces posible que alguien, en la fase aguda de la infecci\u00f3n y especialmente si tiene ampollas en la boca, pueda transmitir el virus a contactos cercanos a trav\u00e9s de las gotitas (que exhala), en el hogar o en los hospitales\u201d.<\/p>\n\n\n\n<p>La OMS ha se\u00f1alado que hay evidencia importante de que tambi\u00e9n puede haber contagio mediante las s\u00e1banas y utensilios en hospitales.<\/p>\n\n\n\n<p>Kluge admiti\u00f3 que el modo de transmisi\u00f3n del clado 1b todav\u00eda no est\u00e1 del todo claro y que se requieren m\u00e1s indagaciones.<\/p>\n\n\n\n<p>En Guatemala, el Ministerio de Salud P\u00fablica y Asistencia Social (MPSAS) inform\u00f3 el 16 de agosto que se ha activado una alerta epidemiol\u00f3gica por la viruela s\u00edmica. Seg\u00fan las autoridades, entre 2022 y 2024, se registraron 406 casos, de los cuales una persona muri\u00f3.<\/p>\n\n\n\n<p>Las autoridades sanitarias guatemaltecas detallaron que la enfermedad tiene dos variantes, pero la menos letal es la que se ha registrado.<\/p>\n\n\n\n<figure class=\"wp-block-embed is-type-wp-embed is-provider-prensa-libre wp-block-embed-prensa-libre\"><div class=\"wp-block-embed__wrapper\">\n<blockquote class=\"wp-embedded-content\" data-secret=\"hm6WmjwRAr\"><a href=\"https:\/\/www.prensalibre.com\/internacional\/director-de-oms-europa-dice-que-fracaso-en-erradicacion-de-la-viruela-simica-fue-por-falta-de-compromiso-y-recursos\/\">Director de OMS Europa dice que fracaso en erradicaci\u00f3n de la viruela s\u00edmica fue por falta de compromiso y recursos<\/a><\/blockquote><iframe class=\"wp-embedded-content\" sandbox=\"allow-scripts\" security=\"restricted\" style=\"position: absolute; visibility: hidden;\" title=\"&#8220;Director de OMS Europa dice que fracaso en erradicaci\u00f3n de la viruela s\u00edmica fue por falta de compromiso y recursos&#8221; &#8212; Prensa Libre\" src=\"https:\/\/www.prensalibre.com\/internacional\/director-de-oms-europa-dice-que-fracaso-en-erradicacion-de-la-viruela-simica-fue-por-falta-de-compromiso-y-recursos\/embed\/#?secret=QrmlJ9Cbyj#?secret=hm6WmjwRAr\" data-secret=\"hm6WmjwRAr\" width=\"500\" height=\"282\" frameborder=\"0\" marginwidth=\"0\" marginheight=\"0\" scrolling=\"no\"><\/iframe>\n<\/div><\/figure>\n\n\n\n<p>Fuente Redacci\u00f3n EFE<\/p>\n","protected":false},"excerpt":{"rendered":"<p>Portavoz de la OMS afirma que no se recomienda el uso de mascarilla para prevenir el contagio de la viruela s\u00edmica, ya que el contacto es de piel a piel.&hellip;<\/p>\n","protected":false},"author":2,"featured_media":87969,"comment_status":"open","ping_status":"open","sticky":false,"template":"","format":"standard","meta":{"content-type":"","jetpack_post_was_ever_published":false,"_jetpack_newsletter_access":"","_jetpack_dont_email_post_to_subs":false,"_jetpack_newsletter_tier_id":0,"_jetpack_memberships_contains_paywalled_content":false,"_jetpack_memberships_contains_paid_content":false,"footnotes":""},"categories":[1],"tags":[562,247,3728,1486,6213,1522,896,14935],"class_list":["post-87968","post","type-post","status-publish","format-standard","has-post-thumbnail","hentry","category-sin-categoria","tag-compromiso","tag-director","tag-erradicacion","tag-europa","tag-fracaso","tag-oms","tag-recursos","tag-viruela-simica"],"jetpack_featured_media_url":"https:\/\/lasprimeras.com.do\/wp-content\/uploads\/2024\/08\/Hans-Kluge.jpg","jetpack-related-posts":[{"id":90939,"url":"https:\/\/lasprimeras.com.do\/index.php\/2024\/11\/03\/casos-de-viruela-simica-en-el-congo-podrian-estar-estabilizandose-expertos-piden-mas-vacunas\/","url_meta":{"origin":87968,"position":0},"title":"Casos de viruela s\u00edmica en el Congo podr\u00edan estar estabiliz\u00e1ndose; expertos piden m\u00e1s vacunas","author":"Nelson Feliz","date":"3 de noviembre de 2024","format":false,"excerpt":"MARIA CHENG y RUTH ALONGA GOMA, Congo (AP) \u2014 Los casos de viruela s\u00edmica en el Congo podr\u00edan estar \u201cestabiliz\u00e1ndose\u201d, aseguraron algunas autoridades de salud, lo que podr\u00eda indicar que la epidemia principal por la que la Organizaci\u00f3n Mundial de la Salud (OMS) declar\u00f3 una emergencia global en agosto pasado\u2026","rel":"","context":"En \u00abSin categor\u00eda\u00bb","block_context":{"text":"Sin categor\u00eda","link":"https:\/\/lasprimeras.com.do\/index.php\/category\/sin-categoria\/"},"img":{"alt_text":"","src":"https:\/\/i0.wp.com\/lasprimeras.com.do\/wp-content\/uploads\/2024\/11\/viruela-simica.jpg?resize=350%2C200&ssl=1","width":350,"height":200,"srcset":"https:\/\/i0.wp.com\/lasprimeras.com.do\/wp-content\/uploads\/2024\/11\/viruela-simica.jpg?resize=350%2C200&ssl=1 1x, https:\/\/i0.wp.com\/lasprimeras.com.do\/wp-content\/uploads\/2024\/11\/viruela-simica.jpg?resize=525%2C300&ssl=1 1.5x"},"classes":[]},{"id":88533,"url":"https:\/\/lasprimeras.com.do\/index.php\/2024\/08\/30\/ni-vacunas-ni-pruebas-ni-tratamiento-la-republica-democratica-del-congo-no-tiene-herramientas-para-confrontar-la-viruela-simica\/","url_meta":{"origin":87968,"position":1},"title":"Ni vacunas, ni pruebas, ni tratamiento: la Rep\u00fablica Democr\u00e1tica del Congo no tiene herramientas para confrontar la viruela s\u00edmica","author":"Nelson Feliz","date":"30 de agosto de 2024","format":false,"excerpt":"Stephanie Nolen The New York Times Oficiales de salubridad en la Rep\u00fablica Democr\u00e1tica del Congo, el epicentro de un brote cambiante de viruela s\u00edmica, afirman que no tienen ni siquiera las herramientas m\u00e1s b\u00e1sicas necesarias para contener y tratar el virus.\u200cEl pa\u00eds tiene una capacidad limitada para diagnosticar casos de\u2026","rel":"","context":"En \u00abSin categor\u00eda\u00bb","block_context":{"text":"Sin categor\u00eda","link":"https:\/\/lasprimeras.com.do\/index.php\/category\/sin-categoria\/"},"img":{"alt_text":"Un trabajador de servicios de salud inspecciona las lesiones de un paciente nuevo en el centro de tratamiento de viruela s\u00edmica Munigi en la provincia de North Kivu, Rep\u00fablica Democr\u00e1tica del Congo, el 22 de agosto de 2024. (Arlette Bashizi\/The New York Times)","src":"https:\/\/i0.wp.com\/lasprimeras.com.do\/wp-content\/uploads\/2024\/08\/viruela-simica.jpg?resize=350%2C200&ssl=1","width":350,"height":200,"srcset":"https:\/\/i0.wp.com\/lasprimeras.com.do\/wp-content\/uploads\/2024\/08\/viruela-simica.jpg?resize=350%2C200&ssl=1 1x, https:\/\/i0.wp.com\/lasprimeras.com.do\/wp-content\/uploads\/2024\/08\/viruela-simica.jpg?resize=525%2C300&ssl=1 1.5x, https:\/\/i0.wp.com\/lasprimeras.com.do\/wp-content\/uploads\/2024\/08\/viruela-simica.jpg?resize=700%2C400&ssl=1 2x"},"classes":[]},{"id":87639,"url":"https:\/\/lasprimeras.com.do\/index.php\/2024\/08\/14\/oms-declara-nuevamente-la-viruela-del-mono-como-una-emergencia-internacional-de-salud-publica\/","url_meta":{"origin":87968,"position":2},"title":"OMS declara nuevamente la viruela del mono como una emergencia internacional de salud p\u00fablica","author":"Nelson Feliz","date":"14 de agosto de 2024","format":false,"excerpt":"La OMS afirm\u00f3 que esta vez los brotes no son consecuencia de la circulaci\u00f3n de una misma variante del virus, sino de m\u00e1s de una. Ginebra, Suiza,EFE.La Organizaci\u00f3n Mundial de la Salud (OMS) declar\u00f3 este mi\u00e9rcoles el actual brote de mpox (conocido antes como viruela del mono) en la Rep\u00fablica\u2026","rel":"","context":"En \u00abSin categor\u00eda\u00bb","block_context":{"text":"Sin categor\u00eda","link":"https:\/\/lasprimeras.com.do\/index.php\/category\/sin-categoria\/"},"img":{"alt_text":"La viruela s\u00edmica","src":"https:\/\/i0.wp.com\/lasprimeras.com.do\/wp-content\/uploads\/2024\/08\/La-viruela-simica.jpeg?resize=350%2C200&ssl=1","width":350,"height":200,"srcset":"https:\/\/i0.wp.com\/lasprimeras.com.do\/wp-content\/uploads\/2024\/08\/La-viruela-simica.jpeg?resize=350%2C200&ssl=1 1x, https:\/\/i0.wp.com\/lasprimeras.com.do\/wp-content\/uploads\/2024\/08\/La-viruela-simica.jpeg?resize=525%2C300&ssl=1 1.5x, https:\/\/i0.wp.com\/lasprimeras.com.do\/wp-content\/uploads\/2024\/08\/La-viruela-simica.jpeg?resize=700%2C400&ssl=1 2x"},"classes":[]},{"id":88160,"url":"https:\/\/lasprimeras.com.do\/index.php\/2024\/08\/23\/luis-el-gallo-pide-seguir-deportacion-de-ilegales-y-alerta-sobre-la-viruela-del-mono\/","url_meta":{"origin":87968,"position":3},"title":"Luis \u201cEl Gallo\u201d pide seguir deportaci\u00f3n de ilegales y alerta sobre la viruela del mono","author":"Nelson Feliz","date":"23 de agosto de 2024","format":false,"excerpt":"\u00a0El presidente de la Uni\u00f3n Dem\u00f3crata Cristiana -UDC-, Luis Acosta Moreta, Luis \u201cEl Gallo\u201d, defendi\u00f3 hoy el derecho de la Rep\u00fablica Dominicana de repatriar a ilegales, y pidi\u00f3 se tomen expresas medidas para evitar la entrada al pa\u00eds de la viruela del mono. Destac\u00f3 que las principales ciudades dominicanas est\u00e1n\u2026","rel":"","context":"En \u00abPORTADA\u00bb","block_context":{"text":"PORTADA","link":"https:\/\/lasprimeras.com.do\/index.php\/category\/portada\/"},"img":{"alt_text":"OSIRIS DE LEON","src":"https:\/\/i0.wp.com\/lasprimeras.com.do\/wp-content\/uploads\/2024\/08\/OSIRIS-DE-LEON-1.jpg?resize=350%2C200&ssl=1","width":350,"height":200,"srcset":"https:\/\/i0.wp.com\/lasprimeras.com.do\/wp-content\/uploads\/2024\/08\/OSIRIS-DE-LEON-1.jpg?resize=350%2C200&ssl=1 1x, https:\/\/i0.wp.com\/lasprimeras.com.do\/wp-content\/uploads\/2024\/08\/OSIRIS-DE-LEON-1.jpg?resize=525%2C300&ssl=1 1.5x"},"classes":[]},{"id":86985,"url":"https:\/\/lasprimeras.com.do\/index.php\/2024\/08\/05\/oms-actualiza-lista-de-virus-y-bacterias-que-podrian-causar-proxima-pandemia\/","url_meta":{"origin":87968,"position":4},"title":"OMS actualiza lista de virus y bacterias que podr\u00edan causar pr\u00f3xima pandemia","author":"Nelson Feliz","date":"5 de agosto de 2024","format":false,"excerpt":"El organismo sanitario present\u00f3 un informe en el que participaron cient\u00edficos de m\u00e1s de 50 pa\u00edses. All\u00ed, analizaron pat\u00f3genos con el objetivo de acelerar la vigilancia y \u201cadaptarse r\u00e1pidamente a las amenazas emergentes\u201d, seg\u00fan informaron. La Organizaci\u00f3n Mundial de la Salud (OMS) le solicit\u00f3 a investigadores y gobiernos expandir la\u2026","rel":"","context":"En \u00abSin categor\u00eda\u00bb","block_context":{"text":"Sin categor\u00eda","link":"https:\/\/lasprimeras.com.do\/index.php\/category\/sin-categoria\/"},"img":{"alt_text":"","src":"https:\/\/i0.wp.com\/lasprimeras.com.do\/wp-content\/uploads\/2024\/08\/OMS.png?resize=350%2C200&ssl=1","width":350,"height":200,"srcset":"https:\/\/i0.wp.com\/lasprimeras.com.do\/wp-content\/uploads\/2024\/08\/OMS.png?resize=350%2C200&ssl=1 1x, https:\/\/i0.wp.com\/lasprimeras.com.do\/wp-content\/uploads\/2024\/08\/OMS.png?resize=525%2C300&ssl=1 1.5x, https:\/\/i0.wp.com\/lasprimeras.com.do\/wp-content\/uploads\/2024\/08\/OMS.png?resize=700%2C400&ssl=1 2x"},"classes":[]},{"id":124724,"url":"https:\/\/lasprimeras.com.do\/index.php\/2026\/03\/16\/nyc-reporta-el-primer-caso-de-mpox-una-enfermedad-infecciosa-emite-alerta-sanitaria\/","url_meta":{"origin":87968,"position":5},"title":"NYC reporta el primer caso de Mpox, una enfermedad infecciosa; emite alerta sanitaria","author":"Nelson Feliz","date":"16 de marzo de 2026","format":false,"excerpt":"Por Ram\u00f3n Mercedes NUEVA YORK.- El Departamento de Salud e Higiene Mental de NYC (DOHMH) report\u00f3 el primer caso de Mpox (anteriormente viruela del mono), una enfermedad infecciosa, a veces grave, caracterizada por una erupci\u00f3n dolorosa, fiebre y ganglios linf\u00e1ticos inflamados. Actualmente, en la Gran Manzana residen 8,6 millones de\u2026","rel":"","context":"En \u00abSALUD\u00bb","block_context":{"text":"SALUD","link":"https:\/\/lasprimeras.com.do\/index.php\/category\/salud\/"},"img":{"alt_text":"","src":"https:\/\/i0.wp.com\/lasprimeras.com.do\/wp-content\/uploads\/2026\/03\/IMG-20260316-WA0044.jpg?resize=350%2C200&ssl=1","width":350,"height":200,"srcset":"https:\/\/i0.wp.com\/lasprimeras.com.do\/wp-content\/uploads\/2026\/03\/IMG-20260316-WA0044.jpg?resize=350%2C200&ssl=1 1x, https:\/\/i0.wp.com\/lasprimeras.com.do\/wp-content\/uploads\/2026\/03\/IMG-20260316-WA0044.jpg?resize=525%2C300&ssl=1 1.5x, https:\/\/i0.wp.com\/lasprimeras.com.do\/wp-content\/uploads\/2026\/03\/IMG-20260316-WA0044.jpg?resize=700%2C400&ssl=1 2x"},"classes":[]}],"jetpack_sharing_enabled":true,"_links":{"self":[{"href":"https:\/\/lasprimeras.com.do\/index.php\/wp-json\/wp\/v2\/posts\/87968","targetHints":{"allow":["GET"]}}],"collection":[{"href":"https:\/\/lasprimeras.com.do\/index.php\/wp-json\/wp\/v2\/posts"}],"about":[{"href":"https:\/\/lasprimeras.com.do\/index.php\/wp-json\/wp\/v2\/types\/post"}],"author":[{"embeddable":true,"href":"https:\/\/lasprimeras.com.do\/index.php\/wp-json\/wp\/v2\/users\/2"}],"replies":[{"embeddable":true,"href":"https:\/\/lasprimeras.com.do\/index.php\/wp-json\/wp\/v2\/comments?post=87968"}],"version-history":[{"count":1,"href":"https:\/\/lasprimeras.com.do\/index.php\/wp-json\/wp\/v2\/posts\/87968\/revisions"}],"predecessor-version":[{"id":87970,"href":"https:\/\/lasprimeras.com.do\/index.php\/wp-json\/wp\/v2\/posts\/87968\/revisions\/87970"}],"wp:featuredmedia":[{"embeddable":true,"href":"https:\/\/lasprimeras.com.do\/index.php\/wp-json\/wp\/v2\/media\/87969"}],"wp:attachment":[{"href":"https:\/\/lasprimeras.com.do\/index.php\/wp-json\/wp\/v2\/media?parent=87968"}],"wp:term":[{"taxonomy":"category","embeddable":true,"href":"https:\/\/lasprimeras.com.do\/index.php\/wp-json\/wp\/v2\/categories?post=87968"},{"taxonomy":"post_tag","embeddable":true,"href":"https:\/\/lasprimeras.com.do\/index.php\/wp-json\/wp\/v2\/tags?post=87968"}],"curies":[{"name":"wp","href":"https:\/\/api.w.org\/{rel}","templated":true}]}}