{"id":88060,"date":"2024-08-21T17:39:07","date_gmt":"2024-08-21T21:39:07","guid":{"rendered":"https:\/\/lasprimeras.com.do\/?p=88060"},"modified":"2024-08-21T17:39:09","modified_gmt":"2024-08-21T21:39:09","slug":"policia-confirma-que-22-agentes-son-investigados-tras-operativo-en-el-que-murio-diputado","status":"publish","type":"post","link":"https:\/\/lasprimeras.com.do\/index.php\/2024\/08\/21\/policia-confirma-que-22-agentes-son-investigados-tras-operativo-en-el-que-murio-diputado\/","title":{"rendered":"Polic\u00eda confirma que 22 agentes son investigados tras operativo en el que muri\u00f3 diputado"},"content":{"rendered":"\n<p>Asunci\u00f3n,(EFE).- El comandante de la Polic\u00eda Nacional de Paraguay, Carlos Ben\u00edtez, asegur\u00f3 este mi\u00e9rcoles que 22 agentes especiales de esa instituci\u00f3n est\u00e1n siendo investigados tras una operaci\u00f3n de registro efectuada el lunes en la vivienda del diputado oficialista Eulalio &#8216;Lalo&#8217; Gomes que muri\u00f3 en un presunto cruce de disparos con las autoridades.<\/p>\n\n\n\n<p>&#8220;No hay ning\u00fan arresto para ellos, ellos est\u00e1n bajo investigaci\u00f3n&#8221;, aclar\u00f3 Ben\u00edtez a periodistas, antes de participar de una &#8220;sesi\u00f3n extraordinaria reservada&#8221; convocada por el Senado para analizar el allanamiento realizado a la casa del legislador en la ciudad de Pedro Juan Caballero (norte), como parte de una investigaci\u00f3n por presunto lavado de activos.<\/p>\n\n\n\n<p>El jefe policial, cuya renuncia y la del ministro del Interior, Enrique Riera, fue solicitada en una resoluci\u00f3n aprobada el martes por la C\u00e1mara de Diputados, indic\u00f3 que la divisi\u00f3n de Asuntos Internos de la Polic\u00eda Nacional est\u00e1 a cargo de la situaci\u00f3n de estos funcionarios mientras se cumple con la investigaci\u00f3n.<\/p>\n\n\n\n<p>Ben\u00edtez confirm\u00f3 que se trata de &#8220;22 elementos&#8221;, 12 de la Fuerza de Operaciones Policiales Especiales (Fope) y 10 de la Unidad Especial de Inteligencia Sensible Antinarc\u00f3ticos y Hechos Punibles Conexos (S.I.U.), que est\u00e1n a disposici\u00f3n de sus respectivas unidades.<\/p>\n\n\n\n<p>Para el comandante de la Polic\u00eda, posterior a la investigaci\u00f3n, podr\u00eda sobrevenir, &#8220;si es que se considera&#8221;, una sanci\u00f3n.<\/p>\n\n\n\n<p>Gomes, de 67 a\u00f1os y diputado por el gobernante Partido Colorado, muri\u00f3 en la madrugada del lunes en medio de un procedimiento ordenado por un juez penal contra el crimen organizado y efectuado por agentes especiales de la Polic\u00eda Nacional y fiscales del Ministerio P\u00fablico.<\/p>\n\n\n\n<p>Las autoridades, encabezadas por Riera y Ben\u00edtez, alegan que los efectivos &#8220;fueron recibidos a tiros&#8221;.<\/p>\n\n\n\n<p>Pero la familia del fallecido asegura que el legislador &#8220;no tuvo tiempo de reaccionar&#8221; y ha presentado una denuncia contra persona innominada (sin un nombre en particular) por presunto homicidio doloso.<\/p>\n\n\n\n<p>Agencia EFE<\/p>\n","protected":false},"excerpt":{"rendered":"<p>Asunci\u00f3n,(EFE).- El comandante de la Polic\u00eda Nacional de Paraguay, Carlos Ben\u00edtez, asegur\u00f3 este mi\u00e9rcoles que 22 agentes especiales de esa instituci\u00f3n est\u00e1n siendo investigados tras una operaci\u00f3n de registro efectuada&hellip;<\/p>\n","protected":false},"author":2,"featured_media":88061,"comment_status":"open","ping_status":"open","sticky":false,"template":"","format":"standard","meta":{"content-type":"","jetpack_post_was_ever_published":false,"_jetpack_newsletter_access":"","_jetpack_dont_email_post_to_subs":false,"_jetpack_newsletter_tier_id":0,"_jetpack_memberships_contains_paywalled_content":false,"_jetpack_memberships_contains_paid_content":false,"footnotes":""},"categories":[1],"tags":[14984,14983,78,14985,4927,3485,48],"class_list":["post-88060","post","type-post","status-publish","format-standard","has-post-thumbnail","hentry","category-sin-categoria","tag-22-agentes","tag-carlos-benitez","tag-diputado","tag-investigados","tag-murio","tag-operativo","tag-policia"],"jetpack_featured_media_url":"https:\/\/lasprimeras.com.do\/wp-content\/uploads\/2024\/08\/Eulalio-Gomez.jpg","jetpack-related-posts":[{"id":77744,"url":"https:\/\/lasprimeras.com.do\/index.php\/2024\/02\/24\/policia-mata-presunto-delincuente-en-guachupita\/","url_meta":{"origin":88060,"position":0},"title":"Polic\u00eda mata presunto delincuente en Guachupita","author":"Nelson Feliz","date":"24 de febrero de 2024","format":false,"excerpt":"PN investiga hecho en que hombre resulta muerto en medio de fuego cruzado entre agentes policiales y presunto delincuente. La Direcci\u00f3n General de la Polic\u00eda Nacional investigaci\u00f3n las circunstancias en que un hombre perdi\u00f3 la vida, tras sufrir herida de bala en medio de un fuego cruzado entre agentes policiales\u2026","rel":"","context":"En \u00abMILITARES\u00bb","block_context":{"text":"MILITARES","link":"https:\/\/lasprimeras.com.do\/index.php\/category\/militares\/"},"img":{"alt_text":"Patrulla PN","src":"https:\/\/i0.wp.com\/lasprimeras.com.do\/wp-content\/uploads\/2024\/02\/Patrulla-PN.jpg?resize=350%2C200&ssl=1","width":350,"height":200,"srcset":"https:\/\/i0.wp.com\/lasprimeras.com.do\/wp-content\/uploads\/2024\/02\/Patrulla-PN.jpg?resize=350%2C200&ssl=1 1x, https:\/\/i0.wp.com\/lasprimeras.com.do\/wp-content\/uploads\/2024\/02\/Patrulla-PN.jpg?resize=525%2C300&ssl=1 1.5x, https:\/\/i0.wp.com\/lasprimeras.com.do\/wp-content\/uploads\/2024\/02\/Patrulla-PN.jpg?resize=700%2C400&ssl=1 2x"},"classes":[]},{"id":65965,"url":"https:\/\/lasprimeras.com.do\/index.php\/2023\/11\/02\/cae-abatido-en-sdn-presunto-delincuente-ataco-a-tiros-a-agentes-policiales\/","url_meta":{"origin":88060,"position":1},"title":"Cae abatido en SDN presunto delincuente atac\u00f3 a tiros a agentes policiales","author":"Nelson Feliz","date":"2 de noviembre de 2023","format":false,"excerpt":"-Se ampl\u00edan las investigaciones en torno al caso donde se ocup\u00f3 una pistola ilegal y varios cargadores. Por Mart\u00edn Restituyo La Polic\u00eda Nacional inform\u00f3 que cay\u00f3 abatido un reconocido delincuente, tras enfrentar a tiros a agentes policiales que trataron de apresarlo en el residencial Bienaventuranza, del municipio Santo Domingo Norte.\u2026","rel":"","context":"En \u00abMILITARES\u00bb","block_context":{"text":"MILITARES","link":"https:\/\/lasprimeras.com.do\/index.php\/category\/militares\/"},"img":{"alt_text":"pistola","src":"https:\/\/i0.wp.com\/lasprimeras.com.do\/wp-content\/uploads\/2023\/11\/pistola.jpg?resize=350%2C200&ssl=1","width":350,"height":200,"srcset":"https:\/\/i0.wp.com\/lasprimeras.com.do\/wp-content\/uploads\/2023\/11\/pistola.jpg?resize=350%2C200&ssl=1 1x, https:\/\/i0.wp.com\/lasprimeras.com.do\/wp-content\/uploads\/2023\/11\/pistola.jpg?resize=525%2C300&ssl=1 1.5x, https:\/\/i0.wp.com\/lasprimeras.com.do\/wp-content\/uploads\/2023\/11\/pistola.jpg?resize=700%2C400&ssl=1 2x"},"classes":[]},{"id":85075,"url":"https:\/\/lasprimeras.com.do\/index.php\/2024\/06\/22\/eeuu-al-menos-3-muertos-y-11-heridos-en-un-tiroteo-en-arkansas\/","url_meta":{"origin":88060,"position":2},"title":"EEUU: Al menos 3 muertos y 11 heridos en un tiroteo en Arkansas","author":"Nelson Feliz","date":"22 de junio de 2024","format":false,"excerpt":"ARKANSAS, EEUU, EUROPA PRESS.- Al menos tres personas han fallecido y otras once han resultado heridas, incluidos dos agentes de Polic\u00eda, como v\u00edctimas de un tiroteo ocurrido este viernes en una tienda de alimentaci\u00f3n de la localidad de Fordyce, ubicada en el estado estadounidense de Arkansas. Los agentes de la\u2026","rel":"","context":"En \u00abSin categor\u00eda\u00bb","block_context":{"text":"Sin categor\u00eda","link":"https:\/\/lasprimeras.com.do\/index.php\/category\/sin-categoria\/"},"img":{"alt_text":"POLICIA NY","src":"https:\/\/i0.wp.com\/lasprimeras.com.do\/wp-content\/uploads\/2023\/11\/POLICIA-NY.jpg?resize=350%2C200&ssl=1","width":350,"height":200,"srcset":"https:\/\/i0.wp.com\/lasprimeras.com.do\/wp-content\/uploads\/2023\/11\/POLICIA-NY.jpg?resize=350%2C200&ssl=1 1x, https:\/\/i0.wp.com\/lasprimeras.com.do\/wp-content\/uploads\/2023\/11\/POLICIA-NY.jpg?resize=525%2C300&ssl=1 1.5x, https:\/\/i0.wp.com\/lasprimeras.com.do\/wp-content\/uploads\/2023\/11\/POLICIA-NY.jpg?resize=700%2C400&ssl=1 2x"},"classes":[]},{"id":52605,"url":"https:\/\/lasprimeras.com.do\/index.php\/2023\/06\/12\/joven-defendio-a-su-madre-y-fue-asesinada-por-el-padrastro\/","url_meta":{"origin":88060,"position":3},"title":"Joven defendi\u00f3 a su madre y fue asesinada por el padrastro","author":"prenxa100","date":"12 de junio de 2023","format":false,"excerpt":"Un homicidio se registr\u00f3 ayer en Encarnaci\u00f3n, donde madre e hija fueron atacadas. La primera est\u00e1 hospitalizada, pero la joven falleci\u00f3. El supuesto autor es pareja de la se\u00f1ora. El terrible hecho sucedi\u00f3 en el barrio San Isidro de Encarnaci\u00f3n, a las 19:00 aproximadamente, dentro de una vivienda. Result\u00f3 v\u00edctima\u2026","rel":"","context":"En \u00abSin categor\u00eda\u00bb","block_context":{"text":"Sin categor\u00eda","link":"https:\/\/lasprimeras.com.do\/index.php\/category\/sin-categoria\/"},"img":{"alt_text":"","src":"https:\/\/i0.wp.com\/lasprimeras.com.do\/wp-content\/uploads\/2023\/06\/joven-defendio-a-su-madre-y-fue-asesinada-por-el-padrastro.jpg?resize=350%2C200&ssl=1","width":350,"height":200,"srcset":"https:\/\/i0.wp.com\/lasprimeras.com.do\/wp-content\/uploads\/2023\/06\/joven-defendio-a-su-madre-y-fue-asesinada-por-el-padrastro.jpg?resize=350%2C200&ssl=1 1x, https:\/\/i0.wp.com\/lasprimeras.com.do\/wp-content\/uploads\/2023\/06\/joven-defendio-a-su-madre-y-fue-asesinada-por-el-padrastro.jpg?resize=525%2C300&ssl=1 1.5x, https:\/\/i0.wp.com\/lasprimeras.com.do\/wp-content\/uploads\/2023\/06\/joven-defendio-a-su-madre-y-fue-asesinada-por-el-padrastro.jpg?resize=700%2C400&ssl=1 2x"},"classes":[]},{"id":79989,"url":"https:\/\/lasprimeras.com.do\/index.php\/2024\/04\/02\/policia-de-houston-publica-imagenes-de-sospechosos-de-tiroteo-en-houston-donde-murio-hijo-de-pacheco\/","url_meta":{"origin":88060,"position":4},"title":"Polic\u00eda de Houston publica im\u00e1genes de sospechosos de tiroteo en Houston donde muri\u00f3 hijo de Pacheco","author":"BIMARY DE JES\u00daS Matos","date":"2 de abril de 2024","format":false,"excerpt":"Texas.-La Polic\u00eda de Houston Texas public\u00f3 en su cuenta de Twitter las fotograf\u00edas de tres de las cuatro personas investigadas por el tiroteo en donde muri\u00f3 el hijo del presidente de la C\u00e1mara de Diputados, Alfredo Pacheco. En las im\u00e1genes se puede apreciar que los hombres ten\u00edan en su poder\u2026","rel":"","context":"En \u00abSin categor\u00eda\u00bb","block_context":{"text":"Sin categor\u00eda","link":"https:\/\/lasprimeras.com.do\/index.php\/category\/sin-categoria\/"},"img":{"alt_text":"","src":"https:\/\/i0.wp.com\/lasprimeras.com.do\/wp-content\/uploads\/2024\/04\/WhatsApp-Image-2024-01-26-at-12.10.49-PM-3.jpeg?resize=350%2C200&ssl=1","width":350,"height":200,"srcset":"https:\/\/i0.wp.com\/lasprimeras.com.do\/wp-content\/uploads\/2024\/04\/WhatsApp-Image-2024-01-26-at-12.10.49-PM-3.jpeg?resize=350%2C200&ssl=1 1x, https:\/\/i0.wp.com\/lasprimeras.com.do\/wp-content\/uploads\/2024\/04\/WhatsApp-Image-2024-01-26-at-12.10.49-PM-3.jpeg?resize=525%2C300&ssl=1 1.5x, https:\/\/i0.wp.com\/lasprimeras.com.do\/wp-content\/uploads\/2024\/04\/WhatsApp-Image-2024-01-26-at-12.10.49-PM-3.jpeg?resize=700%2C400&ssl=1 2x"},"classes":[]},{"id":96997,"url":"https:\/\/lasprimeras.com.do\/index.php\/2025\/04\/13\/suspenden-agentes-de-la-pn-tras-fuga-de-detenido-en-jarabacoa\/","url_meta":{"origin":88060,"position":5},"title":"Suspenden agentes de la PN tras fuga de detenido en Jarabacoa","author":"Nelson Feliz","date":"13 de abril de 2025","format":false,"excerpt":"La Polic\u00eda Nacional suspendi\u00f3 de todo el personal que estuvo de servicio entre la medianoche del viernes 11 y la 5:00 de la madrugada de este s\u00e1bado 12 de abril en el Departamento Operativo I del municipio Jarabacoa, provincia La Vega, tras la fuga de un hombre que hab\u00eda sido\u2026","rel":"","context":"En \u00abMILITARES\u00bb","block_context":{"text":"MILITARES","link":"https:\/\/lasprimeras.com.do\/index.php\/category\/militares\/"},"img":{"alt_text":"","src":"https:\/\/i0.wp.com\/lasprimeras.com.do\/wp-content\/uploads\/2024\/11\/POLICIAS.jpg?resize=350%2C200&ssl=1","width":350,"height":200,"srcset":"https:\/\/i0.wp.com\/lasprimeras.com.do\/wp-content\/uploads\/2024\/11\/POLICIAS.jpg?resize=350%2C200&ssl=1 1x, https:\/\/i0.wp.com\/lasprimeras.com.do\/wp-content\/uploads\/2024\/11\/POLICIAS.jpg?resize=525%2C300&ssl=1 1.5x, https:\/\/i0.wp.com\/lasprimeras.com.do\/wp-content\/uploads\/2024\/11\/POLICIAS.jpg?resize=700%2C400&ssl=1 2x"},"classes":[]}],"jetpack_sharing_enabled":true,"_links":{"self":[{"href":"https:\/\/lasprimeras.com.do\/index.php\/wp-json\/wp\/v2\/posts\/88060","targetHints":{"allow":["GET"]}}],"collection":[{"href":"https:\/\/lasprimeras.com.do\/index.php\/wp-json\/wp\/v2\/posts"}],"about":[{"href":"https:\/\/lasprimeras.com.do\/index.php\/wp-json\/wp\/v2\/types\/post"}],"author":[{"embeddable":true,"href":"https:\/\/lasprimeras.com.do\/index.php\/wp-json\/wp\/v2\/users\/2"}],"replies":[{"embeddable":true,"href":"https:\/\/lasprimeras.com.do\/index.php\/wp-json\/wp\/v2\/comments?post=88060"}],"version-history":[{"count":1,"href":"https:\/\/lasprimeras.com.do\/index.php\/wp-json\/wp\/v2\/posts\/88060\/revisions"}],"predecessor-version":[{"id":88062,"href":"https:\/\/lasprimeras.com.do\/index.php\/wp-json\/wp\/v2\/posts\/88060\/revisions\/88062"}],"wp:featuredmedia":[{"embeddable":true,"href":"https:\/\/lasprimeras.com.do\/index.php\/wp-json\/wp\/v2\/media\/88061"}],"wp:attachment":[{"href":"https:\/\/lasprimeras.com.do\/index.php\/wp-json\/wp\/v2\/media?parent=88060"}],"wp:term":[{"taxonomy":"category","embeddable":true,"href":"https:\/\/lasprimeras.com.do\/index.php\/wp-json\/wp\/v2\/categories?post=88060"},{"taxonomy":"post_tag","embeddable":true,"href":"https:\/\/lasprimeras.com.do\/index.php\/wp-json\/wp\/v2\/tags?post=88060"}],"curies":[{"name":"wp","href":"https:\/\/api.w.org\/{rel}","templated":true}]}}