{"id":88063,"date":"2024-08-21T17:55:30","date_gmt":"2024-08-21T21:55:30","guid":{"rendered":"https:\/\/lasprimeras.com.do\/?p=88063"},"modified":"2024-08-21T17:55:32","modified_gmt":"2024-08-21T21:55:32","slug":"el-vicecanciller-de-la-india-visita-panama-para-potenciar-acuerdos-economicos-y-tecnologicos","status":"publish","type":"post","link":"https:\/\/lasprimeras.com.do\/index.php\/2024\/08\/21\/el-vicecanciller-de-la-india-visita-panama-para-potenciar-acuerdos-economicos-y-tecnologicos\/","title":{"rendered":"El vicecanciller de la India visita Panam\u00e1 para potenciar acuerdos econ\u00f3micos y tecnol\u00f3gicos"},"content":{"rendered":"\n<p>Ciudad de Panam\u00e1, (EFE).- El viceministro de Asuntos Exteriores de la India Pabitra Margherita, de visita oficial en Panam\u00e1, se reuni\u00f3 este mi\u00e9rcoles con autoridades paname\u00f1as para fortalecer las relaciones bilaterales en \u00e1reas como ciencia, tecnolog\u00eda, salud y econom\u00eda.<\/p>\n\n\n\n<p>El vicecanciller indio estar\u00e1 en Panam\u00e1 hasta el jueves, seg\u00fan confirmaron fuentes oficiales a EFE, para reunirse con las autoridades locales, entes econ\u00f3micos y la comunidad india.<\/p>\n\n\n\n<p>La Embajada de la India en Ciudad de Panam\u00e1 destac\u00f3 en un mensaje en X que esta es &#8220;la primera visita a nivel ministerial de la India a Panam\u00e1 dentro de los 100 d\u00edas del nuevo Gobierno&#8221; del presidente paname\u00f1o, Jos\u00e9 Ra\u00fal Mulino, que tom\u00f3 posesi\u00f3n el pasado 1 de julio.<\/p>\n\n\n\n<p>Pabitra Margherita fue recibido por el canciller paname\u00f1o, Javier Mart\u00ednez-Acha, a &#8220;fin de abordar temas de la agenda com\u00fan tanto a nivel bilateral, regional y multilateral&#8221;, seg\u00fan un comunicado del Ministerio de Relaciones Exteriores de Panam\u00e1.<\/p>\n\n\n\n<p>&#8220;Esta visita es un testimonio claro de los lazos de amistad y cooperaci\u00f3n que unen a nuestros pueblos, que aunque geogr\u00e1ficamente se encuentren distantes, est\u00e1n unidos por valores compartidos como la democracia, la libertad y el respeto a la dignidad humana&#8221;, se\u00f1al\u00f3 el canciller paname\u00f1o.<\/p>\n\n\n\n<p>Ambos &#8220;expresaron el inter\u00e9s de ampliar la cooperaci\u00f3n en materia de ciencia, tecnolog\u00eda, salud, comercio e inversiones&#8221;, seg\u00fan la informaci\u00f3n oficial.<\/p>\n\n\n\n<p>Durante su visita, Pabitra Margherita ir\u00e1 al Canal de Panam\u00e1.<\/p>\n\n\n\n<p>&#8220;Para la India, el pa\u00eds con la mayor poblaci\u00f3n del mundo y la quinta econom\u00eda del globo, Panam\u00e1 constituye la puerta de entrada a Latinoam\u00e9rica por el Canal de Panam\u00e1, el &#8216;hub&#8217; de transporte log\u00edstico y de servicios&#8221;, subray\u00f3 el Ministerio de Exteriores paname\u00f1o.<\/p>\n\n\n\n<p>Tambi\u00e9n sostendr\u00e1 un encuentro con miembros de la di\u00e1spora de la India y homenajear\u00e1 al padre de la independencia india y adalid de la lucha no violenta, el mahatma Gandhi, con una ofrenda floral ante la estatua en su honor en la capital paname\u00f1a.<\/p>\n\n\n\n<p>\u201cEsta comunidad conformada por aproximadamente 15.000 personas, ha sido un pilar en el desarrollo del Estado paname\u00f1o, que contribuye activamente al progreso econ\u00f3mico de nuestro pa\u00eds, enriqueciendo culturalmente este diverso crisol de razas con sus costumbres y tradiciones\u201d, destac\u00f3 Mart\u00ednez-Acha.<\/p>\n\n\n\n<p>Migraci\u00f3n por el Dari\u00e9n<\/p>\n\n\n\n<p>La visita del vicecanciller indio se da en medio de los esfuerzos de Panam\u00e1 por disminuir el flujo migratorio por el Dari\u00e9n, la selva fronteriza con Colombia usada como ruta para llegar hasta Norteam\u00e9rica y por la que pasan migrantes irregulares de la India.<\/p>\n\n\n\n<p>Esta semana el director de Migraci\u00f3n, Roger Mojica, asegur\u00f3 que el Gobierno paname\u00f1o est\u00e1 &#8220;haciendo las coordinaciones (y) los acuerdos diplom\u00e1ticos&#8221; con pa\u00edses como &#8220;Ecuador, la India y otras naciones&#8221; para retornar a ciudadanos de esos pa\u00edses que entren a trav\u00e9s del Dari\u00e9n, todo ello despu\u00e9s de que iniciaran los vuelos financiados por Estados Unidos para devolver a migrantes que hayan cruzado esa selva.<\/p>\n\n\n\n<p>Hasta el momento, la informaci\u00f3n oficial no recoge un posible di\u00e1logo entre ambas autoridades para atajar este tema, pero entre los presentes en las reuniones con el viceministro indio se encontraba el propio director de Migraci\u00f3n de Panam\u00e1.<\/p>\n\n\n\n<p>Esta visita se produce despu\u00e9s de que el ministro de Relaciones Exteriores de la India, Subrahmanyam Jaishankar, viajara a Panam\u00e1 en abril del a\u00f1o pasado en una visita hist\u00f3rica de dos d\u00edas, al ser el primer canciller del gigante asi\u00e1tico en visitar el pa\u00eds centroamericano despu\u00e9s de m\u00e1s de seis d\u00e9cadas de relaciones bilaterales.<\/p>\n\n\n\n<p>Agencia EFE<\/p>\n","protected":false},"excerpt":{"rendered":"<p>Ciudad de Panam\u00e1, (EFE).- El viceministro de Asuntos Exteriores de la India Pabitra Margherita, de visita oficial en Panam\u00e1, se reuni\u00f3 este mi\u00e9rcoles con autoridades paname\u00f1as para fortalecer las relaciones&hellip;<\/p>\n","protected":false},"author":2,"featured_media":88064,"comment_status":"open","ping_status":"open","sticky":false,"template":"","format":"standard","meta":{"content-type":"","jetpack_post_was_ever_published":false,"_jetpack_newsletter_access":"","_jetpack_dont_email_post_to_subs":false,"_jetpack_newsletter_tier_id":0,"_jetpack_memberships_contains_paywalled_content":false,"_jetpack_memberships_contains_paid_content":false,"footnotes":""},"categories":[1],"tags":[3658,3515,783,2451,8230,14987,14986],"class_list":["post-88063","post","type-post","status-publish","format-standard","has-post-thumbnail","hentry","category-sin-categoria","tag-acuerdos","tag-economicos","tag-india","tag-panama","tag-potenciar","tag-tecnologicos","tag-vicecanciller"],"jetpack_featured_media_url":"https:\/\/lasprimeras.com.do\/wp-content\/uploads\/2024\/08\/Pabitra-Margherita.jpg","jetpack-related-posts":[{"id":92169,"url":"https:\/\/lasprimeras.com.do\/index.php\/2024\/12\/31\/panama-festeja-25-aniversario-de-traspaso-del-canal-interoceanico-en-medio-de-amenazas-de-trump\/","url_meta":{"origin":88063,"position":0},"title":"Panam\u00e1 festeja 25 aniversario de traspaso del canal interoce\u00e1nico en medio de amenazas de Trump","author":"Nelson Feliz","date":"31 de diciembre de 2024","format":false,"excerpt":"By JUAN ZAMORANO CIUDAD DE PANAM\u00c1 (AP) \u2014 Panam\u00e1 festej\u00f3 el martes el 25 aniversario del traspaso del canal interoce\u00e1nico por parte de Estados Unidos con un evento lleno de patriotismo y en el que record\u00f3 al reci\u00e9n fallecido expresidente estadounidense Jimmy Carter, quien estamp\u00f3 su firma en los tratados\u2026","rel":"","context":"En \u00abINTERNACIONALES\u00bb","block_context":{"text":"INTERNACIONALES","link":"https:\/\/lasprimeras.com.do\/index.php\/category\/sin-categoria\/internacionales\/"},"img":{"alt_text":"","src":"https:\/\/i0.wp.com\/lasprimeras.com.do\/wp-content\/uploads\/2024\/12\/Canal-Panama.jpg?resize=350%2C200&ssl=1","width":350,"height":200,"srcset":"https:\/\/i0.wp.com\/lasprimeras.com.do\/wp-content\/uploads\/2024\/12\/Canal-Panama.jpg?resize=350%2C200&ssl=1 1x, https:\/\/i0.wp.com\/lasprimeras.com.do\/wp-content\/uploads\/2024\/12\/Canal-Panama.jpg?resize=525%2C300&ssl=1 1.5x, https:\/\/i0.wp.com\/lasprimeras.com.do\/wp-content\/uploads\/2024\/12\/Canal-Panama.jpg?resize=700%2C400&ssl=1 2x"},"classes":[]},{"id":86854,"url":"https:\/\/lasprimeras.com.do\/index.php\/2024\/08\/02\/canal-de-panama-proyecta-aporte-al-estado-panameno-us2789-5-millones-para-el-ano-fiscal-2025\/","url_meta":{"origin":88063,"position":1},"title":"Canal de Panam\u00e1 proyecta aporte al Estado paname\u00f1o US$2,789.5 millones para el a\u00f1o fiscal 2025","author":"Nelson Feliz","date":"2 de agosto de 2024","format":false,"excerpt":"Ciudad de Panam\u00e1-ANPanam\u00e1 .-. El Canal de Panam\u00e1 proyecta para su a\u00f1o fiscal 2025 un aporte directo al Estado paname\u00f1o por US$2,789.5 millones y otros pagos en concepto de Impuesto Sobre la Renta, seguro social, seguro educativo de empleados del canal, adem\u00e1s de la cuota obrero patronal por US$286.3 millones.\u2026","rel":"","context":"En \u00abECONOM\u00cdA\u00bb","block_context":{"text":"ECONOM\u00cdA","link":"https:\/\/lasprimeras.com.do\/index.php\/category\/economia\/"},"img":{"alt_text":"Canal de Panam\u00e1","src":"https:\/\/i0.wp.com\/lasprimeras.com.do\/wp-content\/uploads\/2024\/08\/Canal-de-Panama.png?resize=350%2C200&ssl=1","width":350,"height":200,"srcset":"https:\/\/i0.wp.com\/lasprimeras.com.do\/wp-content\/uploads\/2024\/08\/Canal-de-Panama.png?resize=350%2C200&ssl=1 1x, https:\/\/i0.wp.com\/lasprimeras.com.do\/wp-content\/uploads\/2024\/08\/Canal-de-Panama.png?resize=525%2C300&ssl=1 1.5x, https:\/\/i0.wp.com\/lasprimeras.com.do\/wp-content\/uploads\/2024\/08\/Canal-de-Panama.png?resize=700%2C400&ssl=1 2x"},"classes":[]},{"id":90487,"url":"https:\/\/lasprimeras.com.do\/index.php\/2024\/10\/22\/copa-y-panama-lanzan-una-gran-alianza-para-atraer-300-000-turistas-de-ee-uu-y-suramerica\/","url_meta":{"origin":88063,"position":2},"title":"Copa y Panam\u00e1 lanzan una gran alianza para atraer 300.000 turistas de EE.UU. y Suram\u00e9rica","author":"Nelson Feliz","date":"22 de octubre de 2024","format":false,"excerpt":"Ciudad de Panam\u00e1, (EFE).- La aerol\u00ednea Copa Airlines y el Fondo de Promoci\u00f3n Tur\u00edstica de Panam\u00e1 (Promtur) lanzaron este martes una millonaria alianza para impulsar el turismo en ese pa\u00eds al reforzar el programa \u201cStopover\u201d de la aerol\u00ednea, enfocado en atraer 300.000 visitantes de Estados Unidos y pa\u00edses de Suram\u00e9rica.\u2026","rel":"","context":"En \u00abTURISMO\u00bb","block_context":{"text":"TURISMO","link":"https:\/\/lasprimeras.com.do\/index.php\/category\/turismo\/"},"img":{"alt_text":"","src":"https:\/\/i0.wp.com\/lasprimeras.com.do\/wp-content\/uploads\/2024\/10\/Marco-Ocando.jpg?resize=350%2C200&ssl=1","width":350,"height":200,"srcset":"https:\/\/i0.wp.com\/lasprimeras.com.do\/wp-content\/uploads\/2024\/10\/Marco-Ocando.jpg?resize=350%2C200&ssl=1 1x, https:\/\/i0.wp.com\/lasprimeras.com.do\/wp-content\/uploads\/2024\/10\/Marco-Ocando.jpg?resize=525%2C300&ssl=1 1.5x"},"classes":[]},{"id":89385,"url":"https:\/\/lasprimeras.com.do\/index.php\/2024\/09\/24\/panama-y-colombia-acuerdan-avanzar-una-estrategia-conjunta-contra-la-migracion-irregular\/","url_meta":{"origin":88063,"position":3},"title":"Panam\u00e1 y Colombia acuerdan avanzar una estrategia conjunta contra la migraci\u00f3n irregular","author":"Nelson Feliz","date":"24 de septiembre de 2024","format":false,"excerpt":"Naciones Unidas,(EFE).- Los presidentes de Panam\u00e1, Jos\u00e9 Ra\u00fal Mulino, y de Colombia, Gustavo Petro, acordaron este martes trabajar en una estrategia conjunta contra la migraci\u00f3n ilegal por la selva del Dari\u00e9n, frontera natural con el pa\u00eds suramericano, en una reuni\u00f3n bilateral sostenida al margen de la Asamblea General de la\u2026","rel":"","context":"En \u00abSin categor\u00eda\u00bb","block_context":{"text":"Sin categor\u00eda","link":"https:\/\/lasprimeras.com.do\/index.php\/category\/sin-categoria\/"},"img":{"alt_text":"Jos\u00e9 Ra\u00fal Mulino y Gustavo Petro","src":"https:\/\/i0.wp.com\/lasprimeras.com.do\/wp-content\/uploads\/2024\/09\/Jose-Raul-Mulino-y-Gustavo-Petro.jpg?resize=350%2C200&ssl=1","width":350,"height":200,"srcset":"https:\/\/i0.wp.com\/lasprimeras.com.do\/wp-content\/uploads\/2024\/09\/Jose-Raul-Mulino-y-Gustavo-Petro.jpg?resize=350%2C200&ssl=1 1x, https:\/\/i0.wp.com\/lasprimeras.com.do\/wp-content\/uploads\/2024\/09\/Jose-Raul-Mulino-y-Gustavo-Petro.jpg?resize=525%2C300&ssl=1 1.5x, https:\/\/i0.wp.com\/lasprimeras.com.do\/wp-content\/uploads\/2024\/09\/Jose-Raul-Mulino-y-Gustavo-Petro.jpg?resize=700%2C400&ssl=1 2x"},"classes":[]},{"id":88324,"url":"https:\/\/lasprimeras.com.do\/index.php\/2024\/08\/26\/casi-una-decena-de-empresas-chinas-firman-acuerdos-comerciales-con-panama\/","url_meta":{"origin":88063,"position":4},"title":"Casi una decena de empresas chinas firman acuerdos comerciales con Panam\u00e1","author":"Nelson Feliz","date":"26 de agosto de 2024","format":false,"excerpt":"Ciudad de Panam\u00e1, (EFE).- Al menos ocho empresas chinas firmaron este lunes acuerdos comerciales con Panam\u00e1 para importar caf\u00e9 y harina de pescado, principalmente, en medio de una ronda de negociaciones organizada por el Gobierno chino y celebrada en la capital del pa\u00eds centroamericano. \"Desde el establecimiento de las relaciones\u2026","rel":"","context":"En \u00abECONOM\u00cdA\u00bb","block_context":{"text":"ECONOM\u00cdA","link":"https:\/\/lasprimeras.com.do\/index.php\/category\/economia\/"},"img":{"alt_text":"Casi una decena de empresas chinas firman acuerdos comerciales con Panam\u00e1","src":"https:\/\/i0.wp.com\/lasprimeras.com.do\/wp-content\/uploads\/2024\/08\/Casi-una-decena-de-empresas-chinas-firman-acuerdos-comerciales-con-Panama.jpg?resize=350%2C200&ssl=1","width":350,"height":200,"srcset":"https:\/\/i0.wp.com\/lasprimeras.com.do\/wp-content\/uploads\/2024\/08\/Casi-una-decena-de-empresas-chinas-firman-acuerdos-comerciales-con-Panama.jpg?resize=350%2C200&ssl=1 1x, https:\/\/i0.wp.com\/lasprimeras.com.do\/wp-content\/uploads\/2024\/08\/Casi-una-decena-de-empresas-chinas-firman-acuerdos-comerciales-con-Panama.jpg?resize=525%2C300&ssl=1 1.5x"},"classes":[]},{"id":54744,"url":"https:\/\/lasprimeras.com.do\/index.php\/2023\/07\/13\/ee-uu-prohibe-entrada-al-expresidente-de-panama-juan-carlos-varela-por-corrupcion\/","url_meta":{"origin":88063,"position":5},"title":"EE.UU. proh\u00edbe entrada al expresidente de Panam\u00e1 Juan Carlos Varela por corrupci\u00f3n","author":"Nelson Feliz","date":"13 de julio de 2023","format":false,"excerpt":"El presidente entre 2014 y 2019, est\u00e1 acusado por la Justicia paname\u00f1a por lavado de activos en el caso Odebrecht. Estados Unidos ha prohibido la entrada al pa\u00eds al expresidente de Panam\u00e1 Juan Carlos Varela y a su familia por su vinculaci\u00f3n en \"importantes\" actos de corrupci\u00f3n, anunci\u00f3 este jueves\u2026","rel":"","context":"En \u00abSin categor\u00eda\u00bb","block_context":{"text":"Sin categor\u00eda","link":"https:\/\/lasprimeras.com.do\/index.php\/category\/sin-categoria\/"},"img":{"alt_text":"Expresidente de Panam\u00e1 Juan Carlos Varela","src":"https:\/\/i0.wp.com\/lasprimeras.com.do\/wp-content\/uploads\/2023\/07\/Juan-Carlos-Valera.jpeg?resize=350%2C200&ssl=1","width":350,"height":200,"srcset":"https:\/\/i0.wp.com\/lasprimeras.com.do\/wp-content\/uploads\/2023\/07\/Juan-Carlos-Valera.jpeg?resize=350%2C200&ssl=1 1x, https:\/\/i0.wp.com\/lasprimeras.com.do\/wp-content\/uploads\/2023\/07\/Juan-Carlos-Valera.jpeg?resize=525%2C300&ssl=1 1.5x, https:\/\/i0.wp.com\/lasprimeras.com.do\/wp-content\/uploads\/2023\/07\/Juan-Carlos-Valera.jpeg?resize=700%2C400&ssl=1 2x"},"classes":[]}],"jetpack_sharing_enabled":true,"_links":{"self":[{"href":"https:\/\/lasprimeras.com.do\/index.php\/wp-json\/wp\/v2\/posts\/88063","targetHints":{"allow":["GET"]}}],"collection":[{"href":"https:\/\/lasprimeras.com.do\/index.php\/wp-json\/wp\/v2\/posts"}],"about":[{"href":"https:\/\/lasprimeras.com.do\/index.php\/wp-json\/wp\/v2\/types\/post"}],"author":[{"embeddable":true,"href":"https:\/\/lasprimeras.com.do\/index.php\/wp-json\/wp\/v2\/users\/2"}],"replies":[{"embeddable":true,"href":"https:\/\/lasprimeras.com.do\/index.php\/wp-json\/wp\/v2\/comments?post=88063"}],"version-history":[{"count":1,"href":"https:\/\/lasprimeras.com.do\/index.php\/wp-json\/wp\/v2\/posts\/88063\/revisions"}],"predecessor-version":[{"id":88065,"href":"https:\/\/lasprimeras.com.do\/index.php\/wp-json\/wp\/v2\/posts\/88063\/revisions\/88065"}],"wp:featuredmedia":[{"embeddable":true,"href":"https:\/\/lasprimeras.com.do\/index.php\/wp-json\/wp\/v2\/media\/88064"}],"wp:attachment":[{"href":"https:\/\/lasprimeras.com.do\/index.php\/wp-json\/wp\/v2\/media?parent=88063"}],"wp:term":[{"taxonomy":"category","embeddable":true,"href":"https:\/\/lasprimeras.com.do\/index.php\/wp-json\/wp\/v2\/categories?post=88063"},{"taxonomy":"post_tag","embeddable":true,"href":"https:\/\/lasprimeras.com.do\/index.php\/wp-json\/wp\/v2\/tags?post=88063"}],"curies":[{"name":"wp","href":"https:\/\/api.w.org\/{rel}","templated":true}]}}