{"id":88066,"date":"2024-08-21T18:01:23","date_gmt":"2024-08-21T22:01:23","guid":{"rendered":"https:\/\/lasprimeras.com.do\/?p=88066"},"modified":"2024-08-21T18:01:25","modified_gmt":"2024-08-21T22:01:25","slug":"gobierno-cubano-confirma-mas-de-400-casos-del-virus-oropouche-en-menos-de-3-meses","status":"publish","type":"post","link":"https:\/\/lasprimeras.com.do\/index.php\/2024\/08\/21\/gobierno-cubano-confirma-mas-de-400-casos-del-virus-oropouche-en-menos-de-3-meses\/","title":{"rendered":"Gobierno cubano confirma m\u00e1s de 400 casos del virus Oropouche en menos de 3 meses"},"content":{"rendered":"\n<p>Maykel Gonzalez<\/p>\n\n\n\n<p>El gobierno cubano ha confirmado m\u00e1s de 400 casos del raro virus de Oropouche hasta principios de agosto, desde que fuera identificada su presencia en la isla el pasado 27 de mayo.<\/p>\n\n\n\n<p>Durante una intervenci\u00f3n en el 18vo Curso Internacional de Dengue y otros arbovirus emergentes, celebrado en La Habana, el ministro de Salud P\u00fablica, Jos\u00e9 Angel Portal Miranda, se\u00f1al\u00f3 que el virus se ha expandido por todo el pa\u00eds.<\/p>\n\n\n\n<p>Asimismo, durante el encuentro reconocieron que el virus, trasmitido por la picadura de ciertos mosquitos y jejenes, no se limita a las \u00e1reas rurales, sino que ha afectado a la poblaci\u00f3n urbana provocando un incremento significativo de los contagios.<\/p>\n\n\n\n<p>Los s\u00edntomas regresan<\/p>\n\n\n\n<p>Uno de los participantes en el encuentro, el doctor Osvaldo Castro Peraza, del Instituto de Medicina Tropical Pedro Kour\u00ed (IPK), en La Habana, admiti\u00f3 que se conoc\u00eda todav\u00eda poco del virus de Oropouche en Cuba y reconoci\u00f3 que hab\u00eda casos en que los s\u00edntomas regresaban.<\/p>\n\n\n\n<p>\u201cEstamos observando todas las manifestaciones cl\u00ednicas en su totalidad. Ya no se trata de una enfermedad tan aguda como se cre\u00eda, que duraba entre seis y siete d\u00edas como el dengue o el zika. Ahora hemos registrado casos con hasta tres reca\u00eddas en un mes. Las personas piensan que ya est\u00e1n bien, pero los s\u00edntomas regresan\u201d, dijo, seg\u00fan un resumen del medio oficialista Cubadebate.<\/p>\n\n\n\n<p>\u201cEste virus es \u00fanico, a diferencia del dengue, que tiene cuatro serotipos. Por lo tanto, la inmunidad generada debe ofrecer protecci\u00f3n, salvo que surjan variantes significativamente diferentes\u201d, agreg\u00f3 el especialista.<\/p>\n\n\n\n<p>De igual modo, advirti\u00f3 que el virus puede provocar deshidrataci\u00f3n por s\u00edntomas como v\u00f3mitos y fiebre alta.<\/p>\n\n\n\n<p>Para la doctora Mar\u00eda Guadalupe Guzm\u00e1n, jefa de investigaciones del IPK seg\u00fan la prensa oficialista cubana, \u201cla historia de estas arbovirosis y del covid-19 nos ense\u00f1a que no podemos subestimar ning\u00fan agente microbiano\u201d.<\/p>\n\n\n\n<p>\u201cHoy, todos estamos muy preocupados por la extensi\u00f3n paulatina del virus Oropouche desde las \u00e1reas hist\u00f3ricas de transmisi\u00f3n en el Amazonas hacia nuevas \u00e1reas, como Cuba. En semanas recientes se han reportado en la regi\u00f3n algunos fallecidos, transmisi\u00f3n vertical y casos graves por afectaci\u00f3n neurol\u00f3gica, lo que alerta sobre la emergencia regional que ya estamos enfrentando\u201d, explic\u00f3 Guadalupe.<\/p>\n\n\n\n<p>Hasta el momento, solo Brasil ha confirmado dos muertes por el virus, cuya presencia se ha expandido incluso a Europa debido a viajes a pa\u00edses en riesgo de contagio, como Cuba.<\/p>\n\n\n\n<p>Los CDC en EEUU lanzan advertencia a viajeros<\/p>\n\n\n\n<p>Los Centros para el Control y la Prevenci\u00f3n de Enfermedades (CDC) en EEUU emitieron el 16 de agosto un advertencia sobre el aumento de la enfermedad por el virus de Oropouche en la regi\u00f3n de las Am\u00e9ricas.<\/p>\n\n\n\n<p>\u201cEntre el 1 de enero y el 1 de agosto de 2024 se notificaron m\u00e1s de 8,000 casos de enfermedad por el virus de Oropouche, incluidos dos fallecimientos y cinco casos de transmisi\u00f3n vertical asociados a muerte fetal o anomal\u00edas cong\u00e9nitas\u201d, advierte la agencia.<\/p>\n\n\n\n<p>\u201cEn Estados Unidos y Europa en 2024, se han identificado casos asociados a viajes en viajeros que regresaban de Cuba y Brasil\u201d, se\u00f1ala.<\/p>\n\n\n\n<p>El virus de Oropouche se detect\u00f3 por primera vez en 1955 en Trinidad y Tobago y se considera end\u00e9mico en la cuenca del Amazonas, con brotes anteriores descritos en Bolivia, Brasil, Colombia, Ecuador, Guayana Francesa, Panam\u00e1 y Per\u00fa.<\/p>\n\n\n\n<p>\u201cAunque se han identificado casos asociados a viajes en los Estados Unidos (n=11), actualmente no existen pruebas de transmisi\u00f3n local dentro de los Estados Unidos o sus territorios\u201d, apuntan los CDC.<\/p>\n\n\n\n<p>Propagaci\u00f3n en Cuba<\/p>\n\n\n\n<p>Cuba presenta un escenario epidemiol\u00f3gico complejo, que incluye otros virus trasmitidos por mosquitos y de mayor letalidad, cuando evolucionan a cuadros graves, como el dengue.<\/p>\n\n\n\n<p>La llegada del Oropouche ha complicado igualmente el diagn\u00f3stico de dicho virus, al tener similitudes en sus s\u00edntomas con otras arbovirosis como el dengue. Las autoridades cubanas aseguran que no se reporta transmisi\u00f3n en el pa\u00eds de Zika ni de Chikungunya, tambi\u00e9n trasmitidas por mosquitos.<\/p>\n\n\n\n<p>\u201cLos s\u00edntomas se superponen, lo que dificulta el manejo cl\u00ednico y la toma de decisiones en las medidas preventivas\u201d, coment\u00f3 Castro Peraza al intervenir en el curso desarrollado en La Habana del 19 al 30 de agosto y cuya inscripci\u00f3n fue vendida a $900 d\u00f3lares a participantes extranjeros.<\/p>\n\n\n\n<p>Los s\u00edntomas del virus de Oropouche pueden incluir fiebre aguda con dolor de cabeza, n\u00e1useas, v\u00f3mitos, dolores musculares y articulares, y en ocasiones producir cuadros cl\u00ednicos m\u00e1s graves.<\/p>\n\n\n\n<p>Fuente Nuevo Herald<\/p>\n","protected":false},"excerpt":{"rendered":"<p>Maykel Gonzalez El gobierno cubano ha confirmado m\u00e1s de 400 casos del raro virus de Oropouche hasta principios de agosto, desde que fuera identificada su presencia en la isla el&hellip;<\/p>\n","protected":false},"author":2,"featured_media":88067,"comment_status":"open","ping_status":"open","sticky":false,"template":"","format":"standard","meta":{"content-type":"","jetpack_post_was_ever_published":false,"_jetpack_newsletter_access":"","_jetpack_dont_email_post_to_subs":false,"_jetpack_newsletter_tier_id":0,"_jetpack_memberships_contains_paywalled_content":false,"_jetpack_memberships_contains_paid_content":false,"footnotes":""},"categories":[1],"tags":[14988,6109,171,14989],"class_list":["post-88066","post","type-post","status-publish","format-standard","has-post-thumbnail","hentry","category-sin-categoria","tag-400-casos","tag-cubano","tag-gobierno","tag-virus-oropouche"],"jetpack_featured_media_url":"https:\/\/lasprimeras.com.do\/wp-content\/uploads\/2024\/08\/virus-Oropouche.jpg","jetpack-related-posts":[{"id":116504,"url":"https:\/\/lasprimeras.com.do\/index.php\/2025\/12\/01\/ministerio-de-salud-de-cuba-reporta-33-muertes-por-virus-de-dengue-y-chikungunya\/","url_meta":{"origin":88066,"position":0},"title":"Ministerio de Salud de Cuba reporta 33 muertes por virus de dengue y chikungunya","author":"Nelson Feliz","date":"1 de diciembre de 2025","format":false,"excerpt":"LA HABANA (AP) \u2014 El Ministerio de Salud de Cuba confirm\u00f3 el lunes 33 muertes ocurridas en los \u00faltimos cinco meses debido a contagios de virus de dengue y chikungunya, ambos transmitidos por mosquitos, en medio de lo que reconoci\u00f3 como una \u201csituaci\u00f3n epidemiol\u00f3gica compleja\u201d. La viceministra del \u00e1rea, Carilda\u2026","rel":"","context":"En \u00abSALUD\u00bb","block_context":{"text":"SALUD","link":"https:\/\/lasprimeras.com.do\/index.php\/category\/salud\/"},"img":{"alt_text":"brote de dengue","src":"https:\/\/i0.wp.com\/lasprimeras.com.do\/wp-content\/uploads\/2023\/09\/Dengue.jpg?resize=350%2C200&ssl=1","width":350,"height":200,"srcset":"https:\/\/i0.wp.com\/lasprimeras.com.do\/wp-content\/uploads\/2023\/09\/Dengue.jpg?resize=350%2C200&ssl=1 1x, https:\/\/i0.wp.com\/lasprimeras.com.do\/wp-content\/uploads\/2023\/09\/Dengue.jpg?resize=525%2C300&ssl=1 1.5x, https:\/\/i0.wp.com\/lasprimeras.com.do\/wp-content\/uploads\/2023\/09\/Dengue.jpg?resize=700%2C400&ssl=1 2x"},"classes":[]},{"id":117186,"url":"https:\/\/lasprimeras.com.do\/index.php\/2025\/12\/08\/suben-a-44-los-muertos-por-chikungunya-y-dengue-en-cuba\/","url_meta":{"origin":88066,"position":1},"title":"Suben a 44 los muertos por chikungunya y dengue en Cuba","author":"Nelson Feliz","date":"8 de diciembre de 2025","format":false,"excerpt":"LA HABANA (AP) \u2014 Las autoridades cubanas informaron el lunes que se elev\u00f3 a 44 la cifra de personas fallecidas en todo el pa\u00eds por dengue y chikungunya, dos enfermedades virales transmitidas por mosquitos y cuya incidencia est\u00e1 golpeando a la isla. La viceministra de Salud, Carilda Pe\u00f1a Garc\u00eda, dijo\u2026","rel":"","context":"En \u00abSALUD\u00bb","block_context":{"text":"SALUD","link":"https:\/\/lasprimeras.com.do\/index.php\/category\/salud\/"},"img":{"alt_text":"dengue","src":"https:\/\/i0.wp.com\/lasprimeras.com.do\/wp-content\/uploads\/2023\/09\/Aedes-aegypti.jpg?resize=350%2C200&ssl=1","width":350,"height":200,"srcset":"https:\/\/i0.wp.com\/lasprimeras.com.do\/wp-content\/uploads\/2023\/09\/Aedes-aegypti.jpg?resize=350%2C200&ssl=1 1x, https:\/\/i0.wp.com\/lasprimeras.com.do\/wp-content\/uploads\/2023\/09\/Aedes-aegypti.jpg?resize=525%2C300&ssl=1 1.5x, https:\/\/i0.wp.com\/lasprimeras.com.do\/wp-content\/uploads\/2023\/09\/Aedes-aegypti.jpg?resize=700%2C400&ssl=1 2x"},"classes":[]},{"id":77897,"url":"https:\/\/lasprimeras.com.do\/index.php\/2024\/02\/27\/incidencia-virus-respiratorios-disminuye-en-el-pais\/","url_meta":{"origin":88066,"position":2},"title":"Incidencia virus respiratorios disminuye en el pa\u00eds","author":"BIMARY DE JES\u00daS Matos","date":"27 de febrero de 2024","format":false,"excerpt":"Santo Domingo.-Los virus respiratorios contin\u00faan afectando a la poblaci\u00f3n dominicana debido a los cambios de temperaturas que se registran en el pa\u00eds, sin embargo, su incidencia ha disminuido considerablemente comparada con el mes pasado. Con las infecciones respiratorias como la influenza y el virus sincitial, as\u00ed como el dengue, los\u2026","rel":"","context":"En \u00abNACIONALES\u00bb","block_context":{"text":"NACIONALES","link":"https:\/\/lasprimeras.com.do\/index.php\/category\/nacionales\/"},"img":{"alt_text":"","src":"https:\/\/i0.wp.com\/lasprimeras.com.do\/wp-content\/uploads\/2024\/02\/10_Nacionales_27_-3p01.jpg.webp?resize=350%2C200&ssl=1","width":350,"height":200,"srcset":"https:\/\/i0.wp.com\/lasprimeras.com.do\/wp-content\/uploads\/2024\/02\/10_Nacionales_27_-3p01.jpg.webp?resize=350%2C200&ssl=1 1x, https:\/\/i0.wp.com\/lasprimeras.com.do\/wp-content\/uploads\/2024\/02\/10_Nacionales_27_-3p01.jpg.webp?resize=525%2C300&ssl=1 1.5x, https:\/\/i0.wp.com\/lasprimeras.com.do\/wp-content\/uploads\/2024\/02\/10_Nacionales_27_-3p01.jpg.webp?resize=700%2C400&ssl=1 2x"},"classes":[]},{"id":65361,"url":"https:\/\/lasprimeras.com.do\/index.php\/2023\/10\/27\/muere-nino-de-dengue-en-el-hospital-robert-read-cabral\/","url_meta":{"origin":88066,"position":3},"title":"Muere ni\u00f1o de dengue en el Hospital Robert Read Cabral","author":"BIMARY DE JES\u00daS Matos","date":"27 de octubre de 2023","format":false,"excerpt":"Santo Domingo.-Llora desconsoladamente la se\u00f1ora Mary Castillo madre de un ni\u00f1o de 9 a\u00f1os de edad, quien falleci\u00f3 en el Hospital Pedi\u00e1trico Robert Read Cabral, tras dos d\u00edas ingresado con el virus del dengue. El ni\u00f1o, que respond\u00eda al nombre de Alexander Cabral, oriundo de San Jos\u00e9 de Ocoa, ten\u00eda\u2026","rel":"","context":"En \u00abPORTADA\u00bb","block_context":{"text":"PORTADA","link":"https:\/\/lasprimeras.com.do\/index.php\/category\/portada\/"},"img":{"alt_text":"","src":"https:\/\/i0.wp.com\/lasprimeras.com.do\/wp-content\/uploads\/2023\/10\/WhatsApp-Image-2023-10-27-at-10.33.57-AM.webp?resize=350%2C200&ssl=1","width":350,"height":200,"srcset":"https:\/\/i0.wp.com\/lasprimeras.com.do\/wp-content\/uploads\/2023\/10\/WhatsApp-Image-2023-10-27-at-10.33.57-AM.webp?resize=350%2C200&ssl=1 1x, https:\/\/i0.wp.com\/lasprimeras.com.do\/wp-content\/uploads\/2023\/10\/WhatsApp-Image-2023-10-27-at-10.33.57-AM.webp?resize=525%2C300&ssl=1 1.5x"},"classes":[]},{"id":73333,"url":"https:\/\/lasprimeras.com.do\/index.php\/2024\/01\/09\/las-vacunas-opcion-para-frenar-virus-respiratorios\/","url_meta":{"origin":88066,"position":4},"title":"Las vacunas, opci\u00f3n para frenar virus respiratorios","author":"BIMARY DE JES\u00daS Matos","date":"9 de enero de 2024","format":false,"excerpt":"Santo Domingo.-Una de las opciones que se plantean los especialistas para hacer frente al repunte de casos por virus respiratorios, es la vacunaci\u00f3n de la poblaci\u00f3n, pero desde la pandemia la confianza en la inmunizaci\u00f3n para diversas enfermedades se ha visto afectada por la campa\u00f1a de los llamados antivacunas. De\u2026","rel":"","context":"En \u00abNACIONALES\u00bb","block_context":{"text":"NACIONALES","link":"https:\/\/lasprimeras.com.do\/index.php\/category\/nacionales\/"},"img":{"alt_text":"","src":"https:\/\/i0.wp.com\/lasprimeras.com.do\/wp-content\/uploads\/2024\/01\/Wander-Franco-sale-de-prision-tras-pagar-garantia-economica-de-2-millones-de-pesos-3-2.webp?resize=350%2C200&ssl=1","width":350,"height":200,"srcset":"https:\/\/i0.wp.com\/lasprimeras.com.do\/wp-content\/uploads\/2024\/01\/Wander-Franco-sale-de-prision-tras-pagar-garantia-economica-de-2-millones-de-pesos-3-2.webp?resize=350%2C200&ssl=1 1x, https:\/\/i0.wp.com\/lasprimeras.com.do\/wp-content\/uploads\/2024\/01\/Wander-Franco-sale-de-prision-tras-pagar-garantia-economica-de-2-millones-de-pesos-3-2.webp?resize=525%2C300&ssl=1 1.5x"},"classes":[]},{"id":86558,"url":"https:\/\/lasprimeras.com.do\/index.php\/2024\/07\/27\/mas-de-un-millon-de-personas-fallece-cada-ano-en-el-mundo-por-hepatitis\/","url_meta":{"origin":88066,"position":5},"title":"M\u00e1s de un mill\u00f3n de personas fallece cada a\u00f1o en el mundo por hepatitis","author":"Nelson Feliz","date":"27 de julio de 2024","format":false,"excerpt":"Autoridades de salud mundial luchan para la erradicaci\u00f3n en 2030 La gastroenter\u00f3loga internista de los Centros de Diagn\u00f3stico y Medicina Avanzada y de Conferencias M\u00e9dicas y Telemedicina (CEDIMAT), doctora Fabiolina S\u00e1nchez sostuvo que las hepatitis es la segunda causa infecciosa de muerte en el mundo. S\u00e1nchez, cit\u00f3 datos de la\u2026","rel":"","context":"En \u00abPORTADA\u00bb","block_context":{"text":"PORTADA","link":"https:\/\/lasprimeras.com.do\/index.php\/category\/portada\/"},"img":{"alt_text":"Dra. Fabiolina S\u00e1nchez. Gastroenter\u00f3loga","src":"https:\/\/i0.wp.com\/lasprimeras.com.do\/wp-content\/uploads\/2024\/07\/Dra.-Fabiolina-Sanchez.-Gastroenterologa.jpg?resize=350%2C200&ssl=1","width":350,"height":200,"srcset":"https:\/\/i0.wp.com\/lasprimeras.com.do\/wp-content\/uploads\/2024\/07\/Dra.-Fabiolina-Sanchez.-Gastroenterologa.jpg?resize=350%2C200&ssl=1 1x, https:\/\/i0.wp.com\/lasprimeras.com.do\/wp-content\/uploads\/2024\/07\/Dra.-Fabiolina-Sanchez.-Gastroenterologa.jpg?resize=525%2C300&ssl=1 1.5x, https:\/\/i0.wp.com\/lasprimeras.com.do\/wp-content\/uploads\/2024\/07\/Dra.-Fabiolina-Sanchez.-Gastroenterologa.jpg?resize=700%2C400&ssl=1 2x"},"classes":[]}],"jetpack_sharing_enabled":true,"_links":{"self":[{"href":"https:\/\/lasprimeras.com.do\/index.php\/wp-json\/wp\/v2\/posts\/88066","targetHints":{"allow":["GET"]}}],"collection":[{"href":"https:\/\/lasprimeras.com.do\/index.php\/wp-json\/wp\/v2\/posts"}],"about":[{"href":"https:\/\/lasprimeras.com.do\/index.php\/wp-json\/wp\/v2\/types\/post"}],"author":[{"embeddable":true,"href":"https:\/\/lasprimeras.com.do\/index.php\/wp-json\/wp\/v2\/users\/2"}],"replies":[{"embeddable":true,"href":"https:\/\/lasprimeras.com.do\/index.php\/wp-json\/wp\/v2\/comments?post=88066"}],"version-history":[{"count":1,"href":"https:\/\/lasprimeras.com.do\/index.php\/wp-json\/wp\/v2\/posts\/88066\/revisions"}],"predecessor-version":[{"id":88068,"href":"https:\/\/lasprimeras.com.do\/index.php\/wp-json\/wp\/v2\/posts\/88066\/revisions\/88068"}],"wp:featuredmedia":[{"embeddable":true,"href":"https:\/\/lasprimeras.com.do\/index.php\/wp-json\/wp\/v2\/media\/88067"}],"wp:attachment":[{"href":"https:\/\/lasprimeras.com.do\/index.php\/wp-json\/wp\/v2\/media?parent=88066"}],"wp:term":[{"taxonomy":"category","embeddable":true,"href":"https:\/\/lasprimeras.com.do\/index.php\/wp-json\/wp\/v2\/categories?post=88066"},{"taxonomy":"post_tag","embeddable":true,"href":"https:\/\/lasprimeras.com.do\/index.php\/wp-json\/wp\/v2\/tags?post=88066"}],"curies":[{"name":"wp","href":"https:\/\/api.w.org\/{rel}","templated":true}]}}