{"id":88133,"date":"2024-08-22T22:38:06","date_gmt":"2024-08-23T02:38:06","guid":{"rendered":"https:\/\/lasprimeras.com.do\/?p=88133"},"modified":"2024-08-22T22:38:07","modified_gmt":"2024-08-23T02:38:07","slug":"ortega-felicita-a-nicolas-maduro-tras-fallo-de-tribunal-supremo-que-ratifico-su-triunfo","status":"publish","type":"post","link":"https:\/\/lasprimeras.com.do\/index.php\/2024\/08\/22\/ortega-felicita-a-nicolas-maduro-tras-fallo-de-tribunal-supremo-que-ratifico-su-triunfo\/","title":{"rendered":"Ortega felicita a Nicol\u00e1s Maduro tras fallo de Tribunal Supremo que ratific\u00f3 su triunfo"},"content":{"rendered":"\n<p>San Jos\u00e9, (EFE).- El presidente de Nicaragua, Daniel Ortega, felicit\u00f3 este jueves a su aliado y hom\u00f3logo venezolano, Nicol\u00e1s Maduro, tras conocer la sentencia del Tribunal Supremo de Justicia (TSJ) que confirm\u00f3 el triunfo del chavismo en las elecciones del 28 de julio, un resultado se\u00f1alado de fraudulento por diversos sectores dentro y fuera del pa\u00eds.<\/p>\n\n\n\n<p>&#8220;Hoy es un d\u00eda hist\u00f3rico en Venezuela, porque el d\u00eda de hoy se ha confirmado la victoria del pueblo de (Sim\u00f3n) Bol\u00edvar, del pueblo de (Hugo) Ch\u00e1vez, del pueblo de Nicol\u00e1s Maduro&#8221;, celebr\u00f3 el mandatario nicarag\u00fcense durante un acto oficial en Managua.<\/p>\n\n\n\n<p>&#8220;Felicidades queridos hermanos, felicidades&#8221;, continu\u00f3 Ortega desde la Avenida de Bol\u00edvar a Ch\u00e1vez, donde hizo entrega de 100 autobuses adquiridos en la Rep\u00fablica Popular China a representantes del transporte urbano colectivo del pa\u00eds centroamericano.<\/p>\n\n\n\n<p>El Tribunal Supremo de Justicia de Venezuela (TSJ), controlado por magistrados afines al chavismo, confirm\u00f3 que los cuestionados resultados de las elecciones del 28 de julio le dieron la victoria a Nicol\u00e1s Maduro.<\/p>\n\n\n\n<p>La sentencia, con la que concluye de manera &#8220;inequ\u00edvoca e irrestricta&#8221; la revisi\u00f3n de las elecciones, se produce 22 d\u00edas despu\u00e9s de que el propio Maduro solicitara este proceso, a trav\u00e9s de un recurso de amparo que nunca se conoci\u00f3 y por el que fueron convocados al TSJ los 10 excandidatos presidenciales.<\/p>\n\n\n\n<p>Antes de que el TSJ emitiera su fallo, el abanderado de la mayor coalici\u00f3n opositora, la Plataforma Unitaria Democr\u00e1tica (PUD), Edmundo Gonz\u00e1lez Urrutia, advirti\u00f3 que la decisi\u00f3n judicial &#8220;solo agravar\u00e1 la crisis&#8221; que vive el pa\u00eds.<\/p>\n\n\n\n<p>La PUD mantiene que su candidato gan\u00f3 por amplio margen las presidenciales y public\u00f3 &#8220;el 83,5 % de las actas electorales&#8221; para reforzar su reclamo, que ha sido respaldado por varios pa\u00edses y organizaciones nacionales e internacionales.<\/p>\n\n\n\n<p>Sin embargo, el Consejo Nacional Electoral (CNE) proclam\u00f3 ganador a Maduro, sin haber publicado los resultados desagregados, un punto que estaba contemplado en el cronograma de la contienda, lo que ha sido exigido por buena parte de la comunidad internacional.<\/p>\n\n\n\n<p>Agencia EFE<\/p>\n","protected":false},"excerpt":{"rendered":"<p>San Jos\u00e9, (EFE).- El presidente de Nicaragua, Daniel Ortega, felicit\u00f3 este jueves a su aliado y hom\u00f3logo venezolano, Nicol\u00e1s Maduro, tras conocer la sentencia del Tribunal Supremo de Justicia (TSJ)&hellip;<\/p>\n","protected":false},"author":2,"featured_media":88134,"comment_status":"open","ping_status":"open","sticky":false,"template":"","format":"standard","meta":{"content-type":"","jetpack_post_was_ever_published":false,"_jetpack_newsletter_access":"","_jetpack_dont_email_post_to_subs":false,"_jetpack_newsletter_tier_id":0,"_jetpack_memberships_contains_paywalled_content":false,"_jetpack_memberships_contains_paid_content":false,"footnotes":""},"categories":[1],"tags":[14621,2689,1315,1604,15019,15018,1413],"class_list":["post-88133","post","type-post","status-publish","format-standard","has-post-thumbnail","hentry","category-sin-categoria","tag-daniel-ortega","tag-fallo","tag-felicita","tag-nicolas-maduro","tag-ratifico","tag-tribunal-supremo","tag-triunfo"],"jetpack_featured_media_url":"https:\/\/lasprimeras.com.do\/wp-content\/uploads\/2024\/08\/Daniel-Ortega.jpg","jetpack-related-posts":[{"id":89558,"url":"https:\/\/lasprimeras.com.do\/index.php\/2024\/09\/28\/nicolas-maduro-afirma-que-se-juramentara-como-presidente-de-venezuela-el-10-de-enero\/","url_meta":{"origin":88133,"position":0},"title":"Nicol\u00e1s Maduro afirma que se juramentar\u00e1 como presidente de Venezuela el 10 de enero","author":"Nelson Feliz","date":"28 de septiembre de 2024","format":false,"excerpt":"Caracas, (EFE).- El presidente de Venezuela, Nicol\u00e1s Maduro, afirm\u00f3 este s\u00e1bado que se juramentar\u00e1 como mandatario de la naci\u00f3n caribe\u00f1a, para el per\u00edodo 2025-2031, el pr\u00f3ximo 10 de enero, como establece la Constituci\u00f3n, luego de que el Consejo Nacional Electoral (CNE) lo proclamara como el ganador de los comicios del\u2026","rel":"","context":"En \u00abSin categor\u00eda\u00bb","block_context":{"text":"Sin categor\u00eda","link":"https:\/\/lasprimeras.com.do\/index.php\/category\/sin-categoria\/"},"img":{"alt_text":"Nicol\u00e1s Maduro","src":"https:\/\/i0.wp.com\/lasprimeras.com.do\/wp-content\/uploads\/2024\/09\/Nicolas-Maduro-2.jpg?resize=350%2C200&ssl=1","width":350,"height":200,"srcset":"https:\/\/i0.wp.com\/lasprimeras.com.do\/wp-content\/uploads\/2024\/09\/Nicolas-Maduro-2.jpg?resize=350%2C200&ssl=1 1x, https:\/\/i0.wp.com\/lasprimeras.com.do\/wp-content\/uploads\/2024\/09\/Nicolas-Maduro-2.jpg?resize=525%2C300&ssl=1 1.5x, https:\/\/i0.wp.com\/lasprimeras.com.do\/wp-content\/uploads\/2024\/09\/Nicolas-Maduro-2.jpg?resize=700%2C400&ssl=1 2x"},"classes":[]},{"id":86720,"url":"https:\/\/lasprimeras.com.do\/index.php\/2024\/07\/31\/gustavo-petro-se-refirio-a-las-elecciones-venezolanas-aseguro-que-hay-graves-dudas-alrededor-del-proceso-electoral\/","url_meta":{"origin":88133,"position":1},"title":"Gustavo Petro se refiri\u00f3 a las elecciones venezolanas: asegur\u00f3 que hay \u201cgraves dudas alrededor del proceso electoral\u201d","author":"Nelson Feliz","date":"31 de julio de 2024","format":false,"excerpt":"El presidente colombiano se hab\u00eda mantenido en silencio ante el evidente fraude cometido por Nicol\u00e1s Maduro. Ahora dio su opini\u00f3n y alert\u00f3 por una intensificaci\u00f3n de la violencia pol\u00edtica. Por Mariana Mej\u00edaDesde Bogot\u00e1 El presidente Gustavo Petro se pronunci\u00f3 sobre la situaci\u00f3n de los comicios en Venezuela a trav\u00e9s de\u2026","rel":"","context":"En \u00abSin categor\u00eda\u00bb","block_context":{"text":"Sin categor\u00eda","link":"https:\/\/lasprimeras.com.do\/index.php\/category\/sin-categoria\/"},"img":{"alt_text":"Gustavo Petro","src":"https:\/\/i0.wp.com\/lasprimeras.com.do\/wp-content\/uploads\/2024\/07\/Gustavo-Petro.png?resize=350%2C200&ssl=1","width":350,"height":200,"srcset":"https:\/\/i0.wp.com\/lasprimeras.com.do\/wp-content\/uploads\/2024\/07\/Gustavo-Petro.png?resize=350%2C200&ssl=1 1x, https:\/\/i0.wp.com\/lasprimeras.com.do\/wp-content\/uploads\/2024\/07\/Gustavo-Petro.png?resize=525%2C300&ssl=1 1.5x, https:\/\/i0.wp.com\/lasprimeras.com.do\/wp-content\/uploads\/2024\/07\/Gustavo-Petro.png?resize=700%2C400&ssl=1 2x"},"classes":[]},{"id":92644,"url":"https:\/\/lasprimeras.com.do\/index.php\/2025\/01\/10\/nicolas-maduro-asume-la-presidencia-de-venezuela-para-el-periodo-2025-2031\/","url_meta":{"origin":88133,"position":2},"title":"Nicol\u00e1s Maduro asume la presidencia de Venezuela para el per\u00edodo 2025-2031","author":"Nelson Feliz","date":"10 de enero de 2025","format":false,"excerpt":"Caracas.- Nicol\u00e1s Maduro, presidente electo de Venezuela, jur\u00f3 este viernes ante la Asamblea Nacional como presidente del pa\u00eds para el per\u00edodo 2025-2031. La ceremonia de toma de posesi\u00f3n se llev\u00f3 a cabo en un acto solemne en el que Maduro reafirm\u00f3 su compromiso con la Constituci\u00f3n de la Rep\u00fablica Bolivariana\u2026","rel":"","context":"En \u00abINTERNACIONALES\u00bb","block_context":{"text":"INTERNACIONALES","link":"https:\/\/lasprimeras.com.do\/index.php\/category\/sin-categoria\/internacionales\/"},"img":{"alt_text":"","src":"https:\/\/i0.wp.com\/lasprimeras.com.do\/wp-content\/uploads\/2025\/01\/MADURO.jpg?resize=350%2C200&ssl=1","width":350,"height":200,"srcset":"https:\/\/i0.wp.com\/lasprimeras.com.do\/wp-content\/uploads\/2025\/01\/MADURO.jpg?resize=350%2C200&ssl=1 1x, https:\/\/i0.wp.com\/lasprimeras.com.do\/wp-content\/uploads\/2025\/01\/MADURO.jpg?resize=525%2C300&ssl=1 1.5x"},"classes":[]},{"id":91348,"url":"https:\/\/lasprimeras.com.do\/index.php\/2024\/11\/18\/maduro-descarta-que-haya-habido-negociacion-sobre-liberacion-de-detenidos-tras-comicios\/","url_meta":{"origin":88133,"position":3},"title":"Maduro descarta que haya habido negociaci\u00f3n sobre liberaci\u00f3n de detenidos tras comicios","author":"Nelson Feliz","date":"18 de noviembre de 2024","format":false,"excerpt":"Caracas,(EFE).- El presidente de Venezuela, Nicol\u00e1s Maduro, descart\u00f3 este lunes que haya habido alguna negociaci\u00f3n con la oposici\u00f3n mayoritaria, a la que calific\u00f3 de \"fascista\", sobre la liberaci\u00f3n de los considerados \"presos pol\u00edticos\", detenidos tras las protestas contra el resultado oficial de las elecciones presidenciales del 28 de julio. \"La\u2026","rel":"","context":"En \u00abINTERNACIONALES\u00bb","block_context":{"text":"INTERNACIONALES","link":"https:\/\/lasprimeras.com.do\/index.php\/category\/sin-categoria\/internacionales\/"},"img":{"alt_text":"Nicol\u00e1s Maduro","src":"https:\/\/i0.wp.com\/lasprimeras.com.do\/wp-content\/uploads\/2024\/11\/Nicolas-Maduro-3.jpg?resize=350%2C200&ssl=1","width":350,"height":200,"srcset":"https:\/\/i0.wp.com\/lasprimeras.com.do\/wp-content\/uploads\/2024\/11\/Nicolas-Maduro-3.jpg?resize=350%2C200&ssl=1 1x, https:\/\/i0.wp.com\/lasprimeras.com.do\/wp-content\/uploads\/2024\/11\/Nicolas-Maduro-3.jpg?resize=525%2C300&ssl=1 1.5x, https:\/\/i0.wp.com\/lasprimeras.com.do\/wp-content\/uploads\/2024\/11\/Nicolas-Maduro-3.jpg?resize=700%2C400&ssl=1 2x"},"classes":[]},{"id":88111,"url":"https:\/\/lasprimeras.com.do\/index.php\/2024\/08\/22\/tribunal-supremo-de-venezuela-confirma-victoria-de-maduro\/","url_meta":{"origin":88133,"position":4},"title":"Tribunal Supremo de Venezuela confirma \u00abvictoria\u00bb de Maduro","author":"Nelson Feliz","date":"22 de agosto de 2024","format":false,"excerpt":"Caracas (EFE).- El Tribunal Supremo de Justicia (TSJ) de Venezuela, controlado por magistrados afines al chavismo, confirm\u00f3 este jueves los resultados oficiales de las elecciones del 28 de julio, que dieron la victoria a Nicol\u00e1s Maduro, lo que ha sido se\u00f1alado de fraudulento dentro y fuera del pa\u00eds. \u201cConvalida esta\u2026","rel":"","context":"En \u00abSin categor\u00eda\u00bb","block_context":{"text":"Sin categor\u00eda","link":"https:\/\/lasprimeras.com.do\/index.php\/category\/sin-categoria\/"},"img":{"alt_text":"Miembros del Tribunal Supremo de Justicia de Venezuela","src":"https:\/\/i0.wp.com\/lasprimeras.com.do\/wp-content\/uploads\/2024\/08\/Miembros-del-Tribunal-Supremo-de-Justicia-de-Venezuela.jpg?resize=350%2C200&ssl=1","width":350,"height":200,"srcset":"https:\/\/i0.wp.com\/lasprimeras.com.do\/wp-content\/uploads\/2024\/08\/Miembros-del-Tribunal-Supremo-de-Justicia-de-Venezuela.jpg?resize=350%2C200&ssl=1 1x, https:\/\/i0.wp.com\/lasprimeras.com.do\/wp-content\/uploads\/2024\/08\/Miembros-del-Tribunal-Supremo-de-Justicia-de-Venezuela.jpg?resize=525%2C300&ssl=1 1.5x, https:\/\/i0.wp.com\/lasprimeras.com.do\/wp-content\/uploads\/2024\/08\/Miembros-del-Tribunal-Supremo-de-Justicia-de-Venezuela.jpg?resize=700%2C400&ssl=1 2x"},"classes":[]},{"id":115869,"url":"https:\/\/lasprimeras.com.do\/index.php\/2025\/11\/25\/seguidores-del-presidente-nicolas-maduro-marchan-en-venezuela-en-medio-de-tensiones-con-eeuu\/","url_meta":{"origin":88133,"position":5},"title":"Seguidores del presidente Nicol\u00e1s Maduro marchan en Venezuela en medio de tensiones con EEUU","author":"Nelson Feliz","date":"25 de noviembre de 2025","format":false,"excerpt":"CARACAS (AP) \u2014 Con banderas de su pa\u00eds, los seguidores del gobierno venezolano marcharon el martes por las calles del suroeste de Caracas en apoyo al presidente Nicol\u00e1s Maduro y para rememorar las gestas independentistas del siglo XIX en medio de tensiones con Estados Unidos, pa\u00eds al que Venezuela se\u00f1ala\u2026","rel":"","context":"En \u00abINTERNACIONALES\u00bb","block_context":{"text":"INTERNACIONALES","link":"https:\/\/lasprimeras.com.do\/index.php\/category\/sin-categoria\/internacionales\/"},"img":{"alt_text":"","src":"https:\/\/i0.wp.com\/lasprimeras.com.do\/wp-content\/uploads\/2025\/11\/vene.jpg?resize=350%2C200&ssl=1","width":350,"height":200,"srcset":"https:\/\/i0.wp.com\/lasprimeras.com.do\/wp-content\/uploads\/2025\/11\/vene.jpg?resize=350%2C200&ssl=1 1x, https:\/\/i0.wp.com\/lasprimeras.com.do\/wp-content\/uploads\/2025\/11\/vene.jpg?resize=525%2C300&ssl=1 1.5x, https:\/\/i0.wp.com\/lasprimeras.com.do\/wp-content\/uploads\/2025\/11\/vene.jpg?resize=700%2C400&ssl=1 2x"},"classes":[]}],"jetpack_sharing_enabled":true,"_links":{"self":[{"href":"https:\/\/lasprimeras.com.do\/index.php\/wp-json\/wp\/v2\/posts\/88133","targetHints":{"allow":["GET"]}}],"collection":[{"href":"https:\/\/lasprimeras.com.do\/index.php\/wp-json\/wp\/v2\/posts"}],"about":[{"href":"https:\/\/lasprimeras.com.do\/index.php\/wp-json\/wp\/v2\/types\/post"}],"author":[{"embeddable":true,"href":"https:\/\/lasprimeras.com.do\/index.php\/wp-json\/wp\/v2\/users\/2"}],"replies":[{"embeddable":true,"href":"https:\/\/lasprimeras.com.do\/index.php\/wp-json\/wp\/v2\/comments?post=88133"}],"version-history":[{"count":1,"href":"https:\/\/lasprimeras.com.do\/index.php\/wp-json\/wp\/v2\/posts\/88133\/revisions"}],"predecessor-version":[{"id":88135,"href":"https:\/\/lasprimeras.com.do\/index.php\/wp-json\/wp\/v2\/posts\/88133\/revisions\/88135"}],"wp:featuredmedia":[{"embeddable":true,"href":"https:\/\/lasprimeras.com.do\/index.php\/wp-json\/wp\/v2\/media\/88134"}],"wp:attachment":[{"href":"https:\/\/lasprimeras.com.do\/index.php\/wp-json\/wp\/v2\/media?parent=88133"}],"wp:term":[{"taxonomy":"category","embeddable":true,"href":"https:\/\/lasprimeras.com.do\/index.php\/wp-json\/wp\/v2\/categories?post=88133"},{"taxonomy":"post_tag","embeddable":true,"href":"https:\/\/lasprimeras.com.do\/index.php\/wp-json\/wp\/v2\/tags?post=88133"}],"curies":[{"name":"wp","href":"https:\/\/api.w.org\/{rel}","templated":true}]}}