{"id":88150,"date":"2024-08-23T00:05:46","date_gmt":"2024-08-23T04:05:46","guid":{"rendered":"https:\/\/lasprimeras.com.do\/?p=88150"},"modified":"2024-08-23T00:05:47","modified_gmt":"2024-08-23T04:05:47","slug":"kelvin-cruz-pondera-aportes-de-industria-del-beisbol-a-rd","status":"publish","type":"post","link":"https:\/\/lasprimeras.com.do\/index.php\/2024\/08\/23\/kelvin-cruz-pondera-aportes-de-industria-del-beisbol-a-rd\/","title":{"rendered":"Kelvin Cruz pondera aportes de industria del b\u00e9isbol a RD"},"content":{"rendered":"\n<p>El ministro de Deportes y Recreaci\u00f3n (Miderec), ingeniero Kelvin Cruz, ponder\u00f3 los aportes que realiza la industria del b\u00e9isbol a la Rep\u00fablica Dominicana.<\/p>\n\n\n\n<p>De igual manera, se refiri\u00f3 a las contribuciones que hacen las Ligas Mayores en el seno de las familias dominicanas a trav\u00e9s de los jugadores establecidos en las Grandes Ligas y j\u00f3venes que persiguen la oportunidad de llegar al profesionalismo.<\/p>\n\n\n\n<p>Cruz emiti\u00f3 estas consideraciones cuando recibi\u00f3 en su despacho a una representaci\u00f3n de Major League Baseball (MLB), presidida por el puertorrique\u00f1o Jorge P\u00e9rez D\u00edaz, vicepresidente y el dominicano Yerik P\u00e9rez, representante de la organizaci\u00f3n en la Rep\u00fablica Dominicana.<\/p>\n\n\n\n<p>Estuvieron acompa\u00f1ados de Junior Noboa, ejecutivo del Comisionado Nacional de B\u00e9isbol; y el viceministro de Deportes Franklin de la Mota.&nbsp;<\/p>\n\n\n\n<p>Al calificar de agradable y fruct\u00edfera la visita de los ejecutivos de MLB y del comisionado nacional, el nuevo ministro Cruz expres\u00f3 que \u201cyo s\u00f3lo espero en Dios que me d\u00e9 la oportunidad de integrarme con ustedes a impulsar, empujar y a compartir este sue\u00f1o que es toda una realidad para nuestro pa\u00eds\u201d.<\/p>\n\n\n\n<p>\u201cHa sido m\u00e1s que importante intercambiar opiniones, compartir experiencias y sue\u00f1os de sus anhelos con el b\u00e9isbol en la Rep\u00fablica Dominicana\u201d.<\/p>\n\n\n\n<p>En ese tenor, Cruz defini\u00f3 al b\u00e9isbol y MLB como una industria de educaci\u00f3n que aporta miles de empleos, una industria de la econom\u00eda que se desparrama por toda la naci\u00f3n. \u201cEn este ministerio estamos entusiasmados de hacer una agenda de trabajo junto a ustedes para bien de nuestros peloteros y de nuestra juventud\u201d, recalc\u00f3.<\/p>\n\n\n\n<p>Cruz reiter\u00f3 que la MLB y el b\u00e9isbol son industrias que a diario causan un impacto positivo en la Rep\u00fablica Dominicana.<\/p>\n\n\n\n<p>\u201cSon sobre todas las cosas, una industria de esperanza para el pa\u00eds porque nos hemos convertido en una realidad en MLB y en los Estados Unidos, la Rep\u00fablica Dominicana tiene un espacio ganado por el trabajo y las contribuciones que hacen nuestros peloteros y el trabajo que ustedes desde las oficinas vienen realizando\u201d.<\/p>\n\n\n\n<p>\u201cNos reiteramos a su disposici\u00f3n y le agradecemos a Junior y a Major League por esta relaci\u00f3n sincera, transparente y creativa que llevan a cabo desde sus diferentes funciones y responsabilidades\u201d, concluy\u00f3 el ministro Kelvin Cruz.<\/p>\n\n\n\n<p><strong>Epicentro del b\u00e9isbol<\/strong><\/p>\n\n\n\n<p>Jorge P\u00e9rez D\u00edaz le dijo al ministro de Deportes que actualmente la Rep\u00fablica Dominicana, a trav\u00e9s de la Liga de Verano, es el centro internacional del b\u00e9isbol.<\/p>\n\n\n\n<p>\u201cSe lo digo porque reci\u00e9n acaba de finalizar el torneo de verano y las 30 organizaciones de Grandes Ligas concentraron m\u00e1s de dos mil jugadores de todo el mundo, pero la mayor\u00eda dominicanos, eso para la MLB es significativo y lo valoramos\u201d, afirm\u00f3.<\/p>\n\n\n\n<p>Inform\u00f3 a Kelvin Cruz que las Major League est\u00e1n a la orden y en consonancia para seguir desarrollando en equipo \u201cuna industria que deja enormes beneficios al pa\u00eds, al b\u00e9isbol y los peloteros, que impacta positivamente en todos los sentidos\u201d.<\/p>\n\n\n\n<p>El vicepresidente senior de MLB elogi\u00f3 la sencillez y cordialidad de Kelvin Cruz y valor\u00f3 el hecho de la receptividad mostrada al recibirlo d\u00edas despu\u00e9s de haber asumido el cargo de ministro de Deportes.<\/p>\n\n\n\n<p><strong>Habla Noboa<\/strong><\/p>\n\n\n\n<p>El ex pelotero profesional y actual comisionado nacional de b\u00e9isbol, Junior Noboa, valor\u00f3 la oportunidad de Kelvin Cruz, de conversar y escuchar sobre los proyectos que tienen en agenda.<\/p>\n\n\n\n<p>\u201cPara nosotros es importante que nuestro ministro de Deportes sepa de lo que estamos haciendo desde la oficina del Comisionado Nacional y desde la propia Major League Baseball. Venir a decirle adem\u00e1s que estamos a su disposici\u00f3n para trabajar junto a su administraci\u00f3n, junto a \u00e9l, para hacer crecer mucho m\u00e1s esta industria que tanto beneficio nos deja como pa\u00eds\u201d.<\/p>\n\n\n\n<p>Noboa dijo que el deseo del presidente Luis Abinader y de su gobierno es que \u201cdemos todas las facilidades a MLB para que el deporte rey de los dominicanos siga creciendo como medio de vida para los jugadores quisqueyanos en Grandes Ligas, sus familias y el pa\u00eds.<\/p>\n","protected":false},"excerpt":{"rendered":"<p>El ministro de Deportes y Recreaci\u00f3n (Miderec), ingeniero Kelvin Cruz, ponder\u00f3 los aportes que realiza la industria del b\u00e9isbol a la Rep\u00fablica Dominicana. De igual manera, se refiri\u00f3 a las&hellip;<\/p>\n","protected":false},"author":2,"featured_media":88151,"comment_status":"open","ping_status":"open","sticky":false,"template":"","format":"standard","meta":{"content-type":"","jetpack_post_was_ever_published":false,"_jetpack_newsletter_access":"","_jetpack_dont_email_post_to_subs":false,"_jetpack_newsletter_tier_id":0,"_jetpack_memberships_contains_paywalled_content":false,"_jetpack_memberships_contains_paid_content":false,"footnotes":""},"categories":[1],"tags":[1244,1140,12905,926,1874,373,127],"class_list":["post-88150","post","type-post","status-publish","format-standard","has-post-thumbnail","hentry","category-sin-categoria","tag-aportes","tag-beisbol","tag-deportes","tag-industria","tag-kelvin-cruz","tag-ministro","tag-rd"],"jetpack_featured_media_url":"https:\/\/lasprimeras.com.do\/wp-content\/uploads\/2024\/08\/kevin-cruz.jpg","jetpack-related-posts":[{"id":117273,"url":"https:\/\/lasprimeras.com.do\/index.php\/2025\/12\/08\/la-seleccion-de-rd-y-los-tigres-de-detroit-jugaran-dos-juegos-en-el-estadio-quisqueya-juan-marichal\/","url_meta":{"origin":88150,"position":0},"title":"La Selecci\u00f3n de RD y los Tigres de Detroit jugar\u00e1n dos juegos en el Estadio Quisqueya Juan Marichal","author":"Nelson Feliz","date":"8 de diciembre de 2025","format":false,"excerpt":"El evento se realizar\u00e1 en memoria de las v\u00edctimas del 8 de abril en Santo Domingo, a beneficio de la Cruz Roja Dominicana. \u200bORLANDO. World Baseball Classic, Inc. anunci\u00f3 hoy que la Selecci\u00f3n Nacional de Rep\u00fablica Dominicana jugar\u00e1 una serie de dos juegos contra los Tigres de Detroit como parte\u2026","rel":"","context":"En \u00abSin categor\u00eda\u00bb","block_context":{"text":"Sin categor\u00eda","link":"https:\/\/lasprimeras.com.do\/index.php\/category\/sin-categoria\/"},"img":{"alt_text":"","src":"https:\/\/i0.wp.com\/lasprimeras.com.do\/wp-content\/uploads\/2025\/12\/medina.jpg?resize=350%2C200&ssl=1","width":350,"height":200,"srcset":"https:\/\/i0.wp.com\/lasprimeras.com.do\/wp-content\/uploads\/2025\/12\/medina.jpg?resize=350%2C200&ssl=1 1x, https:\/\/i0.wp.com\/lasprimeras.com.do\/wp-content\/uploads\/2025\/12\/medina.jpg?resize=525%2C300&ssl=1 1.5x, https:\/\/i0.wp.com\/lasprimeras.com.do\/wp-content\/uploads\/2025\/12\/medina.jpg?resize=700%2C400&ssl=1 2x"},"classes":[]},{"id":114477,"url":"https:\/\/lasprimeras.com.do\/index.php\/2025\/11\/14\/union-de-ligas-inaugura-torneos-de-beisbol-en-provincias-rd-dominicano-ny-valora-y-apoya\/","url_meta":{"origin":88150,"position":1},"title":"Uni\u00f3n de Ligas inaugura torneos de b\u00e9isbol en provincias RD; dominicano NY valora y apoya","author":"Nelson Feliz","date":"14 de noviembre de 2025","format":false,"excerpt":"Por Ram\u00f3n Mercedes NUEVA YORK.- La Uni\u00f3n de Ligas de B\u00e9isbol de la Rep\u00fablica Dominicana, que dirige el Nelvin Taveras, inaugur\u00f3 recientemente tres importantes torneos de b\u00e9isbol en las provincias de San Crist\u00f3bal, Santo Domingo y Moca, en las categor\u00edas 13 a14 a\u00f1os. El empresario, deportista y l\u00edder comunitario en\u2026","rel":"","context":"En \u00abDEPORTES\u00bb","block_context":{"text":"DEPORTES","link":"https:\/\/lasprimeras.com.do\/index.php\/category\/deportes\/"},"img":{"alt_text":"","src":"https:\/\/i0.wp.com\/lasprimeras.com.do\/wp-content\/uploads\/2025\/11\/WhatsApp-Image-2025-11-14-at-8.14.06-AM-1.jpeg?resize=350%2C200&ssl=1","width":350,"height":200,"srcset":"https:\/\/i0.wp.com\/lasprimeras.com.do\/wp-content\/uploads\/2025\/11\/WhatsApp-Image-2025-11-14-at-8.14.06-AM-1.jpeg?resize=350%2C200&ssl=1 1x, https:\/\/i0.wp.com\/lasprimeras.com.do\/wp-content\/uploads\/2025\/11\/WhatsApp-Image-2025-11-14-at-8.14.06-AM-1.jpeg?resize=525%2C300&ssl=1 1.5x"},"classes":[]},{"id":121006,"url":"https:\/\/lasprimeras.com.do\/index.php\/2026\/01\/29\/realizan-cuarta-y-ultima-clinica-de-beisbol-infantil-en-santo-domingo\/","url_meta":{"origin":88150,"position":2},"title":"Realizan cuarta y \u00faltima cl\u00ednica de b\u00e9isbol infantil en Santo Domingo","author":"Nelson Feliz","date":"29 de enero de 2026","format":false,"excerpt":"La Federaci\u00f3n Dominicana de B\u00e9isbol (FEDOM), la gerencia del equipo dominicano que participar\u00e1 en el Cl\u00e1sico Mundial de B\u00e9isbol 2026 y la Major League Baseball (MLB), realizaron este jueves la cuarta y \u00faltima cl\u00ednica de b\u00e9isbol dirigida a ni\u00f1os de 8 a 10 a\u00f1os, como parte de un programa formativo\u2026","rel":"","context":"En \u00abDEPORTES\u00bb","block_context":{"text":"DEPORTES","link":"https:\/\/lasprimeras.com.do\/index.php\/category\/deportes\/"},"img":{"alt_text":"","src":"https:\/\/i0.wp.com\/lasprimeras.com.do\/wp-content\/uploads\/2026\/01\/clinica-1.jpg?resize=350%2C200&ssl=1","width":350,"height":200,"srcset":"https:\/\/i0.wp.com\/lasprimeras.com.do\/wp-content\/uploads\/2026\/01\/clinica-1.jpg?resize=350%2C200&ssl=1 1x, https:\/\/i0.wp.com\/lasprimeras.com.do\/wp-content\/uploads\/2026\/01\/clinica-1.jpg?resize=525%2C300&ssl=1 1.5x, https:\/\/i0.wp.com\/lasprimeras.com.do\/wp-content\/uploads\/2026\/01\/clinica-1.jpg?resize=700%2C400&ssl=1 2x"},"classes":[]},{"id":105779,"url":"https:\/\/lasprimeras.com.do\/index.php\/2025\/08\/07\/afirma-reina-entusiasmo-entre-juventud-dominicana-ny-por-juegos-juan-pablo-duarte\/","url_meta":{"origin":88150,"position":3},"title":"Afirma reina entusiasmo entre juventud dominicana NY por juegos Juan Pablo Duarte","author":"Nelson Feliz","date":"7 de agosto de 2025","format":false,"excerpt":"Por Ram\u00f3n Mercedes NUEVA YORK.- El director general de los juegos \u00abJuan Pablo Duarte\u00bb a celebrarse en esta ciudad, Roberto Rojas, destac\u00f3 el gran entusiasmo que reina entre la juventud dominicana en este estados y otros en Estados Unidos por la celebraci\u00f3n de los mismos. El evento reunir\u00e1 a 2,232\u2026","rel":"","context":"En \u00abDEPORTES\u00bb","block_context":{"text":"DEPORTES","link":"https:\/\/lasprimeras.com.do\/index.php\/category\/deportes\/"},"img":{"alt_text":"","src":"https:\/\/i0.wp.com\/lasprimeras.com.do\/wp-content\/uploads\/2025\/08\/WhatsApp-Image-2025-08-07-at-5.42.07-AM.jpeg?resize=350%2C200&ssl=1","width":350,"height":200,"srcset":"https:\/\/i0.wp.com\/lasprimeras.com.do\/wp-content\/uploads\/2025\/08\/WhatsApp-Image-2025-08-07-at-5.42.07-AM.jpeg?resize=350%2C200&ssl=1 1x, https:\/\/i0.wp.com\/lasprimeras.com.do\/wp-content\/uploads\/2025\/08\/WhatsApp-Image-2025-08-07-at-5.42.07-AM.jpeg?resize=525%2C300&ssl=1 1.5x"},"classes":[]},{"id":89771,"url":"https:\/\/lasprimeras.com.do\/index.php\/2024\/10\/05\/ministro-de-deportes-kelvin-cruz-aporta-dos-millones-de-pesos-para-remodelar-casa-club-de-la-acds\/","url_meta":{"origin":88150,"position":4},"title":"Ministro de Deportes, Kelvin Cruz, aporta dos millones de pesos para remodelar casa club de la ACDS.","author":"Paola Castillo","date":"5 de octubre de 2024","format":false,"excerpt":"Santiago.- El ministro de Deportes, Kelvin Cruz, entreg\u00f3 el libramiento por un aporte de dos millones de pesos para el remozamiento de la casa club de la Asociaci\u00f3n de Cronistas Deportivos de Santiago (ACDS), ubicada en la entrada del complejo La Barranquita. Cruz dio a conocer la informaci\u00f3n de manera\u2026","rel":"","context":"En \u00abNACIONALES\u00bb","block_context":{"text":"NACIONALES","link":"https:\/\/lasprimeras.com.do\/index.php\/category\/nacionales\/"},"img":{"alt_text":"","src":"https:\/\/i0.wp.com\/lasprimeras.com.do\/wp-content\/uploads\/2024\/10\/WhatsApp-Image-2024-10-04-at-7.24.14-PM.jpeg?resize=350%2C200&ssl=1","width":350,"height":200,"srcset":"https:\/\/i0.wp.com\/lasprimeras.com.do\/wp-content\/uploads\/2024\/10\/WhatsApp-Image-2024-10-04-at-7.24.14-PM.jpeg?resize=350%2C200&ssl=1 1x, https:\/\/i0.wp.com\/lasprimeras.com.do\/wp-content\/uploads\/2024\/10\/WhatsApp-Image-2024-10-04-at-7.24.14-PM.jpeg?resize=525%2C300&ssl=1 1.5x, https:\/\/i0.wp.com\/lasprimeras.com.do\/wp-content\/uploads\/2024\/10\/WhatsApp-Image-2024-10-04-at-7.24.14-PM.jpeg?resize=700%2C400&ssl=1 2x, https:\/\/i0.wp.com\/lasprimeras.com.do\/wp-content\/uploads\/2024\/10\/WhatsApp-Image-2024-10-04-at-7.24.14-PM.jpeg?resize=1050%2C600&ssl=1 3x"},"classes":[]},{"id":124006,"url":"https:\/\/lasprimeras.com.do\/index.php\/2026\/03\/06\/presidente-abinader-asiste-a-juego-inaugural-de-rd-en-clasico-mundial-de-beisbol-en-miami-y-lanza-primera-bola\/","url_meta":{"origin":88150,"position":5},"title":"Presidente Abinader asiste a juego inaugural de RD en Cl\u00e1sico Mundial de B\u00e9isbol en Miami y lanza primera bola","author":"Nelson Feliz","date":"6 de marzo de 2026","format":false,"excerpt":"Este evento ocurre previo a la cumbre de alto nivel convocada por el presidente de Estados Unidos, Donald Trump para este s\u00e1bado en la ciudad de Miami, donde participar\u00e1 el mandatario dominicano y un grupo de l\u00edderes de Am\u00e9rica Latina y el Caribe MIAMI, Florida.\u2013 El presidente Luis Abinader, asisti\u00f3\u2026","rel":"","context":"En \u00abDEPORTES\u00bb","block_context":{"text":"DEPORTES","link":"https:\/\/lasprimeras.com.do\/index.php\/category\/deportes\/"},"img":{"alt_text":"","src":"https:\/\/i0.wp.com\/lasprimeras.com.do\/wp-content\/uploads\/2026\/03\/Clasico-Mundial-de-Beisbol-en-Miami.jpg?resize=350%2C200&ssl=1","width":350,"height":200,"srcset":"https:\/\/i0.wp.com\/lasprimeras.com.do\/wp-content\/uploads\/2026\/03\/Clasico-Mundial-de-Beisbol-en-Miami.jpg?resize=350%2C200&ssl=1 1x, https:\/\/i0.wp.com\/lasprimeras.com.do\/wp-content\/uploads\/2026\/03\/Clasico-Mundial-de-Beisbol-en-Miami.jpg?resize=525%2C300&ssl=1 1.5x, https:\/\/i0.wp.com\/lasprimeras.com.do\/wp-content\/uploads\/2026\/03\/Clasico-Mundial-de-Beisbol-en-Miami.jpg?resize=700%2C400&ssl=1 2x"},"classes":[]}],"jetpack_sharing_enabled":true,"_links":{"self":[{"href":"https:\/\/lasprimeras.com.do\/index.php\/wp-json\/wp\/v2\/posts\/88150","targetHints":{"allow":["GET"]}}],"collection":[{"href":"https:\/\/lasprimeras.com.do\/index.php\/wp-json\/wp\/v2\/posts"}],"about":[{"href":"https:\/\/lasprimeras.com.do\/index.php\/wp-json\/wp\/v2\/types\/post"}],"author":[{"embeddable":true,"href":"https:\/\/lasprimeras.com.do\/index.php\/wp-json\/wp\/v2\/users\/2"}],"replies":[{"embeddable":true,"href":"https:\/\/lasprimeras.com.do\/index.php\/wp-json\/wp\/v2\/comments?post=88150"}],"version-history":[{"count":1,"href":"https:\/\/lasprimeras.com.do\/index.php\/wp-json\/wp\/v2\/posts\/88150\/revisions"}],"predecessor-version":[{"id":88152,"href":"https:\/\/lasprimeras.com.do\/index.php\/wp-json\/wp\/v2\/posts\/88150\/revisions\/88152"}],"wp:featuredmedia":[{"embeddable":true,"href":"https:\/\/lasprimeras.com.do\/index.php\/wp-json\/wp\/v2\/media\/88151"}],"wp:attachment":[{"href":"https:\/\/lasprimeras.com.do\/index.php\/wp-json\/wp\/v2\/media?parent=88150"}],"wp:term":[{"taxonomy":"category","embeddable":true,"href":"https:\/\/lasprimeras.com.do\/index.php\/wp-json\/wp\/v2\/categories?post=88150"},{"taxonomy":"post_tag","embeddable":true,"href":"https:\/\/lasprimeras.com.do\/index.php\/wp-json\/wp\/v2\/tags?post=88150"}],"curies":[{"name":"wp","href":"https:\/\/api.w.org\/{rel}","templated":true}]}}