{"id":88156,"date":"2024-08-23T00:19:23","date_gmt":"2024-08-23T04:19:23","guid":{"rendered":"https:\/\/lasprimeras.com.do\/?p=88156"},"modified":"2024-08-23T00:19:24","modified_gmt":"2024-08-23T04:19:24","slug":"diputados-y-senadores-respaldan-que-el-pgr-sea-elegido-por-el-cnm","status":"publish","type":"post","link":"https:\/\/lasprimeras.com.do\/index.php\/2024\/08\/23\/diputados-y-senadores-respaldan-que-el-pgr-sea-elegido-por-el-cnm\/","title":{"rendered":"Diputados y Senadores respaldan que el PGR sea elegido por el CNM"},"content":{"rendered":"\n<p>Diputados y senadores consultados sobre la propuesta de reforma constitucional presentada por el presidente Luis Abinader expresaron su respaldo a la idea de que el Consejo Nacional de la Magistratura sea el \u00f3rgano encargado de designar al procurador general de la rep\u00fablica.<\/p>\n\n\n\n<p>El senador de la provincia Peravia, Julio Fulcar, consider\u00f3 esta medida como un avance significativo, subrayando que es la primera vez en la historia republicana que un Presidente se despoja de una atribuci\u00f3n constitucional en favor de un organismo m\u00e1s amplio y representativo.<\/p>\n\n\n\n<p>Tambi\u00e9n indic\u00f3 que la propuesta de Abinader es la expresi\u00f3n m\u00e1s alta de vocaci\u00f3n democr\u00e1tica ya que es el primer Presidente que propone que se \u201cpueda establecer una traba tan fuerte que no permita que ning\u00fan Presidente de la Rep\u00fablica, despu\u00e9s de dos per\u00edodos, intente volver como han intentado volver la generalidad de los Presidentes\u201d.<\/p>\n\n\n\n<p>\u201cEn sentido general entiendo que la propuesta que ha hecho el presidente de la Rep\u00fablica es saludable, es loable, es viable, es discutible\u201d, detallando que ahora el Congreso Nacional, como es una pr\u00e1ctica habitual, analizar\u00e1, discutir\u00e1 y realizar\u00e1 consultas sobre este tema con los diferentes actores, incluyendo a los partidos pol\u00edticos y la sociedad civil para llegar a un consenso lo m\u00e1s amplio posible que recoja el sentir general.<\/p>\n\n\n\n<p>En tanto, el diputado por el Distrito Nacional, An\u00edbal D\u00edaz, asegur\u00f3 que trasladar la escogencia del procurador a un organismo como el Consejo Nacional de la Magistratura ratifica la vocaci\u00f3n democr\u00e1tica del presidente Abinader.<\/p>\n\n\n\n<p>\u201cEs un instrumento de equilibrio, de gobernanza, de participaci\u00f3n porque lo que es al d\u00eda de hoy una facultad del Presidente de la Rep\u00fablica la est\u00e1 entregando a un \u00f3rgano en el que estar\u00e1 siempre representada la clase pol\u00edtica\u201d, expres\u00f3.<\/p>\n\n\n\n<p>De igual manera, el diputado Jorge Cavoli de la provincia Mar\u00eda Trinidad S\u00e1nchez apoy\u00f3 la disposici\u00f3n, recordando que la elecci\u00f3n del procurador siempre generaba controversia debido a los matices pol\u00edticos que ten\u00edan los actores de ese proceso y quienes terminaban designados eran miembros de los partidos.<\/p>\n\n\n\n<p>\u201cYo entiendo que la decisi\u00f3n del Presidente es atinada hasta que se identifique una figura que cumpla con los requisitos institucionales que el Presidente ha proyectado en su visi\u00f3n\u201d, expres\u00f3 Cavoli.<\/p>\n","protected":false},"excerpt":{"rendered":"<p>Diputados y senadores consultados sobre la propuesta de reforma constitucional presentada por el presidente Luis Abinader expresaron su respaldo a la idea de que el Consejo Nacional de la Magistratura&hellip;<\/p>\n","protected":false},"author":2,"featured_media":88157,"comment_status":"open","ping_status":"open","sticky":false,"template":"","format":"standard","meta":{"content-type":"","jetpack_post_was_ever_published":false,"_jetpack_newsletter_access":"","_jetpack_dont_email_post_to_subs":false,"_jetpack_newsletter_tier_id":0,"_jetpack_memberships_contains_paywalled_content":false,"_jetpack_memberships_contains_paid_content":false,"footnotes":""},"categories":[1],"tags":[1144,274,8290,172,5128,3300],"class_list":["post-88156","post","type-post","status-publish","format-standard","has-post-thumbnail","hentry","category-sin-categoria","tag-consejo","tag-diputados","tag-magistratura","tag-nacional","tag-pgr","tag-senadores"],"jetpack_featured_media_url":"https:\/\/lasprimeras.com.do\/wp-content\/uploads\/2024\/08\/DIPU-1.jpg","jetpack-related-posts":[{"id":62751,"url":"https:\/\/lasprimeras.com.do\/index.php\/2023\/10\/06\/abinader-convoca-al-consejo-nacional-de-la-magistratura-para-el-proximo-martes-10-de-octubre\/","url_meta":{"origin":88156,"position":0},"title":"Abinader convoca al Consejo Nacional de la Magistratura para el pr\u00f3ximo martes 10 de octubre","author":"Nelson Feliz","date":"6 de octubre de 2023","format":false,"excerpt":"La convocatoria propone una agenda cargada, incluyendo el inicio de las labores para evaluar y seleccionar a cinco nuevos integrantes del Tribunal Constitucional. El presidente Luis Abinader, en su calidad de presidente del Consejo Nacional de la Magistratura, convoc\u00f3 a los miembros del \u00f3rgano constitucional a una sesi\u00f3n de trabajo\u2026","rel":"","context":"En \u00abNACIONALES\u00bb","block_context":{"text":"NACIONALES","link":"https:\/\/lasprimeras.com.do\/index.php\/category\/nacionales\/"},"img":{"alt_text":"Luis Abinader","src":"https:\/\/i0.wp.com\/lasprimeras.com.do\/wp-content\/uploads\/2023\/10\/Luis-Abinader-6.jpg?resize=350%2C200&ssl=1","width":350,"height":200,"srcset":"https:\/\/i0.wp.com\/lasprimeras.com.do\/wp-content\/uploads\/2023\/10\/Luis-Abinader-6.jpg?resize=350%2C200&ssl=1 1x, https:\/\/i0.wp.com\/lasprimeras.com.do\/wp-content\/uploads\/2023\/10\/Luis-Abinader-6.jpg?resize=525%2C300&ssl=1 1.5x, https:\/\/i0.wp.com\/lasprimeras.com.do\/wp-content\/uploads\/2023\/10\/Luis-Abinader-6.jpg?resize=700%2C400&ssl=1 2x"},"classes":[]},{"id":116671,"url":"https:\/\/lasprimeras.com.do\/index.php\/2025\/12\/03\/cnm-escoge-jueces-titulares-y-suplentes-del-tse-quienes-seran-juramentados-este-jueves-en-el-palacio-nacional\/","url_meta":{"origin":88156,"position":1},"title":"CNM escoge jueces titulares y suplentes del TSE quienes ser\u00e1n juramentados este jueves en el Palacio Nacional","author":"Nelson Feliz","date":"3 de diciembre de 2025","format":false,"excerpt":"En los pr\u00f3ximos d\u00edas se volver\u00e1 a convocar al Consejo para la selecci\u00f3n de jueces de la Suprema Corte de Justicia El Consejo Nacional de la Magistratura (CNM) escogi\u00f3 este martes a los jueces que integrar\u00e1n el Tribunal Superior Electoral, una de las altas cortes que conforman el sistema judicial\u2026","rel":"","context":"En \u00abNACIONALES\u00bb","block_context":{"text":"NACIONALES","link":"https:\/\/lasprimeras.com.do\/index.php\/category\/nacionales\/"},"img":{"alt_text":"","src":"https:\/\/i0.wp.com\/lasprimeras.com.do\/wp-content\/uploads\/2025\/12\/CNM.jpg?resize=350%2C200&ssl=1","width":350,"height":200,"srcset":"https:\/\/i0.wp.com\/lasprimeras.com.do\/wp-content\/uploads\/2025\/12\/CNM.jpg?resize=350%2C200&ssl=1 1x, https:\/\/i0.wp.com\/lasprimeras.com.do\/wp-content\/uploads\/2025\/12\/CNM.jpg?resize=525%2C300&ssl=1 1.5x, https:\/\/i0.wp.com\/lasprimeras.com.do\/wp-content\/uploads\/2025\/12\/CNM.jpg?resize=700%2C400&ssl=1 2x"},"classes":[]},{"id":116887,"url":"https:\/\/lasprimeras.com.do\/index.php\/2025\/12\/05\/cnm-juramenta-a-nuevos-jueces-del-tribunal-superior-electoral-tras-concluir-proceso-de-evaluacion\/","url_meta":{"origin":88156,"position":2},"title":"CNM juramenta a nuevos jueces del Tribunal Superior Electoral tras concluir proceso de evaluaci\u00f3n","author":"Nelson Feliz","date":"5 de diciembre de 2025","format":false,"excerpt":"El acto fue encabezado por el presidente Luis Abinader. El Consejo Nacional de la Magistratura (CNM), presidido por el presidente Luis Abinader, jurament\u00f3 este jueves a los jueces titulares y suplentes escogidos para integrar el Tribunal Superior Electoral, en un acto donde se reafirm\u00f3 el compromiso institucional con el fortalecimiento\u2026","rel":"","context":"En \u00abNACIONALES\u00bb","block_context":{"text":"NACIONALES","link":"https:\/\/lasprimeras.com.do\/index.php\/category\/nacionales\/"},"img":{"alt_text":"","src":"https:\/\/i0.wp.com\/lasprimeras.com.do\/wp-content\/uploads\/2025\/12\/CNM-2.jpg?resize=350%2C200&ssl=1","width":350,"height":200,"srcset":"https:\/\/i0.wp.com\/lasprimeras.com.do\/wp-content\/uploads\/2025\/12\/CNM-2.jpg?resize=350%2C200&ssl=1 1x, https:\/\/i0.wp.com\/lasprimeras.com.do\/wp-content\/uploads\/2025\/12\/CNM-2.jpg?resize=525%2C300&ssl=1 1.5x, https:\/\/i0.wp.com\/lasprimeras.com.do\/wp-content\/uploads\/2025\/12\/CNM-2.jpg?resize=700%2C400&ssl=1 2x"},"classes":[]},{"id":103705,"url":"https:\/\/lasprimeras.com.do\/index.php\/2025\/07\/17\/abinader-convoca-al-cnm-para-evaluar-y-designar-jueces\/","url_meta":{"origin":88156,"position":3},"title":"Abinader convoca al CNM para evaluar y designar jueces","author":"Nelson Feliz","date":"17 de julio de 2025","format":false,"excerpt":"La reuni\u00f3n ser\u00e1 en el Palacio Nacional a las 8:00 de la noche El presidente Luis Abinader convoc\u00f3 a los miembros del Consejo Nacional de la Magistratura (CNM) a una reuni\u00f3n, pautada para el viernes 25 de julio. Durante el encuentro, que se realizar\u00e1 en el Palacio Nacional, a las\u2026","rel":"","context":"En \u00abNACIONALES\u00bb","block_context":{"text":"NACIONALES","link":"https:\/\/lasprimeras.com.do\/index.php\/category\/nacionales\/"},"img":{"alt_text":"","src":"https:\/\/i0.wp.com\/lasprimeras.com.do\/wp-content\/uploads\/2025\/07\/ABINADER-CNM-1.jpg?resize=350%2C200&ssl=1","width":350,"height":200,"srcset":"https:\/\/i0.wp.com\/lasprimeras.com.do\/wp-content\/uploads\/2025\/07\/ABINADER-CNM-1.jpg?resize=350%2C200&ssl=1 1x, https:\/\/i0.wp.com\/lasprimeras.com.do\/wp-content\/uploads\/2025\/07\/ABINADER-CNM-1.jpg?resize=525%2C300&ssl=1 1.5x, https:\/\/i0.wp.com\/lasprimeras.com.do\/wp-content\/uploads\/2025\/07\/ABINADER-CNM-1.jpg?resize=700%2C400&ssl=1 2x"},"classes":[]},{"id":118025,"url":"https:\/\/lasprimeras.com.do\/index.php\/2025\/12\/19\/cnm-elige-cinco-nuevos-jueces-para-ocupar-vacantes-en-la-suprema-corte-de-justicia\/","url_meta":{"origin":88156,"position":4},"title":"CNM elige cinco nuevos jueces para ocupar vacantes en la Suprema Corte de Justicia","author":"Nelson Feliz","date":"19 de diciembre de 2025","format":false,"excerpt":"Se inform\u00f3 que la juramentaci\u00f3n fue convocada para el pr\u00f3ximo lunes 22 de diciembre de 2025, a las 9:00 a.m., en el Sal\u00f3n de Embajadores del Palacio Nacional. El Consejo Nacional de la Magistratura, presidido por el presidente Luis Abinader seleccion\u00f3 este viernes los cinco nuevos jueces que ocupar\u00e1n las\u2026","rel":"","context":"En \u00abNACIONALES\u00bb","block_context":{"text":"NACIONALES","link":"https:\/\/lasprimeras.com.do\/index.php\/category\/nacionales\/"},"img":{"alt_text":"Consejo Nacional de la Magistratura","src":"https:\/\/i0.wp.com\/lasprimeras.com.do\/wp-content\/uploads\/2025\/12\/Consejo-Nacional-de-la-Magistratura.jpg?resize=350%2C200&ssl=1","width":350,"height":200,"srcset":"https:\/\/i0.wp.com\/lasprimeras.com.do\/wp-content\/uploads\/2025\/12\/Consejo-Nacional-de-la-Magistratura.jpg?resize=350%2C200&ssl=1 1x, https:\/\/i0.wp.com\/lasprimeras.com.do\/wp-content\/uploads\/2025\/12\/Consejo-Nacional-de-la-Magistratura.jpg?resize=525%2C300&ssl=1 1.5x, https:\/\/i0.wp.com\/lasprimeras.com.do\/wp-content\/uploads\/2025\/12\/Consejo-Nacional-de-la-Magistratura.jpg?resize=700%2C400&ssl=1 2x"},"classes":[]},{"id":87418,"url":"https:\/\/lasprimeras.com.do\/index.php\/2024\/08\/14\/adocco-saluda-propuesta-de-reforma-constitucional\/","url_meta":{"origin":88156,"position":5},"title":"ADOCCO saluda propuesta de reforma constitucional","author":"Nelson Feliz","date":"14 de agosto de 2024","format":false,"excerpt":"El presidente de la Alianza Dominicana contra la Corrupci\u00f3n (ADOCCO), Julio C\u00e9sar de la Rosa, expres\u00f3 su plena identificaci\u00f3n con la propuesta de reforma constitucional hecha por el Presidente de la Rep\u00fablica, Luis Abinader. Considera que los puntos planteados obedecen a un clamor p\u00fablico y vienen a resolver varios \u201centuertos\u201d\u2026","rel":"","context":"En \u00abNACIONALES\u00bb","block_context":{"text":"NACIONALES","link":"https:\/\/lasprimeras.com.do\/index.php\/category\/nacionales\/"},"img":{"alt_text":"Julio C\u00e9sar de la Rosa","src":"https:\/\/i0.wp.com\/lasprimeras.com.do\/wp-content\/uploads\/2024\/08\/Julio-Cesar-de-la-Rosa.jpg?resize=350%2C200&ssl=1","width":350,"height":200,"srcset":"https:\/\/i0.wp.com\/lasprimeras.com.do\/wp-content\/uploads\/2024\/08\/Julio-Cesar-de-la-Rosa.jpg?resize=350%2C200&ssl=1 1x, https:\/\/i0.wp.com\/lasprimeras.com.do\/wp-content\/uploads\/2024\/08\/Julio-Cesar-de-la-Rosa.jpg?resize=525%2C300&ssl=1 1.5x"},"classes":[]}],"jetpack_sharing_enabled":true,"_links":{"self":[{"href":"https:\/\/lasprimeras.com.do\/index.php\/wp-json\/wp\/v2\/posts\/88156","targetHints":{"allow":["GET"]}}],"collection":[{"href":"https:\/\/lasprimeras.com.do\/index.php\/wp-json\/wp\/v2\/posts"}],"about":[{"href":"https:\/\/lasprimeras.com.do\/index.php\/wp-json\/wp\/v2\/types\/post"}],"author":[{"embeddable":true,"href":"https:\/\/lasprimeras.com.do\/index.php\/wp-json\/wp\/v2\/users\/2"}],"replies":[{"embeddable":true,"href":"https:\/\/lasprimeras.com.do\/index.php\/wp-json\/wp\/v2\/comments?post=88156"}],"version-history":[{"count":1,"href":"https:\/\/lasprimeras.com.do\/index.php\/wp-json\/wp\/v2\/posts\/88156\/revisions"}],"predecessor-version":[{"id":88158,"href":"https:\/\/lasprimeras.com.do\/index.php\/wp-json\/wp\/v2\/posts\/88156\/revisions\/88158"}],"wp:featuredmedia":[{"embeddable":true,"href":"https:\/\/lasprimeras.com.do\/index.php\/wp-json\/wp\/v2\/media\/88157"}],"wp:attachment":[{"href":"https:\/\/lasprimeras.com.do\/index.php\/wp-json\/wp\/v2\/media?parent=88156"}],"wp:term":[{"taxonomy":"category","embeddable":true,"href":"https:\/\/lasprimeras.com.do\/index.php\/wp-json\/wp\/v2\/categories?post=88156"},{"taxonomy":"post_tag","embeddable":true,"href":"https:\/\/lasprimeras.com.do\/index.php\/wp-json\/wp\/v2\/tags?post=88156"}],"curies":[{"name":"wp","href":"https:\/\/api.w.org\/{rel}","templated":true}]}}