{"id":88163,"date":"2024-08-23T10:20:18","date_gmt":"2024-08-23T14:20:18","guid":{"rendered":"https:\/\/lasprimeras.com.do\/?p=88163"},"modified":"2024-08-23T10:20:20","modified_gmt":"2024-08-23T14:20:20","slug":"ninera-de-eeuu-se-declara-culpable-de-muerte-de-hombre-al-que-maltrato-cuando-era-un-bebe","status":"publish","type":"post","link":"https:\/\/lasprimeras.com.do\/index.php\/2024\/08\/23\/ninera-de-eeuu-se-declara-culpable-de-muerte-de-hombre-al-que-maltrato-cuando-era-un-bebe\/","title":{"rendered":"Ni\u00f1era de EEUU se declara culpable de muerte de hombre al que maltrat\u00f3 cuando era un beb\u00e9"},"content":{"rendered":"\n<p>Miami,(EFE).- Una exni\u00f1era se declar\u00f3 culpable de asesinato por la muerte en 2019 de un hombre de 35 a\u00f1os al que la mujer atac\u00f3 mientras lo cuidaba hace 40 a\u00f1os en una casa en Florida (EE.UU.), cuando la v\u00edctima ten\u00eda cinco meses de nacida.<\/p>\n\n\n\n<p>Terry McKirchy, de 62 a\u00f1os, acept\u00f3 un acuerdo mediante el cual se declar\u00f3 culpable de la muerte de Benjamin Dowling, un discapacitado que falleci\u00f3 a los 35 a\u00f1os y quien en 1984 sufri\u00f3 una hemorragia cerebral tras ser zarandeado con extrema dureza por la mujer, que lo estaba cuidando en su domicilio de Fort Lauderdale.<\/p>\n\n\n\n<p>McKirchy fue acusada en 2021 por un gran jurado en el condado de Broward, en el sureste de Florida, de asesinato en primer grado, luego de que un informe del m\u00e9dico forense dictaminara que la muerte de Dowling &#8220;fue causada directamente por las lesiones de 1984&#8221;, como dijo en julio de ese a\u00f1o la oficina del Fiscal Estatal del Condado de Broward.<\/p>\n\n\n\n<p>La oficina del m\u00e9dico forense determin\u00f3 que la muerte de Benjamin Dowling fue &#8220;un homicidio&#8221;.<\/p>\n\n\n\n<p>Seg\u00fan declar\u00f3 la madre de la v\u00edctima, Rae Dowling, cuando fue a recoger a su hijo de la casa de McKirchy observ\u00f3 que el menor ten\u00eda dificultades para respirar y lo llev\u00f3 a un hospital local, donde los m\u00e9dicos concluyeron que el beb\u00e9 hab\u00eda sufrido una hemorragia cerebral a causa de las violentas sacudidas.<\/p>\n\n\n\n<p>En 1985, la mujer fue sentenciada a 60 d\u00edas de c\u00e1rcel y libertad condicional tras no refutar los cargos de intento de asesinato y abuso infantil agravado que enfrent\u00f3 en ese entonces, una sentencia pol\u00e9mica que mereci\u00f3 las cr\u00edticas de los familiares.<\/p>\n\n\n\n<p>En una declaraci\u00f3n de 2021, la familia manifest\u00f3 que Benjamin Dowling nunca logr\u00f3 gatear, caminar o hablar y tuvo una existencia marcada por la discapacidad que padeci\u00f3, las cuales le impidieron valerse por s\u00ed mismo y motivaron varias operaciones.<\/p>\n\n\n\n<p>Muri\u00f3 en el domicilio familiar, en la costa oeste de Florida, el 16 de septiembre de 2019.<\/p>\n\n\n\n<p>Tras la acusaci\u00f3n del gran jurado de 2021, la mujer, que en aquel a\u00f1o resid\u00eda en Texas, se entreg\u00f3 voluntariamente a las autoridades y posteriormente fue extraditada a Florida.<\/p>\n\n\n\n<p>Agencia EFE<\/p>\n","protected":false},"excerpt":{"rendered":"<p>Miami,(EFE).- Una exni\u00f1era se declar\u00f3 culpable de asesinato por la muerte en 2019 de un hombre de 35 a\u00f1os al que la mujer atac\u00f3 mientras lo cuidaba hace 40 a\u00f1os&hellip;<\/p>\n","protected":false},"author":2,"featured_media":88164,"comment_status":"open","ping_status":"open","sticky":false,"template":"","format":"standard","meta":{"content-type":"","jetpack_post_was_ever_published":false,"_jetpack_newsletter_access":"","_jetpack_dont_email_post_to_subs":false,"_jetpack_newsletter_tier_id":0,"_jetpack_memberships_contains_paywalled_content":false,"_jetpack_memberships_contains_paid_content":false,"footnotes":""},"categories":[1],"tags":[4884,106,979,46,15026,330,15025],"class_list":["post-88163","post","type-post","status-publish","format-standard","has-post-thumbnail","hentry","category-sin-categoria","tag-bebe","tag-culpable","tag-eeuu","tag-hombre","tag-maltrato-2","tag-muerte","tag-ninera"],"jetpack_featured_media_url":"https:\/\/lasprimeras.com.do\/wp-content\/uploads\/2024\/08\/Ninera-de-EEUU.jpg","jetpack-related-posts":[{"id":48493,"url":"https:\/\/lasprimeras.com.do\/index.php\/2023\/05\/01\/jurado-de-florida-decidira-si-rapero-ynw-melly-es-culpable-de-doble-asesinato\/","url_meta":{"origin":88163,"position":0},"title":"Jurado de Florida decidir\u00e1 si rapero YNW Melly es culpable de doble asesinato","author":"prenxa100","date":"1 de mayo de 2023","format":false,"excerpt":"Miami, EFE.-. Un jurado popular de Florida decidir\u00e1 si el rapero YNM Melly es o no culpable del asesinato a tiros de dos amigos suyos en 2018, una acusaci\u00f3n por la que la Fiscal\u00eda pidi\u00f3 la pena de muerte para el m\u00fasico que precisamente salt\u00f3 a la fama ese a\u00f1o\u2026","rel":"","context":"En \u00abSin categor\u00eda\u00bb","block_context":{"text":"Sin categor\u00eda","link":"https:\/\/lasprimeras.com.do\/index.php\/category\/sin-categoria\/"},"img":{"alt_text":"","src":"","width":0,"height":0},"classes":[]},{"id":78078,"url":"https:\/\/lasprimeras.com.do\/index.php\/2024\/02\/27\/el-motivo-del-asesinato-de-policia-de-baltimore-sigue-siendo-un-misterio-cuando-comienza-el-juicio\/","url_meta":{"origin":88163,"position":1},"title":"El motivo del asesinato de polic\u00eda de Baltimore sigue siendo un misterio cuando comienza el juicio","author":"Nelson Feliz","date":"27 de febrero de 2024","format":false,"excerpt":"POR LEA SKENE BALTIMORE (AP) \u2014 Cuando comenz\u00f3 el martes el juicio de un hombre acusado de la mortal emboscada a tiros contra un oficial de polic\u00eda de Baltimore, el motivo del asesinato sigue siendo un misterio m\u00e1s de dos a\u00f1os despu\u00e9s. La oficial Keona Holley , que recibi\u00f3 varios\u2026","rel":"","context":"En \u00abSin categor\u00eda\u00bb","block_context":{"text":"Sin categor\u00eda","link":"https:\/\/lasprimeras.com.do\/index.php\/category\/sin-categoria\/"},"img":{"alt_text":"","src":"https:\/\/i0.wp.com\/lasprimeras.com.do\/wp-content\/uploads\/2024\/02\/POLICIA.jpg?resize=350%2C200&ssl=1","width":350,"height":200,"srcset":"https:\/\/i0.wp.com\/lasprimeras.com.do\/wp-content\/uploads\/2024\/02\/POLICIA.jpg?resize=350%2C200&ssl=1 1x, https:\/\/i0.wp.com\/lasprimeras.com.do\/wp-content\/uploads\/2024\/02\/POLICIA.jpg?resize=525%2C300&ssl=1 1.5x, https:\/\/i0.wp.com\/lasprimeras.com.do\/wp-content\/uploads\/2024\/02\/POLICIA.jpg?resize=700%2C400&ssl=1 2x"},"classes":[]},{"id":88327,"url":"https:\/\/lasprimeras.com.do\/index.php\/2024\/08\/26\/condenado-a-muerte-en-florida-apela-al-supremo-para-detener-su-ejecucion-este-jueves\/","url_meta":{"origin":88163,"position":2},"title":"Condenado a muerte en Florida apela al Supremo para detener su ejecuci\u00f3n este jueves","author":"Nelson Feliz","date":"26 de agosto de 2024","format":false,"excerpt":"Miami, (EFE).- Loran Kenstley Cole, de 57 a\u00f1os, condenado a muerte por el asesinato de un estudiante de la Universidad Estatal de Florida (FSU) en 1994, pidi\u00f3 este lunes al Tribunal Supremo de EE.UU. que suspenda su ejecuci\u00f3n prevista para el pr\u00f3ximo jueves. El gobernador de Florida, Ron DeSantis, firm\u00f3\u2026","rel":"","context":"En \u00abSin categor\u00eda\u00bb","block_context":{"text":"Sin categor\u00eda","link":"https:\/\/lasprimeras.com.do\/index.php\/category\/sin-categoria\/"},"img":{"alt_text":"Tribunal Supremo de EE.UU.","src":"https:\/\/i0.wp.com\/lasprimeras.com.do\/wp-content\/uploads\/2024\/08\/Tribunal-Supremo-de-EE.UU_.jpg?resize=350%2C200&ssl=1","width":350,"height":200,"srcset":"https:\/\/i0.wp.com\/lasprimeras.com.do\/wp-content\/uploads\/2024\/08\/Tribunal-Supremo-de-EE.UU_.jpg?resize=350%2C200&ssl=1 1x, https:\/\/i0.wp.com\/lasprimeras.com.do\/wp-content\/uploads\/2024\/08\/Tribunal-Supremo-de-EE.UU_.jpg?resize=525%2C300&ssl=1 1.5x, https:\/\/i0.wp.com\/lasprimeras.com.do\/wp-content\/uploads\/2024\/08\/Tribunal-Supremo-de-EE.UU_.jpg?resize=700%2C400&ssl=1 2x"},"classes":[]},{"id":79752,"url":"https:\/\/lasprimeras.com.do\/index.php\/2024\/03\/31\/capturan-en-mexico-hombre-condenado-por-matar-a-su-madre-en-california\/","url_meta":{"origin":88163,"position":3},"title":"Capturan en M\u00e9xico hombre condenado por matar a su madre en California","author":"Nelson Feliz","date":"31 de marzo de 2024","format":false,"excerpt":"SANTA ANA, California (AP) \u2014 Un hombre del sur de California condenado por matar a su madre cuando era adolescente fue capturado en M\u00e9xico una semana despu\u00e9s de salir caminando de un centro de rehabilitaci\u00f3n, violando las condiciones de su libertad condicional, dijeron las autoridades. Ike Nicholas Souzer, de 20\u2026","rel":"","context":"En \u00abSin categor\u00eda\u00bb","block_context":{"text":"Sin categor\u00eda","link":"https:\/\/lasprimeras.com.do\/index.php\/category\/sin-categoria\/"},"img":{"alt_text":"Ike Nicholas Souzer","src":"https:\/\/i0.wp.com\/lasprimeras.com.do\/wp-content\/uploads\/2024\/03\/Ike-Nicholas-Souzer.jpg?resize=350%2C200&ssl=1","width":350,"height":200},"classes":[]},{"id":55252,"url":"https:\/\/lasprimeras.com.do\/index.php\/2023\/07\/19\/condena-de-30-anos-a-hombre-que-violo-y-asesino-nina-de-4-anos-en-santiago\/","url_meta":{"origin":88163,"position":4},"title":"Condena de 30 a\u00f1os a hombre que viol\u00f3 y asesin\u00f3 ni\u00f1a de 4 a\u00f1os en Santiago","author":"Nelson Feliz","date":"19 de julio de 2023","format":false,"excerpt":"Familia de la v\u00edctima encuentra justicia en caso de violaci\u00f3n sexual y asesinato. Los jueces del Segundo Tribunal Colegiado del distrito judicial de Santiago condenaron a Franklin Fern\u00e1ndez Cruz (Gile), de 35 a\u00f1os, a 30 a\u00f1os de prisi\u00f3n por la violaci\u00f3n sexual y asesinato de una ni\u00f1a de 4 a\u00f1os\u2026","rel":"","context":"En \u00abJUSTICIA\u00bb","block_context":{"text":"JUSTICIA","link":"https:\/\/lasprimeras.com.do\/index.php\/category\/justicia\/"},"img":{"alt_text":"","src":"https:\/\/i0.wp.com\/lasprimeras.com.do\/wp-content\/uploads\/2023\/07\/Nina-asesinada.jpeg?resize=350%2C200&ssl=1","width":350,"height":200,"srcset":"https:\/\/i0.wp.com\/lasprimeras.com.do\/wp-content\/uploads\/2023\/07\/Nina-asesinada.jpeg?resize=350%2C200&ssl=1 1x, https:\/\/i0.wp.com\/lasprimeras.com.do\/wp-content\/uploads\/2023\/07\/Nina-asesinada.jpeg?resize=525%2C300&ssl=1 1.5x, https:\/\/i0.wp.com\/lasprimeras.com.do\/wp-content\/uploads\/2023\/07\/Nina-asesinada.jpeg?resize=700%2C400&ssl=1 2x"},"classes":[]},{"id":85200,"url":"https:\/\/lasprimeras.com.do\/index.php\/2024\/06\/25\/julian-assange-se-declarara-culpable-en-acuerdo-con-eeuu-y-volvera-a-australia\/","url_meta":{"origin":88163,"position":5},"title":"Julian Assange se declarar\u00e1 culpable en acuerdo con EEUU y volver\u00e1 a Australia","author":"Nelson Feliz","date":"25 de junio de 2024","format":false,"excerpt":"BY ALANNA DURKIN RICHER AND ERIC TUCKER WASHINGTON (AP) \u2014 El fundador de WikiLeaks, Julian Assange, se declarar\u00e1 culpable de un delito grave en un acuerdo con el Departamento de Justicia de Estados Unidos, seg\u00fan documentos judiciales presentados el lunes, lo que resolver\u00e1 una larga saga legal que se extendi\u00f3\u2026","rel":"","context":"En \u00abSin categor\u00eda\u00bb","block_context":{"text":"Sin categor\u00eda","link":"https:\/\/lasprimeras.com.do\/index.php\/category\/sin-categoria\/"},"img":{"alt_text":"Julian Assange","src":"https:\/\/i0.wp.com\/lasprimeras.com.do\/wp-content\/uploads\/2024\/06\/Julian-Assange.jpg?resize=350%2C200&ssl=1","width":350,"height":200,"srcset":"https:\/\/i0.wp.com\/lasprimeras.com.do\/wp-content\/uploads\/2024\/06\/Julian-Assange.jpg?resize=350%2C200&ssl=1 1x, https:\/\/i0.wp.com\/lasprimeras.com.do\/wp-content\/uploads\/2024\/06\/Julian-Assange.jpg?resize=525%2C300&ssl=1 1.5x, https:\/\/i0.wp.com\/lasprimeras.com.do\/wp-content\/uploads\/2024\/06\/Julian-Assange.jpg?resize=700%2C400&ssl=1 2x"},"classes":[]}],"jetpack_sharing_enabled":true,"_links":{"self":[{"href":"https:\/\/lasprimeras.com.do\/index.php\/wp-json\/wp\/v2\/posts\/88163","targetHints":{"allow":["GET"]}}],"collection":[{"href":"https:\/\/lasprimeras.com.do\/index.php\/wp-json\/wp\/v2\/posts"}],"about":[{"href":"https:\/\/lasprimeras.com.do\/index.php\/wp-json\/wp\/v2\/types\/post"}],"author":[{"embeddable":true,"href":"https:\/\/lasprimeras.com.do\/index.php\/wp-json\/wp\/v2\/users\/2"}],"replies":[{"embeddable":true,"href":"https:\/\/lasprimeras.com.do\/index.php\/wp-json\/wp\/v2\/comments?post=88163"}],"version-history":[{"count":1,"href":"https:\/\/lasprimeras.com.do\/index.php\/wp-json\/wp\/v2\/posts\/88163\/revisions"}],"predecessor-version":[{"id":88165,"href":"https:\/\/lasprimeras.com.do\/index.php\/wp-json\/wp\/v2\/posts\/88163\/revisions\/88165"}],"wp:featuredmedia":[{"embeddable":true,"href":"https:\/\/lasprimeras.com.do\/index.php\/wp-json\/wp\/v2\/media\/88164"}],"wp:attachment":[{"href":"https:\/\/lasprimeras.com.do\/index.php\/wp-json\/wp\/v2\/media?parent=88163"}],"wp:term":[{"taxonomy":"category","embeddable":true,"href":"https:\/\/lasprimeras.com.do\/index.php\/wp-json\/wp\/v2\/categories?post=88163"},{"taxonomy":"post_tag","embeddable":true,"href":"https:\/\/lasprimeras.com.do\/index.php\/wp-json\/wp\/v2\/tags?post=88163"}],"curies":[{"name":"wp","href":"https:\/\/api.w.org\/{rel}","templated":true}]}}