{"id":88166,"date":"2024-08-23T10:42:19","date_gmt":"2024-08-23T14:42:19","guid":{"rendered":"https:\/\/lasprimeras.com.do\/?p=88166"},"modified":"2024-08-23T10:42:21","modified_gmt":"2024-08-23T14:42:21","slug":"guterres-reclama-a-venezuela-total-transparencia-electoral-y-respeto-a-derechos-humanos","status":"publish","type":"post","link":"https:\/\/lasprimeras.com.do\/index.php\/2024\/08\/23\/guterres-reclama-a-venezuela-total-transparencia-electoral-y-respeto-a-derechos-humanos\/","title":{"rendered":"Guterres reclama a Venezuela &#8220;total transparencia&#8221; electoral y respeto a derechos humanos"},"content":{"rendered":"\n<p>Naciones Unidas, (EFE).- El secretario general de la ONU, Ant\u00f3nio Guterres, reclam\u00f3 a Venezuela &#8220;total transparencia&#8221; en los resultados de los comicios presidenciales del 28 de julio, y record\u00f3 que el Consejo Nacional Electoral a\u00fan no ha publicado las actas de los distintos colegios tras los contestados comicios.<\/p>\n\n\n\n<p>En un comunicado emitido esta noche, Guterres se limita a &#8220;tomar nota&#8221; del fallo del Tribunal Supremo de Justicia venezolano, que ayer valid\u00f3 la victoria del presidente Nicol\u00e1s Maduro, un fallo que ha sido contestado por la oposici\u00f3n y que la UE o Espa\u00f1a han declarado no reconocer mientras no se publiquen las actas.<\/p>\n\n\n\n<p>Pero adem\u00e1s, Guterres reclama a Venezuela &#8220;protecci\u00f3n absoluta y respeto a los derechos humanos&#8221;, despu\u00e9s de mostrar su &#8220;preocupaci\u00f3n&#8221; por los informes recibidos de distintos atropellos, entre los que cita detenciones arbitrarias de menores, periodistas, defensores de derechos humanos y activistas opositores.<\/p>\n\n\n\n<p>Recuerda en su mensaje que deben respetarse los derechos a mantener opiniones sin interferencias, a la libertad de expresi\u00f3n y a la reuni\u00f3n pac\u00edfica.<\/p>\n\n\n\n<p>La ONU envi\u00f3 a Venezuela un panel de expertos electorales, invitados por el Gobierno y que al t\u00e9rmino de su misi\u00f3n se mostr\u00f3 muy cr\u00edtico con el desarrollo de las presidenciales.<\/p>\n\n\n\n<p>El informe provisional de ese panel de expertos concluy\u00f3 que las presidenciales venezolanas carecieron de las &#8220;medidas b\u00e1sicas de transparencia e integridad que son esenciales para celebrar elecciones cre\u00edbles&#8221;.<\/p>\n\n\n\n<p>Un d\u00eda despu\u00e9s, el Gobierno de Maduro calific\u00f3 a los integrantes del grupo de la ONU de &#8220;falsos expertos electorales&#8221; y los acus\u00f3 de difundir &#8220;una serie de mentiras&#8221;, mientras que la oposici\u00f3n se\u00f1al\u00f3 que su documento refuerza la tesis que avala el triunfo del candidato opositor Edmundo Gonz\u00e1lez Urrutia.<\/p>\n\n\n\n<p>Las autoridades venezolanas han desacreditado tanto el informe del panel de la ONU como los se\u00f1alamientos del Centro Carter, pese a haber sido ambos invitados a observar los comicios por el Consejo Nacional Electoral.<\/p>\n\n\n\n<p>Agencia EFE<\/p>\n","protected":false},"excerpt":{"rendered":"<p>Naciones Unidas, (EFE).- El secretario general de la ONU, Ant\u00f3nio Guterres, reclam\u00f3 a Venezuela &#8220;total transparencia&#8221; en los resultados de los comicios presidenciales del 28 de julio, y record\u00f3 que&hellip;<\/p>\n","protected":false},"author":2,"featured_media":88167,"comment_status":"open","ping_status":"open","sticky":false,"template":"","format":"standard","meta":{"content-type":"","jetpack_post_was_ever_published":false,"_jetpack_newsletter_access":"","_jetpack_dont_email_post_to_subs":false,"_jetpack_newsletter_tier_id":0,"_jetpack_memberships_contains_paywalled_content":false,"_jetpack_memberships_contains_paid_content":false,"footnotes":""},"categories":[1],"tags":[15027,1075,731,1829,15028,420],"class_list":["post-88166","post","type-post","status-publish","format-standard","has-post-thumbnail","hentry","category-sin-categoria","tag-antonio-guterres-2","tag-derechos-humanos","tag-electoral","tag-respeto","tag-total-transparencia","tag-venezuela"],"jetpack_featured_media_url":"https:\/\/lasprimeras.com.do\/wp-content\/uploads\/2024\/08\/Antonio-Guterres.jpg","jetpack-related-posts":[{"id":118774,"url":"https:\/\/lasprimeras.com.do\/index.php\/2026\/01\/03\/venezuela-exige-reunion-urgente-en-la-onu-por-bombardeos-de-estados-unidos\/","url_meta":{"origin":88166,"position":0},"title":"Venezuela exige reuni\u00f3n urgente en la ONU por bombardeos de Estados Unidos","author":"Nelson Feliz","date":"3 de enero de 2026","format":false,"excerpt":"Caracas pidi\u00f3 convocar una reuni\u00f3n de emergencia para discutir los \"actos de agresi\u00f3n\" de Estados Unidos contra Venezuela, una misiva que tambi\u00e9n se entreg\u00f3 al secretario general de la ONU, Ant\u00f3nio Guterres. Estados Unidos, EFE - El Gobierno de Venezuela solicit\u00f3 este s\u00e1bado una reuni\u00f3n de emergencia del Consejo de\u2026","rel":"","context":"En \u00abINTERNACIONALES\u00bb","block_context":{"text":"INTERNACIONALES","link":"https:\/\/lasprimeras.com.do\/index.php\/category\/sin-categoria\/internacionales\/"},"img":{"alt_text":"Ant\u00f3nio Guterres","src":"https:\/\/i0.wp.com\/lasprimeras.com.do\/wp-content\/uploads\/2024\/08\/Antonio-Guterres.jpg?resize=350%2C200&ssl=1","width":350,"height":200,"srcset":"https:\/\/i0.wp.com\/lasprimeras.com.do\/wp-content\/uploads\/2024\/08\/Antonio-Guterres.jpg?resize=350%2C200&ssl=1 1x, https:\/\/i0.wp.com\/lasprimeras.com.do\/wp-content\/uploads\/2024\/08\/Antonio-Guterres.jpg?resize=525%2C300&ssl=1 1.5x"},"classes":[]},{"id":88834,"url":"https:\/\/lasprimeras.com.do\/index.php\/2024\/09\/08\/oea-acusa-a-maduro-de-forzar-el-exilio-del-opositor-venezolano-edmundo-gonzalez-urrutia\/","url_meta":{"origin":88166,"position":1},"title":"OEA acusa a Maduro de forzar el exilio del opositor venezolano Edmundo Gonz\u00e1lez Urrutia","author":"Nelson Feliz","date":"8 de septiembre de 2024","format":false,"excerpt":"Washington, (EFE).- La Organizaci\u00f3n de los Estados Americanos (OEA) acus\u00f3 este domingo al \"r\u00e9gimen autoritario\" venezolano de haber \"forzado el exilio\" del opositor Edmundo Gonz\u00e1lez Urrutia, al que el organismo considera el ganador de las elecciones presidenciales que se celebraron en el pa\u00eds suramericano el pasado 28 de julio. \"El\u2026","rel":"","context":"En \u00abSin categor\u00eda\u00bb","block_context":{"text":"Sin categor\u00eda","link":"https:\/\/lasprimeras.com.do\/index.php\/category\/sin-categoria\/"},"img":{"alt_text":"ANTONIO GUTERRES","src":"https:\/\/i0.wp.com\/lasprimeras.com.do\/wp-content\/uploads\/2024\/09\/ANTONIO-GUTERRES.jpg?resize=350%2C200&ssl=1","width":350,"height":200,"srcset":"https:\/\/i0.wp.com\/lasprimeras.com.do\/wp-content\/uploads\/2024\/09\/ANTONIO-GUTERRES.jpg?resize=350%2C200&ssl=1 1x, https:\/\/i0.wp.com\/lasprimeras.com.do\/wp-content\/uploads\/2024\/09\/ANTONIO-GUTERRES.jpg?resize=525%2C300&ssl=1 1.5x"},"classes":[]},{"id":86659,"url":"https:\/\/lasprimeras.com.do\/index.php\/2024\/07\/29\/yolanda-diaz-llama-a-reconocer-los-resultados-de-maduro-aunque-pide-transparencia\/","url_meta":{"origin":88166,"position":2},"title":"Yolanda D\u00edaz llama a &#8220;reconocer&#8221; los resultados de Maduro aunque pide &#8220;transparencia&#8221;","author":"Nelson Feliz","date":"29 de julio de 2024","format":false,"excerpt":"Recelo internacional ante los resultados de las elecciones en Venezuela que Maduro dice haber ganado. En Espa\u00f1a, el Gobierno reclama las actas \"mesa por mesa\" y el PP le exige que llame a consultas al embajador en Caracas. Por Santiago SaizIsabel Velloso Madrid.-.Aumenta la desconfianza internacional sobre los resultados de\u2026","rel":"","context":"En \u00abSin categor\u00eda\u00bb","block_context":{"text":"Sin categor\u00eda","link":"https:\/\/lasprimeras.com.do\/index.php\/category\/sin-categoria\/"},"img":{"alt_text":"Nicol\u00e1s Maduro","src":"https:\/\/i0.wp.com\/lasprimeras.com.do\/wp-content\/uploads\/2024\/01\/Nicolas-Maduro.jpeg?resize=350%2C200&ssl=1","width":350,"height":200,"srcset":"https:\/\/i0.wp.com\/lasprimeras.com.do\/wp-content\/uploads\/2024\/01\/Nicolas-Maduro.jpeg?resize=350%2C200&ssl=1 1x, https:\/\/i0.wp.com\/lasprimeras.com.do\/wp-content\/uploads\/2024\/01\/Nicolas-Maduro.jpeg?resize=525%2C300&ssl=1 1.5x, https:\/\/i0.wp.com\/lasprimeras.com.do\/wp-content\/uploads\/2024\/01\/Nicolas-Maduro.jpeg?resize=700%2C400&ssl=1 2x"},"classes":[]},{"id":70788,"url":"https:\/\/lasprimeras.com.do\/index.php\/2023\/12\/14\/observadores-onu-iran-a-reunion-presidentes-venezuela-y-guyana\/","url_meta":{"origin":88166,"position":3},"title":"Observadores ONU ir\u00e1n a reuni\u00f3n presidentes Venezuela y Guyana","author":"BIMARY DE JES\u00daS Matos","date":"14 de diciembre de 2023","format":false,"excerpt":"CARACAS.- El secretario general de la Organizaci\u00f3n de Naciones Unidas, Antonio Guterres, \u201cacoge con agrado\u201d la reuni\u00f3n que este jueves sostendr\u00e1n los presidentes de Venezuela y Guyana para abordar las tensiones vinculadas con el territorio del Esequibo, dijo el mi\u00e9rcoles su portavoz, Stephane Dujarric. Los presidentes de Venezuela, Nicol\u00e1s Maduro,\u2026","rel":"","context":"En \u00abSin categor\u00eda\u00bb","block_context":{"text":"Sin categor\u00eda","link":"https:\/\/lasprimeras.com.do\/index.php\/category\/sin-categoria\/"},"img":{"alt_text":"","src":"https:\/\/i0.wp.com\/lasprimeras.com.do\/wp-content\/uploads\/2023\/12\/Paliza-juramenta-al-diputado-por-Independencia-y-al-alcalde-de-Duverge-abandonan-el-PLD-1-5.jpg?resize=350%2C200&ssl=1","width":350,"height":200,"srcset":"https:\/\/i0.wp.com\/lasprimeras.com.do\/wp-content\/uploads\/2023\/12\/Paliza-juramenta-al-diputado-por-Independencia-y-al-alcalde-de-Duverge-abandonan-el-PLD-1-5.jpg?resize=350%2C200&ssl=1 1x, https:\/\/i0.wp.com\/lasprimeras.com.do\/wp-content\/uploads\/2023\/12\/Paliza-juramenta-al-diputado-por-Independencia-y-al-alcalde-de-Duverge-abandonan-el-PLD-1-5.jpg?resize=525%2C300&ssl=1 1.5x"},"classes":[]},{"id":87051,"url":"https:\/\/lasprimeras.com.do\/index.php\/2024\/08\/06\/eeuu-pide-a-maduro-a-que-reconozca-los-verdaderos-resultados-de-elecciones-en-venezuela\/","url_meta":{"origin":88166,"position":4},"title":"EEUU pide a Maduro a que reconozca \u201clos verdaderos resultados\u201d de elecciones en Venezuela","author":"Nelson Feliz","date":"6 de agosto de 2024","format":false,"excerpt":"By GISELA SALOMON MIAMI (AP) \u2014 Estados Unidos inst\u00f3 el martes al presidente venezolano Nicol\u00e1s Maduro a reconocer \u201cel resultado real\u201d de los comicios de Venezuela, tras haber examinado actas y documentos recopilados por la oposici\u00f3n que ser\u00edan \u201ccasi imposible de falsificar\u201d y muestran que su contrincante Edmundo Gonz\u00e1lez habr\u00eda\u2026","rel":"","context":"En \u00abSin categor\u00eda\u00bb","block_context":{"text":"Sin categor\u00eda","link":"https:\/\/lasprimeras.com.do\/index.php\/category\/sin-categoria\/"},"img":{"alt_text":"Nicol\u00e1s Maduro","src":"https:\/\/i0.wp.com\/lasprimeras.com.do\/wp-content\/uploads\/2024\/08\/Nicolas-Maduro-5.jpg?resize=350%2C200&ssl=1","width":350,"height":200,"srcset":"https:\/\/i0.wp.com\/lasprimeras.com.do\/wp-content\/uploads\/2024\/08\/Nicolas-Maduro-5.jpg?resize=350%2C200&ssl=1 1x, https:\/\/i0.wp.com\/lasprimeras.com.do\/wp-content\/uploads\/2024\/08\/Nicolas-Maduro-5.jpg?resize=525%2C300&ssl=1 1.5x, https:\/\/i0.wp.com\/lasprimeras.com.do\/wp-content\/uploads\/2024\/08\/Nicolas-Maduro-5.jpg?resize=700%2C400&ssl=1 2x"},"classes":[]},{"id":86885,"url":"https:\/\/lasprimeras.com.do\/index.php\/2024\/08\/02\/justicia-social-propugna-por-el-cumplimiento-del-cotejo-de-actas-electorales-en-venezuela\/","url_meta":{"origin":88166,"position":5},"title":"Justicia Social propugna por el cumplimiento del cotejo de actas electorales en Venezuela","author":"Nelson Feliz","date":"2 de agosto de 2024","format":false,"excerpt":"El Partido Justicia Social se uni\u00f3 al clamor de otros pa\u00edses y organizaciones pol\u00edticas que anhelan se produzca el cotejo y verificaci\u00f3n de la totalidad de las actas electorales, prometido por el Consejo Nacional Electoral (CNE) de Venezuela. El presidente de la entidad, Julio Cesar Valent\u00edn, apel\u00f3 a que en\u2026","rel":"","context":"En \u00abSin categor\u00eda\u00bb","block_context":{"text":"Sin categor\u00eda","link":"https:\/\/lasprimeras.com.do\/index.php\/category\/sin-categoria\/"},"img":{"alt_text":"Julio C\u00e9sar Valent\u00edn","src":"https:\/\/i0.wp.com\/lasprimeras.com.do\/wp-content\/uploads\/2024\/05\/Julio-Cesar-Valentin.jpg?resize=350%2C200&ssl=1","width":350,"height":200,"srcset":"https:\/\/i0.wp.com\/lasprimeras.com.do\/wp-content\/uploads\/2024\/05\/Julio-Cesar-Valentin.jpg?resize=350%2C200&ssl=1 1x, https:\/\/i0.wp.com\/lasprimeras.com.do\/wp-content\/uploads\/2024\/05\/Julio-Cesar-Valentin.jpg?resize=525%2C300&ssl=1 1.5x, https:\/\/i0.wp.com\/lasprimeras.com.do\/wp-content\/uploads\/2024\/05\/Julio-Cesar-Valentin.jpg?resize=700%2C400&ssl=1 2x"},"classes":[]}],"jetpack_sharing_enabled":true,"_links":{"self":[{"href":"https:\/\/lasprimeras.com.do\/index.php\/wp-json\/wp\/v2\/posts\/88166","targetHints":{"allow":["GET"]}}],"collection":[{"href":"https:\/\/lasprimeras.com.do\/index.php\/wp-json\/wp\/v2\/posts"}],"about":[{"href":"https:\/\/lasprimeras.com.do\/index.php\/wp-json\/wp\/v2\/types\/post"}],"author":[{"embeddable":true,"href":"https:\/\/lasprimeras.com.do\/index.php\/wp-json\/wp\/v2\/users\/2"}],"replies":[{"embeddable":true,"href":"https:\/\/lasprimeras.com.do\/index.php\/wp-json\/wp\/v2\/comments?post=88166"}],"version-history":[{"count":1,"href":"https:\/\/lasprimeras.com.do\/index.php\/wp-json\/wp\/v2\/posts\/88166\/revisions"}],"predecessor-version":[{"id":88168,"href":"https:\/\/lasprimeras.com.do\/index.php\/wp-json\/wp\/v2\/posts\/88166\/revisions\/88168"}],"wp:featuredmedia":[{"embeddable":true,"href":"https:\/\/lasprimeras.com.do\/index.php\/wp-json\/wp\/v2\/media\/88167"}],"wp:attachment":[{"href":"https:\/\/lasprimeras.com.do\/index.php\/wp-json\/wp\/v2\/media?parent=88166"}],"wp:term":[{"taxonomy":"category","embeddable":true,"href":"https:\/\/lasprimeras.com.do\/index.php\/wp-json\/wp\/v2\/categories?post=88166"},{"taxonomy":"post_tag","embeddable":true,"href":"https:\/\/lasprimeras.com.do\/index.php\/wp-json\/wp\/v2\/tags?post=88166"}],"curies":[{"name":"wp","href":"https:\/\/api.w.org\/{rel}","templated":true}]}}