{"id":88275,"date":"2024-08-25T14:04:37","date_gmt":"2024-08-25T18:04:37","guid":{"rendered":"https:\/\/lasprimeras.com.do\/?p=88275"},"modified":"2024-08-25T14:04:38","modified_gmt":"2024-08-25T18:04:38","slug":"la-velocista-marileidy-paulino-gana-primer-lugar-en-la-liga-diamante","status":"publish","type":"post","link":"https:\/\/lasprimeras.com.do\/index.php\/2024\/08\/25\/la-velocista-marileidy-paulino-gana-primer-lugar-en-la-liga-diamante\/","title":{"rendered":"La velocista Marileidy Paulino gana primer lugar en la Liga Diamante"},"content":{"rendered":"\n<p>La velocista dominicana Marileidy Paulino gan\u00f3 este domingo el primer lugar en la actual temporada de la Liga Diamante, que una serie anual de competiciones de atletismo de \u00e9lite que comprende quince de las m\u00e1s populares disciplinas de este deporte.<\/p>\n\n\n\n<p>La atleta de Nizao Marileidy Paulino gan\u00f3 el primer lugar con un tiempo de 48.66 en los 400 metros planos femeninos de la Liga Diamante.La competencia tuvo lugar este domingo en Silesia, Polonia.<\/p>\n\n\n\n<p>El segundo lugar lo obtuvo la atleta nigeriana nacionalizada barein\u00ed, Salwa Eid Naser, con un tiempo de 49.23 y el tercer puesto la deportista polaca Natalia Kaczmarek con 49.95.<\/p>\n\n\n\n<p>El Estadio de Silesia, conocido por ser una cuna de grandes haza\u00f1as atl\u00e9ticas, volver\u00e1 a vibrar con la presencia de figuras latinoamericanas como Jasmine Camacho-Quinn de Puerto Rico, doble medallista ol\u00edmpica en los 100 metros vallas, la colombiana Flor Ruiz, subcampeona mundial en lanzamiento de jabalina, y la cubana Leyanis P\u00e9rez, medallista mundial.<\/p>\n","protected":false},"excerpt":{"rendered":"<p>La velocista dominicana Marileidy Paulino gan\u00f3 este domingo el primer lugar en la actual temporada de la Liga Diamante, que una serie anual de competiciones de atletismo de \u00e9lite que&hellip;<\/p>\n","protected":false},"author":2,"featured_media":88276,"comment_status":"open","ping_status":"open","sticky":false,"template":"","format":"standard","meta":{"content-type":"","jetpack_post_was_ever_published":false,"_jetpack_newsletter_access":"","_jetpack_dont_email_post_to_subs":false,"_jetpack_newsletter_tier_id":0,"_jetpack_memberships_contains_paywalled_content":false,"_jetpack_memberships_contains_paid_content":false,"footnotes":""},"categories":[25],"tags":[223,15066,3317,8935,15067],"class_list":["post-88275","post","type-post","status-publish","format-standard","has-post-thumbnail","hentry","category-portada","tag-gana","tag-liga-diamante","tag-marileidy-paulino","tag-primer-lugar","tag-velocista"],"jetpack_featured_media_url":"https:\/\/lasprimeras.com.do\/wp-content\/uploads\/2024\/08\/Marileidy-Paulino-durante-su-participacion-en-Liga-Diamante.jpg","jetpack-related-posts":[{"id":101423,"url":"https:\/\/lasprimeras.com.do\/index.php\/2025\/06\/20\/marileidy-paulino-gana-los-400-metros-de-paris-en-la-liga-diamante\/","url_meta":{"origin":88275,"position":0},"title":"Marileidy Paulino gana los 400 metros de Par\u00eds en la Liga Diamante","author":"Nelson Feliz","date":"20 de junio de 2025","format":false,"excerpt":"Con el triunfo, la atleta quisqueyana extiende a cuatro sus victorias consecutivas su racha de \u00e9xitos cuando el circuito se corre en la capital francesa. La velocista dominicana Marileidy Paulino registr\u00f3 un tiempo de 48.81 para llevarse el primer lugar del encuentro atl\u00e9tico de Par\u00eds, en su primera presentaci\u00f3n del\u2026","rel":"","context":"En \u00abDEPORTES\u00bb","block_context":{"text":"DEPORTES","link":"https:\/\/lasprimeras.com.do\/index.php\/category\/deportes\/"},"img":{"alt_text":"","src":"https:\/\/i0.wp.com\/lasprimeras.com.do\/wp-content\/uploads\/2025\/06\/Marileydy-Paulino.jpg?resize=350%2C200&ssl=1","width":350,"height":200,"srcset":"https:\/\/i0.wp.com\/lasprimeras.com.do\/wp-content\/uploads\/2025\/06\/Marileydy-Paulino.jpg?resize=350%2C200&ssl=1 1x, https:\/\/i0.wp.com\/lasprimeras.com.do\/wp-content\/uploads\/2025\/06\/Marileydy-Paulino.jpg?resize=525%2C300&ssl=1 1.5x, https:\/\/i0.wp.com\/lasprimeras.com.do\/wp-content\/uploads\/2025\/06\/Marileydy-Paulino.jpg?resize=700%2C400&ssl=1 2x"},"classes":[]},{"id":107653,"url":"https:\/\/lasprimeras.com.do\/index.php\/2025\/08\/28\/salwa-eid-naser-destrona-a-marileidy-paulino-en-los-400-metros-de-la-liga-diamante\/","url_meta":{"origin":88275,"position":1},"title":"Salwa Eid Naser destrona a Marileidy Paulino en los 400 metros de la Liga Diamante","author":"Nelson Feliz","date":"28 de agosto de 2025","format":false,"excerpt":"La velocista impuso su nivel en la gran final del circuito en Zurich. Salwa Eid Naser se convirti\u00f3 hoy en la campeona de la gran final de la Liga Diamante de los 400 metros al destronar la seguidilla de tres coronas obtenidas por la velocista Marileidy Paulino en este circuito.\u2026","rel":"","context":"En \u00abDEPORTES\u00bb","block_context":{"text":"DEPORTES","link":"https:\/\/lasprimeras.com.do\/index.php\/category\/deportes\/"},"img":{"alt_text":"","src":"https:\/\/i0.wp.com\/lasprimeras.com.do\/wp-content\/uploads\/2025\/08\/Salwa-Eid-Naser.jpg?resize=350%2C200&ssl=1","width":350,"height":200,"srcset":"https:\/\/i0.wp.com\/lasprimeras.com.do\/wp-content\/uploads\/2025\/08\/Salwa-Eid-Naser.jpg?resize=350%2C200&ssl=1 1x, https:\/\/i0.wp.com\/lasprimeras.com.do\/wp-content\/uploads\/2025\/08\/Salwa-Eid-Naser.jpg?resize=525%2C300&ssl=1 1.5x, https:\/\/i0.wp.com\/lasprimeras.com.do\/wp-content\/uploads\/2025\/08\/Salwa-Eid-Naser.jpg?resize=700%2C400&ssl=1 2x"},"classes":[]},{"id":58245,"url":"https:\/\/lasprimeras.com.do\/index.php\/2023\/08\/22\/marileidy-paulino-pasa-a-la-final-mundial-de-atletismo-de-budapest\/","url_meta":{"origin":88275,"position":2},"title":"Marileidy Paulino pasa a la final Mundial de Atletismo de Budapest","author":"Nelson Feliz","date":"22 de agosto de 2023","format":false,"excerpt":"HUNGRIA.- La velocista Marileidy Paulino ofreci\u00f3 otra gran demostraci\u00f3n al clasificar a la final de los 400 metros planos en el Campeonato Mundial de Atletismo que se celebra en Budapest, Hungria. Paulino ocup\u00f3 el primer de los tres heats que present\u00f3 la especialidad al cronometrar 49.54 segundos sin mayores esfuerzos\u2026","rel":"","context":"En \u00abSin categor\u00eda\u00bb","block_context":{"text":"Sin categor\u00eda","link":"https:\/\/lasprimeras.com.do\/index.php\/category\/sin-categoria\/"},"img":{"alt_text":"Marileidy Paulino","src":"https:\/\/i0.wp.com\/lasprimeras.com.do\/wp-content\/uploads\/2023\/08\/Marileidy-Paulino.jpg?resize=350%2C200&ssl=1","width":350,"height":200,"srcset":"https:\/\/i0.wp.com\/lasprimeras.com.do\/wp-content\/uploads\/2023\/08\/Marileidy-Paulino.jpg?resize=350%2C200&ssl=1 1x, https:\/\/i0.wp.com\/lasprimeras.com.do\/wp-content\/uploads\/2023\/08\/Marileidy-Paulino.jpg?resize=525%2C300&ssl=1 1.5x, https:\/\/i0.wp.com\/lasprimeras.com.do\/wp-content\/uploads\/2023\/08\/Marileidy-Paulino.jpg?resize=700%2C400&ssl=1 2x, https:\/\/i0.wp.com\/lasprimeras.com.do\/wp-content\/uploads\/2023\/08\/Marileidy-Paulino.jpg?resize=1050%2C600&ssl=1 3x, https:\/\/i0.wp.com\/lasprimeras.com.do\/wp-content\/uploads\/2023\/08\/Marileidy-Paulino.jpg?resize=1400%2C800&ssl=1 4x"},"classes":[]},{"id":88259,"url":"https:\/\/lasprimeras.com.do\/index.php\/2024\/08\/25\/que-es-la-liga-diamante-en-la-que-correra-marileidy-paulino-este-domingo\/","url_meta":{"origin":88275,"position":3},"title":"\u00bfQu\u00e9 es la Liga Diamante en la que correr\u00e1 Marileidy Paulino este domingo?","author":"Nelson Feliz","date":"25 de agosto de 2024","format":false,"excerpt":"Marileidy Paulino correr\u00e1 este domingo en la Liga Diamante luego de coronarse campeona de los 400 metros planos en los Juegos Ol\u00edmpicos de Par\u00eds 2024. Pero, \u00bfQu\u00e9 es la Liga Diamante?. La Liga Diamante es un evento anual de atletismo que se inici\u00f3 en 2010, remplazando a la denominada Golden\u2026","rel":"","context":"En \u00abSin categor\u00eda\u00bb","block_context":{"text":"Sin categor\u00eda","link":"https:\/\/lasprimeras.com.do\/index.php\/category\/sin-categoria\/"},"img":{"alt_text":"Marileidy Paulino","src":"https:\/\/i0.wp.com\/lasprimeras.com.do\/wp-content\/uploads\/2024\/08\/Marileidy-Paulino-1.jpeg?resize=350%2C200&ssl=1","width":350,"height":200,"srcset":"https:\/\/i0.wp.com\/lasprimeras.com.do\/wp-content\/uploads\/2024\/08\/Marileidy-Paulino-1.jpeg?resize=350%2C200&ssl=1 1x, https:\/\/i0.wp.com\/lasprimeras.com.do\/wp-content\/uploads\/2024\/08\/Marileidy-Paulino-1.jpeg?resize=525%2C300&ssl=1 1.5x, https:\/\/i0.wp.com\/lasprimeras.com.do\/wp-content\/uploads\/2024\/08\/Marileidy-Paulino-1.jpeg?resize=700%2C400&ssl=1 2x"},"classes":[]},{"id":111718,"url":"https:\/\/lasprimeras.com.do\/index.php\/2025\/10\/12\/velocista-dominicana-marileidy-paulino-se-destaca-en-carrera-nueva-york\/","url_meta":{"origin":88275,"position":4},"title":"Velocista dominicana Marileidy Paulino se destaca en carrera Nueva York","author":"Nelson Feliz","date":"12 de octubre de 2025","format":false,"excerpt":"Santo Domingo, PL.- Medios de comunicaci\u00f3n dominicanos destacaron el nuevo triunfo de la velocista Marileidy Paulino, quien cerr\u00f3 su temporada 2025 con una victoria en los 400 metros planos del Athlos NYC 2025, celebrado en el Icahn Stadium, en Nueva York. Peri\u00f3dicos, portales digitales y noticieros televisivos coincidieron en resaltar\u2026","rel":"","context":"En \u00abDEPORTES\u00bb","block_context":{"text":"DEPORTES","link":"https:\/\/lasprimeras.com.do\/index.php\/category\/deportes\/"},"img":{"alt_text":"Marileidy Paulino","src":"https:\/\/i0.wp.com\/lasprimeras.com.do\/wp-content\/uploads\/2025\/10\/Marileidy-Paulino.jpg?resize=350%2C200&ssl=1","width":350,"height":200,"srcset":"https:\/\/i0.wp.com\/lasprimeras.com.do\/wp-content\/uploads\/2025\/10\/Marileidy-Paulino.jpg?resize=350%2C200&ssl=1 1x, https:\/\/i0.wp.com\/lasprimeras.com.do\/wp-content\/uploads\/2025\/10\/Marileidy-Paulino.jpg?resize=525%2C300&ssl=1 1.5x, https:\/\/i0.wp.com\/lasprimeras.com.do\/wp-content\/uploads\/2025\/10\/Marileidy-Paulino.jpg?resize=700%2C400&ssl=1 2x, https:\/\/i0.wp.com\/lasprimeras.com.do\/wp-content\/uploads\/2025\/10\/Marileidy-Paulino.jpg?resize=1050%2C600&ssl=1 3x"},"classes":[]},{"id":71096,"url":"https:\/\/lasprimeras.com.do\/index.php\/2023\/12\/17\/rd-se-rinde-ante-marileidy-paulino-la-reina-del-mundo-en-los-400-metros\/","url_meta":{"origin":88275,"position":5},"title":"RD se rinde ante Marileidy Paulino, la reina del mundo en los 400 metros","author":"Nelson Feliz","date":"17 de diciembre de 2023","format":false,"excerpt":"Paulino es la \u00fanica dominicana en ganar el Campeonato Mundial de atletismo, la Liga Diamante, y colgarse dos medallas ol\u00edmpicas, una en 400 metros y otra en el relevo mixto 4x400 en Tokio 2020. La atleta dominicana Marileidy Paulino tuvo un 2023 sencillamente espectacular en su especialidad: los 400 metros.\u2026","rel":"","context":"En \u00abSin categor\u00eda\u00bb","block_context":{"text":"Sin categor\u00eda","link":"https:\/\/lasprimeras.com.do\/index.php\/category\/sin-categoria\/"},"img":{"alt_text":"Marileidy Paulino cruza la meta final para ganar el oro en los 200 metros de los Juegos Panamericanos.AFP","src":"https:\/\/i0.wp.com\/lasprimeras.com.do\/wp-content\/uploads\/2023\/12\/Marileidy-Paulino.jpeg?resize=350%2C200&ssl=1","width":350,"height":200,"srcset":"https:\/\/i0.wp.com\/lasprimeras.com.do\/wp-content\/uploads\/2023\/12\/Marileidy-Paulino.jpeg?resize=350%2C200&ssl=1 1x, https:\/\/i0.wp.com\/lasprimeras.com.do\/wp-content\/uploads\/2023\/12\/Marileidy-Paulino.jpeg?resize=525%2C300&ssl=1 1.5x, https:\/\/i0.wp.com\/lasprimeras.com.do\/wp-content\/uploads\/2023\/12\/Marileidy-Paulino.jpeg?resize=700%2C400&ssl=1 2x"},"classes":[]}],"jetpack_sharing_enabled":true,"_links":{"self":[{"href":"https:\/\/lasprimeras.com.do\/index.php\/wp-json\/wp\/v2\/posts\/88275","targetHints":{"allow":["GET"]}}],"collection":[{"href":"https:\/\/lasprimeras.com.do\/index.php\/wp-json\/wp\/v2\/posts"}],"about":[{"href":"https:\/\/lasprimeras.com.do\/index.php\/wp-json\/wp\/v2\/types\/post"}],"author":[{"embeddable":true,"href":"https:\/\/lasprimeras.com.do\/index.php\/wp-json\/wp\/v2\/users\/2"}],"replies":[{"embeddable":true,"href":"https:\/\/lasprimeras.com.do\/index.php\/wp-json\/wp\/v2\/comments?post=88275"}],"version-history":[{"count":1,"href":"https:\/\/lasprimeras.com.do\/index.php\/wp-json\/wp\/v2\/posts\/88275\/revisions"}],"predecessor-version":[{"id":88277,"href":"https:\/\/lasprimeras.com.do\/index.php\/wp-json\/wp\/v2\/posts\/88275\/revisions\/88277"}],"wp:featuredmedia":[{"embeddable":true,"href":"https:\/\/lasprimeras.com.do\/index.php\/wp-json\/wp\/v2\/media\/88276"}],"wp:attachment":[{"href":"https:\/\/lasprimeras.com.do\/index.php\/wp-json\/wp\/v2\/media?parent=88275"}],"wp:term":[{"taxonomy":"category","embeddable":true,"href":"https:\/\/lasprimeras.com.do\/index.php\/wp-json\/wp\/v2\/categories?post=88275"},{"taxonomy":"post_tag","embeddable":true,"href":"https:\/\/lasprimeras.com.do\/index.php\/wp-json\/wp\/v2\/tags?post=88275"}],"curies":[{"name":"wp","href":"https:\/\/api.w.org\/{rel}","templated":true}]}}