{"id":88284,"date":"2024-08-25T14:38:18","date_gmt":"2024-08-25T18:38:18","guid":{"rendered":"https:\/\/lasprimeras.com.do\/?p=88284"},"modified":"2024-08-25T14:38:19","modified_gmt":"2024-08-25T18:38:19","slug":"el-papa-francisco-dice-que-urge-asistencia-con-los-enfermos-de-viruela-del-mono","status":"publish","type":"post","link":"https:\/\/lasprimeras.com.do\/index.php\/2024\/08\/25\/el-papa-francisco-dice-que-urge-asistencia-con-los-enfermos-de-viruela-del-mono\/","title":{"rendered":"El papa Francisco dice que urge asistencia con los enfermos de viruela del mono"},"content":{"rendered":"\n<p>Ciudad del Vaticano,(EFE).- El papa Francisco expres\u00f3 este domingo su solidaridad con los enfermos de la viruela del mono o mpox en todo el mundo y urgi\u00f3 a los Gobiernos y laboratorios a ofrecer a todos una \u201cadecuada asistencia m\u00e9dica\u00bb.<\/p>\n\n\n\n<p>\u201cDeseo manifestar mi solidaridad con las miles de personas afectadas por la viruela del mondo que ya constituye una emergencia sanitaria global\u201d, dijo tras el rezo del \u00c1ngelus dominical desde la ventana del Palacio Apost\u00f3lico.<\/p>\n\n\n\n<p>El pont\u00edfice argentino asegur\u00f3 que reza por los contagiados, especialmente por los de pa\u00edses \u201ctan golpeados\u201d como la Rep\u00fablica Democr\u00e1tica del Congo, y expres\u00f3 su cercan\u00eda con las iglesias locales.<\/p>\n\n\n\n<p>\u201cAnimo a los gobiernos y a las industrias privadas a compartir la tecnolog\u00eda y los tratamientos disponibles para que a nadie falte una adecuada asistencia m\u00e9dica\u201d, dijo.<\/p>\n\n\n\n<p>La Organizaci\u00f3n Mundial de la Salud ha declarado el estado de alerta sanitaria a nivel internacional por esta enfermedad infecciosa que puede provocar inflamaci\u00f3n de ganglios y erupciones cut\u00e1neas dolorosas o con picor, entre ellas granos o ampollas.<\/p>\n\n\n\n<p>En \u00c1frica, se han contabilizado casi 21.500 casos de mpox y 591 muertes a causa de esa enfermedad desde el 1 de enero en trece pa\u00edses, seg\u00fan datos de la Uni\u00f3n Africana. EFE<\/p>\n","protected":false},"excerpt":{"rendered":"<p>Ciudad del Vaticano,(EFE).- El papa Francisco expres\u00f3 este domingo su solidaridad con los enfermos de la viruela del mono o mpox en todo el mundo y urgi\u00f3 a los Gobiernos&hellip;<\/p>\n","protected":false},"author":2,"featured_media":83958,"comment_status":"open","ping_status":"open","sticky":false,"template":"","format":"standard","meta":{"content-type":"","jetpack_post_was_ever_published":false,"_jetpack_newsletter_access":"","_jetpack_dont_email_post_to_subs":false,"_jetpack_newsletter_tier_id":0,"_jetpack_memberships_contains_paywalled_content":false,"_jetpack_memberships_contains_paid_content":false,"footnotes":""},"categories":[1],"tags":[2632,3314,15070,3675,14814],"class_list":["post-88284","post","type-post","status-publish","format-standard","has-post-thumbnail","hentry","category-sin-categoria","tag-asistencia","tag-el-papa-francisco","tag-enfermos","tag-solidaridad","tag-viruela-del-mono"],"jetpack_featured_media_url":"https:\/\/lasprimeras.com.do\/wp-content\/uploads\/2024\/05\/El-Papa-Francisco-1.jpg","jetpack-related-posts":[{"id":88160,"url":"https:\/\/lasprimeras.com.do\/index.php\/2024\/08\/23\/luis-el-gallo-pide-seguir-deportacion-de-ilegales-y-alerta-sobre-la-viruela-del-mono\/","url_meta":{"origin":88284,"position":0},"title":"Luis \u201cEl Gallo\u201d pide seguir deportaci\u00f3n de ilegales y alerta sobre la viruela del mono","author":"Nelson Feliz","date":"23 de agosto de 2024","format":false,"excerpt":"\u00a0El presidente de la Uni\u00f3n Dem\u00f3crata Cristiana -UDC-, Luis Acosta Moreta, Luis \u201cEl Gallo\u201d, defendi\u00f3 hoy el derecho de la Rep\u00fablica Dominicana de repatriar a ilegales, y pidi\u00f3 se tomen expresas medidas para evitar la entrada al pa\u00eds de la viruela del mono. Destac\u00f3 que las principales ciudades dominicanas est\u00e1n\u2026","rel":"","context":"En \u00abPORTADA\u00bb","block_context":{"text":"PORTADA","link":"https:\/\/lasprimeras.com.do\/index.php\/category\/portada\/"},"img":{"alt_text":"OSIRIS DE LEON","src":"https:\/\/i0.wp.com\/lasprimeras.com.do\/wp-content\/uploads\/2024\/08\/OSIRIS-DE-LEON-1.jpg?resize=350%2C200&ssl=1","width":350,"height":200,"srcset":"https:\/\/i0.wp.com\/lasprimeras.com.do\/wp-content\/uploads\/2024\/08\/OSIRIS-DE-LEON-1.jpg?resize=350%2C200&ssl=1 1x, https:\/\/i0.wp.com\/lasprimeras.com.do\/wp-content\/uploads\/2024\/08\/OSIRIS-DE-LEON-1.jpg?resize=525%2C300&ssl=1 1.5x"},"classes":[]},{"id":87639,"url":"https:\/\/lasprimeras.com.do\/index.php\/2024\/08\/14\/oms-declara-nuevamente-la-viruela-del-mono-como-una-emergencia-internacional-de-salud-publica\/","url_meta":{"origin":88284,"position":1},"title":"OMS declara nuevamente la viruela del mono como una emergencia internacional de salud p\u00fablica","author":"Nelson Feliz","date":"14 de agosto de 2024","format":false,"excerpt":"La OMS afirm\u00f3 que esta vez los brotes no son consecuencia de la circulaci\u00f3n de una misma variante del virus, sino de m\u00e1s de una. Ginebra, Suiza,EFE.La Organizaci\u00f3n Mundial de la Salud (OMS) declar\u00f3 este mi\u00e9rcoles el actual brote de mpox (conocido antes como viruela del mono) en la Rep\u00fablica\u2026","rel":"","context":"En \u00abSin categor\u00eda\u00bb","block_context":{"text":"Sin categor\u00eda","link":"https:\/\/lasprimeras.com.do\/index.php\/category\/sin-categoria\/"},"img":{"alt_text":"La viruela s\u00edmica","src":"https:\/\/i0.wp.com\/lasprimeras.com.do\/wp-content\/uploads\/2024\/08\/La-viruela-simica.jpeg?resize=350%2C200&ssl=1","width":350,"height":200,"srcset":"https:\/\/i0.wp.com\/lasprimeras.com.do\/wp-content\/uploads\/2024\/08\/La-viruela-simica.jpeg?resize=350%2C200&ssl=1 1x, https:\/\/i0.wp.com\/lasprimeras.com.do\/wp-content\/uploads\/2024\/08\/La-viruela-simica.jpeg?resize=525%2C300&ssl=1 1.5x, https:\/\/i0.wp.com\/lasprimeras.com.do\/wp-content\/uploads\/2024\/08\/La-viruela-simica.jpeg?resize=700%2C400&ssl=1 2x"},"classes":[]},{"id":87968,"url":"https:\/\/lasprimeras.com.do\/index.php\/2024\/08\/20\/director-de-oms-europa-dice-que-fracaso-en-erradicacion-de-la-viruela-simica-fue-por-falta-de-compromiso-y-recursos\/","url_meta":{"origin":88284,"position":2},"title":"Director de OMS Europa dice que fracaso en erradicaci\u00f3n de la viruela s\u00edmica fue por falta de compromiso y recursos","author":"Nelson Feliz","date":"20 de agosto de 2024","format":false,"excerpt":"Portavoz de la OMS afirma que no se recomienda el uso de mascarilla para prevenir el contagio de la viruela s\u00edmica, ya que el contacto es de piel a piel. La Organizaci\u00f3n Mundial de la Salud (OMS) emiti\u00f3 un mensaje por el nuevo brote de viruela s\u00edmica (mpox en ingl\u00e9s)\u2026","rel":"","context":"En \u00abSin categor\u00eda\u00bb","block_context":{"text":"Sin categor\u00eda","link":"https:\/\/lasprimeras.com.do\/index.php\/category\/sin-categoria\/"},"img":{"alt_text":"Hans Kluge","src":"https:\/\/i0.wp.com\/lasprimeras.com.do\/wp-content\/uploads\/2024\/08\/Hans-Kluge.jpg?resize=350%2C200&ssl=1","width":350,"height":200,"srcset":"https:\/\/i0.wp.com\/lasprimeras.com.do\/wp-content\/uploads\/2024\/08\/Hans-Kluge.jpg?resize=350%2C200&ssl=1 1x, https:\/\/i0.wp.com\/lasprimeras.com.do\/wp-content\/uploads\/2024\/08\/Hans-Kluge.jpg?resize=525%2C300&ssl=1 1.5x, https:\/\/i0.wp.com\/lasprimeras.com.do\/wp-content\/uploads\/2024\/08\/Hans-Kluge.jpg?resize=700%2C400&ssl=1 2x"},"classes":[]},{"id":88533,"url":"https:\/\/lasprimeras.com.do\/index.php\/2024\/08\/30\/ni-vacunas-ni-pruebas-ni-tratamiento-la-republica-democratica-del-congo-no-tiene-herramientas-para-confrontar-la-viruela-simica\/","url_meta":{"origin":88284,"position":3},"title":"Ni vacunas, ni pruebas, ni tratamiento: la Rep\u00fablica Democr\u00e1tica del Congo no tiene herramientas para confrontar la viruela s\u00edmica","author":"Nelson Feliz","date":"30 de agosto de 2024","format":false,"excerpt":"Stephanie Nolen The New York Times Oficiales de salubridad en la Rep\u00fablica Democr\u00e1tica del Congo, el epicentro de un brote cambiante de viruela s\u00edmica, afirman que no tienen ni siquiera las herramientas m\u00e1s b\u00e1sicas necesarias para contener y tratar el virus.\u200cEl pa\u00eds tiene una capacidad limitada para diagnosticar casos de\u2026","rel":"","context":"En \u00abSin categor\u00eda\u00bb","block_context":{"text":"Sin categor\u00eda","link":"https:\/\/lasprimeras.com.do\/index.php\/category\/sin-categoria\/"},"img":{"alt_text":"Un trabajador de servicios de salud inspecciona las lesiones de un paciente nuevo en el centro de tratamiento de viruela s\u00edmica Munigi en la provincia de North Kivu, Rep\u00fablica Democr\u00e1tica del Congo, el 22 de agosto de 2024. (Arlette Bashizi\/The New York Times)","src":"https:\/\/i0.wp.com\/lasprimeras.com.do\/wp-content\/uploads\/2024\/08\/viruela-simica.jpg?resize=350%2C200&ssl=1","width":350,"height":200,"srcset":"https:\/\/i0.wp.com\/lasprimeras.com.do\/wp-content\/uploads\/2024\/08\/viruela-simica.jpg?resize=350%2C200&ssl=1 1x, https:\/\/i0.wp.com\/lasprimeras.com.do\/wp-content\/uploads\/2024\/08\/viruela-simica.jpg?resize=525%2C300&ssl=1 1.5x, https:\/\/i0.wp.com\/lasprimeras.com.do\/wp-content\/uploads\/2024\/08\/viruela-simica.jpg?resize=700%2C400&ssl=1 2x"},"classes":[]},{"id":90939,"url":"https:\/\/lasprimeras.com.do\/index.php\/2024\/11\/03\/casos-de-viruela-simica-en-el-congo-podrian-estar-estabilizandose-expertos-piden-mas-vacunas\/","url_meta":{"origin":88284,"position":4},"title":"Casos de viruela s\u00edmica en el Congo podr\u00edan estar estabiliz\u00e1ndose; expertos piden m\u00e1s vacunas","author":"Nelson Feliz","date":"3 de noviembre de 2024","format":false,"excerpt":"MARIA CHENG y RUTH ALONGA GOMA, Congo (AP) \u2014 Los casos de viruela s\u00edmica en el Congo podr\u00edan estar \u201cestabiliz\u00e1ndose\u201d, aseguraron algunas autoridades de salud, lo que podr\u00eda indicar que la epidemia principal por la que la Organizaci\u00f3n Mundial de la Salud (OMS) declar\u00f3 una emergencia global en agosto pasado\u2026","rel":"","context":"En \u00abSin categor\u00eda\u00bb","block_context":{"text":"Sin categor\u00eda","link":"https:\/\/lasprimeras.com.do\/index.php\/category\/sin-categoria\/"},"img":{"alt_text":"","src":"https:\/\/i0.wp.com\/lasprimeras.com.do\/wp-content\/uploads\/2024\/11\/viruela-simica.jpg?resize=350%2C200&ssl=1","width":350,"height":200,"srcset":"https:\/\/i0.wp.com\/lasprimeras.com.do\/wp-content\/uploads\/2024\/11\/viruela-simica.jpg?resize=350%2C200&ssl=1 1x, https:\/\/i0.wp.com\/lasprimeras.com.do\/wp-content\/uploads\/2024\/11\/viruela-simica.jpg?resize=525%2C300&ssl=1 1.5x"},"classes":[]},{"id":60046,"url":"https:\/\/lasprimeras.com.do\/index.php\/2023\/09\/10\/el-papa-pide-ayuda-concreta-para-marruecos-en-este-momento-tragico\/","url_meta":{"origin":88284,"position":5},"title":"El papa pide ayuda concreta para Marruecos en este momento tr\u00e1gico","author":"Nelson Feliz","date":"10 de septiembre de 2023","format":false,"excerpt":"\"Estamos cerca del pueblo de Marruecos\", dijo el papa. El papa Francisco expres\u00f3 hoy su cercan\u00eda al \"querido pueblo de Marruecos, golpeado por un devastador terremoto\" y pidi\u00f3 \"que la ayuda concreta de todos pueda sostener a la poblaci\u00f3n en este momento tr\u00e1gico\", en un mensaje al final del rezo\u2026","rel":"","context":"En \u00abSin categor\u00eda\u00bb","block_context":{"text":"Sin categor\u00eda","link":"https:\/\/lasprimeras.com.do\/index.php\/category\/sin-categoria\/"},"img":{"alt_text":"El papa Francisco asiste a la audiencia general semanal en el aula Pablo VI en el Vaticano, 23 de agosto de 2023.(AP FOTO\/ANDREW MEDICHINI, FILE)","src":"https:\/\/i0.wp.com\/lasprimeras.com.do\/wp-content\/uploads\/2023\/09\/El-papa-Francisco.jpeg?resize=350%2C200&ssl=1","width":350,"height":200,"srcset":"https:\/\/i0.wp.com\/lasprimeras.com.do\/wp-content\/uploads\/2023\/09\/El-papa-Francisco.jpeg?resize=350%2C200&ssl=1 1x, https:\/\/i0.wp.com\/lasprimeras.com.do\/wp-content\/uploads\/2023\/09\/El-papa-Francisco.jpeg?resize=525%2C300&ssl=1 1.5x, https:\/\/i0.wp.com\/lasprimeras.com.do\/wp-content\/uploads\/2023\/09\/El-papa-Francisco.jpeg?resize=700%2C400&ssl=1 2x"},"classes":[]}],"jetpack_sharing_enabled":true,"_links":{"self":[{"href":"https:\/\/lasprimeras.com.do\/index.php\/wp-json\/wp\/v2\/posts\/88284","targetHints":{"allow":["GET"]}}],"collection":[{"href":"https:\/\/lasprimeras.com.do\/index.php\/wp-json\/wp\/v2\/posts"}],"about":[{"href":"https:\/\/lasprimeras.com.do\/index.php\/wp-json\/wp\/v2\/types\/post"}],"author":[{"embeddable":true,"href":"https:\/\/lasprimeras.com.do\/index.php\/wp-json\/wp\/v2\/users\/2"}],"replies":[{"embeddable":true,"href":"https:\/\/lasprimeras.com.do\/index.php\/wp-json\/wp\/v2\/comments?post=88284"}],"version-history":[{"count":1,"href":"https:\/\/lasprimeras.com.do\/index.php\/wp-json\/wp\/v2\/posts\/88284\/revisions"}],"predecessor-version":[{"id":88285,"href":"https:\/\/lasprimeras.com.do\/index.php\/wp-json\/wp\/v2\/posts\/88284\/revisions\/88285"}],"wp:featuredmedia":[{"embeddable":true,"href":"https:\/\/lasprimeras.com.do\/index.php\/wp-json\/wp\/v2\/media\/83958"}],"wp:attachment":[{"href":"https:\/\/lasprimeras.com.do\/index.php\/wp-json\/wp\/v2\/media?parent=88284"}],"wp:term":[{"taxonomy":"category","embeddable":true,"href":"https:\/\/lasprimeras.com.do\/index.php\/wp-json\/wp\/v2\/categories?post=88284"},{"taxonomy":"post_tag","embeddable":true,"href":"https:\/\/lasprimeras.com.do\/index.php\/wp-json\/wp\/v2\/tags?post=88284"}],"curies":[{"name":"wp","href":"https:\/\/api.w.org\/{rel}","templated":true}]}}