{"id":88286,"date":"2024-08-25T20:55:03","date_gmt":"2024-08-26T00:55:03","guid":{"rendered":"https:\/\/lasprimeras.com.do\/?p=88286"},"modified":"2024-08-25T20:55:04","modified_gmt":"2024-08-26T00:55:04","slug":"cancilleres-de-colombia-y-panama-abordan-con-comunidades-fronterizas-creciente-migracion-irregular","status":"publish","type":"post","link":"https:\/\/lasprimeras.com.do\/index.php\/2024\/08\/25\/cancilleres-de-colombia-y-panama-abordan-con-comunidades-fronterizas-creciente-migracion-irregular\/","title":{"rendered":"Cancilleres de Colombia y Panam\u00e1 abordan con comunidades fronterizas creciente migraci\u00f3n irregular"},"content":{"rendered":"\n<p>BOGOT\u00c1 (AP) \u2014 Los cancilleres de Colombia y Panam\u00e1 abordaron el domingo en una poblaci\u00f3n del Caribe colombiano, en la frontera com\u00fan, la situaci\u00f3n generada por el creciente flujo migratorio que tiene lugar por el Tap\u00f3n del Dari\u00e9n, en momentos en que el pa\u00eds centroamericano busca desalentar ese fen\u00f3meno con ayuda de Estados Unidos.<\/p>\n\n\n\n<p>La cita fue una antesala a la tercera Reuni\u00f3n del Mecanismo Tripartito entre esos pa\u00edses que se realizar\u00e1 el 26 de agosto en la ciudad colombiana de Cartagena.<\/p>\n\n\n\n<p>Por la franja selv\u00e1tica del Dari\u00e9n transitan miles de migrantes que buscan llegar a la frontera sur de Estados Unidos y en la que operan peligrosas bandas de tr\u00e1fico ilegal de personas.<\/p>\n\n\n\n<p>El flujo migratorio no ha cesado a pesar de las medidas impulsadas desde julio por el presidente paname\u00f1o Jos\u00e9 Ra\u00fal Mulino, entre ellas el cierre de varios puntos de entrada a la selva del Dari\u00e9n, y la puesta en marcha de un acuerdo para repatriar y deportar a migrantes que realizan ese tr\u00e1nsito irregular.<\/p>\n\n\n\n<p>En la ciudad de Necocl\u00ed, al noroeste de Bogot\u00e1, el canciller colombiano Luis Murillo y el paname\u00f1o Javier Mart\u00ednez-Acha instalaron la Mesa de Di\u00e1logo Nacional sobre el Dari\u00e9n en la que analizaron con representantes de la comunidad la din\u00e1mica de la migraci\u00f3n en esa localidad, escribi\u00f3 Murillo en su cuenta de X, antes Twitter.<\/p>\n\n\n\n<p>Murillo dijo que los tres pa\u00edses van a tomar decisiones sobre una hoja de ruta para abordar la migraci\u00f3n y que las medidas que se aborden vayan de la mano con las necesidades de las comunidades que est\u00e1n siendo impactadas por el fen\u00f3meno.<\/p>\n\n\n\n<p>En tanto, el canciller paname\u00f1o ratific\u00f3 la necesidad de que la zona de la frontera com\u00fan se desarrolle \u201cy para eso hay que potenciar la cooperaci\u00f3n, promoviendo el entendimiento mutuo y el desarrollo conjunto\u201d.<\/p>\n\n\n\n<p>Colombia ratific\u00f3 el compromiso para proteger los derechos de la poblaci\u00f3n migrante, y refiri\u00f3 que la colaboraci\u00f3n de Panam\u00e1 y Estados Unidos es crucial para desarrollar un sistema de alertas tempranas y mejorar el control en el paso fronterizo, agreg\u00f3 el reporte.<\/p>\n\n\n\n<p>Por la ma\u00f1ana los cancilleres recorrieron la comunidad remota de Capurgan\u00e1, tambi\u00e9n en el Caribe colombiano, cercana a la frontera con Panam\u00e1, donde visitaron un puerto, una unidad educativa y un puesto de salud donde dialogaron sobre las necesidades de la comunidad frente a la situaci\u00f3n migratoria.<\/p>\n","protected":false},"excerpt":{"rendered":"<p>BOGOT\u00c1 (AP) \u2014 Los cancilleres de Colombia y Panam\u00e1 abordaron el domingo en una poblaci\u00f3n del Caribe colombiano, en la frontera com\u00fan, la situaci\u00f3n generada por el creciente flujo migratorio&hellip;<\/p>\n","protected":false},"author":2,"featured_media":88287,"comment_status":"open","ping_status":"open","sticky":false,"template":"","format":"standard","meta":{"content-type":"","jetpack_post_was_ever_published":false,"_jetpack_newsletter_access":"","_jetpack_dont_email_post_to_subs":false,"_jetpack_newsletter_tier_id":0,"_jetpack_memberships_contains_paywalled_content":false,"_jetpack_memberships_contains_paid_content":false,"footnotes":""},"categories":[1],"tags":[15072,2757,2880,5689,15071,930,2451],"class_list":["post-88286","post","type-post","status-publish","format-standard","has-post-thumbnail","hentry","category-sin-categoria","tag-cancilleres","tag-colombia","tag-comunidades","tag-creciente","tag-fronterizas","tag-migracion","tag-panama"],"jetpack_featured_media_url":"https:\/\/lasprimeras.com.do\/wp-content\/uploads\/2024\/08\/creciente-flujo-migratorio.jpg","jetpack-related-posts":[{"id":89385,"url":"https:\/\/lasprimeras.com.do\/index.php\/2024\/09\/24\/panama-y-colombia-acuerdan-avanzar-una-estrategia-conjunta-contra-la-migracion-irregular\/","url_meta":{"origin":88286,"position":0},"title":"Panam\u00e1 y Colombia acuerdan avanzar una estrategia conjunta contra la migraci\u00f3n irregular","author":"Nelson Feliz","date":"24 de septiembre de 2024","format":false,"excerpt":"Naciones Unidas,(EFE).- Los presidentes de Panam\u00e1, Jos\u00e9 Ra\u00fal Mulino, y de Colombia, Gustavo Petro, acordaron este martes trabajar en una estrategia conjunta contra la migraci\u00f3n ilegal por la selva del Dari\u00e9n, frontera natural con el pa\u00eds suramericano, en una reuni\u00f3n bilateral sostenida al margen de la Asamblea General de la\u2026","rel":"","context":"En \u00abSin categor\u00eda\u00bb","block_context":{"text":"Sin categor\u00eda","link":"https:\/\/lasprimeras.com.do\/index.php\/category\/sin-categoria\/"},"img":{"alt_text":"Jos\u00e9 Ra\u00fal Mulino y Gustavo Petro","src":"https:\/\/i0.wp.com\/lasprimeras.com.do\/wp-content\/uploads\/2024\/09\/Jose-Raul-Mulino-y-Gustavo-Petro.jpg?resize=350%2C200&ssl=1","width":350,"height":200,"srcset":"https:\/\/i0.wp.com\/lasprimeras.com.do\/wp-content\/uploads\/2024\/09\/Jose-Raul-Mulino-y-Gustavo-Petro.jpg?resize=350%2C200&ssl=1 1x, https:\/\/i0.wp.com\/lasprimeras.com.do\/wp-content\/uploads\/2024\/09\/Jose-Raul-Mulino-y-Gustavo-Petro.jpg?resize=525%2C300&ssl=1 1.5x, https:\/\/i0.wp.com\/lasprimeras.com.do\/wp-content\/uploads\/2024\/09\/Jose-Raul-Mulino-y-Gustavo-Petro.jpg?resize=700%2C400&ssl=1 2x"},"classes":[]},{"id":83720,"url":"https:\/\/lasprimeras.com.do\/index.php\/2024\/05\/23\/panama-dice-a-la-onu-que-carece-de-recursos-para-manejar-avalancha-migratoria-en-el-darien\/","url_meta":{"origin":88286,"position":1},"title":"Panam\u00e1 dice a la ONU que carece de recursos para manejar avalancha migratoria en el Dari\u00e9n","author":"Nelson Feliz","date":"23 de mayo de 2024","format":false,"excerpt":"El Gobierno electo de Panam\u00e1 expres\u00f3 este jueves a la Organizaci\u00f3n Internacional para las Migraciones (OIM) de Naciones Unidas que carece de los recursos para manejar el elevado flujo de migrantes irregulares que llegan al pa\u00eds a trav\u00e9s de la selva del Dari\u00e9n, su frontera con Colombia, ante lo cual\u2026","rel":"","context":"En \u00abPORTADA\u00bb","block_context":{"text":"PORTADA","link":"https:\/\/lasprimeras.com.do\/index.php\/category\/portada\/"},"img":{"alt_text":"emigrante","src":"https:\/\/i0.wp.com\/lasprimeras.com.do\/wp-content\/uploads\/2024\/05\/tapon-del-darien-emigracion.jpeg?resize=350%2C200&ssl=1","width":350,"height":200,"srcset":"https:\/\/i0.wp.com\/lasprimeras.com.do\/wp-content\/uploads\/2024\/05\/tapon-del-darien-emigracion.jpeg?resize=350%2C200&ssl=1 1x, https:\/\/i0.wp.com\/lasprimeras.com.do\/wp-content\/uploads\/2024\/05\/tapon-del-darien-emigracion.jpeg?resize=525%2C300&ssl=1 1.5x, https:\/\/i0.wp.com\/lasprimeras.com.do\/wp-content\/uploads\/2024\/05\/tapon-del-darien-emigracion.jpeg?resize=700%2C400&ssl=1 2x"},"classes":[]},{"id":88063,"url":"https:\/\/lasprimeras.com.do\/index.php\/2024\/08\/21\/el-vicecanciller-de-la-india-visita-panama-para-potenciar-acuerdos-economicos-y-tecnologicos\/","url_meta":{"origin":88286,"position":2},"title":"El vicecanciller de la India visita Panam\u00e1 para potenciar acuerdos econ\u00f3micos y tecnol\u00f3gicos","author":"Nelson Feliz","date":"21 de agosto de 2024","format":false,"excerpt":"Ciudad de Panam\u00e1, (EFE).- El viceministro de Asuntos Exteriores de la India Pabitra Margherita, de visita oficial en Panam\u00e1, se reuni\u00f3 este mi\u00e9rcoles con autoridades paname\u00f1as para fortalecer las relaciones bilaterales en \u00e1reas como ciencia, tecnolog\u00eda, salud y econom\u00eda. El vicecanciller indio estar\u00e1 en Panam\u00e1 hasta el jueves, seg\u00fan confirmaron\u2026","rel":"","context":"En \u00abSin categor\u00eda\u00bb","block_context":{"text":"Sin categor\u00eda","link":"https:\/\/lasprimeras.com.do\/index.php\/category\/sin-categoria\/"},"img":{"alt_text":"Pabitra Margherita","src":"https:\/\/i0.wp.com\/lasprimeras.com.do\/wp-content\/uploads\/2024\/08\/Pabitra-Margherita.jpg?resize=350%2C200&ssl=1","width":350,"height":200,"srcset":"https:\/\/i0.wp.com\/lasprimeras.com.do\/wp-content\/uploads\/2024\/08\/Pabitra-Margherita.jpg?resize=350%2C200&ssl=1 1x, https:\/\/i0.wp.com\/lasprimeras.com.do\/wp-content\/uploads\/2024\/08\/Pabitra-Margherita.jpg?resize=525%2C300&ssl=1 1.5x, https:\/\/i0.wp.com\/lasprimeras.com.do\/wp-content\/uploads\/2024\/08\/Pabitra-Margherita.jpg?resize=700%2C400&ssl=1 2x"},"classes":[]},{"id":85509,"url":"https:\/\/lasprimeras.com.do\/index.php\/2024\/07\/01\/eeuu-pagara-vuelos-para-ayudar-a-panama-a-repatriar-a-migrantes-que-pudieran-dirigirse-al-norte\/","url_meta":{"origin":88286,"position":3},"title":"EEUU pagar\u00e1 vuelos para ayudar a Panam\u00e1 a repatriar a migrantes que pudieran dirigirse al norte","author":"Nelson Feliz","date":"1 de julio de 2024","format":false,"excerpt":"BY REBECCA SANTANA WASHINGTON (AP) \u2014 Estados Unidos cubrir\u00e1 el costo de los vuelos y brindar\u00e1 otro tipo de asistencia a Panam\u00e1 para repatriar a migrantes, seg\u00fan un acuerdo firmado el lunes, mientras que el nuevo presidente de la naci\u00f3n centroamericana ha prometido cerrar el peligroso Tap\u00f3n del Dari\u00e9n por\u2026","rel":"","context":"En \u00abSin categor\u00eda\u00bb","block_context":{"text":"Sin categor\u00eda","link":"https:\/\/lasprimeras.com.do\/index.php\/category\/sin-categoria\/"},"img":{"alt_text":"Alejandro Mayorkas","src":"https:\/\/i0.wp.com\/lasprimeras.com.do\/wp-content\/uploads\/2024\/07\/Alejandro-Mayorkas.jpg?resize=350%2C200&ssl=1","width":350,"height":200,"srcset":"https:\/\/i0.wp.com\/lasprimeras.com.do\/wp-content\/uploads\/2024\/07\/Alejandro-Mayorkas.jpg?resize=350%2C200&ssl=1 1x, https:\/\/i0.wp.com\/lasprimeras.com.do\/wp-content\/uploads\/2024\/07\/Alejandro-Mayorkas.jpg?resize=525%2C300&ssl=1 1.5x, https:\/\/i0.wp.com\/lasprimeras.com.do\/wp-content\/uploads\/2024\/07\/Alejandro-Mayorkas.jpg?resize=700%2C400&ssl=1 2x"},"classes":[]},{"id":121356,"url":"https:\/\/lasprimeras.com.do\/index.php\/2026\/02\/03\/sectores-productivos-de-ecuador-y-colombia-protestan-en-frontera-comun-piden-eliminar-aranceles\/","url_meta":{"origin":88286,"position":4},"title":"Sectores productivos de Ecuador y Colombia protestan en frontera com\u00fan; piden eliminar aranceles","author":"Nelson Feliz","date":"3 de febrero de 2026","format":false,"excerpt":"Sectores productivos de Ecuador y Colombia protestan en frontera com\u00fan; piden eliminar aranceles QUITO (AP) \u2014 Transportistas, comerciantes y ciudadanos de Ecuador y Colombia se congregaron el martes para protestar sobre el Puente Internacional Rumichaca, en la frontera com\u00fan, en demanda de que ambos gobiernos suspendan la imposici\u00f3n de aranceles\u2026","rel":"","context":"En \u00abINTERNACIONALES\u00bb","block_context":{"text":"INTERNACIONALES","link":"https:\/\/lasprimeras.com.do\/index.php\/category\/sin-categoria\/internacionales\/"},"img":{"alt_text":"El presidente ecuatoriano Daniel Noboa, a la izquierda, y el presidente colombiano Gustavo Petro asisten a una ceremonia de condecoraci\u00f3n para el presidente brasile\u00f1o Luiz In\u00e1cio Lula da Silva en el palacio presidencial en la Ciudad de Panam\u00e1, el mi\u00e9rcoles 28 de enero de 2026. (AP Foto\/Mat\u00edas Delacroix)","src":"https:\/\/i0.wp.com\/lasprimeras.com.do\/wp-content\/uploads\/2026\/02\/Daniel-Noboa.jpg?resize=350%2C200&ssl=1","width":350,"height":200,"srcset":"https:\/\/i0.wp.com\/lasprimeras.com.do\/wp-content\/uploads\/2026\/02\/Daniel-Noboa.jpg?resize=350%2C200&ssl=1 1x, https:\/\/i0.wp.com\/lasprimeras.com.do\/wp-content\/uploads\/2026\/02\/Daniel-Noboa.jpg?resize=525%2C300&ssl=1 1.5x, https:\/\/i0.wp.com\/lasprimeras.com.do\/wp-content\/uploads\/2026\/02\/Daniel-Noboa.jpg?resize=700%2C400&ssl=1 2x"},"classes":[]},{"id":72690,"url":"https:\/\/lasprimeras.com.do\/index.php\/2024\/01\/02\/mas-de-520000-migrantes-cruzaron-la-selva-de-darien-en-2023-120000-fueron-menores\/","url_meta":{"origin":88286,"position":5},"title":"M\u00e1s de 520,000 migrantes cruzaron la selva de Dari\u00e9n en 2023; 120,000 fueron menores","author":"Nelson Feliz","date":"2 de enero de 2024","format":false,"excerpt":"En el 2023 se ha batido el r\u00e9cord de m\u00e1s de medio mill\u00f3n de migrantes en tr\u00e1nsito por el Dari\u00e9n, la selva que comunica el istmo y Suram\u00e9rica. Ciudad de Panam\u00e1, EFE.-.Las autoridades paname\u00f1as dijeron este lunes que 2023 cerr\u00f3 con 520.085 migrantes que cruzaron la Selva de Dari\u00e9n, de\u2026","rel":"","context":"En \u00abSin categor\u00eda\u00bb","block_context":{"text":"Sin categor\u00eda","link":"https:\/\/lasprimeras.com.do\/index.php\/category\/sin-categoria\/"},"img":{"alt_text":"Migrantes cruzan el Tap\u00f3n del Dari\u00e9n desde Colombia a Panam\u00e1 en su largo y dif\u00edcil viaje para llegar a Estados Unidos, el 9 de mayo de 2023.","src":"https:\/\/i0.wp.com\/lasprimeras.com.do\/wp-content\/uploads\/2024\/01\/Migrantes-cruzan-el-Tapon-del-Darien-desde-Colombia-a-Panama.jpeg?resize=350%2C200&ssl=1","width":350,"height":200,"srcset":"https:\/\/i0.wp.com\/lasprimeras.com.do\/wp-content\/uploads\/2024\/01\/Migrantes-cruzan-el-Tapon-del-Darien-desde-Colombia-a-Panama.jpeg?resize=350%2C200&ssl=1 1x, https:\/\/i0.wp.com\/lasprimeras.com.do\/wp-content\/uploads\/2024\/01\/Migrantes-cruzan-el-Tapon-del-Darien-desde-Colombia-a-Panama.jpeg?resize=525%2C300&ssl=1 1.5x, https:\/\/i0.wp.com\/lasprimeras.com.do\/wp-content\/uploads\/2024\/01\/Migrantes-cruzan-el-Tapon-del-Darien-desde-Colombia-a-Panama.jpeg?resize=700%2C400&ssl=1 2x"},"classes":[]}],"jetpack_sharing_enabled":true,"_links":{"self":[{"href":"https:\/\/lasprimeras.com.do\/index.php\/wp-json\/wp\/v2\/posts\/88286","targetHints":{"allow":["GET"]}}],"collection":[{"href":"https:\/\/lasprimeras.com.do\/index.php\/wp-json\/wp\/v2\/posts"}],"about":[{"href":"https:\/\/lasprimeras.com.do\/index.php\/wp-json\/wp\/v2\/types\/post"}],"author":[{"embeddable":true,"href":"https:\/\/lasprimeras.com.do\/index.php\/wp-json\/wp\/v2\/users\/2"}],"replies":[{"embeddable":true,"href":"https:\/\/lasprimeras.com.do\/index.php\/wp-json\/wp\/v2\/comments?post=88286"}],"version-history":[{"count":1,"href":"https:\/\/lasprimeras.com.do\/index.php\/wp-json\/wp\/v2\/posts\/88286\/revisions"}],"predecessor-version":[{"id":88288,"href":"https:\/\/lasprimeras.com.do\/index.php\/wp-json\/wp\/v2\/posts\/88286\/revisions\/88288"}],"wp:featuredmedia":[{"embeddable":true,"href":"https:\/\/lasprimeras.com.do\/index.php\/wp-json\/wp\/v2\/media\/88287"}],"wp:attachment":[{"href":"https:\/\/lasprimeras.com.do\/index.php\/wp-json\/wp\/v2\/media?parent=88286"}],"wp:term":[{"taxonomy":"category","embeddable":true,"href":"https:\/\/lasprimeras.com.do\/index.php\/wp-json\/wp\/v2\/categories?post=88286"},{"taxonomy":"post_tag","embeddable":true,"href":"https:\/\/lasprimeras.com.do\/index.php\/wp-json\/wp\/v2\/tags?post=88286"}],"curies":[{"name":"wp","href":"https:\/\/api.w.org\/{rel}","templated":true}]}}