{"id":88289,"date":"2024-08-25T21:03:54","date_gmt":"2024-08-26T01:03:54","guid":{"rendered":"https:\/\/lasprimeras.com.do\/?p=88289"},"modified":"2024-08-25T21:03:54","modified_gmt":"2024-08-26T01:03:54","slug":"gremio-de-trabajadores-de-la-prensa-de-venezuela-denuncia-detencion-de-la-periodista-carmela-longo","status":"publish","type":"post","link":"https:\/\/lasprimeras.com.do\/index.php\/2024\/08\/25\/gremio-de-trabajadores-de-la-prensa-de-venezuela-denuncia-detencion-de-la-periodista-carmela-longo\/","title":{"rendered":"Gremio de trabajadores de la Prensa de Venezuela denuncia detenci\u00f3n de la periodista Carmela Longo"},"content":{"rendered":"\n<p>Venezuela, (CNN Espa\u00f1ol) \u2013\u2013 El Sindicato Nacional de Trabajadores de la Prensa de Venezuela (SNTP) denunci\u00f3 este domingo la detenci\u00f3n de la periodista Carmela Longo luego de que oficiales de la Polic\u00eda Nacional Bolivariana allanaran su domicilio en Caracas.<\/p>\n\n\n\n<p>Longo, seg\u00fan el reporte del Sindicato, fue detenida junto con su hijo, sin que hasta el momento se hayan dado a conocer las causas que se le imputan.<\/p>\n\n\n\n<p>CNN hace esfuerzos para solicitar al Ministerio P\u00fablico de Venezuela informaci\u00f3n sobre la detenci\u00f3n contra Longo.<\/p>\n\n\n\n<p>Carmela Longo es una periodista de espect\u00e1culos con varias d\u00e9cadas de experiencia. El jueves pasado ella public\u00f3 en su cuenta de Instagram que la despidieron de Grupo \u00daltimas Noticias, medio de comunicaci\u00f3n en donde trabaj\u00f3 casi 20 a\u00f1os.<\/p>\n\n\n\n<p>En el contexto de las protestas derivadas de las elecciones del 28 de julio, adem\u00e1s, han ocurrido m\u00e1s de 1.500 detenciones, seg\u00fan el recuento de la organizaci\u00f3n no gubernamental Foro Penal, adem\u00e1s de restricciones al trabajo de la prensa. Unas 90 personas han sido liberadas.<\/p>\n\n\n\n<p>The post Gremio de trabajadores de la Prensa de Venezuela denuncia detenci\u00f3n de la periodista Carmela Longo appeared first on CNN.<\/p>\n","protected":false},"excerpt":{"rendered":"<p>Venezuela, (CNN Espa\u00f1ol) \u2013\u2013 El Sindicato Nacional de Trabajadores de la Prensa de Venezuela (SNTP) denunci\u00f3 este domingo la detenci\u00f3n de la periodista Carmela Longo luego de que oficiales de&hellip;<\/p>\n","protected":false},"author":2,"featured_media":88290,"comment_status":"open","ping_status":"open","sticky":false,"template":"","format":"standard","meta":{"content-type":"","jetpack_post_was_ever_published":false,"_jetpack_newsletter_access":"","_jetpack_dont_email_post_to_subs":false,"_jetpack_newsletter_tier_id":0,"_jetpack_memberships_contains_paywalled_content":false,"_jetpack_memberships_contains_paid_content":false,"footnotes":""},"categories":[1],"tags":[1964,4144,604,2080,156,420],"class_list":["post-88289","post","type-post","status-publish","format-standard","has-post-thumbnail","hentry","category-sin-categoria","tag-detencion","tag-gremio","tag-periodista","tag-prensa","tag-trabajadores","tag-venezuela"],"jetpack_featured_media_url":"https:\/\/lasprimeras.com.do\/wp-content\/uploads\/2024\/08\/CNN.jpg","jetpack-related-posts":[{"id":87202,"url":"https:\/\/lasprimeras.com.do\/index.php\/2024\/08\/08\/cuatro-periodistas-detenidos-tras-las-elecciones-en-venezuela-son-imputados-por-terrorismo\/","url_meta":{"origin":88289,"position":0},"title":"Cuatro periodistas detenidos tras las elecciones en Venezuela son imputados por terrorismo","author":"Nelson Feliz","date":"8 de agosto de 2024","format":false,"excerpt":"El Sindicato de Trabajadores de la Prensa (SNTP) afirm\u00f3 que cuatro periodistas fueron detenidos durante las protestas poselectorales en Venezuela e imputados por delitos de terrorismo. La organizaci\u00f3n denunci\u00f3 que las autoridades impiden el acceso de abogados defensores privados. \"Denunciamos el uso ilegal y arbitrario de las leyes antiterrorismo en\u2026","rel":"","context":"En \u00abSin categor\u00eda\u00bb","block_context":{"text":"Sin categor\u00eda","link":"https:\/\/lasprimeras.com.do\/index.php\/category\/sin-categoria\/"},"img":{"alt_text":"","src":"https:\/\/i0.wp.com\/lasprimeras.com.do\/wp-content\/uploads\/2024\/08\/Nicolas-Mas-BURRO.jpg?resize=350%2C200&ssl=1","width":350,"height":200,"srcset":"https:\/\/i0.wp.com\/lasprimeras.com.do\/wp-content\/uploads\/2024\/08\/Nicolas-Mas-BURRO.jpg?resize=350%2C200&ssl=1 1x, https:\/\/i0.wp.com\/lasprimeras.com.do\/wp-content\/uploads\/2024\/08\/Nicolas-Mas-BURRO.jpg?resize=525%2C300&ssl=1 1.5x, https:\/\/i0.wp.com\/lasprimeras.com.do\/wp-content\/uploads\/2024\/08\/Nicolas-Mas-BURRO.jpg?resize=700%2C400&ssl=1 2x"},"classes":[]},{"id":77303,"url":"https:\/\/lasprimeras.com.do\/index.php\/2024\/02\/20\/gremios-rechazan-presunta-agresion-pn-a-periodista\/","url_meta":{"origin":88289,"position":1},"title":"Gremios rechazan presunta agresi\u00f3n PN a periodista","author":"BIMARY DE JES\u00daS Matos","date":"20 de febrero de 2024","format":false,"excerpt":"Santo Domingo.-El Colegio Dominicano de Periodistas (CDP), y el Sindicato Nacional de Trabajadores de la Prensa (SNTP), calificaron de \u201creprochable\u201d el maltrato dado a la periodista Ruth Castillo, por un coronel de la Polic\u00eda Nacional, adscrito a la Direcci\u00f3n Central de Investigaciones (Dicrim), de puesto en el Destacamento de Boca\u2026","rel":"","context":"En \u00abPORTADA\u00bb","block_context":{"text":"PORTADA","link":"https:\/\/lasprimeras.com.do\/index.php\/category\/portada\/"},"img":{"alt_text":"","src":"https:\/\/i0.wp.com\/lasprimeras.com.do\/wp-content\/uploads\/2024\/02\/9_El-Pais_20_2p01.webp?resize=350%2C200&ssl=1","width":350,"height":200,"srcset":"https:\/\/i0.wp.com\/lasprimeras.com.do\/wp-content\/uploads\/2024\/02\/9_El-Pais_20_2p01.webp?resize=350%2C200&ssl=1 1x, https:\/\/i0.wp.com\/lasprimeras.com.do\/wp-content\/uploads\/2024\/02\/9_El-Pais_20_2p01.webp?resize=525%2C300&ssl=1 1.5x, https:\/\/i0.wp.com\/lasprimeras.com.do\/wp-content\/uploads\/2024\/02\/9_El-Pais_20_2p01.webp?resize=700%2C400&ssl=1 2x"},"classes":[]},{"id":90188,"url":"https:\/\/lasprimeras.com.do\/index.php\/2024\/10\/15\/venezuela-rechaza-panfleto-de-mision-de-la-onu-que-denuncia-crimenes-de-lesa-humanidad\/","url_meta":{"origin":88289,"position":2},"title":"Venezuela rechaza &#8220;panfleto&#8221; de Misi\u00f3n de la ONU que denuncia cr\u00edmenes de lesa humanidad","author":"Nelson Feliz","date":"15 de octubre de 2024","format":false,"excerpt":"Caracas, (EFE).- El Gobierno de Venezuela tild\u00f3 este martes de \"panfleto\" el informe de la Misi\u00f3n Internacional Independiente de la Organizaci\u00f3n de Naciones Unidas (ONU), en el que se denuncian supuestos cr\u00edmenes de lesa humanidad cometidos por las autoridades del pa\u00eds en los comicios del 28 de julio, en las\u2026","rel":"","context":"En \u00abSin categor\u00eda\u00bb","block_context":{"text":"Sin categor\u00eda","link":"https:\/\/lasprimeras.com.do\/index.php\/category\/sin-categoria\/"},"img":{"alt_text":"","src":"https:\/\/i0.wp.com\/lasprimeras.com.do\/wp-content\/uploads\/2024\/10\/vebe.jpg?resize=350%2C200&ssl=1","width":350,"height":200,"srcset":"https:\/\/i0.wp.com\/lasprimeras.com.do\/wp-content\/uploads\/2024\/10\/vebe.jpg?resize=350%2C200&ssl=1 1x, https:\/\/i0.wp.com\/lasprimeras.com.do\/wp-content\/uploads\/2024\/10\/vebe.jpg?resize=525%2C300&ssl=1 1.5x, https:\/\/i0.wp.com\/lasprimeras.com.do\/wp-content\/uploads\/2024\/10\/vebe.jpg?resize=700%2C400&ssl=1 2x"},"classes":[]},{"id":62635,"url":"https:\/\/lasprimeras.com.do\/index.php\/2023\/10\/06\/venezuela-fiscalia-dicta-orden-de-detencion-contra-juan-guaido\/","url_meta":{"origin":88289,"position":3},"title":"VENEZUELA: Fiscal\u00eda dicta orden de detenci\u00f3n contra Juan Guaid\u00f3","author":"BIMARY DE JES\u00daS Matos","date":"6 de octubre de 2023","format":false,"excerpt":"CARACAS.- La Fiscal\u00eda de Venezuela ha dictado este jueves una orden de detenci\u00f3n contra el dirigente opositor Juan Guaid\u00f3, que se encuentra en Estados Unidos, a quien acusa de delitos de traici\u00f3n a la patria y usurpaci\u00f3n de funciones. El fiscal general, Tarek William Saab, ha explicado que el investigado\u2026","rel":"","context":"En \u00abSin categor\u00eda\u00bb","block_context":{"text":"Sin categor\u00eda","link":"https:\/\/lasprimeras.com.do\/index.php\/category\/sin-categoria\/"},"img":{"alt_text":"","src":"https:\/\/i0.wp.com\/lasprimeras.com.do\/wp-content\/uploads\/2023\/10\/WhatsApp-Image-2023-10-05-at-9.43.40-PM-5.jpeg?resize=350%2C200&ssl=1","width":350,"height":200,"srcset":"https:\/\/i0.wp.com\/lasprimeras.com.do\/wp-content\/uploads\/2023\/10\/WhatsApp-Image-2023-10-05-at-9.43.40-PM-5.jpeg?resize=350%2C200&ssl=1 1x, https:\/\/i0.wp.com\/lasprimeras.com.do\/wp-content\/uploads\/2023\/10\/WhatsApp-Image-2023-10-05-at-9.43.40-PM-5.jpeg?resize=525%2C300&ssl=1 1.5x, https:\/\/i0.wp.com\/lasprimeras.com.do\/wp-content\/uploads\/2023\/10\/WhatsApp-Image-2023-10-05-at-9.43.40-PM-5.jpeg?resize=700%2C400&ssl=1 2x, https:\/\/i0.wp.com\/lasprimeras.com.do\/wp-content\/uploads\/2023\/10\/WhatsApp-Image-2023-10-05-at-9.43.40-PM-5.jpeg?resize=1050%2C600&ssl=1 3x, https:\/\/i0.wp.com\/lasprimeras.com.do\/wp-content\/uploads\/2023\/10\/WhatsApp-Image-2023-10-05-at-9.43.40-PM-5.jpeg?resize=1400%2C800&ssl=1 4x"},"classes":[]},{"id":86770,"url":"https:\/\/lasprimeras.com.do\/index.php\/2024\/08\/01\/fp-en-long-island-apoya-100-a-leonel-fernandez-en-su-viaje-a-venezuela\/","url_meta":{"origin":88289,"position":4},"title":"FP en Long Island apoya 100% a Leonel Fern\u00e1ndez en su viaje a Venezuela","author":"Nelson Feliz","date":"1 de agosto de 2024","format":false,"excerpt":"NUEVA YORK. - El presidente de la Fuerza del Pueblo del condado de Long Island, New York, V\u00edctor Acosta, dijo este mi\u00e9rcoles que apoya 100 x 100 el viaje del presidente del Partido la Fuerza del Pueblo, Leonel Fern\u00e1ndez a Venezuela, atendiendo a una invitaci\u00f3n como observador. Destac\u00f3 que esa\u2026","rel":"","context":"En \u00abSin categor\u00eda\u00bb","block_context":{"text":"Sin categor\u00eda","link":"https:\/\/lasprimeras.com.do\/index.php\/category\/sin-categoria\/"},"img":{"alt_text":"","src":"https:\/\/i0.wp.com\/lasprimeras.com.do\/wp-content\/uploads\/2024\/08\/fp-en-long-island-apoya-100-a-leonel-fernandez-en-su-viaje-a-venezuela.jpg?resize=350%2C200&ssl=1","width":350,"height":200,"srcset":"https:\/\/i0.wp.com\/lasprimeras.com.do\/wp-content\/uploads\/2024\/08\/fp-en-long-island-apoya-100-a-leonel-fernandez-en-su-viaje-a-venezuela.jpg?resize=350%2C200&ssl=1 1x, https:\/\/i0.wp.com\/lasprimeras.com.do\/wp-content\/uploads\/2024\/08\/fp-en-long-island-apoya-100-a-leonel-fernandez-en-su-viaje-a-venezuela.jpg?resize=525%2C300&ssl=1 1.5x, https:\/\/i0.wp.com\/lasprimeras.com.do\/wp-content\/uploads\/2024\/08\/fp-en-long-island-apoya-100-a-leonel-fernandez-en-su-viaje-a-venezuela.jpg?resize=700%2C400&ssl=1 2x"},"classes":[]},{"id":55990,"url":"https:\/\/lasprimeras.com.do\/index.php\/2023\/07\/27\/voces-del-sur-pide-a-bukele-un-alto-al-acoso-y-hostigamiento-de-la-prensa-en-el-salvador\/","url_meta":{"origin":88289,"position":5},"title":"Voces del Sur pide a Bukele un alto al &#8220;acoso y hostigamiento&#8221; de la prensa en El Salvador","author":"Nelson Feliz","date":"27 de julio de 2023","format":false,"excerpt":"La red latinoamericana de organizaciones Voces del Sur pidi\u00f3 al presidente salvadore\u00f1o, Nayib Bukele, un alto al \"acoso y hostigamiento\" contra la prensa cr\u00edtica. \"Pedimos nuevamente a Nayib Bukele que disponga el cese del acoso y hostigamiento desde el Gobierno contra la prensa y el periodismo cr\u00edtico\", public\u00f3 el ente\u2026","rel":"","context":"En \u00abSin categor\u00eda\u00bb","block_context":{"text":"Sin categor\u00eda","link":"https:\/\/lasprimeras.com.do\/index.php\/category\/sin-categoria\/"},"img":{"alt_text":"Nayib Bukele","src":"https:\/\/i0.wp.com\/lasprimeras.com.do\/wp-content\/uploads\/2023\/07\/Nayib-Bukele-2.jpg?resize=350%2C200&ssl=1","width":350,"height":200,"srcset":"https:\/\/i0.wp.com\/lasprimeras.com.do\/wp-content\/uploads\/2023\/07\/Nayib-Bukele-2.jpg?resize=350%2C200&ssl=1 1x, https:\/\/i0.wp.com\/lasprimeras.com.do\/wp-content\/uploads\/2023\/07\/Nayib-Bukele-2.jpg?resize=525%2C300&ssl=1 1.5x, https:\/\/i0.wp.com\/lasprimeras.com.do\/wp-content\/uploads\/2023\/07\/Nayib-Bukele-2.jpg?resize=700%2C400&ssl=1 2x"},"classes":[]}],"jetpack_sharing_enabled":true,"_links":{"self":[{"href":"https:\/\/lasprimeras.com.do\/index.php\/wp-json\/wp\/v2\/posts\/88289","targetHints":{"allow":["GET"]}}],"collection":[{"href":"https:\/\/lasprimeras.com.do\/index.php\/wp-json\/wp\/v2\/posts"}],"about":[{"href":"https:\/\/lasprimeras.com.do\/index.php\/wp-json\/wp\/v2\/types\/post"}],"author":[{"embeddable":true,"href":"https:\/\/lasprimeras.com.do\/index.php\/wp-json\/wp\/v2\/users\/2"}],"replies":[{"embeddable":true,"href":"https:\/\/lasprimeras.com.do\/index.php\/wp-json\/wp\/v2\/comments?post=88289"}],"version-history":[{"count":1,"href":"https:\/\/lasprimeras.com.do\/index.php\/wp-json\/wp\/v2\/posts\/88289\/revisions"}],"predecessor-version":[{"id":88291,"href":"https:\/\/lasprimeras.com.do\/index.php\/wp-json\/wp\/v2\/posts\/88289\/revisions\/88291"}],"wp:featuredmedia":[{"embeddable":true,"href":"https:\/\/lasprimeras.com.do\/index.php\/wp-json\/wp\/v2\/media\/88290"}],"wp:attachment":[{"href":"https:\/\/lasprimeras.com.do\/index.php\/wp-json\/wp\/v2\/media?parent=88289"}],"wp:term":[{"taxonomy":"category","embeddable":true,"href":"https:\/\/lasprimeras.com.do\/index.php\/wp-json\/wp\/v2\/categories?post=88289"},{"taxonomy":"post_tag","embeddable":true,"href":"https:\/\/lasprimeras.com.do\/index.php\/wp-json\/wp\/v2\/tags?post=88289"}],"curies":[{"name":"wp","href":"https:\/\/api.w.org\/{rel}","templated":true}]}}