{"id":88292,"date":"2024-08-25T21:08:32","date_gmt":"2024-08-26T01:08:32","guid":{"rendered":"https:\/\/lasprimeras.com.do\/?p=88292"},"modified":"2024-08-25T21:08:33","modified_gmt":"2024-08-26T01:08:33","slug":"comisionado-de-derechos-humanos-en-honduras-pide-al-gobierno-detener-ola-de-masacres","status":"publish","type":"post","link":"https:\/\/lasprimeras.com.do\/index.php\/2024\/08\/25\/comisionado-de-derechos-humanos-en-honduras-pide-al-gobierno-detener-ola-de-masacres\/","title":{"rendered":"Comisionado de Derechos Humanos en Honduras pide al Gobierno detener &#8220;ola de masacres&#8221;"},"content":{"rendered":"\n<p>Tegucigalpa, (EFE).- La titular del Comisionado Nacional de los Derechos Humanos en Honduras (Conadeh), Blanca Izaguirre, pidi\u00f3 este domingo a las autoridades de seguridad detener &#8220;la ola de masacres&#8221; que desangra al pa\u00eds, con casi 300 personas muertas en 68 matanzas desde diciembre de 2022, cuando se impuso un estado de excepci\u00f3n.<\/p>\n\n\n\n<p>En un comunicado del organismo de derechos humanos, Izaguirre expres\u00f3 su repudi\u00f3 a las constantes muertes m\u00faltiples y lament\u00f3 que en el pa\u00eds se vulnere cada d\u00eda el derecho a la vida.<\/p>\n\n\n\n<p>&#8220;Las autoridades hondure\u00f1as encargadas de la seguridad en el pa\u00eds deben tomar con seriedad este problema y poner en marcha las medidas preventivas y de investigaci\u00f3n necesarias para que se castigue con todo el peso de la ley a los responsables de cometer esos cr\u00edmenes que dejan luto, dolor y llanto en el seno de muchas familias hondure\u00f1as&#8221;, subray\u00f3 Izaguirre.<\/p>\n\n\n\n<p>Agreg\u00f3 que la impunidad que rodea estos casos contribuye a que &#8220;se sigan repitiendo estos hechos&#8221;.<\/p>\n\n\n\n<p>Honduras registr\u00f3 en los \u00faltimos tres d\u00edas la muerte de siete mujeres y cuatro hombres en tres masacres ocurridas en los departamentos de Olancho, este del pa\u00eds, e Islas de la Bah\u00eda, en el Caribe.<\/p>\n\n\n\n<p>La Defensora del Pueblo se solidariz\u00f3 con los familiares de las v\u00edctimas y cuestion\u00f3 que cada d\u00eda m\u00e1s personas sigan muriendo de forma violenta en el pa\u00eds.<\/p>\n\n\n\n<p>El Estado de Honduras tiene &#8220;el deber de garantizar a la poblaci\u00f3n su derecho a la seguridad, en particular el derecho a la vida&#8221;, enfatiz\u00f3 Izaguirre, quien inst\u00f3 a las autoridades a abrir una investigaci\u00f3n sobre los asesinatos m\u00faltiples.<\/p>\n\n\n\n<p>Al menos 64 personas, incluidos seis menores de edad, han muerto en lo que va de 2024 en casi una veintena de matanzas, que se suman a los 48 asesinatos m\u00faltiples que se cobraron la vida de 225 personas entre diciembre de 2022 y 2023, seg\u00fan datos del organismo de derechos humanos.<\/p>\n\n\n\n<p>Al menos 177 hombres, 92 mujeres y una veintena de ni\u00f1as y ni\u00f1os han muerto en las 68 masacres documentadas en Honduras desde diciembre de 2022, cuando el Gobierno impuso un estado de excepci\u00f3n, una pol\u00e9mica medida prorrogada en 15 ocasiones.<\/p>\n\n\n\n<p>Diferentes organizaciones nacionales e internacionales, incluida Naciones Unidas, han solicitado a Honduras derogar el estado de excepci\u00f3n, pues consideran que la medida ha abierto la puerta a que las fuerzas de seguridad comentan violaciones a derechos humanos, lo que rechazan las autoridades de Seguridad del pa\u00eds.<\/p>\n\n\n\n<p>Fuente Agencia EFE<\/p>\n","protected":false},"excerpt":{"rendered":"<p>Tegucigalpa, (EFE).- La titular del Comisionado Nacional de los Derechos Humanos en Honduras (Conadeh), Blanca Izaguirre, pidi\u00f3 este domingo a las autoridades de seguridad detener &#8220;la ola de masacres&#8221; que&hellip;<\/p>\n","protected":false},"author":2,"featured_media":88293,"comment_status":"open","ping_status":"open","sticky":false,"template":"","format":"standard","meta":{"content-type":"","jetpack_post_was_ever_published":false,"_jetpack_newsletter_access":"","_jetpack_dont_email_post_to_subs":false,"_jetpack_newsletter_tier_id":0,"_jetpack_memberships_contains_paywalled_content":false,"_jetpack_memberships_contains_paid_content":false,"footnotes":""},"categories":[1],"tags":[14229,154,171,68,4753,15074],"class_list":["post-88292","post","type-post","status-publish","format-standard","has-post-thumbnail","hentry","category-sin-categoria","tag-comisionado","tag-derechos","tag-gobierno","tag-honduras","tag-humanos","tag-ola-de-masacres"],"jetpack_featured_media_url":"https:\/\/lasprimeras.com.do\/wp-content\/uploads\/2024\/08\/Blanca-Izaguirre.jpg","jetpack-related-posts":[{"id":93811,"url":"https:\/\/lasprimeras.com.do\/index.php\/2025\/02\/21\/trump-acuerda-con-honduras-y-venezuela-la-deportacion-de-venezolanos-en-guantanamo\/","url_meta":{"origin":88292,"position":0},"title":"Trump acuerda con Honduras y Venezuela la deportaci\u00f3n de venezolanos en Guant\u00e1namo","author":"Nelson Feliz","date":"21 de febrero de 2025","format":false,"excerpt":"La canciller\u00eda del r\u00e9gimen de Venezuela confirm\u00f3 la repatriaci\u00f3n de 177 migrantes venezolanos, asegurando que fueron \"injustamente llevados\" a Guant\u00e1namo. Por Ra\u00fal Castillo El Gobierno de Estados Unidos confirm\u00f3 este jueves que ha comenzado a trasladar a 177 migrantes venezolanos retenidos en la base militar de Guant\u00e1namo hacia su pa\u00eds\u2026","rel":"","context":"En \u00abINTERNACIONALES\u00bb","block_context":{"text":"INTERNACIONALES","link":"https:\/\/lasprimeras.com.do\/index.php\/category\/sin-categoria\/internacionales\/"},"img":{"alt_text":"","src":"https:\/\/i0.wp.com\/lasprimeras.com.do\/wp-content\/uploads\/2025\/02\/acuerda.png?resize=350%2C200&ssl=1","width":350,"height":200,"srcset":"https:\/\/i0.wp.com\/lasprimeras.com.do\/wp-content\/uploads\/2025\/02\/acuerda.png?resize=350%2C200&ssl=1 1x, https:\/\/i0.wp.com\/lasprimeras.com.do\/wp-content\/uploads\/2025\/02\/acuerda.png?resize=525%2C300&ssl=1 1.5x, https:\/\/i0.wp.com\/lasprimeras.com.do\/wp-content\/uploads\/2025\/02\/acuerda.png?resize=700%2C400&ssl=1 2x"},"classes":[]},{"id":98245,"url":"https:\/\/lasprimeras.com.do\/index.php\/2025\/05\/04\/detienen-a-alcalde-por-caso-del-rancho-del-cartel-jalisco-en-el-occidente-de-mexico\/","url_meta":{"origin":88292,"position":1},"title":"Detienen a alcalde por caso del rancho del C\u00e1rtel Jalisco en el occidente de M\u00e9xico","author":"Nelson Feliz","date":"4 de mayo de 2025","format":false,"excerpt":"POR FABIOLA S\u00c1NCHEZ CIUDAD DE M\u00c9XICO (AP) \u2014 Las autoridades mexicanas detuvieron a un alcalde de una localidad del occidente de M\u00e9xico donde fue descubierta una finca que empleaba el poderoso C\u00e1rtel Jalisco Nueva Generaci\u00f3n (CJNG) para el reclutamiento y adiestramiento de sus miembros, inform\u00f3 el domingo el Gabinete de\u2026","rel":"","context":"En \u00abINTERNACIONALES\u00bb","block_context":{"text":"INTERNACIONALES","link":"https:\/\/lasprimeras.com.do\/index.php\/category\/sin-categoria\/internacionales\/"},"img":{"alt_text":"","src":"https:\/\/i0.wp.com\/lasprimeras.com.do\/wp-content\/uploads\/2025\/05\/carcel-mexico.jpg?resize=350%2C200&ssl=1","width":350,"height":200,"srcset":"https:\/\/i0.wp.com\/lasprimeras.com.do\/wp-content\/uploads\/2025\/05\/carcel-mexico.jpg?resize=350%2C200&ssl=1 1x, https:\/\/i0.wp.com\/lasprimeras.com.do\/wp-content\/uploads\/2025\/05\/carcel-mexico.jpg?resize=525%2C300&ssl=1 1.5x, https:\/\/i0.wp.com\/lasprimeras.com.do\/wp-content\/uploads\/2025\/05\/carcel-mexico.jpg?resize=700%2C400&ssl=1 2x"},"classes":[]},{"id":56041,"url":"https:\/\/lasprimeras.com.do\/index.php\/2023\/07\/27\/mas-de-168-200-migrantes-venezolanos-han-cruzado-honduras-rumbo-a-ee-uu-en-2023\/","url_meta":{"origin":88292,"position":2},"title":"M\u00e1s de 168.200 migrantes venezolanos han cruzado Honduras rumbo a EE.UU. en 2023","author":"Nelson Feliz","date":"27 de julio de 2023","format":false,"excerpt":"M\u00e1s de 168.000 migrantes en tr\u00e1nsito hacia Estados Unidos han entrado de forma irregular este a\u00f1o a Honduras, el 40 % (67.092) de ellos venezolanos, seg\u00fan cifras del Instituto Nacional de Migraci\u00f3n (INM) consultadas este jueves por EFE. El n\u00famero de migrantes que ingresaron al pa\u00eds entre el 1 de\u2026","rel":"","context":"En \u00abSin categor\u00eda\u00bb","block_context":{"text":"Sin categor\u00eda","link":"https:\/\/lasprimeras.com.do\/index.php\/category\/sin-categoria\/"},"img":{"alt_text":"","src":"https:\/\/i0.wp.com\/lasprimeras.com.do\/wp-content\/uploads\/2023\/07\/venezolanos.jpg?resize=350%2C200&ssl=1","width":350,"height":200,"srcset":"https:\/\/i0.wp.com\/lasprimeras.com.do\/wp-content\/uploads\/2023\/07\/venezolanos.jpg?resize=350%2C200&ssl=1 1x, https:\/\/i0.wp.com\/lasprimeras.com.do\/wp-content\/uploads\/2023\/07\/venezolanos.jpg?resize=525%2C300&ssl=1 1.5x, https:\/\/i0.wp.com\/lasprimeras.com.do\/wp-content\/uploads\/2023\/07\/venezolanos.jpg?resize=700%2C400&ssl=1 2x"},"classes":[]},{"id":89868,"url":"https:\/\/lasprimeras.com.do\/index.php\/2024\/10\/06\/bukele-critica-a-la-expresidenta-de-chile-bachelet-por-su-opinion-sobre-el-salvador\/","url_meta":{"origin":88292,"position":3},"title":"Bukele critica a la expresidenta de Chile Bachelet por su opini\u00f3n sobre El Salvador","author":"Nelson Feliz","date":"6 de octubre de 2024","format":false,"excerpt":"San Salvador,(EFE).- El presidente de El Salvador, Nayib Bukele, critic\u00f3 a la expresidenta de Chile Michelle Bachelet por sus opiniones relacionadas con los derechos humanos en el pa\u00eds centroamericano. \"Cuando esta se\u00f1ora fue presidenta de Chile, lleg\u00f3 a El Salvador en 2015 (el a\u00f1o en que nos convertimos en el\u2026","rel":"","context":"En \u00abSin categor\u00eda\u00bb","block_context":{"text":"Sin categor\u00eda","link":"https:\/\/lasprimeras.com.do\/index.php\/category\/sin-categoria\/"},"img":{"alt_text":"Nayib Bukele","src":"https:\/\/i0.wp.com\/lasprimeras.com.do\/wp-content\/uploads\/2024\/10\/Nayib-Bukele.jpg?resize=350%2C200&ssl=1","width":350,"height":200,"srcset":"https:\/\/i0.wp.com\/lasprimeras.com.do\/wp-content\/uploads\/2024\/10\/Nayib-Bukele.jpg?resize=350%2C200&ssl=1 1x, https:\/\/i0.wp.com\/lasprimeras.com.do\/wp-content\/uploads\/2024\/10\/Nayib-Bukele.jpg?resize=525%2C300&ssl=1 1.5x, https:\/\/i0.wp.com\/lasprimeras.com.do\/wp-content\/uploads\/2024\/10\/Nayib-Bukele.jpg?resize=700%2C400&ssl=1 2x"},"classes":[]},{"id":73486,"url":"https:\/\/lasprimeras.com.do\/index.php\/2024\/01\/11\/costa-rica-panama-y-rd-expresan-apoyo-a-ecuador-ante-ola-de-violencia\/","url_meta":{"origin":88292,"position":4},"title":"Costa Rica, Panam\u00e1 y RD expresan apoyo a Ecuador ante ola de violencia","author":"BIMARY DE JES\u00daS Matos","date":"11 de enero de 2024","format":false,"excerpt":"San Jos\u00e9.- Costa Rica, Panam\u00e1 y Rep\u00fablica Dominicana expresaron este jueves de forma conjunta su apoyo y solidaridad al Gobierno de Ecuador tras los hechos violentos que han ocurrido en ese pa\u00eds y que han llevado al presidente Daniel Noboa a declarar estado de emergencia y conflicto armado interno. \u00abCosta\u2026","rel":"","context":"En \u00abSin categor\u00eda\u00bb","block_context":{"text":"Sin categor\u00eda","link":"https:\/\/lasprimeras.com.do\/index.php\/category\/sin-categoria\/"},"img":{"alt_text":"","src":"https:\/\/i0.wp.com\/lasprimeras.com.do\/wp-content\/uploads\/2024\/01\/RD-y-Haiti-reanudan-conversaciones-sobre-diferendo-por-canal-en-rio-DajabonMasacre-5-3.jpg?resize=350%2C200&ssl=1","width":350,"height":200,"srcset":"https:\/\/i0.wp.com\/lasprimeras.com.do\/wp-content\/uploads\/2024\/01\/RD-y-Haiti-reanudan-conversaciones-sobre-diferendo-por-canal-en-rio-DajabonMasacre-5-3.jpg?resize=350%2C200&ssl=1 1x, https:\/\/i0.wp.com\/lasprimeras.com.do\/wp-content\/uploads\/2024\/01\/RD-y-Haiti-reanudan-conversaciones-sobre-diferendo-por-canal-en-rio-DajabonMasacre-5-3.jpg?resize=525%2C300&ssl=1 1.5x"},"classes":[]},{"id":62028,"url":"https:\/\/lasprimeras.com.do\/index.php\/2023\/10\/02\/luis-el-gallo-advierte-grandes-potencias-ponen-zancadillas-a-justas-demandas-dominicanas-en-rio-masacre\/","url_meta":{"origin":88292,"position":5},"title":"Luis \u201cEl Gallo\u201d advierte grandes potencias ponen zancadillas a justas demandas dominicanas en r\u00edo Masacre","author":"Nelson Feliz","date":"2 de octubre de 2023","format":false,"excerpt":"El presidente de la Uni\u00f3n Dem\u00f3crata Cristiana -UDC-, Luis Acosta Moreta, Luis \u201cEl Gallo\u201d, alert\u00f3 hoy a los dominicanos de que hay golpes bajos y zancadillas de las grandes potencias, que dan la espalda al pa\u00eds en la litis del Masacre. Afirm\u00f3 que Estados Unidos, Francia y Canad\u00e1 est\u00e1n acordes\u2026","rel":"","context":"En \u00abPORTADA\u00bb","block_context":{"text":"PORTADA","link":"https:\/\/lasprimeras.com.do\/index.php\/category\/portada\/"},"img":{"alt_text":"Luis Acosta Moreta","src":"https:\/\/i0.wp.com\/lasprimeras.com.do\/wp-content\/uploads\/2023\/10\/Luis-Acosta-Moreta-1.jpg?resize=350%2C200&ssl=1","width":350,"height":200,"srcset":"https:\/\/i0.wp.com\/lasprimeras.com.do\/wp-content\/uploads\/2023\/10\/Luis-Acosta-Moreta-1.jpg?resize=350%2C200&ssl=1 1x, https:\/\/i0.wp.com\/lasprimeras.com.do\/wp-content\/uploads\/2023\/10\/Luis-Acosta-Moreta-1.jpg?resize=525%2C300&ssl=1 1.5x"},"classes":[]}],"jetpack_sharing_enabled":true,"_links":{"self":[{"href":"https:\/\/lasprimeras.com.do\/index.php\/wp-json\/wp\/v2\/posts\/88292","targetHints":{"allow":["GET"]}}],"collection":[{"href":"https:\/\/lasprimeras.com.do\/index.php\/wp-json\/wp\/v2\/posts"}],"about":[{"href":"https:\/\/lasprimeras.com.do\/index.php\/wp-json\/wp\/v2\/types\/post"}],"author":[{"embeddable":true,"href":"https:\/\/lasprimeras.com.do\/index.php\/wp-json\/wp\/v2\/users\/2"}],"replies":[{"embeddable":true,"href":"https:\/\/lasprimeras.com.do\/index.php\/wp-json\/wp\/v2\/comments?post=88292"}],"version-history":[{"count":1,"href":"https:\/\/lasprimeras.com.do\/index.php\/wp-json\/wp\/v2\/posts\/88292\/revisions"}],"predecessor-version":[{"id":88294,"href":"https:\/\/lasprimeras.com.do\/index.php\/wp-json\/wp\/v2\/posts\/88292\/revisions\/88294"}],"wp:featuredmedia":[{"embeddable":true,"href":"https:\/\/lasprimeras.com.do\/index.php\/wp-json\/wp\/v2\/media\/88293"}],"wp:attachment":[{"href":"https:\/\/lasprimeras.com.do\/index.php\/wp-json\/wp\/v2\/media?parent=88292"}],"wp:term":[{"taxonomy":"category","embeddable":true,"href":"https:\/\/lasprimeras.com.do\/index.php\/wp-json\/wp\/v2\/categories?post=88292"},{"taxonomy":"post_tag","embeddable":true,"href":"https:\/\/lasprimeras.com.do\/index.php\/wp-json\/wp\/v2\/tags?post=88292"}],"curies":[{"name":"wp","href":"https:\/\/api.w.org\/{rel}","templated":true}]}}