{"id":88342,"date":"2024-08-26T19:50:13","date_gmt":"2024-08-26T23:50:13","guid":{"rendered":"https:\/\/lasprimeras.com.do\/?p=88342"},"modified":"2024-08-26T19:50:15","modified_gmt":"2024-08-26T23:50:15","slug":"yankees-solicitan-ayuda-para-joven-origen-dominicano-necesita-rinon","status":"publish","type":"post","link":"https:\/\/lasprimeras.com.do\/index.php\/2024\/08\/26\/yankees-solicitan-ayuda-para-joven-origen-dominicano-necesita-rinon\/","title":{"rendered":"Yankees solicitan ayuda para joven origen dominicano necesita ri\u00f1\u00f3n"},"content":{"rendered":"\n<p>Por Jhonny Trinidad<\/p>\n\n\n\n<p>NUEVA YORK.- El equipo de Grandes Ligas Yankees de Nueva York solicit\u00f3 la ayuda de la comunidad para un joven de origen dominicano que necesita un trasplante de ri\u00f1\u00f3n.<\/p>\n\n\n\n<p>El joven es Onil Trinidad Pimentel, quien fue invitado junto a su familia al estadio de los \u00abMulos del Bronx\u00bb, donde comparti\u00f3 con varias estrellas, entre ellas el dirigente Aaron Boone y los jugadores Juan Soto, Jahmai Jones, Austin Wells, Gleyber Torres, Jos\u00e9 Trevi\u00f1o y Alex Verdugo.<\/p>\n\n\n\n<p>Boone anim\u00f3 a Trinidad Pimentel a seguir super\u00e1ndose, luchar hasta que logre sus metas y lo felicit\u00f3 por sus logros y su ejemplar comportamiento.<\/p>\n\n\n\n<figure class=\"wp-block-image size-full is-resized\"><img decoding=\"async\" width=\"700\" height=\"461\" src=\"https:\/\/lasprimeras.com.do\/wp-content\/uploads\/2024\/08\/Transplante-3.jpg\" alt=\"\" class=\"wp-image-88344\" style=\"width:840px;height:auto\" srcset=\"https:\/\/lasprimeras.com.do\/wp-content\/uploads\/2024\/08\/Transplante-3.jpg 700w, https:\/\/lasprimeras.com.do\/wp-content\/uploads\/2024\/08\/Transplante-3-300x198.jpg 300w\" sizes=\"(max-width: 700px) 100vw, 700px\" \/><\/figure>\n\n\n\n<p>A Trinidad Pimentel le acompa\u00f1aron sus padres, Adal Santiago Trinidad (Chichio) y Glenis Pimentel; sus hermanos Eric, Christopher, Roniel y Adalis, as\u00ed como su primo Jhonniel, su cu\u00f1ada In\u00e9s Nazario, su sobrina Delilah y su amigo Raymond N\u00fa\u00f1ez.<\/p>\n\n\n\n<p>En su af\u00e1n de ayudar a las personas necesitadas y que atraviesan por alguna situaci\u00f3n de precariedad, Yankees se asoci\u00f3 con Donate Life y motiv\u00f3 a sus fan\u00e1ticos a que se inscriban como posibles donantes de \u00f3rganos: Register as an Organ and Tissue Donor \u2013 Donate Life New York State (donatelifenys.org)<\/p>\n\n\n\n<p>Explic\u00f3 que una persona puede salvar hasta ocho vidas a trav\u00e9s de la donaci\u00f3n de \u00f3rganos y mejorar 75 m\u00e1s mediante la donaci\u00f3n de tejidos.<\/p>\n\n\n\n<figure class=\"wp-block-image size-full is-resized\"><img decoding=\"async\" width=\"700\" height=\"467\" src=\"https:\/\/lasprimeras.com.do\/wp-content\/uploads\/2024\/08\/Transplante-2.jpg\" alt=\"\" class=\"wp-image-88345\" style=\"width:840px;height:auto\" srcset=\"https:\/\/lasprimeras.com.do\/wp-content\/uploads\/2024\/08\/Transplante-2.jpg 700w, https:\/\/lasprimeras.com.do\/wp-content\/uploads\/2024\/08\/Transplante-2-300x200.jpg 300w\" sizes=\"(max-width: 700px) 100vw, 700px\" \/><\/figure>\n\n\n\n<p>Inform\u00f3 que Trinidad Pimentel tiene 30 a\u00f1os y lleva tres esperando que le donen un ri\u00f1\u00f3n que le permita seguir viviendo con normalidad.<\/p>\n\n\n\n<p>El joven, que padece de lupus, necesita dializarse tres veces a la semana, ya que la enfermedad le ha da\u00f1ado los ri\u00f1ones.<\/p>\n\n\n\n<p>A pesar de su condici\u00f3n de salud, Trinidad Pimentel trabaja como psic\u00f3logo y hace poco obtuvo una maestr\u00eda en Consejer\u00eda de Salud Mental.<\/p>\n\n\n\n<p>Al igual que Trinidad Pimentel, existen casi 10,000 neoyorquinos que necesitan un trasplante de \u00f3rgano para salvar su vida.<\/p>\n\n\n\n<p>Los neoyorquinos representan el 10% de la lista nacional de espera para trasplante de \u00f3rganos.<\/p>\n\n\n\n<p>Cada a\u00f1o, casi 500 neoyorquinos mueren debido a que no reciben un \u00f3rgano a tiempo para salvarles la vida.<\/p>\n\n\n\n<p>Si est\u00e1s interesado en donar \u00f3rganos, llama a Montefiore Einstein Center for Transplantation: (844) 548-3366, (877) 287-3536) o (888) 795-4837.<\/p>\n","protected":false},"excerpt":{"rendered":"<p>Por Jhonny Trinidad NUEVA YORK.- El equipo de Grandes Ligas Yankees de Nueva York solicit\u00f3 la ayuda de la comunidad para un joven de origen dominicano que necesita un trasplante&hellip;<\/p>\n","protected":false},"author":2,"featured_media":88343,"comment_status":"open","ping_status":"open","sticky":false,"template":"","format":"standard","meta":{"content-type":"","jetpack_post_was_ever_published":false,"_jetpack_newsletter_access":"","_jetpack_dont_email_post_to_subs":false,"_jetpack_newsletter_tier_id":0,"_jetpack_memberships_contains_paywalled_content":false,"_jetpack_memberships_contains_paid_content":false,"footnotes":""},"categories":[25],"tags":[2439,364,1127,15102,4232],"class_list":["post-88342","post","type-post","status-publish","format-standard","has-post-thumbnail","hentry","category-portada","tag-ayuda","tag-dominicano","tag-joven","tag-trasplante-de-rinon","tag-yankees"],"jetpack_featured_media_url":"https:\/\/lasprimeras.com.do\/wp-content\/uploads\/2024\/08\/Transplante-1.jpg","jetpack-related-posts":[{"id":93808,"url":"https:\/\/lasprimeras.com.do\/index.php\/2025\/02\/21\/yankees-extienden-contrato-de-aaron-boone-hasta-2027\/","url_meta":{"origin":88342,"position":0},"title":"Yankees extienden contrato de Aaron Boone hasta 2027","author":"Nelson Feliz","date":"21 de febrero de 2025","format":false,"excerpt":"Los New York Yankees anunciaron este jueves la extensi\u00f3n de contrato para Aaron Boone como m\u00e1nager del equipo hasta 2027 Por Alfredo Echenique Lugo Asolo 40 d\u00edas para el inicio de la temporada 2025 de las Grandes Ligas los New York Yankees y su m\u00e1nager Aaron Boone llegaron a un\u2026","rel":"","context":"En \u00abDEPORTES\u00bb","block_context":{"text":"DEPORTES","link":"https:\/\/lasprimeras.com.do\/index.php\/category\/deportes\/"},"img":{"alt_text":"","src":"https:\/\/i0.wp.com\/lasprimeras.com.do\/wp-content\/uploads\/2025\/02\/Aaron-Boone.png?resize=350%2C200&ssl=1","width":350,"height":200,"srcset":"https:\/\/i0.wp.com\/lasprimeras.com.do\/wp-content\/uploads\/2025\/02\/Aaron-Boone.png?resize=350%2C200&ssl=1 1x, https:\/\/i0.wp.com\/lasprimeras.com.do\/wp-content\/uploads\/2025\/02\/Aaron-Boone.png?resize=525%2C300&ssl=1 1.5x, https:\/\/i0.wp.com\/lasprimeras.com.do\/wp-content\/uploads\/2025\/02\/Aaron-Boone.png?resize=700%2C400&ssl=1 2x"},"classes":[]},{"id":77507,"url":"https:\/\/lasprimeras.com.do\/index.php\/2024\/02\/21\/aaron-boone-anuncia-abridores-de-new-york-yankees-para-los-tres-primeros-juegos-del-spring-training\/","url_meta":{"origin":88342,"position":1},"title":"Aaron Boone anuncia abridores de New York Yankees para los tres primeros juegos del Spring Training","author":"Nelson Feliz","date":"21 de febrero de 2024","format":false,"excerpt":"El dominicano Luis Gil, el cubano Carlos Rod\u00f3n y el estadounidense Marcos Stroman ser\u00edan los elegidos por Aaron Boone para los primeros tres encuentros de los New York Yankees en el Spring Training. Por Miguel Rapetti Los New York Yankees van por buen camino en su planificaci\u00f3n de cara a\u2026","rel":"","context":"En \u00abSin categor\u00eda\u00bb","block_context":{"text":"Sin categor\u00eda","link":"https:\/\/lasprimeras.com.do\/index.php\/category\/sin-categoria\/"},"img":{"alt_text":"Aaron Boone","src":"https:\/\/i0.wp.com\/lasprimeras.com.do\/wp-content\/uploads\/2024\/02\/Aaron-Boone.jpg?resize=350%2C200&ssl=1","width":350,"height":200,"srcset":"https:\/\/i0.wp.com\/lasprimeras.com.do\/wp-content\/uploads\/2024\/02\/Aaron-Boone.jpg?resize=350%2C200&ssl=1 1x, https:\/\/i0.wp.com\/lasprimeras.com.do\/wp-content\/uploads\/2024\/02\/Aaron-Boone.jpg?resize=525%2C300&ssl=1 1.5x, https:\/\/i0.wp.com\/lasprimeras.com.do\/wp-content\/uploads\/2024\/02\/Aaron-Boone.jpg?resize=700%2C400&ssl=1 2x"},"classes":[]},{"id":93923,"url":"https:\/\/lasprimeras.com.do\/index.php\/2025\/02\/23\/yankees-utilizan-sistema-de-desafio-de-bolas-y-strikes-abs-para-mantener-vivo-un-inning-y-anotan-3\/","url_meta":{"origin":88342,"position":2},"title":"Yankees utilizan sistema de desaf\u00edo de bolas y strikes ABS para mantener vivo un inning y anotan 3","author":"Nelson Feliz","date":"23 de febrero de 2025","format":false,"excerpt":"Cambiar una bola por un strike puede alterar completamente una entrada. El s\u00e1bado, los Yankees de Nueva York lo demostraron, al utilizar el Sistema Automatizado de Bolas y Strikes (ABS) para convertir un ponche en una base por bolas. Luego, anotaron tres carreras en la parte alta de la sexta\u2026","rel":"","context":"En \u00abDEPORTES\u00bb","block_context":{"text":"DEPORTES","link":"https:\/\/lasprimeras.com.do\/index.php\/category\/deportes\/"},"img":{"alt_text":"","src":"https:\/\/i0.wp.com\/lasprimeras.com.do\/wp-content\/uploads\/2025\/02\/Everson-Pereira.jpg?resize=350%2C200&ssl=1","width":350,"height":200,"srcset":"https:\/\/i0.wp.com\/lasprimeras.com.do\/wp-content\/uploads\/2025\/02\/Everson-Pereira.jpg?resize=350%2C200&ssl=1 1x, https:\/\/i0.wp.com\/lasprimeras.com.do\/wp-content\/uploads\/2025\/02\/Everson-Pereira.jpg?resize=525%2C300&ssl=1 1.5x, https:\/\/i0.wp.com\/lasprimeras.com.do\/wp-content\/uploads\/2025\/02\/Everson-Pereira.jpg?resize=700%2C400&ssl=1 2x"},"classes":[]},{"id":100817,"url":"https:\/\/lasprimeras.com.do\/index.php\/2025\/06\/12\/marcelo-mayer-conecta-sus-2-primeros-jonrones-en-fenway-park-y-ayuda-en-triunfo-de-medias-rojas\/","url_meta":{"origin":88342,"position":3},"title":"Marcelo Mayer conecta sus 2 primeros jonrones en Fenway Park y ayuda en triunfo de Medias Rojas","author":"Nelson Feliz","date":"12 de junio de 2025","format":false,"excerpt":"POR KYLE HIGHTOWER BOSTON (AP) \u2014 La banda sonora del primer jonr\u00f3n de Marcelo Mayer en las Grandes Ligas fue un coro de abucheos mientras recorr\u00eda las bases en el Yankee Stadium de Nueva York la semana pasada. El novato de los Medias Rojas a\u00f1adi\u00f3 otros dos vuelacercas en un\u2026","rel":"","context":"En \u00abDEPORTES\u00bb","block_context":{"text":"DEPORTES","link":"https:\/\/lasprimeras.com.do\/index.php\/category\/deportes\/"},"img":{"alt_text":"","src":"https:\/\/i0.wp.com\/lasprimeras.com.do\/wp-content\/uploads\/2025\/06\/Marcelo-Mayer.jpg?resize=350%2C200&ssl=1","width":350,"height":200,"srcset":"https:\/\/i0.wp.com\/lasprimeras.com.do\/wp-content\/uploads\/2025\/06\/Marcelo-Mayer.jpg?resize=350%2C200&ssl=1 1x, https:\/\/i0.wp.com\/lasprimeras.com.do\/wp-content\/uploads\/2025\/06\/Marcelo-Mayer.jpg?resize=525%2C300&ssl=1 1.5x, https:\/\/i0.wp.com\/lasprimeras.com.do\/wp-content\/uploads\/2025\/06\/Marcelo-Mayer.jpg?resize=700%2C400&ssl=1 2x"},"classes":[]},{"id":111457,"url":"https:\/\/lasprimeras.com.do\/index.php\/2025\/10\/09\/azulejos-someten-a-yankees-y-van-a-su-primera-serie-de-campeonato-de-la-liga-americana-desde-2016\/","url_meta":{"origin":88342,"position":4},"title":"Azulejos someten a Yankees y van a su primera Serie de Campeonato de la Liga Americana desde 2016","author":"Nelson Feliz","date":"9 de octubre de 2025","format":false,"excerpt":"POR ERIC N\u00da\u00d1EZ NUEVA YORK (AP) \u2014 Las tres primeras experiencias de Vladimir Guerrero Jr. con los Azulejos de Toronto en los playoffs fueron amargas y con el mismo desenlace: eliminaciones por barrida. Guerrero y los Azulejos modificaron el gui\u00f3n la noche del mi\u00e9rcoles en el Yankee Stadium y la\u2026","rel":"","context":"En \u00abDEPORTES\u00bb","block_context":{"text":"DEPORTES","link":"https:\/\/lasprimeras.com.do\/index.php\/category\/deportes\/"},"img":{"alt_text":"","src":"https:\/\/i0.wp.com\/lasprimeras.com.do\/wp-content\/uploads\/2025\/10\/AZULEJOS.jpg?resize=350%2C200&ssl=1","width":350,"height":200,"srcset":"https:\/\/i0.wp.com\/lasprimeras.com.do\/wp-content\/uploads\/2025\/10\/AZULEJOS.jpg?resize=350%2C200&ssl=1 1x, https:\/\/i0.wp.com\/lasprimeras.com.do\/wp-content\/uploads\/2025\/10\/AZULEJOS.jpg?resize=525%2C300&ssl=1 1.5x, https:\/\/i0.wp.com\/lasprimeras.com.do\/wp-content\/uploads\/2025\/10\/AZULEJOS.jpg?resize=700%2C400&ssl=1 2x, https:\/\/i0.wp.com\/lasprimeras.com.do\/wp-content\/uploads\/2025\/10\/AZULEJOS.jpg?resize=1050%2C600&ssl=1 3x, https:\/\/i0.wp.com\/lasprimeras.com.do\/wp-content\/uploads\/2025\/10\/AZULEJOS.jpg?resize=1400%2C800&ssl=1 4x"},"classes":[]},{"id":113744,"url":"https:\/\/lasprimeras.com.do\/index.php\/2025\/11\/05\/el-70-de-las-familias-dominicanas-se-niegan-a-donar-organos-segun-el-incort\/","url_meta":{"origin":88342,"position":5},"title":"El 70% de las familias dominicanas se niegan a donar \u00f3rganos, seg\u00fan el INCORT","author":"Nelson Feliz","date":"5 de noviembre de 2025","format":false,"excerpt":"El director del Instituto Nacional de Coordinaci\u00f3n de Trasplantes (INCORT) doctor Jos\u00e9 Juan Castillo Almonte, revel\u00f3 cerca del 70% de las familias dominicanas se niegan a donar, lo que limita severamente las posibilidades de salvar vidas. Castillo Almonte, dijo que la resistencia de las familias a autorizar la donaci\u00f3n de\u2026","rel":"","context":"En \u00abSALUD\u00bb","block_context":{"text":"SALUD","link":"https:\/\/lasprimeras.com.do\/index.php\/category\/salud\/"},"img":{"alt_text":"","src":"https:\/\/i0.wp.com\/lasprimeras.com.do\/wp-content\/uploads\/2025\/11\/Jose-Juan-Castillo-Almonte.jpg?resize=350%2C200&ssl=1","width":350,"height":200,"srcset":"https:\/\/i0.wp.com\/lasprimeras.com.do\/wp-content\/uploads\/2025\/11\/Jose-Juan-Castillo-Almonte.jpg?resize=350%2C200&ssl=1 1x, https:\/\/i0.wp.com\/lasprimeras.com.do\/wp-content\/uploads\/2025\/11\/Jose-Juan-Castillo-Almonte.jpg?resize=525%2C300&ssl=1 1.5x"},"classes":[]}],"jetpack_sharing_enabled":true,"_links":{"self":[{"href":"https:\/\/lasprimeras.com.do\/index.php\/wp-json\/wp\/v2\/posts\/88342","targetHints":{"allow":["GET"]}}],"collection":[{"href":"https:\/\/lasprimeras.com.do\/index.php\/wp-json\/wp\/v2\/posts"}],"about":[{"href":"https:\/\/lasprimeras.com.do\/index.php\/wp-json\/wp\/v2\/types\/post"}],"author":[{"embeddable":true,"href":"https:\/\/lasprimeras.com.do\/index.php\/wp-json\/wp\/v2\/users\/2"}],"replies":[{"embeddable":true,"href":"https:\/\/lasprimeras.com.do\/index.php\/wp-json\/wp\/v2\/comments?post=88342"}],"version-history":[{"count":1,"href":"https:\/\/lasprimeras.com.do\/index.php\/wp-json\/wp\/v2\/posts\/88342\/revisions"}],"predecessor-version":[{"id":88346,"href":"https:\/\/lasprimeras.com.do\/index.php\/wp-json\/wp\/v2\/posts\/88342\/revisions\/88346"}],"wp:featuredmedia":[{"embeddable":true,"href":"https:\/\/lasprimeras.com.do\/index.php\/wp-json\/wp\/v2\/media\/88343"}],"wp:attachment":[{"href":"https:\/\/lasprimeras.com.do\/index.php\/wp-json\/wp\/v2\/media?parent=88342"}],"wp:term":[{"taxonomy":"category","embeddable":true,"href":"https:\/\/lasprimeras.com.do\/index.php\/wp-json\/wp\/v2\/categories?post=88342"},{"taxonomy":"post_tag","embeddable":true,"href":"https:\/\/lasprimeras.com.do\/index.php\/wp-json\/wp\/v2\/tags?post=88342"}],"curies":[{"name":"wp","href":"https:\/\/api.w.org\/{rel}","templated":true}]}}