{"id":88411,"date":"2024-08-27T21:02:11","date_gmt":"2024-08-28T01:02:11","guid":{"rendered":"https:\/\/lasprimeras.com.do\/?p=88411"},"modified":"2024-08-27T21:02:12","modified_gmt":"2024-08-28T01:02:12","slug":"dreams-macao-obtiene-calificacion-cuatro-diamantes-por-sus-altos-estandares-de-calidad-y-alojamiento-de-lujo","status":"publish","type":"post","link":"https:\/\/lasprimeras.com.do\/index.php\/2024\/08\/27\/dreams-macao-obtiene-calificacion-cuatro-diamantes-por-sus-altos-estandares-de-calidad-y-alojamiento-de-lujo\/","title":{"rendered":"Dreams Macao obtiene calificaci\u00f3n Cuatro Diamantes por sus altos est\u00e1ndares de calidad y alojamiento de lujo"},"content":{"rendered":"\n<p><strong>&#8220;Cuatro Diamantes de la AAA, garantiza a los hu\u00e9spedes que el hotel ofrece altos est\u00e1ndares de calidad y servicio&#8221;.<\/strong><\/p>\n\n\n\n<p>La Asociaci\u00f3n Americana de Autom\u00f3viles (American Automobile Association \u2013 AAA) otorg\u00f3 al hotel Dreams Macao Beach Punta Cana la categor\u00eda de Cuatro Diamantes por cumplir con los altos est\u00e1ndares de calidad que exige esta prestigiosa organizaci\u00f3n evaluadora a trav\u00e9s del programa AAA Diamond Award.<\/p>\n\n\n\n<p>Esto garantiza a los visitantes que la propiedad, perteneciente a la cadena de hoteles Hyatt Inclusive Collection, ofrece un alojamiento de lujo refinado y elegante, con un alto grado de hospitalidad, servicio personalizado, atenci\u00f3n al detalle y servicio 24 horas.<\/p>\n\n\n\n<p>Para obtener esta premiaci\u00f3n el hotel tambi\u00e9n cumple con ofrecer amenidades de alto nivel, facilidades de acceso, entre otros criterios rigurosos, que aseguran una experiencia excepcional y memorable a sus hu\u00e9spedes.<\/p>\n\n\n\n<p>El gerente general, \u00c1ngel Julio Pe\u00f1a, destac\u00f3 que este reconocimiento es un reflejo del compromiso y dedicaci\u00f3n de todo el equipo de Dreams Macao Beach Punta Cana, para proporcionar una experiencia vacacional inolvidable.<\/p>\n\n\n\n<figure class=\"wp-block-image size-full is-resized\"><img decoding=\"async\" width=\"560\" height=\"335\" src=\"https:\/\/lasprimeras.com.do\/wp-content\/uploads\/2024\/08\/Hotel-Dreams-Macao-2.jpg\" alt=\"\" class=\"wp-image-88413\" style=\"width:840px;height:auto\" srcset=\"https:\/\/lasprimeras.com.do\/wp-content\/uploads\/2024\/08\/Hotel-Dreams-Macao-2.jpg 560w, https:\/\/lasprimeras.com.do\/wp-content\/uploads\/2024\/08\/Hotel-Dreams-Macao-2-300x179.jpg 300w\" sizes=\"(max-width: 560px) 100vw, 560px\" \/><\/figure>\n\n\n\n<p>\u201cEste logro no solo refuerza la posici\u00f3n del resort como el destino ideal de Punta Cana, y \u00fanico resort en Macao, sino que tambi\u00e9n motiva al equipo a seguir superando las expectativas de sus visitantes, manteniendo altos est\u00e1ndares de calidad y servicio\u201d, cit\u00f3.<\/p>\n\n\n\n<p>La calificaci\u00f3n de diamantes es actualizada anualmente por un equipo de evaluadores profesionales de la AAA, que hacen las inspecciones a miles de hoteles de diferentes pa\u00edses, y para lograr estos Cuatro Diamantes, Dreams Macao Beach Punta Cana, cumpli\u00f3 con todas las exigencias establecidas por la entidad.<\/p>\n\n\n\n<figure class=\"wp-block-image size-full is-resized\"><img decoding=\"async\" width=\"560\" height=\"372\" src=\"https:\/\/lasprimeras.com.do\/wp-content\/uploads\/2024\/08\/Hotel-Dreams-Macao-3.jpg\" alt=\"\" class=\"wp-image-88414\" style=\"width:840px;height:auto\" srcset=\"https:\/\/lasprimeras.com.do\/wp-content\/uploads\/2024\/08\/Hotel-Dreams-Macao-3.jpg 560w, https:\/\/lasprimeras.com.do\/wp-content\/uploads\/2024\/08\/Hotel-Dreams-Macao-3-300x199.jpg 300w\" sizes=\"(max-width: 560px) 100vw, 560px\" \/><\/figure>\n\n\n\n<p>El hotel dispone de 500 suites de lujo, una variedad de categor\u00edas de habitaciones y villas de dos habitaciones con vistas al mar. Sus nueve restaurantes y siete bares deleitan a los hu\u00e9spedes con cocina gourmet internacional, as\u00ed como con refrescantes c\u00f3cteles y bebidas de alta calidad.<\/p>\n\n\n\n<p>Dreams Macao Beach Punta Cana, tambi\u00e9n cuenta con el Spa Pevonia\u00ae, un gimnasio y tres tipos de \u00e1reas acu\u00e1ticas:&nbsp; piscina infinity, una zona de relajaci\u00f3n, un \u00e1rea familiar con splash zone y una piscina privada solo para adultos, exclusiva para miembros de la categor\u00eda Preferred Club.<\/p>\n\n\n\n<p>Adem\u00e1s, dispone de 8,626 pies cuadrados de espacio para reuniones y un sal\u00f3n preparado para acomodar 500 personas tipo banquete.<\/p>\n","protected":false},"excerpt":{"rendered":"<p>&#8220;Cuatro Diamantes de la AAA, garantiza a los hu\u00e9spedes que el hotel ofrece altos est\u00e1ndares de calidad y servicio&#8221;. La Asociaci\u00f3n Americana de Autom\u00f3viles (American Automobile Association \u2013 AAA) otorg\u00f3&hellip;<\/p>\n","protected":false},"author":2,"featured_media":88412,"comment_status":"open","ping_status":"open","sticky":false,"template":"","format":"standard","meta":{"content-type":"","jetpack_post_was_ever_published":false,"_jetpack_newsletter_access":"","_jetpack_dont_email_post_to_subs":false,"_jetpack_newsletter_tier_id":0,"_jetpack_memberships_contains_paywalled_content":false,"_jetpack_memberships_contains_paid_content":false,"footnotes":""},"categories":[25,376],"tags":[4149,5948,2217,13103,15132,15131,3684,10399],"class_list":["post-88411","post","type-post","status-publish","format-standard","has-post-thumbnail","hentry","category-portada","category-turismo","tag-alojamiento","tag-altos","tag-calidad","tag-calificacion","tag-cuatro-diamantes","tag-dreams-macao","tag-estandares","tag-lujo"],"jetpack_featured_media_url":"https:\/\/lasprimeras.com.do\/wp-content\/uploads\/2024\/08\/Dreams-Macao.jpg","jetpack-related-posts":[{"id":118892,"url":"https:\/\/lasprimeras.com.do\/index.php\/2026\/01\/04\/casa-marina-beach-and-reef-y-select-at-casa-marina-anuncian-cambio-de-nombre\/","url_meta":{"origin":88411,"position":0},"title":"Casa Marina Beach and Reef y Select At Casa Marina anuncian cambio de nombre","author":"Nelson Feliz","date":"4 de enero de 2026","format":false,"excerpt":"Fortalecen su propuesta de hospitalidad El reconocido complejo tur\u00edstico Hotel Casa Marina Beach and Reef \u00a0y Select At Casa Marina anunciaron oficialmente un cambio de nombre, como parte de su proceso de evoluci\u00f3n estrat\u00e9gica y fortalecimiento de su identidad dentro del competitivo mercado tur\u00edstico nacional e internacional. A partir de\u2026","rel":"","context":"En \u00abTURISMO\u00bb","block_context":{"text":"TURISMO","link":"https:\/\/lasprimeras.com.do\/index.php\/category\/turismo\/"},"img":{"alt_text":"Casa Marina Beach","src":"https:\/\/i0.wp.com\/lasprimeras.com.do\/wp-content\/uploads\/2026\/01\/Casa-Marina-Beach.jpg?resize=350%2C200&ssl=1","width":350,"height":200,"srcset":"https:\/\/i0.wp.com\/lasprimeras.com.do\/wp-content\/uploads\/2026\/01\/Casa-Marina-Beach.jpg?resize=350%2C200&ssl=1 1x, https:\/\/i0.wp.com\/lasprimeras.com.do\/wp-content\/uploads\/2026\/01\/Casa-Marina-Beach.jpg?resize=525%2C300&ssl=1 1.5x, https:\/\/i0.wp.com\/lasprimeras.com.do\/wp-content\/uploads\/2026\/01\/Casa-Marina-Beach.jpg?resize=700%2C400&ssl=1 2x"},"classes":[]},{"id":88259,"url":"https:\/\/lasprimeras.com.do\/index.php\/2024\/08\/25\/que-es-la-liga-diamante-en-la-que-correra-marileidy-paulino-este-domingo\/","url_meta":{"origin":88411,"position":1},"title":"\u00bfQu\u00e9 es la Liga Diamante en la que correr\u00e1 Marileidy Paulino este domingo?","author":"Nelson Feliz","date":"25 de agosto de 2024","format":false,"excerpt":"Marileidy Paulino correr\u00e1 este domingo en la Liga Diamante luego de coronarse campeona de los 400 metros planos en los Juegos Ol\u00edmpicos de Par\u00eds 2024. Pero, \u00bfQu\u00e9 es la Liga Diamante?. La Liga Diamante es un evento anual de atletismo que se inici\u00f3 en 2010, remplazando a la denominada Golden\u2026","rel":"","context":"En \u00abSin categor\u00eda\u00bb","block_context":{"text":"Sin categor\u00eda","link":"https:\/\/lasprimeras.com.do\/index.php\/category\/sin-categoria\/"},"img":{"alt_text":"Marileidy Paulino","src":"https:\/\/i0.wp.com\/lasprimeras.com.do\/wp-content\/uploads\/2024\/08\/Marileidy-Paulino-1.jpeg?resize=350%2C200&ssl=1","width":350,"height":200,"srcset":"https:\/\/i0.wp.com\/lasprimeras.com.do\/wp-content\/uploads\/2024\/08\/Marileidy-Paulino-1.jpeg?resize=350%2C200&ssl=1 1x, https:\/\/i0.wp.com\/lasprimeras.com.do\/wp-content\/uploads\/2024\/08\/Marileidy-Paulino-1.jpeg?resize=525%2C300&ssl=1 1.5x, https:\/\/i0.wp.com\/lasprimeras.com.do\/wp-content\/uploads\/2024\/08\/Marileidy-Paulino-1.jpeg?resize=700%2C400&ssl=1 2x"},"classes":[]},{"id":123648,"url":"https:\/\/lasprimeras.com.do\/index.php\/2026\/03\/03\/presentan-city-las-terrenas-en-fitur-y-felicitan-a-rd-por-el-exito-en-la-feria\/","url_meta":{"origin":88411,"position":2},"title":"Presentan CITY Las Terrenas en FITUR y felicitan a RD por el \u00e9xito en la feria","author":"Nelson Feliz","date":"3 de marzo de 2026","format":false,"excerpt":"Madrid, Espa\u00f1a.\u2013 En el marco de la feria tur\u00edstica FITUR 2026, fue presentado el proyecto CITY \u2013 Lujo, Bienestar y Estilo, una propuesta de desarrollo tur\u00edstico concebida para elevar el est\u00e1ndar de hospitalidad en Las Terrenas, en respuesta al crecimiento sostenido del turismo y a la necesidad de ampliar la\u2026","rel":"","context":"En \u00abTURISMO\u00bb","block_context":{"text":"TURISMO","link":"https:\/\/lasprimeras.com.do\/index.php\/category\/turismo\/"},"img":{"alt_text":"","src":"https:\/\/i0.wp.com\/lasprimeras.com.do\/wp-content\/uploads\/2026\/03\/WhatsApp-Image-2026-02-03-at-11.19.01-AM.jpeg?resize=350%2C200&ssl=1","width":350,"height":200,"srcset":"https:\/\/i0.wp.com\/lasprimeras.com.do\/wp-content\/uploads\/2026\/03\/WhatsApp-Image-2026-02-03-at-11.19.01-AM.jpeg?resize=350%2C200&ssl=1 1x, https:\/\/i0.wp.com\/lasprimeras.com.do\/wp-content\/uploads\/2026\/03\/WhatsApp-Image-2026-02-03-at-11.19.01-AM.jpeg?resize=525%2C300&ssl=1 1.5x, https:\/\/i0.wp.com\/lasprimeras.com.do\/wp-content\/uploads\/2026\/03\/WhatsApp-Image-2026-02-03-at-11.19.01-AM.jpeg?resize=700%2C400&ssl=1 2x, https:\/\/i0.wp.com\/lasprimeras.com.do\/wp-content\/uploads\/2026\/03\/WhatsApp-Image-2026-02-03-at-11.19.01-AM.jpeg?resize=1050%2C600&ssl=1 3x, https:\/\/i0.wp.com\/lasprimeras.com.do\/wp-content\/uploads\/2026\/03\/WhatsApp-Image-2026-02-03-at-11.19.01-AM.jpeg?resize=1400%2C800&ssl=1 4x"},"classes":[]},{"id":63252,"url":"https:\/\/lasprimeras.com.do\/index.php\/2023\/10\/11\/cemdoe-y-hodelpa-firman-acuerdo-para-fortalecer-turismo-de-salud-en-republica-dominicana\/","url_meta":{"origin":88411,"position":3},"title":"CEMDOE y HODELPA firman acuerdo para fortalecer turismo de salud en Rep\u00fablica Dominicana","author":"Nelson Feliz","date":"11 de octubre de 2023","format":false,"excerpt":"El Centro M\u00e9dico de Diabetes, Obesidad y Especialidades (CEMDOE) y la cadena de hoteles HODELPA firmaron un acuerdo de colaboraci\u00f3n con enfoque en redefinir la experiencia tur\u00edstica en el pa\u00eds. Este acuerdo estrat\u00e9gico tiene como objetivo continuar construyendo una oferta de valor complementaria al turismo de salud en la Rep\u00fablica\u2026","rel":"","context":"En \u00abTURISMO\u00bb","block_context":{"text":"TURISMO","link":"https:\/\/lasprimeras.com.do\/index.php\/category\/turismo\/"},"img":{"alt_text":"Gaston Gabin, CEMDOE, y Yuribell Chez, HODELPA","src":"https:\/\/i0.wp.com\/lasprimeras.com.do\/wp-content\/uploads\/2023\/10\/Gaston-Gabin-CEMDOE-y-Yuribell-Chez-HODELPA-2.jpg?resize=350%2C200&ssl=1","width":350,"height":200,"srcset":"https:\/\/i0.wp.com\/lasprimeras.com.do\/wp-content\/uploads\/2023\/10\/Gaston-Gabin-CEMDOE-y-Yuribell-Chez-HODELPA-2.jpg?resize=350%2C200&ssl=1 1x, https:\/\/i0.wp.com\/lasprimeras.com.do\/wp-content\/uploads\/2023\/10\/Gaston-Gabin-CEMDOE-y-Yuribell-Chez-HODELPA-2.jpg?resize=525%2C300&ssl=1 1.5x"},"classes":[]},{"id":115382,"url":"https:\/\/lasprimeras.com.do\/index.php\/2025\/11\/21\/afp-popular-revalida-su-certificacion-iso-9001\/","url_meta":{"origin":88411,"position":4},"title":"AFP Popular revalida su certificaci\u00f3n ISO 9001","author":"Nelson Feliz","date":"21 de noviembre de 2025","format":false,"excerpt":"Norma confirma el compromiso de la empresa con el cumplimiento de est\u00e1ndares internacionales La Administradora de Fondos de Pensiones Popular (AFP Popular) revalid\u00f3 la certificaci\u00f3n de su Sistema de Gesti\u00f3n de Calidad (SGC) tras una auditor\u00eda realizada por la empresa certificadora SGS Panam\u00e1, bajo la norma ISO 9001:2015, que eval\u00faa\u2026","rel":"","context":"En \u00abECONOM\u00cdA\u00bb","block_context":{"text":"ECONOM\u00cdA","link":"https:\/\/lasprimeras.com.do\/index.php\/category\/economia\/"},"img":{"alt_text":"AFP Popular","src":"https:\/\/i0.wp.com\/lasprimeras.com.do\/wp-content\/uploads\/2025\/11\/AFP-Popular-1.jpg?resize=350%2C200&ssl=1","width":350,"height":200,"srcset":"https:\/\/i0.wp.com\/lasprimeras.com.do\/wp-content\/uploads\/2025\/11\/AFP-Popular-1.jpg?resize=350%2C200&ssl=1 1x, https:\/\/i0.wp.com\/lasprimeras.com.do\/wp-content\/uploads\/2025\/11\/AFP-Popular-1.jpg?resize=525%2C300&ssl=1 1.5x, https:\/\/i0.wp.com\/lasprimeras.com.do\/wp-content\/uploads\/2025\/11\/AFP-Popular-1.jpg?resize=700%2C400&ssl=1 2x"},"classes":[]},{"id":107308,"url":"https:\/\/lasprimeras.com.do\/index.php\/2025\/08\/25\/representante-del-servicio-secreto-de-eeuu-disertara-en-rd\/","url_meta":{"origin":88411,"position":5},"title":"Representante del servicio secreto de EEUU disertar\u00e1 en RD","author":"Nelson Feliz","date":"25 de agosto de 2025","format":false,"excerpt":"Expertos expondr\u00e1n \u00faltimas tendencias en seguridad. El Comit\u00e9 de Seguridad Bancaria Incorporada anuncia la celebraci\u00f3n de la 25 edici\u00f3n del Congreso Nacional de Seguridad, considerado el evento m\u00e1s importante del Caribe en materia de seguridad, que se llevar\u00e1 a cabo del 4 al 7 de septiembre de 2025 en el\u2026","rel":"","context":"En \u00abNACIONALES\u00bb","block_context":{"text":"NACIONALES","link":"https:\/\/lasprimeras.com.do\/index.php\/category\/nacionales\/"},"img":{"alt_text":"","src":"https:\/\/i0.wp.com\/lasprimeras.com.do\/wp-content\/uploads\/2025\/08\/Comite-de-Seguridad-Bancaria.jpg?resize=350%2C200&ssl=1","width":350,"height":200,"srcset":"https:\/\/i0.wp.com\/lasprimeras.com.do\/wp-content\/uploads\/2025\/08\/Comite-de-Seguridad-Bancaria.jpg?resize=350%2C200&ssl=1 1x, https:\/\/i0.wp.com\/lasprimeras.com.do\/wp-content\/uploads\/2025\/08\/Comite-de-Seguridad-Bancaria.jpg?resize=525%2C300&ssl=1 1.5x, https:\/\/i0.wp.com\/lasprimeras.com.do\/wp-content\/uploads\/2025\/08\/Comite-de-Seguridad-Bancaria.jpg?resize=700%2C400&ssl=1 2x"},"classes":[]}],"jetpack_sharing_enabled":true,"_links":{"self":[{"href":"https:\/\/lasprimeras.com.do\/index.php\/wp-json\/wp\/v2\/posts\/88411","targetHints":{"allow":["GET"]}}],"collection":[{"href":"https:\/\/lasprimeras.com.do\/index.php\/wp-json\/wp\/v2\/posts"}],"about":[{"href":"https:\/\/lasprimeras.com.do\/index.php\/wp-json\/wp\/v2\/types\/post"}],"author":[{"embeddable":true,"href":"https:\/\/lasprimeras.com.do\/index.php\/wp-json\/wp\/v2\/users\/2"}],"replies":[{"embeddable":true,"href":"https:\/\/lasprimeras.com.do\/index.php\/wp-json\/wp\/v2\/comments?post=88411"}],"version-history":[{"count":1,"href":"https:\/\/lasprimeras.com.do\/index.php\/wp-json\/wp\/v2\/posts\/88411\/revisions"}],"predecessor-version":[{"id":88415,"href":"https:\/\/lasprimeras.com.do\/index.php\/wp-json\/wp\/v2\/posts\/88411\/revisions\/88415"}],"wp:featuredmedia":[{"embeddable":true,"href":"https:\/\/lasprimeras.com.do\/index.php\/wp-json\/wp\/v2\/media\/88412"}],"wp:attachment":[{"href":"https:\/\/lasprimeras.com.do\/index.php\/wp-json\/wp\/v2\/media?parent=88411"}],"wp:term":[{"taxonomy":"category","embeddable":true,"href":"https:\/\/lasprimeras.com.do\/index.php\/wp-json\/wp\/v2\/categories?post=88411"},{"taxonomy":"post_tag","embeddable":true,"href":"https:\/\/lasprimeras.com.do\/index.php\/wp-json\/wp\/v2\/tags?post=88411"}],"curies":[{"name":"wp","href":"https:\/\/api.w.org\/{rel}","templated":true}]}}