{"id":88417,"date":"2024-08-27T22:37:58","date_gmt":"2024-08-28T02:37:58","guid":{"rendered":"https:\/\/lasprimeras.com.do\/?p=88417"},"modified":"2024-08-27T22:37:59","modified_gmt":"2024-08-28T02:37:59","slug":"reconocen-gestion-del-exalcalde-historico-fello-subervi-bonilla","status":"publish","type":"post","link":"https:\/\/lasprimeras.com.do\/index.php\/2024\/08\/27\/reconocen-gestion-del-exalcalde-historico-fello-subervi-bonilla\/","title":{"rendered":"Reconocen gesti\u00f3n del exalcalde hist\u00f3rico Fello Suberv\u00ed Bonilla"},"content":{"rendered":"\n<p><strong>La Alcald\u00eda del Municipio de San Antonio de Guerra nombr\u00f3 la Calle Primera del Quinto Centenario con su nombre y entreg\u00f3 placa a sus familiares.<\/strong><\/p>\n\n\n\n<p>La Alcald\u00eda del Municipio San Antonio de Guerra rindi\u00f3 homenaje al doctor Rafael Suberv\u00ed Bonilla, por ser el precursor del proyecto modelo Quinto Centenario durante su gesti\u00f3n en el Ayuntamiento del Distrito Nacional, per\u00edodo 1994-1998.<\/p>\n\n\n\n<p>En un homenaje denominado \u201cVeneraci\u00f3n a la familia Suberv\u00ed Bonilla\u201d, se reconoci\u00f3 la impronta que dej\u00f3 el doctor Suberv\u00ed durante su paso por el cabildo capitale\u00f1o y se nombr\u00f3 la Calle Primera del Quinto Centenario con su nombre.<\/p>\n\n\n\n<p>El emotivo acto estuvo encabezado por el alcalde C\u00e9sar Rojas y F\u00e9liz Baltazar, presidente del Concejo de Regidores, quienes alabaron la gesti\u00f3n desarrollada por Suberv\u00ed Bonilla en favor de miles de familias y capitale\u00f1os con la construcci\u00f3n de importantes obras viales, de recreaci\u00f3n y de remozamiento, as\u00ed como acueductos en diferentes sectores del hoy Gran Santo Domingo.<\/p>\n\n\n\n<p>La se\u00f1ora Miguelina Ortiz de Suberv\u00ed, esposa de don Fello, recibi\u00f3 la placa de reconocimiento y develiz\u00f3 el nombre de la calle.<\/p>\n\n\n\n<p>\u201cAgradezco este gesto hacia mi esposo, porque fue un hombre que entreg\u00f3 su vida a la municipalidad, pero adem\u00e1s que se distingui\u00f3 por su solidaridad y empat\u00eda. Un hombre que supo valorar el trabajo en equipo durante su ejercicio p\u00fablico y privado\u201d, expres\u00f3.<\/p>\n\n\n\n<p>Dijo que la actividad la llev\u00f3 a memorizar grandes momentos, porque ella tambi\u00e9n fue part\u00edcipe de todos los proyectos que se ejecutaron durante la gesti\u00f3n de Fello en el Ayuntamiento. \u201cMe siento muy honrada de este reconocimiento a nombre de Fello y de mis hijos\u201d, recalc\u00f3 Miguelina con la voz entrecortada por la emoci\u00f3n.<\/p>\n\n\n\n<p>Mientras que el alcalde C\u00e9sar Rojas destac\u00f3 la gran labor que hizo Suberv\u00ed Bonilla en lo que es hoy San Antonio de Guerra.<\/p>\n\n\n\n<p>\u201cHizo obras grandes y muchas peque\u00f1as, pero muy significativas en beneficio de las comunidades, como los acueductos de La Bar\u00eda, Piedra Blanca, La Reforma y Los Cocos. Hoy quisimos honrarlo y nos sentimos muy orgullosos de que Fellito, su hijo, contin\u00fae ese legado\u201d, dijo.<\/p>\n\n\n\n<p>A la actividad asistieron, adem\u00e1s, Anibal Familia y Mar\u00eda Luisa Pichardo, regidores; Rodolfo Concepci\u00f3n, presidente del PRM en esa localidad; Elido Alc\u00e1ntara y Juan Antonio Suberv\u00ed, asistente personal e hijo de don Fello, respectivamente.<\/p>\n","protected":false},"excerpt":{"rendered":"<p>La Alcald\u00eda del Municipio de San Antonio de Guerra nombr\u00f3 la Calle Primera del Quinto Centenario con su nombre y entreg\u00f3 placa a sus familiares. La Alcald\u00eda del Municipio San&hellip;<\/p>\n","protected":false},"author":2,"featured_media":88418,"comment_status":"open","ping_status":"open","sticky":false,"template":"","format":"standard","meta":{"content-type":"","jetpack_post_was_ever_published":false,"_jetpack_newsletter_access":"","_jetpack_dont_email_post_to_subs":false,"_jetpack_newsletter_tier_id":0,"_jetpack_memberships_contains_paywalled_content":false,"_jetpack_memberships_contains_paid_content":false,"footnotes":""},"categories":[35,25],"tags":[2420,15133,212,2745,1667],"class_list":["post-88417","post","type-post","status-publish","format-standard","has-post-thumbnail","hentry","category-nacionales","category-portada","tag-exalcalde","tag-fello-subervi-bonilla","tag-gestion","tag-historico","tag-reconocen"],"jetpack_featured_media_url":"https:\/\/lasprimeras.com.do\/wp-content\/uploads\/2024\/08\/fello-1.jpg","jetpack-related-posts":[{"id":103369,"url":"https:\/\/lasprimeras.com.do\/index.php\/2025\/07\/15\/fallece-fello-subervi-exalcalde-de-santo-domingo-y-destacado-dirigente-del-prd-historico\/","url_meta":{"origin":88417,"position":0},"title":"Fallece Fello Suberv\u00ed, exalcalde de Santo Domingo y destacado dirigente del PRD hist\u00f3rico","author":"Nelson Feliz","date":"15 de julio de 2025","format":false,"excerpt":"La noticia fue confirmada por su esposa Miguelina Ortiz, al programa Hoy Mismo. Rafael Antonio \"Fello\" Suberv\u00ed Bonilla, exalcalde del Distrito Nacional y uno de los pol\u00edticos emblem\u00e1ticos del Partido Revolucionario Dominicano (PRD), falleci\u00f3 este martes 15 de julio a los 83 a\u00f1os. La noticia fue confirmada por su esposa\u2026","rel":"","context":"En \u00abNACIONALES\u00bb","block_context":{"text":"NACIONALES","link":"https:\/\/lasprimeras.com.do\/index.php\/category\/nacionales\/"},"img":{"alt_text":"Rafael Antonio \"Fello\" Suberv\u00ed Bonilla","src":"https:\/\/i0.wp.com\/lasprimeras.com.do\/wp-content\/uploads\/2025\/07\/Fello_Subervi-removebg-preview.png?resize=350%2C200&ssl=1","width":350,"height":200,"srcset":"https:\/\/i0.wp.com\/lasprimeras.com.do\/wp-content\/uploads\/2025\/07\/Fello_Subervi-removebg-preview.png?resize=350%2C200&ssl=1 1x, https:\/\/i0.wp.com\/lasprimeras.com.do\/wp-content\/uploads\/2025\/07\/Fello_Subervi-removebg-preview.png?resize=525%2C300&ssl=1 1.5x"},"classes":[]},{"id":103686,"url":"https:\/\/lasprimeras.com.do\/index.php\/2025\/07\/17\/el-prd-rinde-homenaje-postumo-a-rafael-fello-subervi-bonilla\/","url_meta":{"origin":88417,"position":1},"title":"El PRD rinde homenaje p\u00f3stumo a Rafael \u201cFello\u201d Suberv\u00ed Bonilla","author":"Nelson Feliz","date":"17 de julio de 2025","format":false,"excerpt":"El Partido Revolucionario Dominicano (PRD) rindi\u00f3 este jueves tributo a Rafael Suberv\u00ed Bonilla, quien fuera dirigente suyo y alcalde del Distrito Nacional, quien falleciera este la madrugada del martes. La ceremonia, celebrada en la Casa Nacional del PRD, fue presidida por Miguel Vargas Maldonado, presidente de este partido. Cont\u00f3 con\u2026","rel":"","context":"En \u00abNACIONALES\u00bb","block_context":{"text":"NACIONALES","link":"https:\/\/lasprimeras.com.do\/index.php\/category\/nacionales\/"},"img":{"alt_text":"","src":"https:\/\/i0.wp.com\/lasprimeras.com.do\/wp-content\/uploads\/2025\/07\/Miguel-Vargas-Maldonado.jpg?resize=350%2C200&ssl=1","width":350,"height":200,"srcset":"https:\/\/i0.wp.com\/lasprimeras.com.do\/wp-content\/uploads\/2025\/07\/Miguel-Vargas-Maldonado.jpg?resize=350%2C200&ssl=1 1x, https:\/\/i0.wp.com\/lasprimeras.com.do\/wp-content\/uploads\/2025\/07\/Miguel-Vargas-Maldonado.jpg?resize=525%2C300&ssl=1 1.5x, https:\/\/i0.wp.com\/lasprimeras.com.do\/wp-content\/uploads\/2025\/07\/Miguel-Vargas-Maldonado.jpg?resize=700%2C400&ssl=1 2x"},"classes":[]},{"id":103547,"url":"https:\/\/lasprimeras.com.do\/index.php\/2025\/07\/16\/adn-declara-tres-dias-de-duelo-municipal-por-fallecimiento-de-rafael-subervi-bonilla\/","url_meta":{"origin":88417,"position":2},"title":"ADN declara &#8220;tres d\u00edas de duelo municipal&#8221; por fallecimiento de Rafael Suberv\u00ed Bonilla","author":"Nelson Feliz","date":"16 de julio de 2025","format":false,"excerpt":"Dispuso que la bandera nacional y la municipal sean colocadas a media asta los d\u00edas 16, 17 y 18 de julio. El Concejo de Regidores del Ayuntamiento del Distrito Nacional (ADN) declar\u00f3 tres d\u00edas de duelo municipal por el fallecimiento del exs\u00edndico Rafael Suberv\u00ed Bonilla (Fello), figura emblem\u00e1tica de la\u2026","rel":"","context":"En \u00abNACIONALES\u00bb","block_context":{"text":"NACIONALES","link":"https:\/\/lasprimeras.com.do\/index.php\/category\/nacionales\/"},"img":{"alt_text":"","src":"https:\/\/i0.wp.com\/lasprimeras.com.do\/wp-content\/uploads\/2025\/07\/Concejo-Regidores-ADN.jpg?resize=350%2C200&ssl=1","width":350,"height":200,"srcset":"https:\/\/i0.wp.com\/lasprimeras.com.do\/wp-content\/uploads\/2025\/07\/Concejo-Regidores-ADN.jpg?resize=350%2C200&ssl=1 1x, https:\/\/i0.wp.com\/lasprimeras.com.do\/wp-content\/uploads\/2025\/07\/Concejo-Regidores-ADN.jpg?resize=525%2C300&ssl=1 1.5x, https:\/\/i0.wp.com\/lasprimeras.com.do\/wp-content\/uploads\/2025\/07\/Concejo-Regidores-ADN.jpg?resize=700%2C400&ssl=1 2x"},"classes":[]},{"id":103405,"url":"https:\/\/lasprimeras.com.do\/index.php\/2025\/07\/15\/los-actos-funebres-en-honor-a-rafael-fello-subervi-bonilla-hoy-a-partir-de-las-400-pm\/","url_meta":{"origin":88417,"position":3},"title":"Los actos f\u00fanebres en honor a Rafael &#8211; Fello- Suberv\u00ed Bonilla hoy a partir de las 4:00 pm","author":"Nelson Feliz","date":"15 de julio de 2025","format":false,"excerpt":"La Corporaci\u00f3n del Acueducto y Alcantarillado de Santo Domingo (CAASD) expresa su profundo pesar por el fallecimiento del se\u00f1or Rafael \u201cFello\u201d Suberv\u00ed Bonilla, destacado dirigente pol\u00edtico y exalcalde del Distrito Nacional. Don Fello Suberv\u00ed deja un legado invaluable en la vida p\u00fablica dominicana, fruto de su incansable compromiso con el\u2026","rel":"","context":"En \u00abNACIONALES\u00bb","block_context":{"text":"NACIONALES","link":"https:\/\/lasprimeras.com.do\/index.php\/category\/nacionales\/"},"img":{"alt_text":"","src":"https:\/\/i0.wp.com\/lasprimeras.com.do\/wp-content\/uploads\/2025\/07\/FELLO.jpg?resize=350%2C200&ssl=1","width":350,"height":200,"srcset":"https:\/\/i0.wp.com\/lasprimeras.com.do\/wp-content\/uploads\/2025\/07\/FELLO.jpg?resize=350%2C200&ssl=1 1x, https:\/\/i0.wp.com\/lasprimeras.com.do\/wp-content\/uploads\/2025\/07\/FELLO.jpg?resize=525%2C300&ssl=1 1.5x, https:\/\/i0.wp.com\/lasprimeras.com.do\/wp-content\/uploads\/2025\/07\/FELLO.jpg?resize=700%2C400&ssl=1 2x"},"classes":[]},{"id":103681,"url":"https:\/\/lasprimeras.com.do\/index.php\/2025\/07\/17\/adn-realiza-honras-funebres-a-fello-subervi-en-el-palacio-municipal\/","url_meta":{"origin":88417,"position":4},"title":"ADN realiza honras f\u00fanebres a Fello Suberv\u00ed en el Palacio Municipal","author":"Nelson Feliz","date":"17 de julio de 2025","format":false,"excerpt":"El Ayuntamiento del Distrito Nacional realiz\u00f3 este jueves las honras f\u00fanebres al exalcalde Rafael \u201cFello\u201d Suberv\u00ed Bonilla en el Palacio Municipal. En un emotivo acto de cuerpo presente, las autoridades municipales, encabezadas por Carolina Mej\u00eda, expresaron su solidaridad y respeto a los familiares del emblem\u00e1tico l\u00edder pol\u00edtico que pereci\u00f3 la\u2026","rel":"","context":"En \u00abNACIONALES\u00bb","block_context":{"text":"NACIONALES","link":"https:\/\/lasprimeras.com.do\/index.php\/category\/nacionales\/"},"img":{"alt_text":"","src":"https:\/\/i0.wp.com\/lasprimeras.com.do\/wp-content\/uploads\/2025\/07\/ADN.jpg?resize=350%2C200&ssl=1","width":350,"height":200,"srcset":"https:\/\/i0.wp.com\/lasprimeras.com.do\/wp-content\/uploads\/2025\/07\/ADN.jpg?resize=350%2C200&ssl=1 1x, https:\/\/i0.wp.com\/lasprimeras.com.do\/wp-content\/uploads\/2025\/07\/ADN.jpg?resize=525%2C300&ssl=1 1.5x, https:\/\/i0.wp.com\/lasprimeras.com.do\/wp-content\/uploads\/2025\/07\/ADN.jpg?resize=700%2C400&ssl=1 2x"},"classes":[]},{"id":103456,"url":"https:\/\/lasprimeras.com.do\/index.php\/2025\/07\/15\/abinader-declara-duelo-oficial-por-el-fallecimiento-de-rafael-antonio-fello-subervi-bonilla\/","url_meta":{"origin":88417,"position":5},"title":"Abinader declara duelo oficial por el fallecimiento de Rafael Antonio \u00abFello\u00bb Suberv\u00ed Bonilla","author":"Nelson Feliz","date":"15 de julio de 2025","format":false,"excerpt":"El presidente Luis Abinader, mediante el decreto 387-25, declar\u00f3 para este mi\u00e9rcoles 16 de julio duelo oficial por el fallecimiento del dirigente pol\u00edtico Rafael \"Fello\" Suberv\u00ed Bonilla. Bonilla falleci\u00f3 la madrugada de este martes a los 83 a\u00f1os de edad tras complicaciones de salud. El primer mandatario instruye al Ministerio\u2026","rel":"","context":"En \u00abNACIONALES\u00bb","block_context":{"text":"NACIONALES","link":"https:\/\/lasprimeras.com.do\/index.php\/category\/nacionales\/"},"img":{"alt_text":"Rafael Antonio \"Fello\" Suberv\u00ed Bonilla","src":"https:\/\/i0.wp.com\/lasprimeras.com.do\/wp-content\/uploads\/2025\/07\/Fello_Subervi-removebg-preview.png?resize=350%2C200&ssl=1","width":350,"height":200,"srcset":"https:\/\/i0.wp.com\/lasprimeras.com.do\/wp-content\/uploads\/2025\/07\/Fello_Subervi-removebg-preview.png?resize=350%2C200&ssl=1 1x, https:\/\/i0.wp.com\/lasprimeras.com.do\/wp-content\/uploads\/2025\/07\/Fello_Subervi-removebg-preview.png?resize=525%2C300&ssl=1 1.5x"},"classes":[]}],"jetpack_sharing_enabled":true,"_links":{"self":[{"href":"https:\/\/lasprimeras.com.do\/index.php\/wp-json\/wp\/v2\/posts\/88417","targetHints":{"allow":["GET"]}}],"collection":[{"href":"https:\/\/lasprimeras.com.do\/index.php\/wp-json\/wp\/v2\/posts"}],"about":[{"href":"https:\/\/lasprimeras.com.do\/index.php\/wp-json\/wp\/v2\/types\/post"}],"author":[{"embeddable":true,"href":"https:\/\/lasprimeras.com.do\/index.php\/wp-json\/wp\/v2\/users\/2"}],"replies":[{"embeddable":true,"href":"https:\/\/lasprimeras.com.do\/index.php\/wp-json\/wp\/v2\/comments?post=88417"}],"version-history":[{"count":1,"href":"https:\/\/lasprimeras.com.do\/index.php\/wp-json\/wp\/v2\/posts\/88417\/revisions"}],"predecessor-version":[{"id":88419,"href":"https:\/\/lasprimeras.com.do\/index.php\/wp-json\/wp\/v2\/posts\/88417\/revisions\/88419"}],"wp:featuredmedia":[{"embeddable":true,"href":"https:\/\/lasprimeras.com.do\/index.php\/wp-json\/wp\/v2\/media\/88418"}],"wp:attachment":[{"href":"https:\/\/lasprimeras.com.do\/index.php\/wp-json\/wp\/v2\/media?parent=88417"}],"wp:term":[{"taxonomy":"category","embeddable":true,"href":"https:\/\/lasprimeras.com.do\/index.php\/wp-json\/wp\/v2\/categories?post=88417"},{"taxonomy":"post_tag","embeddable":true,"href":"https:\/\/lasprimeras.com.do\/index.php\/wp-json\/wp\/v2\/tags?post=88417"}],"curies":[{"name":"wp","href":"https:\/\/api.w.org\/{rel}","templated":true}]}}