{"id":88420,"date":"2024-08-27T22:49:56","date_gmt":"2024-08-28T02:49:56","guid":{"rendered":"https:\/\/lasprimeras.com.do\/?p=88420"},"modified":"2024-08-27T22:49:57","modified_gmt":"2024-08-28T02:49:57","slug":"senadores-de-rd-y-representantes-del-estado-ny-impulsaran-en-beneficio-de-la-diaspora","status":"publish","type":"post","link":"https:\/\/lasprimeras.com.do\/index.php\/2024\/08\/27\/senadores-de-rd-y-representantes-del-estado-ny-impulsaran-en-beneficio-de-la-diaspora\/","title":{"rendered":"Senadores de RD y representantes del Estado NY impulsar\u00e1n en beneficio de la di\u00e1spora"},"content":{"rendered":"\n<p>En el marco del tercer encuentro entre legisladores dominicanos y del Estado de New York, el presidente del Senado, Ricardo de los Santos plante\u00f3 una serie de acciones para el intercambio comercial, cultural y econ\u00f3mico en favor de los dominicanos que residen en los Estados Unidos.<\/p>\n\n\n\n<p>Las propuestas fueron presentadas por la senadora L\u00eda D\u00edaz de D\u00edaz, secretaria del bufete directivo quien habl\u00f3 en representaci\u00f3n del presidente del Senado, durante un conversatorio desarrollado en el sal\u00f3n Polivalente del Senado de la Rep\u00fablica, y que cont\u00f3 con la presencia del senador Alexis Victoria Yeb, coordinador de estas jornadas interparlamentarias.<\/p>\n\n\n\n<p>El senador por la provincia S\u00e1nchez Ram\u00edrez respald\u00f3 la creaci\u00f3n de una mesa de trabajo, v\u00eda una comisi\u00f3n de dominicanos residentes en el exterior para dar seguimiento a temas y planes que permitan implementar resoluciones y proyectos que fortalezcan las relaciones entre ambas naciones y los estados que albergan a un gran n\u00famero de dominicanos en ese pa\u00eds.<\/p>\n\n\n\n<p>El planteamiento fue hecho ante una delegaci\u00f3n de congresistas norteamericanos, encabezada por el senador Luis Sep\u00falveda; y compuesta, adem\u00e1s por Phil Ramos, vicepresidente de la Asamblea de Nueva York; los asamble\u00edstas Amanda S\u00e9ptimo, Al Taylor, y Landon Dais; y Rafael Salamanca, concejal municipal del Distrito 17 de New York.<\/p>\n\n\n\n<p>&nbsp;Ricardo de los Santos, destac\u00f3 la trascendencia de estos encuentros, \u201cDeseamos entablar un di\u00e1logo fruct\u00edfero que fomente la cooperaci\u00f3n y fortalezca los lazos de amistad entre nuestros pueblos y gobiernos.<\/p>\n\n\n\n<p>La colaboraci\u00f3n entre nuestras naciones no solo beneficia a nuestras instituciones, sino que tiene un impacto positivo en la vida de millones de ciudadanos que, en el contexto global actual, buscan una conexi\u00f3n m\u00e1s profunda y un apoyo mutuo m\u00e1s s\u00f3lido\u201d, precis\u00f3.<\/p>\n\n\n\n<p>\u201cEstas reuniones buscan fortalecer la colaboraci\u00f3n y el entendimiento entre legisladores de la Rep\u00fablica Dominicana y del Estado de Nueva York, facilitando la resoluci\u00f3n de problemas comunes y promoviendo el bienestar de nuestros ciudadanos\u201d, manifest\u00f3.<\/p>\n\n\n\n<p>De los Santos destac\u00f3 el valioso trabajo de la comisi\u00f3n que preside el senador Luis Sep\u00falveda, quien dijo ha logrado avances concretos como la cooperaci\u00f3n en transporte y la homologaci\u00f3n de licencias de conducir, adem\u00e1s de las resoluciones legislativas que reconocen nuestras fechas patrias en el estado norteamericano.<\/p>\n\n\n\n<p>\u201cNos comprometemos, en ese orden, a apoyar la creaci\u00f3n de esa mesa de trabajo a trav\u00e9s de la Comisi\u00f3n de Dominicanos Residentes en el Exterior, porque nos permitir\u00e1 dar seguimiento a los temas tratados en este di\u00e1logo de alto nivel y facilitar\u00e1 la implementaci\u00f3n de resoluciones y proyectos que fortalecer\u00e1n las relaciones con los estados donde residen un significativo n\u00famero de dominicanos\u201d, se\u00f1al\u00f3.<\/p>\n\n\n\n<p>Como parte de la propuesta presentada, De los Santos explic\u00f3 que propondr\u00e1 un proyecto de ley para que el 26 de enero, junto con la fecha de nacimiento del Padre de la Patria, Juan Pablo Duarte, tambi\u00e9n se conmemore el D\u00eda del Dominicano en el Exterior, por dignificar la unidad y la identidad del pueblo dominicano.<\/p>\n\n\n\n<p>Adem\u00e1s, sugiere la creaci\u00f3n del premio del Senado Juan Pablo Duarte, para reconocer a personalidades e instituciones que trabajen a favor de la comunidad dominicana en el exterior y que realicen aportes a la Rep\u00fablica Dominicana, bajo la coordinaci\u00f3n de la Comisi\u00f3n de Dominicanos Residentes en el Exterior, para trabajar en la resoluci\u00f3n que crear\u00e1 las bases de selecci\u00f3n y las actividades para el acto de entrega.<\/p>\n\n\n\n<p>El presidente Ricardo de los Santos present\u00f3, adem\u00e1s, una propuesta que consiste en realizar un Foro de Legislaci\u00f3n de Ultramar y Di\u00e1spora, que se llevar\u00eda a cabo en la ciudad de Nueva York, para integrar a los l\u00edderes legislativos y a los diversos sectores de la comunidad dominicana, con el objetivo de promover un di\u00e1logo productivo sobre temas de inter\u00e9s com\u00fan.<\/p>\n\n\n\n<p>La propuesta contempla una reuni\u00f3n interparlamentaria con el Senado de Nueva York para continuar abordando temas relevantes de inter\u00e9s entre ambos pa\u00edses, como son el comercio, la econom\u00eda. Inmigraci\u00f3n, desarrollo sostenible, salud p\u00fablica, educaci\u00f3n, cultura y derechos humanos, entre otros.<\/p>\n","protected":false},"excerpt":{"rendered":"<p>En el marco del tercer encuentro entre legisladores dominicanos y del Estado de New York, el presidente del Senado, Ricardo de los Santos plante\u00f3 una serie de acciones para el&hellip;<\/p>\n","protected":false},"author":2,"featured_media":88421,"comment_status":"open","ping_status":"open","sticky":false,"template":"","format":"standard","meta":{"content-type":"","jetpack_post_was_ever_published":false,"_jetpack_newsletter_access":"","_jetpack_dont_email_post_to_subs":false,"_jetpack_newsletter_tier_id":0,"_jetpack_memberships_contains_paywalled_content":false,"_jetpack_memberships_contains_paid_content":false,"footnotes":""},"categories":[35,25],"tags":[15136,14856,1034,2329,15134,2271,813,15135,7567],"class_list":["post-88420","post","type-post","status-publish","format-standard","has-post-thumbnail","hentry","category-nacionales","category-portada","tag-academicos","tag-beneficio","tag-culturales","tag-diaspora","tag-estado-ny","tag-representantes","tag-salud","tag-senadores-de-rd","tag-temas"],"jetpack_featured_media_url":"https:\/\/lasprimeras.com.do\/wp-content\/uploads\/2024\/08\/legisladores.jpg","jetpack-related-posts":[{"id":58229,"url":"https:\/\/lasprimeras.com.do\/index.php\/2023\/08\/21\/senado-rd-y-senado-ny-fortalecen-cooperacion-a-favor-de-la-diaspora-dominicana\/","url_meta":{"origin":88420,"position":0},"title":"Senado RD y Senado NY fortalecen cooperaci\u00f3n a favor de la di\u00e1spora dominicana","author":"Nelson Feliz","date":"21 de agosto de 2023","format":false,"excerpt":"El presidente del Senado, Ricardo De los Santos, junto a una comisi\u00f3n de senadores, recibi\u00f3 la segunda visita de una delegaci\u00f3n del Senado del Estado de Nueva York, en un encuentro llevado a cabo en el sal\u00f3n Polivalente de la C\u00e1mara Alta. El Senado de la Rep\u00fablica y el Senado\u2026","rel":"","context":"En \u00abPORTADA\u00bb","block_context":{"text":"PORTADA","link":"https:\/\/lasprimeras.com.do\/index.php\/category\/portada\/"},"img":{"alt_text":"","src":"https:\/\/i0.wp.com\/lasprimeras.com.do\/wp-content\/uploads\/2023\/08\/senado-2.jpg?resize=350%2C200&ssl=1","width":350,"height":200,"srcset":"https:\/\/i0.wp.com\/lasprimeras.com.do\/wp-content\/uploads\/2023\/08\/senado-2.jpg?resize=350%2C200&ssl=1 1x, https:\/\/i0.wp.com\/lasprimeras.com.do\/wp-content\/uploads\/2023\/08\/senado-2.jpg?resize=525%2C300&ssl=1 1.5x, https:\/\/i0.wp.com\/lasprimeras.com.do\/wp-content\/uploads\/2023\/08\/senado-2.jpg?resize=700%2C400&ssl=1 2x"},"classes":[]},{"id":52373,"url":"https:\/\/lasprimeras.com.do\/index.php\/2023\/06\/09\/senado-de-ny-aprueba-homologacion-de-licencia-de-conducir-dominicana\/","url_meta":{"origin":88420,"position":1},"title":"Senado de NY aprueba homologaci\u00f3n de licencia de conducir dominicana","author":"prenxa100","date":"9 de junio de 2023","format":false,"excerpt":"El Senado del Estado de Nueva York (NY) anunci\u00f3 la aprobaci\u00f3n del proyecto de Ley S4329A, que le permitir\u00e1 a la di\u00e1spora dominicana asentada en ese estado homologar su licencia de conducir. El logro legislativo de ese proyecto, auspiciado por el senador de NY Luis Sep\u00falveda, crea un precedente para\u2026","rel":"","context":"En \u00abNACIONALES\u00bb","block_context":{"text":"NACIONALES","link":"https:\/\/lasprimeras.com.do\/index.php\/category\/nacionales\/"},"img":{"alt_text":"","src":"","width":0,"height":0},"classes":[]},{"id":109414,"url":"https:\/\/lasprimeras.com.do\/index.php\/2025\/09\/16\/senadores-dominicanos-y-legisladores-del-estado-de-ny-realizan-encuentro-para-fortalecer-lazos-de-cooperacion-2\/","url_meta":{"origin":88420,"position":2},"title":"Senadores dominicanos y legisladores del Estado de NY realizan encuentro para fortalecer lazos de cooperaci\u00f3n","author":"Nelson Feliz","date":"16 de septiembre de 2025","format":false,"excerpt":"La Comisi\u00f3n de Relaciones Exteriores y Cooperaci\u00f3n Internacional del Senado de Rep\u00fablica recibi\u00f3 la visita de la cuarta delegaci\u00f3n oficial de legisladores y oficiales electos del Estado de New York, con el objetivo de fortalecer los lazos de cooperaci\u00f3n en materia educativa, cultural, econ\u00f3mica y legislativa. La comisi\u00f3n de legisladores\u2026","rel":"","context":"En \u00abSin categor\u00eda\u00bb","block_context":{"text":"Sin categor\u00eda","link":"https:\/\/lasprimeras.com.do\/index.php\/category\/sin-categoria\/"},"img":{"alt_text":"","src":"https:\/\/i0.wp.com\/lasprimeras.com.do\/wp-content\/uploads\/2025\/09\/SENADO-1.jpg?resize=350%2C200&ssl=1","width":350,"height":200,"srcset":"https:\/\/i0.wp.com\/lasprimeras.com.do\/wp-content\/uploads\/2025\/09\/SENADO-1.jpg?resize=350%2C200&ssl=1 1x, https:\/\/i0.wp.com\/lasprimeras.com.do\/wp-content\/uploads\/2025\/09\/SENADO-1.jpg?resize=525%2C300&ssl=1 1.5x, https:\/\/i0.wp.com\/lasprimeras.com.do\/wp-content\/uploads\/2025\/09\/SENADO-1.jpg?resize=700%2C400&ssl=1 2x"},"classes":[]},{"id":109262,"url":"https:\/\/lasprimeras.com.do\/index.php\/2025\/09\/15\/senadores-dominicanos-y-legisladores-del-estado-de-ny-realizan-encuentro-para-fortalecer-lazos-de-cooperacion\/","url_meta":{"origin":88420,"position":3},"title":"Senadores dominicanos y legisladores del Estado de NY realizan encuentro para fortalecer lazos de cooperaci\u00f3n","author":"Nelson Feliz","date":"15 de septiembre de 2025","format":false,"excerpt":"La Comisi\u00f3n de Relaciones Exteriores y Cooperaci\u00f3n Internacional del Senado de Rep\u00fablica recibi\u00f3 la visita de la cuarta delegaci\u00f3n oficial de legisladores y oficiales electos del Estado de New York, con el objetivo de fortalecer los lazos de cooperaci\u00f3n en materia educativa, cultural, econ\u00f3mica y legislativa. La comisi\u00f3n de legisladores\u2026","rel":"","context":"En \u00abNACIONALES\u00bb","block_context":{"text":"NACIONALES","link":"https:\/\/lasprimeras.com.do\/index.php\/category\/nacionales\/"},"img":{"alt_text":"","src":"https:\/\/i0.wp.com\/lasprimeras.com.do\/wp-content\/uploads\/2025\/09\/senadores.jpg?resize=350%2C200&ssl=1","width":350,"height":200,"srcset":"https:\/\/i0.wp.com\/lasprimeras.com.do\/wp-content\/uploads\/2025\/09\/senadores.jpg?resize=350%2C200&ssl=1 1x, https:\/\/i0.wp.com\/lasprimeras.com.do\/wp-content\/uploads\/2025\/09\/senadores.jpg?resize=525%2C300&ssl=1 1.5x, https:\/\/i0.wp.com\/lasprimeras.com.do\/wp-content\/uploads\/2025\/09\/senadores.jpg?resize=700%2C400&ssl=1 2x"},"classes":[]},{"id":88436,"url":"https:\/\/lasprimeras.com.do\/index.php\/2024\/08\/28\/senado-ny-reconoce-presidente-senado-por-esfuerzos-para-mejorar-calidad-vida-de-dominicanos\/","url_meta":{"origin":88420,"position":4},"title":"Senado NY reconoce presidente Senado por esfuerzos para mejorar calidad vida de dominicanos","author":"Nelson Feliz","date":"28 de agosto de 2024","format":false,"excerpt":"El presidente del Senado, Ricardo de los Santos, fue reconocido por el Senado del Estado de Nueva York, Estados Unidos, por su esfuerzo en busca de mecanismos para mejorar la calidad de vida de los dominicanos residentes en el pa\u00eds y en el exterior. La entrega de la distinci\u00f3n la\u2026","rel":"","context":"En \u00abNACIONALES\u00bb","block_context":{"text":"NACIONALES","link":"https:\/\/lasprimeras.com.do\/index.php\/category\/nacionales\/"},"img":{"alt_text":"Ricardo de los Santos","src":"https:\/\/i0.wp.com\/lasprimeras.com.do\/wp-content\/uploads\/2024\/08\/Ricardo-de-los-Santos-2-2.jpg?resize=350%2C200&ssl=1","width":350,"height":200,"srcset":"https:\/\/i0.wp.com\/lasprimeras.com.do\/wp-content\/uploads\/2024\/08\/Ricardo-de-los-Santos-2-2.jpg?resize=350%2C200&ssl=1 1x, https:\/\/i0.wp.com\/lasprimeras.com.do\/wp-content\/uploads\/2024\/08\/Ricardo-de-los-Santos-2-2.jpg?resize=525%2C300&ssl=1 1.5x, https:\/\/i0.wp.com\/lasprimeras.com.do\/wp-content\/uploads\/2024\/08\/Ricardo-de-los-Santos-2-2.jpg?resize=700%2C400&ssl=1 2x"},"classes":[]},{"id":100207,"url":"https:\/\/lasprimeras.com.do\/index.php\/2025\/06\/03\/organizacion-de-ministros-hispanos-ny-hara-tradicional-desayuno-abrazo-boricua-2025\/","url_meta":{"origin":88420,"position":5},"title":"Organizaci\u00f3n de Ministros Hispanos NY har\u00e1 tradicional \u00abDesayuno Abrazo Boricua 2025\u00bb","author":"Nelson Feliz","date":"3 de junio de 2025","format":false,"excerpt":"Reconocer\u00e1n legisladores Puerto Rico y la Rep\u00fablica Dominicana. Por Ram\u00f3n Mercedes NUEVA YORK.- La Organizaci\u00f3n de Ministros Hispanos de NY, que preside el reverendo Rub\u00e9n D\u00edaz, har\u00e1 su tradicional \u00abDesayuno Abrazo Boricua\u00bb este jueves en El Bronx, donde ser\u00e1n reconocidos legisladores de Puerto Rico y la Rep\u00fablica Dominicana. Este es\u2026","rel":"","context":"En \u00abINTERNACIONALES\u00bb","block_context":{"text":"INTERNACIONALES","link":"https:\/\/lasprimeras.com.do\/index.php\/category\/sin-categoria\/internacionales\/"},"img":{"alt_text":"Organizaci\u00f3n de Ministros Hispanos NY har\u00e1 tradicional \u00abDesayuno Abrazo Boricua 2025\u00bb; reconocer\u00e1n legisladores PR y RD","src":"https:\/\/i0.wp.com\/lasprimeras.com.do\/wp-content\/uploads\/2025\/06\/WhatsApp-Image-2025-06-03-at-6.09.04-AM-3.jpeg?resize=350%2C200&ssl=1","width":350,"height":200,"srcset":"https:\/\/i0.wp.com\/lasprimeras.com.do\/wp-content\/uploads\/2025\/06\/WhatsApp-Image-2025-06-03-at-6.09.04-AM-3.jpeg?resize=350%2C200&ssl=1 1x, https:\/\/i0.wp.com\/lasprimeras.com.do\/wp-content\/uploads\/2025\/06\/WhatsApp-Image-2025-06-03-at-6.09.04-AM-3.jpeg?resize=525%2C300&ssl=1 1.5x, https:\/\/i0.wp.com\/lasprimeras.com.do\/wp-content\/uploads\/2025\/06\/WhatsApp-Image-2025-06-03-at-6.09.04-AM-3.jpeg?resize=700%2C400&ssl=1 2x"},"classes":[]}],"jetpack_sharing_enabled":true,"_links":{"self":[{"href":"https:\/\/lasprimeras.com.do\/index.php\/wp-json\/wp\/v2\/posts\/88420","targetHints":{"allow":["GET"]}}],"collection":[{"href":"https:\/\/lasprimeras.com.do\/index.php\/wp-json\/wp\/v2\/posts"}],"about":[{"href":"https:\/\/lasprimeras.com.do\/index.php\/wp-json\/wp\/v2\/types\/post"}],"author":[{"embeddable":true,"href":"https:\/\/lasprimeras.com.do\/index.php\/wp-json\/wp\/v2\/users\/2"}],"replies":[{"embeddable":true,"href":"https:\/\/lasprimeras.com.do\/index.php\/wp-json\/wp\/v2\/comments?post=88420"}],"version-history":[{"count":1,"href":"https:\/\/lasprimeras.com.do\/index.php\/wp-json\/wp\/v2\/posts\/88420\/revisions"}],"predecessor-version":[{"id":88422,"href":"https:\/\/lasprimeras.com.do\/index.php\/wp-json\/wp\/v2\/posts\/88420\/revisions\/88422"}],"wp:featuredmedia":[{"embeddable":true,"href":"https:\/\/lasprimeras.com.do\/index.php\/wp-json\/wp\/v2\/media\/88421"}],"wp:attachment":[{"href":"https:\/\/lasprimeras.com.do\/index.php\/wp-json\/wp\/v2\/media?parent=88420"}],"wp:term":[{"taxonomy":"category","embeddable":true,"href":"https:\/\/lasprimeras.com.do\/index.php\/wp-json\/wp\/v2\/categories?post=88420"},{"taxonomy":"post_tag","embeddable":true,"href":"https:\/\/lasprimeras.com.do\/index.php\/wp-json\/wp\/v2\/tags?post=88420"}],"curies":[{"name":"wp","href":"https:\/\/api.w.org\/{rel}","templated":true}]}}