{"id":88426,"date":"2024-08-27T23:08:16","date_gmt":"2024-08-28T03:08:16","guid":{"rendered":"https:\/\/lasprimeras.com.do\/?p=88426"},"modified":"2024-08-27T23:08:17","modified_gmt":"2024-08-28T03:08:17","slug":"jesus-camilo-pide-al-gobierno-retomar-proyecto-ciudad-del-nino","status":"publish","type":"post","link":"https:\/\/lasprimeras.com.do\/index.php\/2024\/08\/27\/jesus-camilo-pide-al-gobierno-retomar-proyecto-ciudad-del-nino\/","title":{"rendered":"Jes\u00fas Camilo pide al gobierno retomar proyecto &#8220;Ciudad del Ni\u00f1o&#8221;"},"content":{"rendered":"\n<p><strong>Seg\u00fan datos indagados, hay 13,689.62 metros de terrenos aprovechables.<\/strong><\/p>\n\n\n\n<p>El periodista conductor y productor del programa &#8220;Enfoque 16&#8221;, Jes\u00fas Camilo, propuso al gobierno del presidente Luis Abinader, ampliar la obra &#8220;Ciudad del Ni\u00f1o&#8221;, iniciada en 1987 con unos pocos recursos econ\u00f3micos recaudados en una telemarat\u00f3n que realizara su propulsor, Rafael Corpor\u00e1n de los Santos, pero cinco a\u00f1os m\u00e1s tarde fue paralizada por falta de presupuesto.<\/p>\n\n\n\n<p>Dijo que el proyecto dispone de 13,689.62 metros de terrenos aprovechables, ya que unos 2,917 fueron utilizados para la construcci\u00f3n del Centro de Atenci\u00f3n Integral para Adolescentes en Conflicto con la Ley Penal, con capacidad de albergue para 150 internos, construido en 2015 por el gobierno, a trav\u00e9s de la Procuradur\u00eda General de la Rep\u00fablica.<\/p>\n\n\n\n<p>Plante\u00f3 que la obra ser\u00eda de gran importancia para personas con problemas mentales y en estado de indigencia, que deambulan por las calles sin dolientes y sin que se le brinde una adecuada atenci\u00f3n.<\/p>\n\n\n\n<p>Afirma que, aunque existen las Unidades&nbsp;de&nbsp;Intervenci\u00f3n en Crisis para adultos, en distintos hospitales, las mismas no cuentan con un personal suficiente ni especializado para atender a pacientes psiqui\u00e1tricos, en cumplimiento a la ley 12-06 sobre salud mental y 42-01 general de Salud.<\/p>\n\n\n\n<p>Camilo, indic\u00f3 que la obra que se levantar\u00eda en el sector Caballona, municipio Santo Domingo Oeste, sector que hoy pertenece al municipio Los Alcarrizos, podr\u00eda ser completada con varios pabellones m\u00e1s, para albergar a estas personas en estado de vulnerabilidad y que el gobierno, muy bien podr\u00eda aprovechar el d\u00e9ficit de enfermeras en el sector Salud para capacitar a ese personal y destinarlos a esos servicios.<\/p>\n\n\n\n<p>Record\u00f3 que &#8220;Ciudad del Ni\u00f1o&#8221; dispone de un solar de 16,596.62 metros cuadrados y para la construcci\u00f3n del Centro de Atenci\u00f3n Integral para Adolescentes solo se utilizaron 2,917, cuyo restante podr\u00eda ser destinado a la construcci\u00f3n de otras importantes obras, que beneficiaria grandemente a la comunidad y al pa\u00eds en sentido general.<\/p>\n\n\n\n<p>De igual manera, el comentarista de televisi\u00f3n, indic\u00f3 que el gobierno, a trav\u00e9s de Obras P\u00fablicas, puede hacer un descenso de las edificaciones, analizar la factibilidad de la obra y determinar si procede continuar la construcci\u00f3n.<\/p>\n\n\n\n<p>La Ciudad del Ni\u00f1o, un proyecto habitacional so\u00f1ado por el fenecido comunicador Rafael Corpor\u00e1n de los Santos, acoger\u00eda a menores de edad que por alguna raz\u00f3n estuviesen separados de sus familias, y pernoctaban en las calles, quienes tendr\u00edan la oportunidad de contar con un refugio que le ayudar\u00eda a su reinserci\u00f3n social.<\/p>\n\n\n\n<p>Historia del proyecto<\/p>\n\n\n\n<p>En enero del a\u00f1o 2002 el expresidente Hip\u00f3lito Mej\u00eda, anunci\u00f3 la terminaci\u00f3n de \u201cLa Ciudad del Ni\u00f1o\u201d, con una inversi\u00f3n de alrededor de RD$205 millones, promesa que no llego a consumarse, alrededor de diez a\u00f1os m\u00e1s tarde, en septiembre de 2013 mediante el decreto 265-13, el primer mandatario Danilo Medina, otorg\u00f3 el \u00e1rea a la Procuradur\u00eda General de la Rep\u00fablica.<\/p>\n\n\n\n<p>All\u00ed fue iniciado en el 2014 y entregado en marzo del 2015, el Centro de Atenci\u00f3n Integral de la Ciudad del Ni\u00f1o, donde se impartir\u00eda un proceso de rehabilitaci\u00f3n a trav\u00e9s de un programa integral de formaci\u00f3n acad\u00e9mica, art\u00edstica y en valores.<\/p>\n","protected":false},"excerpt":{"rendered":"<p>Seg\u00fan datos indagados, hay 13,689.62 metros de terrenos aprovechables. El periodista conductor y productor del programa &#8220;Enfoque 16&#8221;, Jes\u00fas Camilo, propuso al gobierno del presidente Luis Abinader, ampliar la obra&hellip;<\/p>\n","protected":false},"author":2,"featured_media":88427,"comment_status":"open","ping_status":"open","sticky":false,"template":"","format":"standard","meta":{"content-type":"","jetpack_post_was_ever_published":false,"_jetpack_newsletter_access":"","_jetpack_dont_email_post_to_subs":false,"_jetpack_newsletter_tier_id":0,"_jetpack_memberships_contains_paywalled_content":false,"_jetpack_memberships_contains_paid_content":false,"footnotes":""},"categories":[35],"tags":[15140,171,10881,604,276],"class_list":["post-88426","post","type-post","status-publish","format-standard","has-post-thumbnail","hentry","category-nacionales","tag-ciudad-del-nino","tag-gobierno","tag-jesus-camilo","tag-periodista","tag-proyecto"],"jetpack_featured_media_url":"https:\/\/lasprimeras.com.do\/wp-content\/uploads\/2024\/08\/camilo.jpg","jetpack-related-posts":[{"id":70948,"url":"https:\/\/lasprimeras.com.do\/index.php\/2023\/12\/15\/janet-camilo-destaca-repunte-candidatura-diputado-de-ultramar-en-europa-jesus-jourdain\/","url_meta":{"origin":88426,"position":0},"title":"Janet Camilo destaca repunte candidatura diputado de ultramar en Europa, Jes\u00fas Jourdain","author":"BIMARY DE JES\u00daS Matos","date":"15 de diciembre de 2023","format":false,"excerpt":"Santo Domingo.-El candidato a diputado de ultramar en Europa, Jes\u00fas Jourdain recibi\u00f3 el espaldarazo de la presidenta en funciones del Partido Revolucionario Dominicano (PRD), Janet Camilo, durante un encuentro con la dirigencia de esa organizaci\u00f3n en la ciudad de Madrid, Espa\u00f1a. La tambi\u00e9n candidata a vicealcaldesa del Distrito Nacional particip\u00f3\u2026","rel":"","context":"En \u00abSin categor\u00eda\u00bb","block_context":{"text":"Sin categor\u00eda","link":"https:\/\/lasprimeras.com.do\/index.php\/category\/sin-categoria\/"},"img":{"alt_text":"","src":"https:\/\/i0.wp.com\/lasprimeras.com.do\/wp-content\/uploads\/2023\/12\/WhatsApp-Image-2023-12-14-at-4.48.00-PM-18.jpeg?resize=350%2C200&ssl=1","width":350,"height":200},"classes":[]},{"id":73860,"url":"https:\/\/lasprimeras.com.do\/index.php\/2024\/01\/17\/janet-camilo-asegura-gerencia-de-carolina-mejia-es-una-gestion-cosmetica\/","url_meta":{"origin":88426,"position":1},"title":"Janet Camilo asegura gerencia de Carolina Mej\u00eda es una gesti\u00f3n \u201ccosm\u00e9tica\u201d","author":"BIMARY DE JES\u00daS Matos","date":"17 de enero de 2024","format":false,"excerpt":"Santo Domingo.-La aspirante a la Alcald\u00eda del Distrito Nacional por la alianza \u201cRescate RD\u201d, Janet Camilo, asegur\u00f3 que la gesti\u00f3n de la actual alcaldesa Carolina Mej\u00eda es una gesti\u00f3n \u201ccosm\u00e9tica\u201d y llena de promesas incumplidas que, pese a tener el apoyo de Gobierno, no ha hecho lo que prometi\u00f3 por\u2026","rel":"","context":"En \u00abSin categor\u00eda\u00bb","block_context":{"text":"Sin categor\u00eda","link":"https:\/\/lasprimeras.com.do\/index.php\/category\/sin-categoria\/"},"img":{"alt_text":"","src":"https:\/\/i0.wp.com\/lasprimeras.com.do\/wp-content\/uploads\/2024\/01\/Declaraciones-de-madre-del-nino-ultimado-por-su-tia-en-Veron-5-4.jpg?resize=350%2C200&ssl=1","width":350,"height":200,"srcset":"https:\/\/i0.wp.com\/lasprimeras.com.do\/wp-content\/uploads\/2024\/01\/Declaraciones-de-madre-del-nino-ultimado-por-su-tia-en-Veron-5-4.jpg?resize=350%2C200&ssl=1 1x, https:\/\/i0.wp.com\/lasprimeras.com.do\/wp-content\/uploads\/2024\/01\/Declaraciones-de-madre-del-nino-ultimado-por-su-tia-en-Veron-5-4.jpg?resize=525%2C300&ssl=1 1.5x"},"classes":[]},{"id":81926,"url":"https:\/\/lasprimeras.com.do\/index.php\/2024\/04\/26\/cdp-reconoce-trayectoria-del-periodista-jesus-camilo\/","url_meta":{"origin":88426,"position":2},"title":"CDP reconoce trayectoria del periodista Jes\u00fas Camilo","author":"BIMARY DE JES\u00daS Matos","date":"26 de abril de 2024","format":false,"excerpt":"Santo Domingo, RD.- A trav\u00e9s de la seccional Distrito Nacional, el Colegio Dominicano de Periodistas (CDP), reconoci\u00f3 al periodista Jes\u00fas Camilo, reportero de la Red Nacional de Noticias (RNN), Canal 27, entre 28 profesionales del \u00e1rea, galardonados por su destacada labor en el ejercicio de una labor imparcial, objetiva y\u2026","rel":"","context":"En \u00abPORTADA\u00bb","block_context":{"text":"PORTADA","link":"https:\/\/lasprimeras.com.do\/index.php\/category\/portada\/"},"img":{"alt_text":"","src":"https:\/\/i0.wp.com\/lasprimeras.com.do\/wp-content\/uploads\/2024\/04\/WhatsApp-Image-2024-04-26-at-12.16.00-PM.jpeg?resize=350%2C200&ssl=1","width":350,"height":200,"srcset":"https:\/\/i0.wp.com\/lasprimeras.com.do\/wp-content\/uploads\/2024\/04\/WhatsApp-Image-2024-04-26-at-12.16.00-PM.jpeg?resize=350%2C200&ssl=1 1x, https:\/\/i0.wp.com\/lasprimeras.com.do\/wp-content\/uploads\/2024\/04\/WhatsApp-Image-2024-04-26-at-12.16.00-PM.jpeg?resize=525%2C300&ssl=1 1.5x, https:\/\/i0.wp.com\/lasprimeras.com.do\/wp-content\/uploads\/2024\/04\/WhatsApp-Image-2024-04-26-at-12.16.00-PM.jpeg?resize=700%2C400&ssl=1 2x, https:\/\/i0.wp.com\/lasprimeras.com.do\/wp-content\/uploads\/2024\/04\/WhatsApp-Image-2024-04-26-at-12.16.00-PM.jpeg?resize=1050%2C600&ssl=1 3x, https:\/\/i0.wp.com\/lasprimeras.com.do\/wp-content\/uploads\/2024\/04\/WhatsApp-Image-2024-04-26-at-12.16.00-PM.jpeg?resize=1400%2C800&ssl=1 4x"},"classes":[]},{"id":72825,"url":"https:\/\/lasprimeras.com.do\/index.php\/2024\/01\/03\/periodista-exige-mayor-equidad-en-publicidad-estatal-en-cumplimiento-a-decreto-1-24\/","url_meta":{"origin":88426,"position":3},"title":"Periodista exige mayor equidad en publicidad Estatal en cumplimiento a Decreto 1-24","author":"Nelson Feliz","date":"3 de enero de 2024","format":false,"excerpt":"Tras la emisi\u00f3n del Decreto presidencial 1-24, por parte del presidente Luis Abinader, para democratizar la publicidad Estatal, el periodista Jes\u00fas Camilo inst\u00f3 a sus colegas, comunicadores y a propietarios de medios digitales a convertirse en veedores de las campa\u00f1as publicitarias que impulsar\u00e1n las distintas instituciones del gobierno, en procura\u2026","rel":"","context":"En \u00abNACIONALES\u00bb","block_context":{"text":"NACIONALES","link":"https:\/\/lasprimeras.com.do\/index.php\/category\/nacionales\/"},"img":{"alt_text":"Jesus Camilo","src":"https:\/\/i0.wp.com\/lasprimeras.com.do\/wp-content\/uploads\/2024\/01\/Jesus-Camilo.jpg?resize=350%2C200&ssl=1","width":350,"height":200,"srcset":"https:\/\/i0.wp.com\/lasprimeras.com.do\/wp-content\/uploads\/2024\/01\/Jesus-Camilo.jpg?resize=350%2C200&ssl=1 1x, https:\/\/i0.wp.com\/lasprimeras.com.do\/wp-content\/uploads\/2024\/01\/Jesus-Camilo.jpg?resize=525%2C300&ssl=1 1.5x, https:\/\/i0.wp.com\/lasprimeras.com.do\/wp-content\/uploads\/2024\/01\/Jesus-Camilo.jpg?resize=700%2C400&ssl=1 2x"},"classes":[]},{"id":65371,"url":"https:\/\/lasprimeras.com.do\/index.php\/2023\/10\/27\/janet-camilo-el-pacto-nacional-no-es-mas-que-bulto-allante-y-movimiento-del-gobierno\/","url_meta":{"origin":88426,"position":4},"title":"Janet Camilo: \u201cEl Pacto Nacional no es m\u00e1s que bulto, allante y movimiento del Gobierno\u201d","author":"BIMARY DE JES\u00daS Matos","date":"27 de octubre de 2023","format":false,"excerpt":"Santo Domingo.-La presidenta en funciones del Partido Revolucionario Dominicano (PRD) Janet Camilo, calific\u00f3 de \u201cbulto, allante y movimiento\u201d el Pacto de Naci\u00f3n ante la crisis en Hait\u00ed, firmado ayer por el presidente de la Rep\u00fablica, Luis Abinader y 28 partidos pol\u00edticos. Camilo, expres\u00f3 que esa organizaci\u00f3n acudi\u00f3 a uno de\u2026","rel":"","context":"En \u00abSin categor\u00eda\u00bb","block_context":{"text":"Sin categor\u00eda","link":"https:\/\/lasprimeras.com.do\/index.php\/category\/sin-categoria\/"},"img":{"alt_text":"","src":"https:\/\/i0.wp.com\/lasprimeras.com.do\/wp-content\/uploads\/2023\/10\/WhatsApp-Image-2023-10-27-at-10.33.57-AM-2.jpeg?resize=350%2C200&ssl=1","width":350,"height":200,"srcset":"https:\/\/i0.wp.com\/lasprimeras.com.do\/wp-content\/uploads\/2023\/10\/WhatsApp-Image-2023-10-27-at-10.33.57-AM-2.jpeg?resize=350%2C200&ssl=1 1x, https:\/\/i0.wp.com\/lasprimeras.com.do\/wp-content\/uploads\/2023\/10\/WhatsApp-Image-2023-10-27-at-10.33.57-AM-2.jpeg?resize=525%2C300&ssl=1 1.5x, https:\/\/i0.wp.com\/lasprimeras.com.do\/wp-content\/uploads\/2023\/10\/WhatsApp-Image-2023-10-27-at-10.33.57-AM-2.jpeg?resize=700%2C400&ssl=1 2x"},"classes":[]},{"id":124352,"url":"https:\/\/lasprimeras.com.do\/index.php\/2026\/03\/11\/estatua-gigante-del-nino-jesus-visita-el-barrio-de-tepito-en-ciudad-de-mexico-con-mensaje-de-paz\/","url_meta":{"origin":88426,"position":5},"title":"Estatua gigante del Ni\u00f1o Jes\u00fas visita el barrio de Tepito en Ciudad de M\u00e9xico con mensaje de paz","author":"Nelson Feliz","date":"11 de marzo de 2026","format":false,"excerpt":"Por MAR\u00cdA TERESA HERN\u00c1NDEZ CIUDAD DE M\u00c9XICO (AP) \u2014 Su rostro y cuerpo se asemejan a los de un reci\u00e9n nacido. Sin embargo, la estatua del Ni\u00f1o Jes\u00fas se eleva 5 metros (16 pies) y recorre el centro de M\u00e9xico difundiendo un mensaje de paz . La figura gigante lleg\u00f3\u2026","rel":"","context":"En \u00abINTERNACIONALES\u00bb","block_context":{"text":"INTERNACIONALES","link":"https:\/\/lasprimeras.com.do\/index.php\/category\/sin-categoria\/internacionales\/"},"img":{"alt_text":"","src":"https:\/\/i0.wp.com\/lasprimeras.com.do\/wp-content\/uploads\/2026\/03\/Nino-Jesus.jpg?resize=350%2C200&ssl=1","width":350,"height":200,"srcset":"https:\/\/i0.wp.com\/lasprimeras.com.do\/wp-content\/uploads\/2026\/03\/Nino-Jesus.jpg?resize=350%2C200&ssl=1 1x, https:\/\/i0.wp.com\/lasprimeras.com.do\/wp-content\/uploads\/2026\/03\/Nino-Jesus.jpg?resize=525%2C300&ssl=1 1.5x, https:\/\/i0.wp.com\/lasprimeras.com.do\/wp-content\/uploads\/2026\/03\/Nino-Jesus.jpg?resize=700%2C400&ssl=1 2x"},"classes":[]}],"jetpack_sharing_enabled":true,"_links":{"self":[{"href":"https:\/\/lasprimeras.com.do\/index.php\/wp-json\/wp\/v2\/posts\/88426","targetHints":{"allow":["GET"]}}],"collection":[{"href":"https:\/\/lasprimeras.com.do\/index.php\/wp-json\/wp\/v2\/posts"}],"about":[{"href":"https:\/\/lasprimeras.com.do\/index.php\/wp-json\/wp\/v2\/types\/post"}],"author":[{"embeddable":true,"href":"https:\/\/lasprimeras.com.do\/index.php\/wp-json\/wp\/v2\/users\/2"}],"replies":[{"embeddable":true,"href":"https:\/\/lasprimeras.com.do\/index.php\/wp-json\/wp\/v2\/comments?post=88426"}],"version-history":[{"count":1,"href":"https:\/\/lasprimeras.com.do\/index.php\/wp-json\/wp\/v2\/posts\/88426\/revisions"}],"predecessor-version":[{"id":88428,"href":"https:\/\/lasprimeras.com.do\/index.php\/wp-json\/wp\/v2\/posts\/88426\/revisions\/88428"}],"wp:featuredmedia":[{"embeddable":true,"href":"https:\/\/lasprimeras.com.do\/index.php\/wp-json\/wp\/v2\/media\/88427"}],"wp:attachment":[{"href":"https:\/\/lasprimeras.com.do\/index.php\/wp-json\/wp\/v2\/media?parent=88426"}],"wp:term":[{"taxonomy":"category","embeddable":true,"href":"https:\/\/lasprimeras.com.do\/index.php\/wp-json\/wp\/v2\/categories?post=88426"},{"taxonomy":"post_tag","embeddable":true,"href":"https:\/\/lasprimeras.com.do\/index.php\/wp-json\/wp\/v2\/tags?post=88426"}],"curies":[{"name":"wp","href":"https:\/\/api.w.org\/{rel}","templated":true}]}}