{"id":88430,"date":"2024-08-28T20:16:48","date_gmt":"2024-08-29T00:16:48","guid":{"rendered":"https:\/\/lasprimeras.com.do\/?p=88430"},"modified":"2024-08-28T20:16:49","modified_gmt":"2024-08-29T00:16:49","slug":"senador-por-la-romana-eduard-espiritusanto-somete-11-iniciativas","status":"publish","type":"post","link":"https:\/\/lasprimeras.com.do\/index.php\/2024\/08\/28\/senador-por-la-romana-eduard-espiritusanto-somete-11-iniciativas\/","title":{"rendered":"Senador por La Romana Eduard Espiritusanto somete 11 iniciativas"},"content":{"rendered":"\n<p>A s\u00f3lo doce d\u00edas de ser juramentado el senador por La Romana Eduard Espiritusanto, someti\u00f3 ante el senado de la Rep\u00fablica 11 iniciativas de las cuales 6 son nuevos proyectos de ley, 3 de reintroducci\u00f3n, y una resoluci\u00f3n.<\/p>\n\n\n\n<p>Dentro de esas iniciativas se encuentran: el proyecto de ley de educaci\u00f3n, seguridad, formaci\u00f3n vial, como materias en el sistema educativo nacional; proyecto que modifica el art\u00edculo 136 de la Ley No. 63-17, de Movilidad, Transporte Terrestre, Tr\u00e1nsito y Seguridad Vial; proyecto de ley que regula el Sistema Nacional de Sangre; proyecto de ley que Regula el Teletrabajo en los Sectores P\u00fablico y Privado.<\/p>\n\n\n\n<p>Tambi\u00e9n, el proyecto de ley para la Protecci\u00f3n Integral de los Adultos Mayores que deroga la Ley No. 352-98 sobre Protecci\u00f3n de la Persona Envejecientes; proyecto de ley que declara la provincia de La Romana como provincia Ecotur\u00edstica; y el proyecto de ley que Promueve y Garantiza la Vacunaci\u00f3n gratuita para la Prevenci\u00f3n del C\u00e1ncer C\u00e9rvico Uterino en Ni\u00f1as y Adolescentes.<\/p>\n\n\n\n<p>El senador romanense tambi\u00e9n reintrodujo iniciativas que viene impulsando desde su anterior per\u00edodo como diputado, como el proyecto de ley que crea el Centro Nacional de Toxicolog\u00eda (CENATOX); el proyecto de ley que crea en todo el territorio nacional las casas de acogidas para pacientes de c\u00e1ncer; y el que que modifica el art\u00edculo 54 del C\u00f3digo de Trabajo.<\/p>\n\n\n\n<p>Por igual, someti\u00f3 la resoluci\u00f3n que reconoce al medallista ol\u00edmpico de Par\u00eds 2024, Cristian Javier Pinales, quien es nativo de La Romana.<\/p>\n\n\n\n<p>Se recuerda que Espiritusanto que en su rendici\u00f3n de cuentas de hace varios d\u00edas Espiritusanto prometi\u00f3 iniciar un nuevo ciclo desde el senado, no s\u00f3lo para La Romana, sino para el pa\u00eds y toda su ciudadan\u00eda.<\/p>\n","protected":false},"excerpt":{"rendered":"<p>A s\u00f3lo doce d\u00edas de ser juramentado el senador por La Romana Eduard Espiritusanto, someti\u00f3 ante el senado de la Rep\u00fablica 11 iniciativas de las cuales 6 son nuevos proyectos&hellip;<\/p>\n","protected":false},"author":2,"featured_media":88431,"comment_status":"open","ping_status":"open","sticky":false,"template":"","format":"standard","meta":{"content-type":"","jetpack_post_was_ever_published":false,"_jetpack_newsletter_access":"","_jetpack_dont_email_post_to_subs":false,"_jetpack_newsletter_tier_id":0,"_jetpack_memberships_contains_paywalled_content":false,"_jetpack_memberships_contains_paid_content":false,"footnotes":""},"categories":[35,25],"tags":[9926,2968,13356,965,1101],"class_list":["post-88430","post","type-post","status-publish","format-standard","has-post-thumbnail","hentry","category-nacionales","category-portada","tag-eduard-espiritusanto","tag-iniciativas","tag-juramentado","tag-la-romana","tag-senador"],"jetpack_featured_media_url":"https:\/\/lasprimeras.com.do\/wp-content\/uploads\/2024\/08\/ESPIRITUSANTO.jpg","jetpack-related-posts":[{"id":94808,"url":"https:\/\/lasprimeras.com.do\/index.php\/2025\/03\/05\/senador-por-la-romana-somete-14-nuevas-iniciativas-legislativas\/","url_meta":{"origin":88430,"position":0},"title":"Senador por La Romana somete 14 nuevas iniciativas legislativas","author":"Nelson Feliz","date":"5 de marzo de 2025","format":false,"excerpt":"El senador por La Romana Eduard Espiritusanto, someti\u00f3 ante el senado de la Rep\u00fablica 14 iniciativas de las cuales 8, son nuevos proyectos de ley, y 5 resoluciones. Sostuvo que dichas propuestas tienen como objetivo incidir en una mejor calidad de vida del pueblo dominicano y que el pa\u00eds cuente\u2026","rel":"","context":"En \u00abPOLITICA\u00bb","block_context":{"text":"POLITICA","link":"https:\/\/lasprimeras.com.do\/index.php\/category\/politica\/"},"img":{"alt_text":"","src":"https:\/\/i0.wp.com\/lasprimeras.com.do\/wp-content\/uploads\/2025\/03\/Eduard-Espiritusanto.jpg?resize=350%2C200&ssl=1","width":350,"height":200,"srcset":"https:\/\/i0.wp.com\/lasprimeras.com.do\/wp-content\/uploads\/2025\/03\/Eduard-Espiritusanto.jpg?resize=350%2C200&ssl=1 1x, https:\/\/i0.wp.com\/lasprimeras.com.do\/wp-content\/uploads\/2025\/03\/Eduard-Espiritusanto.jpg?resize=525%2C300&ssl=1 1.5x, https:\/\/i0.wp.com\/lasprimeras.com.do\/wp-content\/uploads\/2025\/03\/Eduard-Espiritusanto.jpg?resize=700%2C400&ssl=1 2x"},"classes":[]},{"id":68991,"url":"https:\/\/lasprimeras.com.do\/index.php\/2023\/11\/29\/eduard-espiritusanto-presenta-su-tercer-informe-de-gestion-legislativa-en-la-romana\/","url_meta":{"origin":88430,"position":1},"title":"Eduard Espiritusanto presenta su tercer informe de gesti\u00f3n legislativa en La Romana","author":"Nelson Feliz","date":"29 de noviembre de 2023","format":false,"excerpt":"En un multitudinario acto donde participaron personas de toda la sociedad de La Romana, el diputado por el partido Fuerza del Pueblo Eduard Espiritusanto, present\u00f3 su tercer informe de gesti\u00f3n legislativa, correspondiente al periodo 2022-2023, siendo el \u00fanico legislador de est\u00e1 provincia que ha rendido su informe de gesti\u00f3n a\u00f1o\u2026","rel":"","context":"En \u00abPORTADA\u00bb","block_context":{"text":"PORTADA","link":"https:\/\/lasprimeras.com.do\/index.php\/category\/portada\/"},"img":{"alt_text":"Eduard Espiritusanto","src":"https:\/\/i0.wp.com\/lasprimeras.com.do\/wp-content\/uploads\/2023\/11\/Eduard-Espiritusanto-1.jpg?resize=350%2C200&ssl=1","width":350,"height":200,"srcset":"https:\/\/i0.wp.com\/lasprimeras.com.do\/wp-content\/uploads\/2023\/11\/Eduard-Espiritusanto-1.jpg?resize=350%2C200&ssl=1 1x, https:\/\/i0.wp.com\/lasprimeras.com.do\/wp-content\/uploads\/2023\/11\/Eduard-Espiritusanto-1.jpg?resize=525%2C300&ssl=1 1.5x, https:\/\/i0.wp.com\/lasprimeras.com.do\/wp-content\/uploads\/2023\/11\/Eduard-Espiritusanto-1.jpg?resize=700%2C400&ssl=1 2x"},"classes":[]},{"id":87794,"url":"https:\/\/lasprimeras.com.do\/index.php\/2024\/08\/17\/electo-senador-por-la-romana-edward-espiritusanto-afirma-irse-satisfecho-como-diputado\/","url_meta":{"origin":88430,"position":2},"title":"Electo senador por La Romana Edward Espiritusanto afirma irse satisfecho como diputado","author":"Nelson Feliz","date":"17 de agosto de 2024","format":false,"excerpt":"El reci\u00e9n electo senador Edwar Espiritusanto expres\u00f3 su nivel de satisfacci\u00f3n por los cuatro a\u00f1os que se desempe\u00f1\u00f3 como diputado, al lograr en un alt\u00edsimo porcentaje las metas y objetivos trazados para hacer de La Romana una provincia pr\u00f3spera, incluyente y participativa. El legislador afirm\u00f3 que si como diputado se\u2026","rel":"","context":"En \u00abSin categor\u00eda\u00bb","block_context":{"text":"Sin categor\u00eda","link":"https:\/\/lasprimeras.com.do\/index.php\/category\/sin-categoria\/"},"img":{"alt_text":"Edward Espiritusanto","src":"https:\/\/i0.wp.com\/lasprimeras.com.do\/wp-content\/uploads\/2024\/08\/Edward-Espiritusanto.jpg?resize=350%2C200&ssl=1","width":350,"height":200,"srcset":"https:\/\/i0.wp.com\/lasprimeras.com.do\/wp-content\/uploads\/2024\/08\/Edward-Espiritusanto.jpg?resize=350%2C200&ssl=1 1x, https:\/\/i0.wp.com\/lasprimeras.com.do\/wp-content\/uploads\/2024\/08\/Edward-Espiritusanto.jpg?resize=525%2C300&ssl=1 1.5x"},"classes":[]},{"id":124997,"url":"https:\/\/lasprimeras.com.do\/index.php\/2026\/03\/18\/comision-especial-revisa-reforma-a-ley-de-partidos\/","url_meta":{"origin":88430,"position":3},"title":"Comisi\u00f3n Especial revisa reforma a Ley de Partidos","author":"Nelson Feliz","date":"18 de marzo de 2026","format":false,"excerpt":"Por Adalgisa S\u00e1nchez Comisi\u00f3n Especial que estudiar\u00e1 la propuesta de modificaci\u00f3n a la Ley de Partidos, Agrupaciones y Movimientos Pol\u00edticos estar\u00e1 presidida por el senador Pedro Catrain e integrada por los senadores Ram\u00f3n Rogelio Genao, Antonio Marte, Odalis Rodr\u00edguez, F\u00e9lix Bautista, Aneudy Ortiz, Julito Fulcar, Aracelis Villanueva, Mar\u00eda Mercedes Ortiz\u2026","rel":"","context":"En \u00abSin categor\u00eda\u00bb","block_context":{"text":"Sin categor\u00eda","link":"https:\/\/lasprimeras.com.do\/index.php\/category\/sin-categoria\/"},"img":{"alt_text":"","src":"https:\/\/i0.wp.com\/lasprimeras.com.do\/wp-content\/uploads\/2025\/12\/Senado-envia-a-Comision-Especial-Anteproyecto-de-Ley-para-la-Reforma-Policial-2.jpg?resize=350%2C200&ssl=1","width":350,"height":200,"srcset":"https:\/\/i0.wp.com\/lasprimeras.com.do\/wp-content\/uploads\/2025\/12\/Senado-envia-a-Comision-Especial-Anteproyecto-de-Ley-para-la-Reforma-Policial-2.jpg?resize=350%2C200&ssl=1 1x, https:\/\/i0.wp.com\/lasprimeras.com.do\/wp-content\/uploads\/2025\/12\/Senado-envia-a-Comision-Especial-Anteproyecto-de-Ley-para-la-Reforma-Policial-2.jpg?resize=525%2C300&ssl=1 1.5x, https:\/\/i0.wp.com\/lasprimeras.com.do\/wp-content\/uploads\/2025\/12\/Senado-envia-a-Comision-Especial-Anteproyecto-de-Ley-para-la-Reforma-Policial-2.jpg?resize=700%2C400&ssl=1 2x"},"classes":[]},{"id":124327,"url":"https:\/\/lasprimeras.com.do\/index.php\/2026\/03\/11\/senado-aprueba-en-segunda-lectura-reforma-a-la-ley-organica-del-regimen-electoral\/","url_meta":{"origin":88430,"position":4},"title":"Senado aprueba en segunda lectura reforma a la Ley Org\u00e1nica del R\u00e9gimen Electoral","author":"Nelson Feliz","date":"11 de marzo de 2026","format":false,"excerpt":"La propuesta legislativa se\u00f1ala que se hace necesaria la intervenci\u00f3n del Congreso a los fines de proceder a suprimir el modelo de candidaturas independientes, lo que evitar\u00eda dificultades y contrariedades al sistema pol\u00edtico e institucional dominicano. Por: Adalgisa S\u00e1nchez El Senado de la Rep\u00fablica aprob\u00f3 en segunda lectura el proyecto\u2026","rel":"","context":"En \u00abPOLITICA\u00bb","block_context":{"text":"POLITICA","link":"https:\/\/lasprimeras.com.do\/index.php\/category\/politica\/"},"img":{"alt_text":"Ricardo de los Santos","src":"https:\/\/i0.wp.com\/lasprimeras.com.do\/wp-content\/uploads\/2026\/03\/Ricardo-de-los-Santos-3.jpg?resize=350%2C200&ssl=1","width":350,"height":200,"srcset":"https:\/\/i0.wp.com\/lasprimeras.com.do\/wp-content\/uploads\/2026\/03\/Ricardo-de-los-Santos-3.jpg?resize=350%2C200&ssl=1 1x, https:\/\/i0.wp.com\/lasprimeras.com.do\/wp-content\/uploads\/2026\/03\/Ricardo-de-los-Santos-3.jpg?resize=525%2C300&ssl=1 1.5x, https:\/\/i0.wp.com\/lasprimeras.com.do\/wp-content\/uploads\/2026\/03\/Ricardo-de-los-Santos-3.jpg?resize=700%2C400&ssl=1 2x"},"classes":[]},{"id":93801,"url":"https:\/\/lasprimeras.com.do\/index.php\/2025\/02\/21\/espiritusanto-somete-proyecto-de-ley-que-busca-acabar-con-las-estafas-inmobiliarias\/","url_meta":{"origin":88430,"position":5},"title":"Espiritusanto somete proyecto de ley que busca acabar con las estafas inmobiliarias","author":"Nelson Feliz","date":"21 de febrero de 2025","format":false,"excerpt":"Ante la proliferaci\u00f3n de estafas inmobiliarias que se han registrado en los \u00faltimos a\u00f1os en el pa\u00eds, el senador por La Romana, Eduard Espiritusanto, someti\u00f3 ante el congreso de la Rep\u00fablica, un anteproyecto de ley que tiene como objetivo ordenar y profesionalizar el sector, exigiendo que corredores y agentes de\u2026","rel":"","context":"En \u00abNACIONALES\u00bb","block_context":{"text":"NACIONALES","link":"https:\/\/lasprimeras.com.do\/index.php\/category\/nacionales\/"},"img":{"alt_text":"Edward Espiritusanto","src":"https:\/\/i0.wp.com\/lasprimeras.com.do\/wp-content\/uploads\/2024\/08\/Edward-Espiritusanto.jpg?resize=350%2C200&ssl=1","width":350,"height":200,"srcset":"https:\/\/i0.wp.com\/lasprimeras.com.do\/wp-content\/uploads\/2024\/08\/Edward-Espiritusanto.jpg?resize=350%2C200&ssl=1 1x, https:\/\/i0.wp.com\/lasprimeras.com.do\/wp-content\/uploads\/2024\/08\/Edward-Espiritusanto.jpg?resize=525%2C300&ssl=1 1.5x"},"classes":[]}],"jetpack_sharing_enabled":true,"_links":{"self":[{"href":"https:\/\/lasprimeras.com.do\/index.php\/wp-json\/wp\/v2\/posts\/88430","targetHints":{"allow":["GET"]}}],"collection":[{"href":"https:\/\/lasprimeras.com.do\/index.php\/wp-json\/wp\/v2\/posts"}],"about":[{"href":"https:\/\/lasprimeras.com.do\/index.php\/wp-json\/wp\/v2\/types\/post"}],"author":[{"embeddable":true,"href":"https:\/\/lasprimeras.com.do\/index.php\/wp-json\/wp\/v2\/users\/2"}],"replies":[{"embeddable":true,"href":"https:\/\/lasprimeras.com.do\/index.php\/wp-json\/wp\/v2\/comments?post=88430"}],"version-history":[{"count":1,"href":"https:\/\/lasprimeras.com.do\/index.php\/wp-json\/wp\/v2\/posts\/88430\/revisions"}],"predecessor-version":[{"id":88432,"href":"https:\/\/lasprimeras.com.do\/index.php\/wp-json\/wp\/v2\/posts\/88430\/revisions\/88432"}],"wp:featuredmedia":[{"embeddable":true,"href":"https:\/\/lasprimeras.com.do\/index.php\/wp-json\/wp\/v2\/media\/88431"}],"wp:attachment":[{"href":"https:\/\/lasprimeras.com.do\/index.php\/wp-json\/wp\/v2\/media?parent=88430"}],"wp:term":[{"taxonomy":"category","embeddable":true,"href":"https:\/\/lasprimeras.com.do\/index.php\/wp-json\/wp\/v2\/categories?post=88430"},{"taxonomy":"post_tag","embeddable":true,"href":"https:\/\/lasprimeras.com.do\/index.php\/wp-json\/wp\/v2\/tags?post=88430"}],"curies":[{"name":"wp","href":"https:\/\/api.w.org\/{rel}","templated":true}]}}