{"id":88436,"date":"2024-08-28T20:31:54","date_gmt":"2024-08-29T00:31:54","guid":{"rendered":"https:\/\/lasprimeras.com.do\/?p=88436"},"modified":"2024-08-28T20:31:55","modified_gmt":"2024-08-29T00:31:55","slug":"senado-ny-reconoce-presidente-senado-por-esfuerzos-para-mejorar-calidad-vida-de-dominicanos","status":"publish","type":"post","link":"https:\/\/lasprimeras.com.do\/index.php\/2024\/08\/28\/senado-ny-reconoce-presidente-senado-por-esfuerzos-para-mejorar-calidad-vida-de-dominicanos\/","title":{"rendered":"Senado NY reconoce presidente Senado por esfuerzos para mejorar calidad vida de dominicanos"},"content":{"rendered":"\n<p>El presidente del Senado, Ricardo de los Santos, fue reconocido por el Senado del Estado de Nueva York, Estados Unidos, por su esfuerzo en busca de mecanismos para mejorar la calidad de vida de los dominicanos residentes en el pa\u00eds y en el exterior.<\/p>\n\n\n\n<p>La entrega de la distinci\u00f3n la hizo el senador estatal de Nueva York, Luis Sep\u00falveda, quien entreg\u00f3 una proclama de reconocimiento en honor al representante de S\u00e1nchez Ram\u00edrez, por sus compromisos y acciones en armonizar los mejores intereses para los dominicanos.<\/p>\n\n\n\n<p>El senador Sep\u00falveda entreg\u00f3 el reconocimiento junto a la asamble\u00edsta Amanda S\u00e9ptimo; Phil Ramos, vicepresidente de la Asamblea de Nueva York; Al Taylor, y Landon Dais, asamble\u00edstas; y Rafael Salamanca, miembro del concejo municipal del Distrito 17.<\/p>\n\n\n\n<figure class=\"wp-block-image size-full is-resized\"><img decoding=\"async\" width=\"700\" height=\"465\" src=\"https:\/\/lasprimeras.com.do\/wp-content\/uploads\/2024\/08\/Ricardo-de-los-Santos-1-2.jpg\" alt=\"\" class=\"wp-image-88438\" style=\"width:840px;height:auto\" srcset=\"https:\/\/lasprimeras.com.do\/wp-content\/uploads\/2024\/08\/Ricardo-de-los-Santos-1-2.jpg 700w, https:\/\/lasprimeras.com.do\/wp-content\/uploads\/2024\/08\/Ricardo-de-los-Santos-1-2-300x199.jpg 300w\" sizes=\"(max-width: 700px) 100vw, 700px\" \/><\/figure>\n\n\n\n<p>De los Santos agradeci\u00f3 la distinci\u00f3n de los legisladores, y destac\u00f3 su disposici\u00f3n en seguir fortaleciendo lazos de amistad y cooperaci\u00f3n para impulsar iniciativas que beneficien a los dominicanos, \u201cseguiremos trabajando intensamente en materia legislativa y de representaci\u00f3n\u201d, dijo.<\/p>\n\n\n\n<p>El presidente De los Santos destac\u00f3 la gran gesti\u00f3n que ha desarrollado el senador Estatal, Luis Sep\u00falveda, en la b\u00fasqueda de soluciones a las dificultades que enfrentan en su diario vivir los dominicanos que residen en la Gran Manzana, \u201cacciones llevadas a cabo en conjunto con el senador dominicano Alexis Victoria, quien ha servido de enlace entre las c\u00e1maras legislativas de Nueva York y Rep\u00fablica Dominicana\u201d.<\/p>\n\n\n\n<figure class=\"wp-block-image size-full is-resized\"><img decoding=\"async\" width=\"700\" height=\"465\" src=\"https:\/\/lasprimeras.com.do\/wp-content\/uploads\/2024\/08\/Ricardo-de-los-Santos.jpg\" alt=\"\" class=\"wp-image-88439\" style=\"width:840px;height:auto\" srcset=\"https:\/\/lasprimeras.com.do\/wp-content\/uploads\/2024\/08\/Ricardo-de-los-Santos.jpg 700w, https:\/\/lasprimeras.com.do\/wp-content\/uploads\/2024\/08\/Ricardo-de-los-Santos-300x199.jpg 300w\" sizes=\"(max-width: 700px) 100vw, 700px\" \/><\/figure>\n\n\n\n<p>En tanto que el senador por el Distrito 32 del Bronx, Luis Sep\u00falveda expuso que \u201cHoy le rendimos un homenaje a Ricardo de los Santos y al senador Victoria Yeb de quienes estamos agradecidos\u201d.<\/p>\n\n\n\n<p>Sep\u00falveda, expres\u00f3 que los trabajos conjunto del Senado de la Rep\u00fablica Dominicana y el Senado de Nueva York han dado buenos resultados, sobre todo, por la incidencia del presidente de la C\u00e1mara Alta, Ricardo de los Santos y el senador de Mar\u00eda Trinidad S\u00e1nchez, Alexis Victoria.<\/p>\n\n\n\n<p>En tanto que el senador Alexis Victoria, recibi\u00f3 las proclamas de reconocimientos del Senado de Nueva York y el senador Luis Sep\u00falveda, por su dedicaci\u00f3n y empe\u00f1o en presentar iniciativas que buscan facilitar la vida de los dominicanos residentes en el exterior.<\/p>\n\n\n\n<p>Tras concluir el encuentro, la delegaci\u00f3n neoyorquina agot\u00f3 una amplia agenda de trabajo que incluy\u00f3 visitas a organismos del gobierno y de la sociedad civil, con el fin de colaborar con proyectos destinados a mejorar el bienestar del Estado Dominicano.<\/p>\n\n\n\n<p>En el acto de reconocimiento, realizado en el despacho del presidente del Senado, Ricardo de los Santos, adem\u00e1s de Alexis Victoria, estuvieron los senadores Rafael Duluc Rijo (La Altagracia); L\u00eda D\u00edaz de D\u00edaz (Azua), Omar Fern\u00e1ndez (Distrito Nacional); Dagoberto Rodr\u00edguez Adames (Independencia); Bernardo Alem\u00e1n (Montecristi); Julito Fulcar (Peravia); Mois\u00e9s Ayala (Barahona); y Johnson Encarnaci\u00f3n (El\u00edas Pi\u00f1a).<\/p>\n","protected":false},"excerpt":{"rendered":"<p>El presidente del Senado, Ricardo de los Santos, fue reconocido por el Senado del Estado de Nueva York, Estados Unidos, por su esfuerzo en busca de mecanismos para mejorar la&hellip;<\/p>\n","protected":false},"author":2,"featured_media":88437,"comment_status":"open","ping_status":"open","sticky":false,"template":"","format":"standard","meta":{"content-type":"","jetpack_post_was_ever_published":false,"_jetpack_newsletter_access":"","_jetpack_dont_email_post_to_subs":false,"_jetpack_newsletter_tier_id":0,"_jetpack_memberships_contains_paywalled_content":false,"_jetpack_memberships_contains_paid_content":false,"footnotes":""},"categories":[35,25],"tags":[728,2107,413,6506],"class_list":["post-88436","post","type-post","status-publish","format-standard","has-post-thumbnail","hentry","category-nacionales","category-portada","tag-reconoce","tag-ricardo-de-los-santos","tag-senado","tag-senado-ny"],"jetpack_featured_media_url":"https:\/\/lasprimeras.com.do\/wp-content\/uploads\/2024\/08\/Ricardo-de-los-Santos-2-2.jpg","jetpack-related-posts":[{"id":58229,"url":"https:\/\/lasprimeras.com.do\/index.php\/2023\/08\/21\/senado-rd-y-senado-ny-fortalecen-cooperacion-a-favor-de-la-diaspora-dominicana\/","url_meta":{"origin":88436,"position":0},"title":"Senado RD y Senado NY fortalecen cooperaci\u00f3n a favor de la di\u00e1spora dominicana","author":"Nelson Feliz","date":"21 de agosto de 2023","format":false,"excerpt":"El presidente del Senado, Ricardo De los Santos, junto a una comisi\u00f3n de senadores, recibi\u00f3 la segunda visita de una delegaci\u00f3n del Senado del Estado de Nueva York, en un encuentro llevado a cabo en el sal\u00f3n Polivalente de la C\u00e1mara Alta. El Senado de la Rep\u00fablica y el Senado\u2026","rel":"","context":"En \u00abPORTADA\u00bb","block_context":{"text":"PORTADA","link":"https:\/\/lasprimeras.com.do\/index.php\/category\/portada\/"},"img":{"alt_text":"","src":"https:\/\/i0.wp.com\/lasprimeras.com.do\/wp-content\/uploads\/2023\/08\/senado-2.jpg?resize=350%2C200&ssl=1","width":350,"height":200,"srcset":"https:\/\/i0.wp.com\/lasprimeras.com.do\/wp-content\/uploads\/2023\/08\/senado-2.jpg?resize=350%2C200&ssl=1 1x, https:\/\/i0.wp.com\/lasprimeras.com.do\/wp-content\/uploads\/2023\/08\/senado-2.jpg?resize=525%2C300&ssl=1 1.5x, https:\/\/i0.wp.com\/lasprimeras.com.do\/wp-content\/uploads\/2023\/08\/senado-2.jpg?resize=700%2C400&ssl=1 2x"},"classes":[]},{"id":85570,"url":"https:\/\/lasprimeras.com.do\/index.php\/2024\/07\/02\/luis-sepulveda-reconoce-periodista-jessica-hasbun-con-premio-al-servicio-voluntario\/","url_meta":{"origin":88436,"position":1},"title":"Luis Sep\u00falveda reconoce periodista Jessica Hasb\u00fan con Premio al Servicio Voluntario","author":"Nelson Feliz","date":"2 de julio de 2024","format":false,"excerpt":"Resoluci\u00f3n fue firmada por el presidente norteamericano Joe Biden. El senador del Estado de Nueva York, Luis Sep\u00falveda, reconoci\u00f3 hoy a la periodista de televisi\u00f3n, Jessica Hasb\u00fan, con el \u201cPremio al Servicio Voluntario del presidente por Logros de Toda la Vida\u201d, por sus aportes a la comunicaci\u00f3n en el periodismo,\u2026","rel":"","context":"En \u00abSin categor\u00eda\u00bb","block_context":{"text":"Sin categor\u00eda","link":"https:\/\/lasprimeras.com.do\/index.php\/category\/sin-categoria\/"},"img":{"alt_text":"Jessica Hasb\u00fan","src":"https:\/\/i0.wp.com\/lasprimeras.com.do\/wp-content\/uploads\/2024\/07\/Jessica-Hasbun-1.jpg?resize=350%2C200&ssl=1","width":350,"height":200,"srcset":"https:\/\/i0.wp.com\/lasprimeras.com.do\/wp-content\/uploads\/2024\/07\/Jessica-Hasbun-1.jpg?resize=350%2C200&ssl=1 1x, https:\/\/i0.wp.com\/lasprimeras.com.do\/wp-content\/uploads\/2024\/07\/Jessica-Hasbun-1.jpg?resize=525%2C300&ssl=1 1.5x"},"classes":[]},{"id":88420,"url":"https:\/\/lasprimeras.com.do\/index.php\/2024\/08\/27\/senadores-de-rd-y-representantes-del-estado-ny-impulsaran-en-beneficio-de-la-diaspora\/","url_meta":{"origin":88436,"position":2},"title":"Senadores de RD y representantes del Estado NY impulsar\u00e1n en beneficio de la di\u00e1spora","author":"Nelson Feliz","date":"27 de agosto de 2024","format":false,"excerpt":"En el marco del tercer encuentro entre legisladores dominicanos y del Estado de New York, el presidente del Senado, Ricardo de los Santos plante\u00f3 una serie de acciones para el intercambio comercial, cultural y econ\u00f3mico en favor de los dominicanos que residen en los Estados Unidos. Las propuestas fueron presentadas\u2026","rel":"","context":"En \u00abNACIONALES\u00bb","block_context":{"text":"NACIONALES","link":"https:\/\/lasprimeras.com.do\/index.php\/category\/nacionales\/"},"img":{"alt_text":"","src":"https:\/\/i0.wp.com\/lasprimeras.com.do\/wp-content\/uploads\/2024\/08\/legisladores.jpg?resize=350%2C200&ssl=1","width":350,"height":200,"srcset":"https:\/\/i0.wp.com\/lasprimeras.com.do\/wp-content\/uploads\/2024\/08\/legisladores.jpg?resize=350%2C200&ssl=1 1x, https:\/\/i0.wp.com\/lasprimeras.com.do\/wp-content\/uploads\/2024\/08\/legisladores.jpg?resize=525%2C300&ssl=1 1.5x, https:\/\/i0.wp.com\/lasprimeras.com.do\/wp-content\/uploads\/2024\/08\/legisladores.jpg?resize=700%2C400&ssl=1 2x"},"classes":[]},{"id":98815,"url":"https:\/\/lasprimeras.com.do\/index.php\/2025\/05\/13\/director-del-coe-recibe-reconocimiento-del-senado-de-ny-por-su-labor-en-la-tragedia-del-jet-set\/","url_meta":{"origin":88436,"position":3},"title":"Director del COE recibe reconocimiento del Senado de NY por su labor en la tragedia del Jet Set","author":"Nelson Feliz","date":"13 de mayo de 2025","format":false,"excerpt":"Nueva York.- El director del Centro de Operaciones de Emergencias (COE) y la Direcci\u00f3n de Servicios de Atenci\u00f3n a Emergencias Extrahospitalarias (DAEH), Juan Manuel M\u00e9ndez Garc\u00eda, recibi\u00f3 un reconocimiento por parte del senador del Estado de Nueva York, Luis Sep\u00falveda, por la extraordinaria labor que junto a su equipo de\u2026","rel":"","context":"En \u00abINTERNACIONALES\u00bb","block_context":{"text":"INTERNACIONALES","link":"https:\/\/lasprimeras.com.do\/index.php\/category\/sin-categoria\/internacionales\/"},"img":{"alt_text":"","src":"https:\/\/i0.wp.com\/lasprimeras.com.do\/wp-content\/uploads\/2025\/05\/Juan-Manuel-Mendez-1.jpg?resize=350%2C200&ssl=1","width":350,"height":200,"srcset":"https:\/\/i0.wp.com\/lasprimeras.com.do\/wp-content\/uploads\/2025\/05\/Juan-Manuel-Mendez-1.jpg?resize=350%2C200&ssl=1 1x, https:\/\/i0.wp.com\/lasprimeras.com.do\/wp-content\/uploads\/2025\/05\/Juan-Manuel-Mendez-1.jpg?resize=525%2C300&ssl=1 1.5x, https:\/\/i0.wp.com\/lasprimeras.com.do\/wp-content\/uploads\/2025\/05\/Juan-Manuel-Mendez-1.jpg?resize=700%2C400&ssl=1 2x"},"classes":[]},{"id":52373,"url":"https:\/\/lasprimeras.com.do\/index.php\/2023\/06\/09\/senado-de-ny-aprueba-homologacion-de-licencia-de-conducir-dominicana\/","url_meta":{"origin":88436,"position":4},"title":"Senado de NY aprueba homologaci\u00f3n de licencia de conducir dominicana","author":"prenxa100","date":"9 de junio de 2023","format":false,"excerpt":"El Senado del Estado de Nueva York (NY) anunci\u00f3 la aprobaci\u00f3n del proyecto de Ley S4329A, que le permitir\u00e1 a la di\u00e1spora dominicana asentada en ese estado homologar su licencia de conducir. El logro legislativo de ese proyecto, auspiciado por el senador de NY Luis Sep\u00falveda, crea un precedente para\u2026","rel":"","context":"En \u00abNACIONALES\u00bb","block_context":{"text":"NACIONALES","link":"https:\/\/lasprimeras.com.do\/index.php\/category\/nacionales\/"},"img":{"alt_text":"","src":"","width":0,"height":0},"classes":[]},{"id":109414,"url":"https:\/\/lasprimeras.com.do\/index.php\/2025\/09\/16\/senadores-dominicanos-y-legisladores-del-estado-de-ny-realizan-encuentro-para-fortalecer-lazos-de-cooperacion-2\/","url_meta":{"origin":88436,"position":5},"title":"Senadores dominicanos y legisladores del Estado de NY realizan encuentro para fortalecer lazos de cooperaci\u00f3n","author":"Nelson Feliz","date":"16 de septiembre de 2025","format":false,"excerpt":"La Comisi\u00f3n de Relaciones Exteriores y Cooperaci\u00f3n Internacional del Senado de Rep\u00fablica recibi\u00f3 la visita de la cuarta delegaci\u00f3n oficial de legisladores y oficiales electos del Estado de New York, con el objetivo de fortalecer los lazos de cooperaci\u00f3n en materia educativa, cultural, econ\u00f3mica y legislativa. La comisi\u00f3n de legisladores\u2026","rel":"","context":"En \u00abSin categor\u00eda\u00bb","block_context":{"text":"Sin categor\u00eda","link":"https:\/\/lasprimeras.com.do\/index.php\/category\/sin-categoria\/"},"img":{"alt_text":"","src":"https:\/\/i0.wp.com\/lasprimeras.com.do\/wp-content\/uploads\/2025\/09\/SENADO-1.jpg?resize=350%2C200&ssl=1","width":350,"height":200,"srcset":"https:\/\/i0.wp.com\/lasprimeras.com.do\/wp-content\/uploads\/2025\/09\/SENADO-1.jpg?resize=350%2C200&ssl=1 1x, https:\/\/i0.wp.com\/lasprimeras.com.do\/wp-content\/uploads\/2025\/09\/SENADO-1.jpg?resize=525%2C300&ssl=1 1.5x, https:\/\/i0.wp.com\/lasprimeras.com.do\/wp-content\/uploads\/2025\/09\/SENADO-1.jpg?resize=700%2C400&ssl=1 2x"},"classes":[]}],"jetpack_sharing_enabled":true,"_links":{"self":[{"href":"https:\/\/lasprimeras.com.do\/index.php\/wp-json\/wp\/v2\/posts\/88436","targetHints":{"allow":["GET"]}}],"collection":[{"href":"https:\/\/lasprimeras.com.do\/index.php\/wp-json\/wp\/v2\/posts"}],"about":[{"href":"https:\/\/lasprimeras.com.do\/index.php\/wp-json\/wp\/v2\/types\/post"}],"author":[{"embeddable":true,"href":"https:\/\/lasprimeras.com.do\/index.php\/wp-json\/wp\/v2\/users\/2"}],"replies":[{"embeddable":true,"href":"https:\/\/lasprimeras.com.do\/index.php\/wp-json\/wp\/v2\/comments?post=88436"}],"version-history":[{"count":1,"href":"https:\/\/lasprimeras.com.do\/index.php\/wp-json\/wp\/v2\/posts\/88436\/revisions"}],"predecessor-version":[{"id":88440,"href":"https:\/\/lasprimeras.com.do\/index.php\/wp-json\/wp\/v2\/posts\/88436\/revisions\/88440"}],"wp:featuredmedia":[{"embeddable":true,"href":"https:\/\/lasprimeras.com.do\/index.php\/wp-json\/wp\/v2\/media\/88437"}],"wp:attachment":[{"href":"https:\/\/lasprimeras.com.do\/index.php\/wp-json\/wp\/v2\/media?parent=88436"}],"wp:term":[{"taxonomy":"category","embeddable":true,"href":"https:\/\/lasprimeras.com.do\/index.php\/wp-json\/wp\/v2\/categories?post=88436"},{"taxonomy":"post_tag","embeddable":true,"href":"https:\/\/lasprimeras.com.do\/index.php\/wp-json\/wp\/v2\/tags?post=88436"}],"curies":[{"name":"wp","href":"https:\/\/api.w.org\/{rel}","templated":true}]}}