{"id":88448,"date":"2024-08-28T08:51:00","date_gmt":"2024-08-28T12:51:00","guid":{"rendered":"https:\/\/lasprimeras.com.do\/?p=88448"},"modified":"2024-08-28T20:56:22","modified_gmt":"2024-08-29T00:56:22","slug":"abinader-designa-nuevos-viceministros-en-el-ministerio-de-medio-ambiente","status":"publish","type":"post","link":"https:\/\/lasprimeras.com.do\/index.php\/2024\/08\/28\/abinader-designa-nuevos-viceministros-en-el-ministerio-de-medio-ambiente\/","title":{"rendered":"Abinader designa nuevos viceministros en el Ministerio de Medio Ambiente"},"content":{"rendered":"\n<p>El presidente Luis Abinader, emiti\u00f3 este martes el decreto 483-24 en el cual designa varios viceministros en el Ministerio de Medio Ambiente y Recursos Naturales.<\/p>\n\n\n\n<p>El referido decreto indica que Carlos Augusto Batista Batista queda designado en \u00c1reas Protegidas y Biodiversidad; Len\u00edn Ram\u00f3n Bueno Rodr\u00edguez en Gesti\u00f3n Ambiental y Ana Emilia Pimentel Rodr\u00edguez en Cambio Clim\u00e1tico y Sostenibilidad.<\/p>\n\n\n\n<div data-wp-interactive=\"core\/file\" class=\"wp-block-file\"><object data-wp-bind--hidden=\"!state.hasPdfPreview\" hidden class=\"wp-block-file__embed\" data=\"https:\/\/lasprimeras.com.do\/wp-content\/uploads\/2024\/08\/Decreto-483-24.pdf\" type=\"application\/pdf\" style=\"width:100%;height:600px\" aria-label=\"Incrustado de Decreto 483-24.\"><\/object><a id=\"wp-block-file--media-36837ded-7ba7-4cc0-a48c-142deda18d13\" href=\"https:\/\/lasprimeras.com.do\/wp-content\/uploads\/2024\/08\/Decreto-483-24.pdf\">Decreto 483-24<\/a><a href=\"https:\/\/lasprimeras.com.do\/wp-content\/uploads\/2024\/08\/Decreto-483-24.pdf\" class=\"wp-block-file__button wp-element-button\" download aria-describedby=\"wp-block-file--media-36837ded-7ba7-4cc0-a48c-142deda18d13\">Descarga<\/a><\/div>\n","protected":false},"excerpt":{"rendered":"<p>El presidente Luis Abinader, emiti\u00f3 este martes el decreto 483-24 en el cual designa varios viceministros en el Ministerio de Medio Ambiente y Recursos Naturales. El referido decreto indica que&hellip;<\/p>\n","protected":false},"author":2,"featured_media":53506,"comment_status":"open","ping_status":"open","sticky":false,"template":"","format":"standard","meta":{"content-type":"","jetpack_post_was_ever_published":false,"_jetpack_newsletter_access":"","_jetpack_dont_email_post_to_subs":false,"_jetpack_newsletter_tier_id":0,"_jetpack_memberships_contains_paywalled_content":false,"_jetpack_memberships_contains_paid_content":false,"footnotes":""},"categories":[35,25],"tags":[67,563,444,7542,15145],"class_list":["post-88448","post","type-post","status-publish","format-standard","has-post-thumbnail","hentry","category-nacionales","category-portada","tag-luis-abinader","tag-medio-ambiente","tag-ministerio","tag-recursos-naturales","tag-viceministros"],"jetpack_featured_media_url":"https:\/\/lasprimeras.com.do\/wp-content\/uploads\/2023\/06\/Presidencia-1.jpg","jetpack-related-posts":[{"id":73944,"url":"https:\/\/lasprimeras.com.do\/index.php\/2024\/01\/17\/abinader-designa-a-igor-david-rodriguez-en-sustitucion-de-jose-ignacio-paliza\/","url_meta":{"origin":88448,"position":0},"title":"Abinader designa a Igor David Rodr\u00edguez en sustituci\u00f3n de Jos\u00e9 Ignacio Paliza","author":"Nelson Feliz","date":"17 de enero de 2024","format":false,"excerpt":"El presidente Luis Abinader design\u00f3, mediante el Decreto n\u00fam. 10-24, de fecha 9 de enero de 2024, a Igor David Rodr\u00edguez Dur\u00e1n, de forma interina, ministro Administrativo de la Presidencia, hasta tanto concluya la licencia tomada por el ministro Jos\u00e9 Ignacio Paliza. Como es sabido, mediante el Decreto n\u00fam. 324-20,\u2026","rel":"","context":"En \u00abNACIONALES\u00bb","block_context":{"text":"NACIONALES","link":"https:\/\/lasprimeras.com.do\/index.php\/category\/nacionales\/"},"img":{"alt_text":"Igor David Rodr\u00edguez Dur\u00e1n","src":"https:\/\/i0.wp.com\/lasprimeras.com.do\/wp-content\/uploads\/2024\/01\/Igor-David-Rodriguez-Duran.jpg?resize=350%2C200&ssl=1","width":350,"height":200,"srcset":"https:\/\/i0.wp.com\/lasprimeras.com.do\/wp-content\/uploads\/2024\/01\/Igor-David-Rodriguez-Duran.jpg?resize=350%2C200&ssl=1 1x, https:\/\/i0.wp.com\/lasprimeras.com.do\/wp-content\/uploads\/2024\/01\/Igor-David-Rodriguez-Duran.jpg?resize=525%2C300&ssl=1 1.5x, https:\/\/i0.wp.com\/lasprimeras.com.do\/wp-content\/uploads\/2024\/01\/Igor-David-Rodriguez-Duran.jpg?resize=700%2C400&ssl=1 2x"},"classes":[]},{"id":106513,"url":"https:\/\/lasprimeras.com.do\/index.php\/2025\/08\/16\/abinader-emite-decreto-que-modifica-la-integracion-de-comision-presidencial-de-las-cuevas-del-pomier\/","url_meta":{"origin":88448,"position":1},"title":"Abinader emite decreto que modifica la integraci\u00f3n de Comisi\u00f3n Presidencial de las &#8220;Cuevas del Pomier&#8221;","author":"Nelson Feliz","date":"16 de agosto de 2025","format":false,"excerpt":"El presidente Luis Abinader emiti\u00f3 el decreto n\u00famero 457-25 que modifica la integraci\u00f3n de la Comisi\u00f3n Presidencial de las Cuevas del Pomier, resultando de la siguiente: un presidente, designado por decreto; los ministerios de Medio Ambiente y Recursos Naturales: de Cultura; y de Turismo; la Empresa de Generaci\u00f3n Hidroel\u00e9ctrica Dominicana\u2026","rel":"","context":"En \u00abPORTADA\u00bb","block_context":{"text":"PORTADA","link":"https:\/\/lasprimeras.com.do\/index.php\/category\/portada\/"},"img":{"alt_text":"","src":"","width":0,"height":0},"classes":[]},{"id":88072,"url":"https:\/\/lasprimeras.com.do\/index.php\/2024\/08\/21\/abinader-designa-mediante-decretos-nuevos-directores-en-inaipi-indotel-indesur-siuben-utepda-digecac\/","url_meta":{"origin":88448,"position":2},"title":"Abinader designa mediante decretos nuevos directores en INAIPI, INDOTEL, INDESUR, SIUBEN, UTEPDA, DIGECAC","author":"Nelson Feliz","date":"21 de agosto de 2024","format":false,"excerpt":"Entre estas designaciones a Guido G\u00f3mez Mazara en INDOTEL, Josefa Aquilina Castillo Rodr\u00edguez en INAIPI y Noel Octavio Suberv\u00ed Nin en INDESUR. El presidente Luis Abinader emiti\u00f3 los decretos 455-24 y 456-24 en donde designa nuevos directores en INAIPI, INDOTEL, INDESUR, SIUBEN, UTEPDA, DIGECAC, as\u00ed como varios viceministros en diferentes\u2026","rel":"","context":"En \u00abNACIONALES\u00bb","block_context":{"text":"NACIONALES","link":"https:\/\/lasprimeras.com.do\/index.php\/category\/nacionales\/"},"img":{"alt_text":"Luis Abinader","src":"https:\/\/i0.wp.com\/lasprimeras.com.do\/wp-content\/uploads\/2024\/08\/Luis-Abinader-11.jpg?resize=350%2C200&ssl=1","width":350,"height":200,"srcset":"https:\/\/i0.wp.com\/lasprimeras.com.do\/wp-content\/uploads\/2024\/08\/Luis-Abinader-11.jpg?resize=350%2C200&ssl=1 1x, https:\/\/i0.wp.com\/lasprimeras.com.do\/wp-content\/uploads\/2024\/08\/Luis-Abinader-11.jpg?resize=525%2C300&ssl=1 1.5x"},"classes":[]},{"id":108950,"url":"https:\/\/lasprimeras.com.do\/index.php\/2025\/09\/11\/abinader-declara-mediante-el-decreto-531-25-de-alta-prioridad-la-recuperacion-de-los-rios-ozama-e-isabela\/","url_meta":{"origin":88448,"position":3},"title":"Abinader declara mediante el decreto 531-25 de alta prioridad la recuperaci\u00f3n de los r\u00edos Ozama e Isabela","author":"Nelson Feliz","date":"11 de septiembre de 2025","format":false,"excerpt":"El presidente de la Rep\u00fablica, Luis Abinader, declar\u00f3 de alta prioridad para el Gobierno la intervenci\u00f3n y recuperaci\u00f3n de los r\u00edos Ozama e Isabela, en el \u00e1rea metropolitana del Gran Santo Domingo, con el objetivo de lograr la regeneraci\u00f3n f\u00edsica, urbana y ambiental de las riberas, actualmente ocupadas por asentamientos\u2026","rel":"","context":"En \u00abNACIONALES\u00bb","block_context":{"text":"NACIONALES","link":"https:\/\/lasprimeras.com.do\/index.php\/category\/nacionales\/"},"img":{"alt_text":"duelo oficial","src":"https:\/\/i0.wp.com\/lasprimeras.com.do\/wp-content\/uploads\/2023\/08\/palacio-duelo.jpg?resize=350%2C200&ssl=1","width":350,"height":200,"srcset":"https:\/\/i0.wp.com\/lasprimeras.com.do\/wp-content\/uploads\/2023\/08\/palacio-duelo.jpg?resize=350%2C200&ssl=1 1x, https:\/\/i0.wp.com\/lasprimeras.com.do\/wp-content\/uploads\/2023\/08\/palacio-duelo.jpg?resize=525%2C300&ssl=1 1.5x, https:\/\/i0.wp.com\/lasprimeras.com.do\/wp-content\/uploads\/2023\/08\/palacio-duelo.jpg?resize=700%2C400&ssl=1 2x, https:\/\/i0.wp.com\/lasprimeras.com.do\/wp-content\/uploads\/2023\/08\/palacio-duelo.jpg?resize=1050%2C600&ssl=1 3x"},"classes":[]},{"id":104669,"url":"https:\/\/lasprimeras.com.do\/index.php\/2025\/07\/25\/abinader-crea-comision-presidencial-para-desarrollo-sostenible-y-ecoturistico-de-las-cuevas-del-pomier\/","url_meta":{"origin":88448,"position":4},"title":"Abinader crea comisi\u00f3n presidencial para desarrollo sostenible y ecotur\u00edstico de las Cuevas del Pomier","author":"Nelson Feliz","date":"25 de julio de 2025","format":false,"excerpt":"El Consultor Jur\u00eddico del Poder Ejecutivo, Antoliano Peralta Romero, inform\u00f3 que el presidente Luis Abinader emiti\u00f3 este viernes el Decreto n\u00fam. 403-25, mediante el cual se impulsa una nueva etapa de protecci\u00f3n, uso sostenible y desarrollo ecotur\u00edstico de la Reserva Antropol\u00f3gica Cuevas de Borb\u00f3n o del Pomier, ubicada en San\u2026","rel":"","context":"En \u00abTURISMO\u00bb","block_context":{"text":"TURISMO","link":"https:\/\/lasprimeras.com.do\/index.php\/category\/turismo\/"},"img":{"alt_text":"","src":"https:\/\/i0.wp.com\/lasprimeras.com.do\/wp-content\/uploads\/2025\/07\/las-Cuevas-del-Pomier.jpg?resize=350%2C200&ssl=1","width":350,"height":200,"srcset":"https:\/\/i0.wp.com\/lasprimeras.com.do\/wp-content\/uploads\/2025\/07\/las-Cuevas-del-Pomier.jpg?resize=350%2C200&ssl=1 1x, https:\/\/i0.wp.com\/lasprimeras.com.do\/wp-content\/uploads\/2025\/07\/las-Cuevas-del-Pomier.jpg?resize=525%2C300&ssl=1 1.5x, https:\/\/i0.wp.com\/lasprimeras.com.do\/wp-content\/uploads\/2025\/07\/las-Cuevas-del-Pomier.jpg?resize=700%2C400&ssl=1 2x"},"classes":[]},{"id":88574,"url":"https:\/\/lasprimeras.com.do\/index.php\/2024\/08\/30\/abinader-designa-a-ligia-perez-en-conani-y-a-maritza-lopez-en-idecoop\/","url_meta":{"origin":88448,"position":5},"title":"Abinader designa a Ligia P\u00e9rez en CONANI y a Maritza L\u00f3pez en IDECOOP","author":"Nelson Feliz","date":"30 de agosto de 2024","format":false,"excerpt":"El presidente Luis Abinader emiti\u00f3 el decreto 488-24 en el cual designa a Ligia Jeannette P\u00e9rez Pe\u00f1a como presidenta ejecutiva del Consejo Nacional para la Ni\u00f1ez y la Adolescencia (CONANI) y a Maritza Altagracia L\u00f3pez Casta\u00f1os de Ortiz, presidenta del Instituto de Desarrollo y Cr\u00e9dito Cooperativo (IDECOOP). El referido decreto\u2026","rel":"","context":"En \u00abNACIONALES\u00bb","block_context":{"text":"NACIONALES","link":"https:\/\/lasprimeras.com.do\/index.php\/category\/nacionales\/"},"img":{"alt_text":"Luis Abinader","src":"https:\/\/i0.wp.com\/lasprimeras.com.do\/wp-content\/uploads\/2024\/08\/Luis-Abinader-11.jpg?resize=350%2C200&ssl=1","width":350,"height":200,"srcset":"https:\/\/i0.wp.com\/lasprimeras.com.do\/wp-content\/uploads\/2024\/08\/Luis-Abinader-11.jpg?resize=350%2C200&ssl=1 1x, https:\/\/i0.wp.com\/lasprimeras.com.do\/wp-content\/uploads\/2024\/08\/Luis-Abinader-11.jpg?resize=525%2C300&ssl=1 1.5x"},"classes":[]}],"jetpack_sharing_enabled":true,"_links":{"self":[{"href":"https:\/\/lasprimeras.com.do\/index.php\/wp-json\/wp\/v2\/posts\/88448","targetHints":{"allow":["GET"]}}],"collection":[{"href":"https:\/\/lasprimeras.com.do\/index.php\/wp-json\/wp\/v2\/posts"}],"about":[{"href":"https:\/\/lasprimeras.com.do\/index.php\/wp-json\/wp\/v2\/types\/post"}],"author":[{"embeddable":true,"href":"https:\/\/lasprimeras.com.do\/index.php\/wp-json\/wp\/v2\/users\/2"}],"replies":[{"embeddable":true,"href":"https:\/\/lasprimeras.com.do\/index.php\/wp-json\/wp\/v2\/comments?post=88448"}],"version-history":[{"count":1,"href":"https:\/\/lasprimeras.com.do\/index.php\/wp-json\/wp\/v2\/posts\/88448\/revisions"}],"predecessor-version":[{"id":88450,"href":"https:\/\/lasprimeras.com.do\/index.php\/wp-json\/wp\/v2\/posts\/88448\/revisions\/88450"}],"wp:featuredmedia":[{"embeddable":true,"href":"https:\/\/lasprimeras.com.do\/index.php\/wp-json\/wp\/v2\/media\/53506"}],"wp:attachment":[{"href":"https:\/\/lasprimeras.com.do\/index.php\/wp-json\/wp\/v2\/media?parent=88448"}],"wp:term":[{"taxonomy":"category","embeddable":true,"href":"https:\/\/lasprimeras.com.do\/index.php\/wp-json\/wp\/v2\/categories?post=88448"},{"taxonomy":"post_tag","embeddable":true,"href":"https:\/\/lasprimeras.com.do\/index.php\/wp-json\/wp\/v2\/tags?post=88448"}],"curies":[{"name":"wp","href":"https:\/\/api.w.org\/{rel}","templated":true}]}}