{"id":88588,"date":"2024-08-31T22:17:48","date_gmt":"2024-09-01T02:17:48","guid":{"rendered":"https:\/\/lasprimeras.com.do\/?p=88588"},"modified":"2024-08-31T22:17:50","modified_gmt":"2024-09-01T02:17:50","slug":"somos-de-quisqueya-celebrara-su-xviii-aniversario-en-casa-del-mar","status":"publish","type":"post","link":"https:\/\/lasprimeras.com.do\/index.php\/2024\/08\/31\/somos-de-quisqueya-celebrara-su-xviii-aniversario-en-casa-del-mar\/","title":{"rendered":"Somos de Quisqueya celebrar\u00e1 su XVIII aniversario en Casa del Mar"},"content":{"rendered":"\n<p>Vikiana \u201cLa Maidita\u201d; Marcel \u201c Piel Morena\u201d; Fausto \u201cErol\u201d D\u00edaz; Dj Anthony; L Marcriaoo, Ballet Folcl\u00f3rico Ramona Torres y muchos m\u00e1s.<\/p>\n\n\n\n<p>Por: Aquiles Rojas<\/p>\n\n\n\n<p>La destacada periodista Jenny G\u00f3mez, dio a conocer este domingo que su programa, Somos de Quisqueya \u201c estar\u00e1 celebrando 18 aniversario con artistas de la talla Vikana \u201cLa Maidita\u201d; Marcel \u201c Piel Morena\u201d; Fausto \u201cErol\u201dD\u00edaz; Dj Anthony; L Marcriaoo, Ballet Folcl\u00f3rico Ramona Torres y muchos m\u00e1s.<\/p>\n\n\n\n<p>\u201cQueremos invitar a nuestra comunidad para que nos acompa\u00f1en el viernes 20 de septiembre, desde las 6:00 PM en el lujoso Casa Del Mar, ubicada en el 1779 de Webster, segundo piso, en El Bronx, NY 10457, agreg\u00f3 la presidente ejecutiva del Congreso Hispanoamericano de Prensa.<\/p>\n\n\n\n<p>\u201cSer\u00e1 una noche especial cargada de show art\u00edsticos, rifas, regalos,reconocimientos y el lanzamiento de la revista \u201cSDO Magazine\u201d, es por ello que le recomendamos a nuestra gente que reserven con tiempo \u201c, expuso la productora de televisi\u00f3n.<\/p>\n\n\n\n<p>Para m\u00e1s Informaci\u00f3n, detalles y reservaciones, puede contactar las oficinas de producciones Somos de Quisqueya Media Group (914) 475-7831<\/p>\n","protected":false},"excerpt":{"rendered":"<p>Vikiana \u201cLa Maidita\u201d; Marcel \u201c Piel Morena\u201d; Fausto \u201cErol\u201d D\u00edaz; Dj Anthony; L Marcriaoo, Ballet Folcl\u00f3rico Ramona Torres y muchos m\u00e1s. Por: Aquiles Rojas La destacada periodista Jenny G\u00f3mez, dio&hellip;<\/p>\n","protected":false},"author":2,"featured_media":88589,"comment_status":"open","ping_status":"open","sticky":false,"template":"","format":"standard","meta":{"content-type":"","jetpack_post_was_ever_published":false,"_jetpack_newsletter_access":"","_jetpack_dont_email_post_to_subs":false,"_jetpack_newsletter_tier_id":0,"_jetpack_memberships_contains_paywalled_content":false,"_jetpack_memberships_contains_paid_content":false,"footnotes":""},"categories":[84],"tags":[15207],"class_list":["post-88588","post","type-post","status-publish","format-standard","has-post-thumbnail","hentry","category-entretenimiento","tag-somos-de-quisqueya"],"jetpack_featured_media_url":"https:\/\/lasprimeras.com.do\/wp-content\/uploads\/2024\/08\/somos-de-quisqueya.jpg","jetpack-related-posts":[{"id":77741,"url":"https:\/\/lasprimeras.com.do\/index.php\/2024\/02\/24\/dominicanos-celebraran-180-aniversario-de-su-independencia-en-viva-la-patria\/","url_meta":{"origin":88588,"position":0},"title":"Dominicanos celebrar\u00e1n 180 Aniversario de su Independencia en &#8220;Viva La Patria&#8221;","author":"Nelson Feliz","date":"24 de febrero de 2024","format":false,"excerpt":"Por: Aquiles Rojas NUEVA YORK (WASHINGTON HEIGHTS) - Todo est\u00e1 listo para el evento \"oficial\" de D\u00eda de la Independencia Dominicana que tendr\u00e1 lugar este martes 27 de febrero a partir de las 6:30 P.M, en los salones de la Direcci\u00f3n de Cultura Dominicana en esta cuidad de Nueva York.\u2026","rel":"","context":"En \u00abPORTADA\u00bb","block_context":{"text":"PORTADA","link":"https:\/\/lasprimeras.com.do\/index.php\/category\/portada\/"},"img":{"alt_text":"Viva La Patria","src":"https:\/\/i0.wp.com\/lasprimeras.com.do\/wp-content\/uploads\/2024\/02\/Viva-La-Patria-1.jpg?resize=350%2C200&ssl=1","width":350,"height":200,"srcset":"https:\/\/i0.wp.com\/lasprimeras.com.do\/wp-content\/uploads\/2024\/02\/Viva-La-Patria-1.jpg?resize=350%2C200&ssl=1 1x, https:\/\/i0.wp.com\/lasprimeras.com.do\/wp-content\/uploads\/2024\/02\/Viva-La-Patria-1.jpg?resize=525%2C300&ssl=1 1.5x, https:\/\/i0.wp.com\/lasprimeras.com.do\/wp-content\/uploads\/2024\/02\/Viva-La-Patria-1.jpg?resize=700%2C400&ssl=1 2x"},"classes":[]},{"id":66321,"url":"https:\/\/lasprimeras.com.do\/index.php\/2023\/11\/06\/marcel-piel-morena-anuncia-sold-out-para-su-concierto-del-viernes-en-hard-rock-cafe\/","url_meta":{"origin":88588,"position":1},"title":"Marcel Piel Morena anuncia &#8216;sold out&#8217; para su concierto del viernes en Hard Rock Caf\u00e9","author":"BIMARY DE JES\u00daS Matos","date":"6 de noviembre de 2023","format":false,"excerpt":"Santo Domingo.-Totalmente vendidas, est\u00e1n todas las boletas para el concierto \u201cTodo por la vida\u201d, que Marcel Piel Morena presentar\u00e1 este viernes, en Hard Rock Caf\u00e9 Santo Domingo. As\u00ed lo inform\u00f3 la popular artista, tras se\u00f1alar que las ventas de las mismas iniciaron hace tan solo un mes y se agotaron\u2026","rel":"","context":"En \u00abENTRETENIMIENTO\u00bb","block_context":{"text":"ENTRETENIMIENTO","link":"https:\/\/lasprimeras.com.do\/index.php\/category\/entretenimiento\/"},"img":{"alt_text":"","src":"https:\/\/i0.wp.com\/lasprimeras.com.do\/wp-content\/uploads\/2023\/11\/WhatsApp-Image-2023-11-04-at-7.05.43-PM.webp?resize=350%2C200&ssl=1","width":350,"height":200},"classes":[]},{"id":100925,"url":"https:\/\/lasprimeras.com.do\/index.php\/2025\/06\/13\/iniciara-en-nyc-dominican-taste-festival-2025\/","url_meta":{"origin":88588,"position":2},"title":"Iniciar\u00e1 en NYC Dominican Taste Festival 2025","author":"Nelson Feliz","date":"13 de junio de 2025","format":false,"excerpt":"Por Ram\u00f3n Mercedes NUEVA YORK.- Con una rueda de prensa en el restaurant Casa del Mar, en El Bronx, iniciar\u00e1 el pr\u00f3ximo 23 de junio las actividades del Dominican Taste Festival 2025, la plataforma comercial, tur\u00edstica y de emprendedores dominicanos en Estados Unidos. El evento, que dirige Elida Almonte, muestra\u2026","rel":"","context":"En \u00abENTRETENIMIENTO\u00bb","block_context":{"text":"ENTRETENIMIENTO","link":"https:\/\/lasprimeras.com.do\/index.php\/category\/entretenimiento\/"},"img":{"alt_text":"","src":"https:\/\/i0.wp.com\/lasprimeras.com.do\/wp-content\/uploads\/2025\/06\/WhatsApp-Image-2025-06-13-at-6.29.48-AM.jpeg?resize=350%2C200&ssl=1","width":350,"height":200,"srcset":"https:\/\/i0.wp.com\/lasprimeras.com.do\/wp-content\/uploads\/2025\/06\/WhatsApp-Image-2025-06-13-at-6.29.48-AM.jpeg?resize=350%2C200&ssl=1 1x, https:\/\/i0.wp.com\/lasprimeras.com.do\/wp-content\/uploads\/2025\/06\/WhatsApp-Image-2025-06-13-at-6.29.48-AM.jpeg?resize=525%2C300&ssl=1 1.5x"},"classes":[]},{"id":52331,"url":"https:\/\/lasprimeras.com.do\/index.php\/2023\/06\/09\/arcangel-bateara-este-fin-de-semana-en-el-quisqueya\/","url_meta":{"origin":88588,"position":3},"title":"Arc\u00e1ngel batear\u00e1 este fin de semana en el Quisqueya","author":"prenxa100","date":"9 de junio de 2023","format":false,"excerpt":"El reguetonero se presenta s\u00e1bado 10 y domingo 11 en el estadio, como parte de su Just in Time World Tour Arc\u00e1ngel ni es un santo ni es un \u00e1ngel, aunque tampoco un maldito. Logr\u00f3 vender casi todas las boletas del d\u00eda 10, as\u00ed que se abri\u00f3 una fecha extra\u2026","rel":"","context":"En \u00abENTRETENIMIENTO\u00bb","block_context":{"text":"ENTRETENIMIENTO","link":"https:\/\/lasprimeras.com.do\/index.php\/category\/entretenimiento\/"},"img":{"alt_text":"","src":"","width":0,"height":0},"classes":[]},{"id":117100,"url":"https:\/\/lasprimeras.com.do\/index.php\/2025\/12\/07\/d-parranda-navidena-une-a-milly-villalona-y-el-conjunto-quisqueya\/","url_meta":{"origin":88588,"position":4},"title":"D\u2019 Parranda Navide\u00f1a une a Milly, Villalona y el Conjunto Quisqueya","author":"Nelson Feliz","date":"7 de diciembre de 2025","format":false,"excerpt":"Los artistas Milly Quezada, Fernando Villalona y el Conjunto Quisqueya, se juntan el pr\u00f3ximo 26 de diciembre para celebrar la tradicional fiesta show D\u2019 Parranda Navide\u00f1a. La actividad se realizar\u00e1 en el Teatro La Fiesta del hotel Jaragua, a partir de las 9:00 de la noche, bajo la producci\u00f3n de\u2026","rel":"","context":"En \u00abENTRETENIMIENTO\u00bb","block_context":{"text":"ENTRETENIMIENTO","link":"https:\/\/lasprimeras.com.do\/index.php\/category\/entretenimiento\/"},"img":{"alt_text":"","src":"https:\/\/i0.wp.com\/lasprimeras.com.do\/wp-content\/uploads\/2025\/12\/De-Parranda-Navidena.jpg?resize=350%2C200&ssl=1","width":350,"height":200,"srcset":"https:\/\/i0.wp.com\/lasprimeras.com.do\/wp-content\/uploads\/2025\/12\/De-Parranda-Navidena.jpg?resize=350%2C200&ssl=1 1x, https:\/\/i0.wp.com\/lasprimeras.com.do\/wp-content\/uploads\/2025\/12\/De-Parranda-Navidena.jpg?resize=525%2C300&ssl=1 1.5x, https:\/\/i0.wp.com\/lasprimeras.com.do\/wp-content\/uploads\/2025\/12\/De-Parranda-Navidena.jpg?resize=700%2C400&ssl=1 2x"},"classes":[]},{"id":105469,"url":"https:\/\/lasprimeras.com.do\/index.php\/2025\/08\/04\/presidenta-natddp-usa-detallas-eventos-para-completar-programa-del-43o-aniversario\/","url_meta":{"origin":88588,"position":5},"title":"Presidenta NatDDP-USA detallas eventos para completar programa del 43\u00ba aniversario","author":"Nelson Feliz","date":"4 de agosto de 2025","format":false,"excerpt":"Por Ram\u00f3n Mercedes NUEVA YORK.- La presidenta del Desfile Nacional Dominicano -Dominican Day Parade- (NatDDP), Cristina Contreras, en los Estados Unidos dio a conocer los \u00faltimos eventos restantes para completar el programa de la celebraci\u00f3n del 43\u00ba aniversario de la entidad. El tema de este a\u00f1o: \u00abQuisqueya y EE. UU.\u2026","rel":"","context":"En \u00abENTRETENIMIENTO\u00bb","block_context":{"text":"ENTRETENIMIENTO","link":"https:\/\/lasprimeras.com.do\/index.php\/category\/entretenimiento\/"},"img":{"alt_text":"","src":"https:\/\/i0.wp.com\/lasprimeras.com.do\/wp-content\/uploads\/2025\/08\/WhatsApp-Image-2025-08-04-at-6.44.27-AM.jpeg?resize=350%2C200&ssl=1","width":350,"height":200,"srcset":"https:\/\/i0.wp.com\/lasprimeras.com.do\/wp-content\/uploads\/2025\/08\/WhatsApp-Image-2025-08-04-at-6.44.27-AM.jpeg?resize=350%2C200&ssl=1 1x, https:\/\/i0.wp.com\/lasprimeras.com.do\/wp-content\/uploads\/2025\/08\/WhatsApp-Image-2025-08-04-at-6.44.27-AM.jpeg?resize=525%2C300&ssl=1 1.5x"},"classes":[]}],"jetpack_sharing_enabled":true,"_links":{"self":[{"href":"https:\/\/lasprimeras.com.do\/index.php\/wp-json\/wp\/v2\/posts\/88588","targetHints":{"allow":["GET"]}}],"collection":[{"href":"https:\/\/lasprimeras.com.do\/index.php\/wp-json\/wp\/v2\/posts"}],"about":[{"href":"https:\/\/lasprimeras.com.do\/index.php\/wp-json\/wp\/v2\/types\/post"}],"author":[{"embeddable":true,"href":"https:\/\/lasprimeras.com.do\/index.php\/wp-json\/wp\/v2\/users\/2"}],"replies":[{"embeddable":true,"href":"https:\/\/lasprimeras.com.do\/index.php\/wp-json\/wp\/v2\/comments?post=88588"}],"version-history":[{"count":1,"href":"https:\/\/lasprimeras.com.do\/index.php\/wp-json\/wp\/v2\/posts\/88588\/revisions"}],"predecessor-version":[{"id":88590,"href":"https:\/\/lasprimeras.com.do\/index.php\/wp-json\/wp\/v2\/posts\/88588\/revisions\/88590"}],"wp:featuredmedia":[{"embeddable":true,"href":"https:\/\/lasprimeras.com.do\/index.php\/wp-json\/wp\/v2\/media\/88589"}],"wp:attachment":[{"href":"https:\/\/lasprimeras.com.do\/index.php\/wp-json\/wp\/v2\/media?parent=88588"}],"wp:term":[{"taxonomy":"category","embeddable":true,"href":"https:\/\/lasprimeras.com.do\/index.php\/wp-json\/wp\/v2\/categories?post=88588"},{"taxonomy":"post_tag","embeddable":true,"href":"https:\/\/lasprimeras.com.do\/index.php\/wp-json\/wp\/v2\/tags?post=88588"}],"curies":[{"name":"wp","href":"https:\/\/api.w.org\/{rel}","templated":true}]}}