{"id":88620,"date":"2024-09-01T04:56:00","date_gmt":"2024-09-01T08:56:00","guid":{"rendered":"https:\/\/lasprimeras.com.do\/?p=88620"},"modified":"2024-09-01T16:58:32","modified_gmt":"2024-09-01T20:58:32","slug":"camion-mata-varias-personas-en-carretera-de-azua","status":"publish","type":"post","link":"https:\/\/lasprimeras.com.do\/index.php\/2024\/09\/01\/camion-mata-varias-personas-en-carretera-de-azua\/","title":{"rendered":"Cami\u00f3n mata varias personas en carretera de Azua"},"content":{"rendered":"\n<p><strong>Las v\u00edctimas inger\u00edan bebidas alcoh\u00f3licas en plena carretera en la parte frontal de un bar.<\/strong><\/p>\n\n\n\n<p>Un video capt\u00f3 el momento en el que un cami\u00f3n Daihatsu embisti\u00f3 la madrugada de este domingo a varias personas que tomaban bebidas alcoh\u00f3licas en plena carretera Azua-San Juan, en la parte frontal de un bar.<\/p>\n\n\n\n<p>En el hecho, que ocurri\u00f3 exactamente en la bajada de Bastida, municipio Las Yayas, Azua, han fallecido seis personas y 32 se encuentran heridas, algunas de gravedad.<\/p>\n\n\n\n<p>Seg\u00fan la Polic\u00eda, el conductor del cami\u00f3n, \u00c1ngel Encarnaci\u00f3n Bautista, huy\u00f3 de la escena despu\u00e9s de impactar a las v\u00edctimas y dej\u00f3 abandonado el veh\u00edculo. Sin embargo se encuentra detenido Ysmailin Santana, quien lo acompa\u00f1aba.<\/p>\n\n\n\n<p>Transitaba en direcci\u00f3n oeste-este de la carretera Azua-San Juan.<\/p>\n\n\n\n<p><strong>Los muertos<\/strong><\/p>\n\n\n\n<p>Las v\u00edctimas mortales fueron identificados como el sargento policial Jos\u00e9 Ren\u00e9 Guzm\u00e1n Guzm\u00e1n, G\u00e9nesis Arias Alc\u00e1ntara, Deivy Ferrera Matos, Jhon Deuvy Geraldo, Yocaira Melo M\u00e9ndez, de 20 a\u00f1os, y Eliun Guzm\u00e1n Rodr\u00edguez.<\/p>\n\n\n\n<p>Fuente Diario Libre<\/p>\n","protected":false},"excerpt":{"rendered":"<p>Las v\u00edctimas inger\u00edan bebidas alcoh\u00f3licas en plena carretera en la parte frontal de un bar. Un video capt\u00f3 el momento en el que un cami\u00f3n Daihatsu embisti\u00f3 la madrugada de&hellip;<\/p>\n","protected":false},"author":2,"featured_media":88613,"comment_status":"open","ping_status":"open","sticky":false,"template":"","format":"standard","meta":{"content-type":"","jetpack_post_was_ever_published":false,"_jetpack_newsletter_access":"","_jetpack_dont_email_post_to_subs":false,"_jetpack_newsletter_tier_id":0,"_jetpack_memberships_contains_paywalled_content":false,"_jetpack_memberships_contains_paid_content":false,"footnotes":""},"categories":[1],"tags":[],"class_list":["post-88620","post","type-post","status-publish","format-standard","has-post-thumbnail","hentry","category-sin-categoria"],"jetpack_featured_media_url":"https:\/\/lasprimeras.com.do\/wp-content\/uploads\/2024\/09\/Camion-Accidentado.jpg","jetpack-related-posts":[{"id":88626,"url":"https:\/\/lasprimeras.com.do\/index.php\/2024\/09\/01\/al-menos-11-personas-fallecidas-y-varios-heridas-al-ser-impactadas-por-un-camion-en-azua\/","url_meta":{"origin":88620,"position":0},"title":"Al menos 11 personas fallecidas y varios heridas al ser impactadas por un cami\u00f3n en Azua","author":"Nelson Feliz","date":"1 de septiembre de 2024","format":false,"excerpt":"Conductor del cami\u00f3n \"escap\u00f3 de la escena\". Entre los muertos hay un polic\u00eda y un miembro de la Armada, mientras que uno del Ej\u00e9rcito est\u00e1 en cuidados intensivos. Al menos once personas fallecieron y varias se encuentran graves luego de ser impactadas por un cami\u00f3n que se desvi\u00f3 de la\u2026","rel":"","context":"En \u00abSin categor\u00eda\u00bb","block_context":{"text":"Sin categor\u00eda","link":"https:\/\/lasprimeras.com.do\/index.php\/category\/sin-categoria\/"},"img":{"alt_text":"","src":"https:\/\/i0.wp.com\/lasprimeras.com.do\/wp-content\/uploads\/2024\/09\/accidente-1.png?resize=350%2C200&ssl=1","width":350,"height":200,"srcset":"https:\/\/i0.wp.com\/lasprimeras.com.do\/wp-content\/uploads\/2024\/09\/accidente-1.png?resize=350%2C200&ssl=1 1x, https:\/\/i0.wp.com\/lasprimeras.com.do\/wp-content\/uploads\/2024\/09\/accidente-1.png?resize=525%2C300&ssl=1 1.5x, https:\/\/i0.wp.com\/lasprimeras.com.do\/wp-content\/uploads\/2024\/09\/accidente-1.png?resize=700%2C400&ssl=1 2x"},"classes":[]},{"id":88612,"url":"https:\/\/lasprimeras.com.do\/index.php\/2024\/09\/01\/el-padre-corcino-pide-a-faride-intervenir-negocios-a-orilla-de-carreteras\/","url_meta":{"origin":88620,"position":1},"title":"El padre Corcino pide a Faride intervenir negocios a orilla de carreteras","author":"Nelson Feliz","date":"1 de septiembre de 2024","format":false,"excerpt":"Tras el mortal accidente ocurrido en la madrugada de este domingo en la comunidad de Bastida, en el municipio de Las Yayas, Azua. El padre de la iglesia de La Bombita, Mois\u00e9s Corcino, hizo un llamado a la ministra de Interior y Polic\u00eda, Faride Raful, para que elimine los negocios\u2026","rel":"","context":"En \u00abNACIONALES\u00bb","block_context":{"text":"NACIONALES","link":"https:\/\/lasprimeras.com.do\/index.php\/category\/nacionales\/"},"img":{"alt_text":"Cami\u00f3n Accidentado","src":"https:\/\/i0.wp.com\/lasprimeras.com.do\/wp-content\/uploads\/2024\/09\/Camion-Accidentado.jpg?resize=350%2C200&ssl=1","width":350,"height":200,"srcset":"https:\/\/i0.wp.com\/lasprimeras.com.do\/wp-content\/uploads\/2024\/09\/Camion-Accidentado.jpg?resize=350%2C200&ssl=1 1x, https:\/\/i0.wp.com\/lasprimeras.com.do\/wp-content\/uploads\/2024\/09\/Camion-Accidentado.jpg?resize=525%2C300&ssl=1 1.5x, https:\/\/i0.wp.com\/lasprimeras.com.do\/wp-content\/uploads\/2024\/09\/Camion-Accidentado.jpg?resize=700%2C400&ssl=1 2x"},"classes":[]},{"id":88615,"url":"https:\/\/lasprimeras.com.do\/index.php\/2024\/09\/01\/pn-pide-a-chofer-causo-accidente-en-azua-que-se-entregue\/","url_meta":{"origin":88620,"position":2},"title":"PN pide a ch\u00f3fer caus\u00f3 accidente en Azua que se entregue","author":"Nelson Feliz","date":"1 de septiembre de 2024","format":false,"excerpt":"El ch\u00f3fer del cami\u00f3n Daihatsu que provoc\u00f3 la muerte de por lo menos 12 persona y varios hiri\u00f3 en Azua, en un accidente registrado la madrugada de este domingo, a\u00fan se encuentra pr\u00f3fugo. Seg\u00fan la Polic\u00eda Nacional este conduc\u00eda el cami\u00f3n Daihatsu, al momento de suceder el accidente, que embisti\u00f3\u2026","rel":"","context":"En \u00abMILITARES\u00bb","block_context":{"text":"MILITARES","link":"https:\/\/lasprimeras.com.do\/index.php\/category\/militares\/"},"img":{"alt_text":"Cami\u00f3n Accidentado","src":"https:\/\/i0.wp.com\/lasprimeras.com.do\/wp-content\/uploads\/2024\/09\/Camion-Accidentado.jpg?resize=350%2C200&ssl=1","width":350,"height":200,"srcset":"https:\/\/i0.wp.com\/lasprimeras.com.do\/wp-content\/uploads\/2024\/09\/Camion-Accidentado.jpg?resize=350%2C200&ssl=1 1x, https:\/\/i0.wp.com\/lasprimeras.com.do\/wp-content\/uploads\/2024\/09\/Camion-Accidentado.jpg?resize=525%2C300&ssl=1 1.5x, https:\/\/i0.wp.com\/lasprimeras.com.do\/wp-content\/uploads\/2024\/09\/Camion-Accidentado.jpg?resize=700%2C400&ssl=1 2x"},"classes":[]},{"id":57640,"url":"https:\/\/lasprimeras.com.do\/index.php\/2023\/08\/14\/choque-de-tanquero-cargado-de-gasolina-con-camion-de-harina-obstruye-transito-bani-azua\/","url_meta":{"origin":88620,"position":3},"title":"Choque de tanquero cargado de gasolina con cami\u00f3n de harina obstruye tr\u00e1nsito Ban\u00ed-Azua","author":"Nelson Feliz","date":"14 de agosto de 2023","format":false,"excerpt":"JOS\u00c9 ALBERTO MALDONADO El choque de camiones tiene casi paralizado en tr\u00e1nsito en el tramo carretero Azua-Ban\u00ed, con una hilera de veh\u00edculos de varios kil\u00f3metros. El accidente se produjo cuando un cami\u00f3n cargado de gasolina, impact\u00f3 a otro que iba lleno de sacos de harina, quedando el cabezote del tanquero\u2026","rel":"","context":"En \u00abNACIONALES\u00bb","block_context":{"text":"NACIONALES","link":"https:\/\/lasprimeras.com.do\/index.php\/category\/nacionales\/"},"img":{"alt_text":"choque de camiones","src":"https:\/\/i0.wp.com\/lasprimeras.com.do\/wp-content\/uploads\/2023\/08\/camion.jpeg?resize=350%2C200&ssl=1","width":350,"height":200,"srcset":"https:\/\/i0.wp.com\/lasprimeras.com.do\/wp-content\/uploads\/2023\/08\/camion.jpeg?resize=350%2C200&ssl=1 1x, https:\/\/i0.wp.com\/lasprimeras.com.do\/wp-content\/uploads\/2023\/08\/camion.jpeg?resize=525%2C300&ssl=1 1.5x"},"classes":[]},{"id":56656,"url":"https:\/\/lasprimeras.com.do\/index.php\/2023\/08\/03\/tres-muertos-y-un-herido-al-caer-camion-por-un-precipicio-en-carretera-de-jarabacoa\/","url_meta":{"origin":88620,"position":4},"title":"Tres muertos y un herido al caer cami\u00f3n por un precipicio en carretera de Jarabacoa","author":"Nelson Feliz","date":"3 de agosto de 2023","format":false,"excerpt":"Tres personas murieron y otra result\u00f3 gravemente herida la madrugada de este jueves en un accidente en la carretera que comunica Jarabacoa con la ciudad de La Vega. Entre los muertos figuran Silvio Alexander Alc\u00e1ntara, de 26 a\u00f1os, y Jos\u00e9 Altagracia Carrasco S\u00e1nchez, de 51, quienes resid\u00edan en Azua. Mientra\u2026","rel":"","context":"En \u00abNACIONALES\u00bb","block_context":{"text":"NACIONALES","link":"https:\/\/lasprimeras.com.do\/index.php\/category\/nacionales\/"},"img":{"alt_text":"","src":"https:\/\/i0.wp.com\/lasprimeras.com.do\/wp-content\/uploads\/2023\/08\/ACCIDENTE.jpg?resize=350%2C200&ssl=1","width":350,"height":200,"srcset":"https:\/\/i0.wp.com\/lasprimeras.com.do\/wp-content\/uploads\/2023\/08\/ACCIDENTE.jpg?resize=350%2C200&ssl=1 1x, https:\/\/i0.wp.com\/lasprimeras.com.do\/wp-content\/uploads\/2023\/08\/ACCIDENTE.jpg?resize=525%2C300&ssl=1 1.5x"},"classes":[]},{"id":92190,"url":"https:\/\/lasprimeras.com.do\/index.php\/2024\/12\/31\/accidente-de-transito-en-la-carretera-entre-azua-y-bani-deja-cuatro-muertos-y-varios-heridos\/","url_meta":{"origin":88620,"position":5},"title":"Accidente de tr\u00e1nsito en la carretera entre Azua y Ban\u00ed deja cuatro muertos y varios heridos","author":"Nelson Feliz","date":"31 de diciembre de 2024","format":false,"excerpt":"Un tr\u00e1gico accidente de tr\u00e1nsito ocurrido este martes en la carretera S\u00e1nchez, entre Azua y Ban\u00ed, dej\u00f3 un saldo de cuatro personas fallecidas y otras cuatro heridas, seg\u00fan inform\u00f3 el Sistema 911. El siniestro involucr\u00f3 a dos veh\u00edculos tipo yipeta: una Honda CRV de color gris y una Hyundai Santa\u2026","rel":"","context":"En \u00abNACIONALES\u00bb","block_context":{"text":"NACIONALES","link":"https:\/\/lasprimeras.com.do\/index.php\/category\/nacionales\/"},"img":{"alt_text":"","src":"https:\/\/i0.wp.com\/lasprimeras.com.do\/wp-content\/uploads\/2024\/12\/Accidente.jpg?resize=350%2C200&ssl=1","width":350,"height":200,"srcset":"https:\/\/i0.wp.com\/lasprimeras.com.do\/wp-content\/uploads\/2024\/12\/Accidente.jpg?resize=350%2C200&ssl=1 1x, https:\/\/i0.wp.com\/lasprimeras.com.do\/wp-content\/uploads\/2024\/12\/Accidente.jpg?resize=525%2C300&ssl=1 1.5x"},"classes":[]}],"jetpack_sharing_enabled":true,"_links":{"self":[{"href":"https:\/\/lasprimeras.com.do\/index.php\/wp-json\/wp\/v2\/posts\/88620","targetHints":{"allow":["GET"]}}],"collection":[{"href":"https:\/\/lasprimeras.com.do\/index.php\/wp-json\/wp\/v2\/posts"}],"about":[{"href":"https:\/\/lasprimeras.com.do\/index.php\/wp-json\/wp\/v2\/types\/post"}],"author":[{"embeddable":true,"href":"https:\/\/lasprimeras.com.do\/index.php\/wp-json\/wp\/v2\/users\/2"}],"replies":[{"embeddable":true,"href":"https:\/\/lasprimeras.com.do\/index.php\/wp-json\/wp\/v2\/comments?post=88620"}],"version-history":[{"count":1,"href":"https:\/\/lasprimeras.com.do\/index.php\/wp-json\/wp\/v2\/posts\/88620\/revisions"}],"predecessor-version":[{"id":88621,"href":"https:\/\/lasprimeras.com.do\/index.php\/wp-json\/wp\/v2\/posts\/88620\/revisions\/88621"}],"wp:featuredmedia":[{"embeddable":true,"href":"https:\/\/lasprimeras.com.do\/index.php\/wp-json\/wp\/v2\/media\/88613"}],"wp:attachment":[{"href":"https:\/\/lasprimeras.com.do\/index.php\/wp-json\/wp\/v2\/media?parent=88620"}],"wp:term":[{"taxonomy":"category","embeddable":true,"href":"https:\/\/lasprimeras.com.do\/index.php\/wp-json\/wp\/v2\/categories?post=88620"},{"taxonomy":"post_tag","embeddable":true,"href":"https:\/\/lasprimeras.com.do\/index.php\/wp-json\/wp\/v2\/tags?post=88620"}],"curies":[{"name":"wp","href":"https:\/\/api.w.org\/{rel}","templated":true}]}}