{"id":88636,"date":"2024-09-01T20:15:17","date_gmt":"2024-09-02T00:15:17","guid":{"rendered":"https:\/\/lasprimeras.com.do\/?p=88636"},"modified":"2024-09-01T20:15:19","modified_gmt":"2024-09-02T00:15:19","slug":"cristal-acevedo-es-designada-como-gerente-de-medios-en-indotel","status":"publish","type":"post","link":"https:\/\/lasprimeras.com.do\/index.php\/2024\/09\/01\/cristal-acevedo-es-designada-como-gerente-de-medios-en-indotel\/","title":{"rendered":"Cristal Acevedo es designada como gerente de Medios en Indotel"},"content":{"rendered":"\n<p>La periodista Cristal Acevedo fue designada como gerente de Medios en el Instituto Dominicano de las Telecomunicaciones (Indotel).<\/p>\n\n\n\n<p>Su designaci\u00f3n fue hecha por Guido G\u00f3mez Mazara, quien es el nuevo director ejecutivo del Indotel.<\/p>\n\n\n\n<p>Acevedo, adem\u00e1s de periodista es escritora y catedr\u00e1tica universitaria. Ha desarrollado una extensa carrera en medios de comunicaci\u00f3n, destac\u00e1ndose en redacci\u00f3n, edici\u00f3n y coordinaci\u00f3n de contenido.<\/p>\n\n\n\n<p>Adem\u00e1s de su labor period\u00edstica y acad\u00e9mica, es la fundadora del Observatorio de Periodismo Digital, una iniciativa dedicada a analizar y promover el periodismo en la era digital, por lo que cada a\u00f1o reconoce la labor period\u00edstica m\u00e1s destacada.<\/p>\n\n\n\n<p>Acevedo tambi\u00e9n ha cursado un doctorado en Ciencias de la Educaci\u00f3n.<\/p>\n\n\n\n<p>Asimismo, cuenta con una especialidad en Transformaci\u00f3n Digital, Gesti\u00f3n de Pol\u00edticas P\u00fablicas y Marketing Digital. A lo largo de su carrera, ha recibido cuatro premios de periodismo.<\/p>\n","protected":false},"excerpt":{"rendered":"<p>La periodista Cristal Acevedo fue designada como gerente de Medios en el Instituto Dominicano de las Telecomunicaciones (Indotel). Su designaci\u00f3n fue hecha por Guido G\u00f3mez Mazara, quien es el nuevo&hellip;<\/p>\n","protected":false},"author":2,"featured_media":72749,"comment_status":"open","ping_status":"open","sticky":false,"template":"","format":"standard","meta":{"content-type":"","jetpack_post_was_ever_published":false,"_jetpack_newsletter_access":"","_jetpack_dont_email_post_to_subs":false,"_jetpack_newsletter_tier_id":0,"_jetpack_memberships_contains_paywalled_content":false,"_jetpack_memberships_contains_paid_content":false,"footnotes":""},"categories":[35],"tags":[2806],"class_list":["post-88636","post","type-post","status-publish","format-standard","has-post-thumbnail","hentry","category-nacionales","tag-cristal-acevedo"],"jetpack_featured_media_url":"https:\/\/lasprimeras.com.do\/wp-content\/uploads\/2024\/01\/Cristal-Acevedo.jpg","jetpack-related-posts":[{"id":51578,"url":"https:\/\/lasprimeras.com.do\/index.php\/2023\/06\/01\/cristal-acevedo-anuncia-prorroga-para-trabajadores-de-periodicos-digitales\/","url_meta":{"origin":88636,"position":0},"title":"Cristal Acevedo anuncia pr\u00f3rroga para trabajadores de peri\u00f3dicos digitales","author":"prenxa100","date":"1 de junio de 2023","format":false,"excerpt":"Santo Domingo.-. El Observatorio de Medios Digitales Dominicanos anunci\u00f3 este jueves que habilit\u00f3 una pr\u00f3rroga para que los trabajadores de peri\u00f3dicos digitales del pa\u00eds tengan tiempo de inscribirse en la habilitaci\u00f3n ocupacional que ha organizado junto al Instituto de Formaci\u00f3n T\u00e9cnico Profesional (Infotep). La fundadora y presidenta del Observatorio de\u2026","rel":"","context":"En \u00abNACIONALES\u00bb","block_context":{"text":"NACIONALES","link":"https:\/\/lasprimeras.com.do\/index.php\/category\/nacionales\/"},"img":{"alt_text":"","src":"","width":0,"height":0},"classes":[]},{"id":85544,"url":"https:\/\/lasprimeras.com.do\/index.php\/2024\/07\/02\/cristal-acevedo-pondra-a-circular-libro-sobre-estrategias-para-crisis-de-comunicacion\/","url_meta":{"origin":88636,"position":1},"title":"Cristal Acevedo pondr\u00e1 a circular libro sobre estrategias para crisis de comunicaci\u00f3n","author":"Nelson Feliz","date":"2 de julio de 2024","format":false,"excerpt":"La periodista y catedr\u00e1tica universitaria, Cristal Acevedo, pondr\u00e1 a circular su m\u00e1s reciente libro \"Resolviendo crisis de comunicaci\u00f3n\", texto en el que expone estrategias y t\u00e1cticas para hacer frente a situaciones negativas que pudieran afectar a figuras p\u00fablicas, empresas e instituciones gubernamentales. Acevedo, quien public\u00f3 en 2022 su primer libro,\u2026","rel":"","context":"En \u00abENTRETENIMIENTO\u00bb","block_context":{"text":"ENTRETENIMIENTO","link":"https:\/\/lasprimeras.com.do\/index.php\/category\/entretenimiento\/"},"img":{"alt_text":"Cristal Acevedo","src":"https:\/\/i0.wp.com\/lasprimeras.com.do\/wp-content\/uploads\/2024\/07\/Cristal-Acevedo.jpg?resize=350%2C200&ssl=1","width":350,"height":200,"srcset":"https:\/\/i0.wp.com\/lasprimeras.com.do\/wp-content\/uploads\/2024\/07\/Cristal-Acevedo.jpg?resize=350%2C200&ssl=1 1x, https:\/\/i0.wp.com\/lasprimeras.com.do\/wp-content\/uploads\/2024\/07\/Cristal-Acevedo.jpg?resize=525%2C300&ssl=1 1.5x, https:\/\/i0.wp.com\/lasprimeras.com.do\/wp-content\/uploads\/2024\/07\/Cristal-Acevedo.jpg?resize=700%2C400&ssl=1 2x"},"classes":[]},{"id":95839,"url":"https:\/\/lasprimeras.com.do\/index.php\/2025\/03\/20\/periodista-cristal-acevedo-gana-premio-nacional-de-periodismo-de-datos\/","url_meta":{"origin":88636,"position":2},"title":"Periodista Cristal Acevedo gana Premio Nacional de Periodismo de Datos","author":"Nelson Feliz","date":"20 de marzo de 2025","format":false,"excerpt":"La periodista Cristal Acevedo gan\u00f3 este jueves el primer lugar del Premio Nacional de Periodismo de Datos, que entrega la Direcci\u00f3n General de \u00c9tica e Integridad Gubernamental (Digeig). Acevedo obtuvo el galard\u00f3n por el reportaje \"Avances en niveles de transparencia gubernamental, a partir del compromiso con datos abiertos y libre\u2026","rel":"","context":"En \u00abNACIONALES\u00bb","block_context":{"text":"NACIONALES","link":"https:\/\/lasprimeras.com.do\/index.php\/category\/nacionales\/"},"img":{"alt_text":"Cristal Acevedo","src":"https:\/\/i0.wp.com\/lasprimeras.com.do\/wp-content\/uploads\/2025\/03\/Cristal-Acevedo.jpg?resize=350%2C200&ssl=1","width":350,"height":200,"srcset":"https:\/\/i0.wp.com\/lasprimeras.com.do\/wp-content\/uploads\/2025\/03\/Cristal-Acevedo.jpg?resize=350%2C200&ssl=1 1x, https:\/\/i0.wp.com\/lasprimeras.com.do\/wp-content\/uploads\/2025\/03\/Cristal-Acevedo.jpg?resize=525%2C300&ssl=1 1.5x, https:\/\/i0.wp.com\/lasprimeras.com.do\/wp-content\/uploads\/2025\/03\/Cristal-Acevedo.jpg?resize=700%2C400&ssl=1 2x"},"classes":[]},{"id":115970,"url":"https:\/\/lasprimeras.com.do\/index.php\/2025\/11\/26\/reconocen-a-colombia-alcantara-por-su-trayectoria-y-altanto-tv-gana-el-premio-nacional-de-periodismo-digital\/","url_meta":{"origin":88636,"position":3},"title":"Reconocen a Colombia Alc\u00e1ntara por su trayectoria y Altanto TV gana el Premio Nacional de Periodismo Digital","author":"Nelson Feliz","date":"26 de noviembre de 2025","format":false,"excerpt":"La periodista y comunicadora Colombia Alc\u00e1ntara fue homenajeada durante la Octava Entrega del Premio Nacional de Periodismo Digital, un evento celebrado en el Centro Indotel de la Zona Colonial que reconoce la excelencia en los medios digitales de la Rep\u00fablica Dominicana. Alc\u00e1ntara recibi\u00f3 una distinci\u00f3n especial del Observatorio de Medios\u2026","rel":"","context":"En \u00abENTRETENIMIENTO\u00bb","block_context":{"text":"ENTRETENIMIENTO","link":"https:\/\/lasprimeras.com.do\/index.php\/category\/entretenimiento\/"},"img":{"alt_text":"Colombia Alc\u00e1ntara","src":"https:\/\/i0.wp.com\/lasprimeras.com.do\/wp-content\/uploads\/2025\/11\/Colombia-Alcantara.jpg?resize=350%2C200&ssl=1","width":350,"height":200,"srcset":"https:\/\/i0.wp.com\/lasprimeras.com.do\/wp-content\/uploads\/2025\/11\/Colombia-Alcantara.jpg?resize=350%2C200&ssl=1 1x, https:\/\/i0.wp.com\/lasprimeras.com.do\/wp-content\/uploads\/2025\/11\/Colombia-Alcantara.jpg?resize=525%2C300&ssl=1 1.5x, https:\/\/i0.wp.com\/lasprimeras.com.do\/wp-content\/uploads\/2025\/11\/Colombia-Alcantara.jpg?resize=700%2C400&ssl=1 2x"},"classes":[]},{"id":63172,"url":"https:\/\/lasprimeras.com.do\/index.php\/2023\/10\/10\/observatorio-de-medios-digitales-anuncia-premio-nacional-de-periodismo-digital-2023\/","url_meta":{"origin":88636,"position":4},"title":"Observatorio de Medios Digitales anuncia Premio Nacional de Periodismo Digital 2023","author":"Nelson Feliz","date":"10 de octubre de 2023","format":false,"excerpt":"La ceremonia de entrega ser\u00e1 el martes 28 de noviembre, en el Centro Indotel de la Zona Colonial. Con el respaldo del Banco Popular y el Consorcio Energ\u00e9tico Punta Cana-Macao, el Observatorio de Medios Digitales anunci\u00f3 la sexta versi\u00f3n del Premio Nacional de Periodismo Digital de la Rep\u00fablica Dominicana, iniciativa\u2026","rel":"","context":"En \u00abENTRETENIMIENTO\u00bb","block_context":{"text":"ENTRETENIMIENTO","link":"https:\/\/lasprimeras.com.do\/index.php\/category\/entretenimiento\/"},"img":{"alt_text":"observatorio","src":"https:\/\/i0.wp.com\/lasprimeras.com.do\/wp-content\/uploads\/2023\/10\/observatorio-1.jpg?resize=350%2C200&ssl=1","width":350,"height":200,"srcset":"https:\/\/i0.wp.com\/lasprimeras.com.do\/wp-content\/uploads\/2023\/10\/observatorio-1.jpg?resize=350%2C200&ssl=1 1x, https:\/\/i0.wp.com\/lasprimeras.com.do\/wp-content\/uploads\/2023\/10\/observatorio-1.jpg?resize=525%2C300&ssl=1 1.5x, https:\/\/i0.wp.com\/lasprimeras.com.do\/wp-content\/uploads\/2023\/10\/observatorio-1.jpg?resize=700%2C400&ssl=1 2x"},"classes":[]},{"id":111662,"url":"https:\/\/lasprimeras.com.do\/index.php\/2025\/10\/12\/observatorio-de-medios-digitales-abre-convocatoria-para-premio-nacional-de-periodismo-digital-2025\/","url_meta":{"origin":88636,"position":5},"title":"Observatorio de Medios Digitales abre convocatoria para Premio Nacional de Periodismo Digital 2025","author":"Nelson Feliz","date":"12 de octubre de 2025","format":false,"excerpt":"El Observatorio de Medios Digitales Dominicanos inform\u00f3 este martes que est\u00e1n abiertas las postulaciones y el proceso de evaluaci\u00f3n para el Premio Nacional de Periodismo Digital de la Rep\u00fablica Dominicana 2025, iniciativa auspiciada por el Banco Popular. As\u00ed lo inform\u00f3 la periodista y maestra, Cristal Acevedo, quien precis\u00f3 que las\u2026","rel":"","context":"En \u00abTECNOL\u00d3GIA\u00bb","block_context":{"text":"TECNOL\u00d3GIA","link":"https:\/\/lasprimeras.com.do\/index.php\/category\/tecnologia\/"},"img":{"alt_text":"","src":"https:\/\/i0.wp.com\/lasprimeras.com.do\/wp-content\/uploads\/2025\/10\/WhatsApp-Image-2025-10-08-at-10.47.54-AM.jpeg?resize=350%2C200&ssl=1","width":350,"height":200,"srcset":"https:\/\/i0.wp.com\/lasprimeras.com.do\/wp-content\/uploads\/2025\/10\/WhatsApp-Image-2025-10-08-at-10.47.54-AM.jpeg?resize=350%2C200&ssl=1 1x, https:\/\/i0.wp.com\/lasprimeras.com.do\/wp-content\/uploads\/2025\/10\/WhatsApp-Image-2025-10-08-at-10.47.54-AM.jpeg?resize=525%2C300&ssl=1 1.5x, https:\/\/i0.wp.com\/lasprimeras.com.do\/wp-content\/uploads\/2025\/10\/WhatsApp-Image-2025-10-08-at-10.47.54-AM.jpeg?resize=700%2C400&ssl=1 2x, https:\/\/i0.wp.com\/lasprimeras.com.do\/wp-content\/uploads\/2025\/10\/WhatsApp-Image-2025-10-08-at-10.47.54-AM.jpeg?resize=1050%2C600&ssl=1 3x"},"classes":[]}],"jetpack_sharing_enabled":true,"_links":{"self":[{"href":"https:\/\/lasprimeras.com.do\/index.php\/wp-json\/wp\/v2\/posts\/88636","targetHints":{"allow":["GET"]}}],"collection":[{"href":"https:\/\/lasprimeras.com.do\/index.php\/wp-json\/wp\/v2\/posts"}],"about":[{"href":"https:\/\/lasprimeras.com.do\/index.php\/wp-json\/wp\/v2\/types\/post"}],"author":[{"embeddable":true,"href":"https:\/\/lasprimeras.com.do\/index.php\/wp-json\/wp\/v2\/users\/2"}],"replies":[{"embeddable":true,"href":"https:\/\/lasprimeras.com.do\/index.php\/wp-json\/wp\/v2\/comments?post=88636"}],"version-history":[{"count":1,"href":"https:\/\/lasprimeras.com.do\/index.php\/wp-json\/wp\/v2\/posts\/88636\/revisions"}],"predecessor-version":[{"id":88637,"href":"https:\/\/lasprimeras.com.do\/index.php\/wp-json\/wp\/v2\/posts\/88636\/revisions\/88637"}],"wp:featuredmedia":[{"embeddable":true,"href":"https:\/\/lasprimeras.com.do\/index.php\/wp-json\/wp\/v2\/media\/72749"}],"wp:attachment":[{"href":"https:\/\/lasprimeras.com.do\/index.php\/wp-json\/wp\/v2\/media?parent=88636"}],"wp:term":[{"taxonomy":"category","embeddable":true,"href":"https:\/\/lasprimeras.com.do\/index.php\/wp-json\/wp\/v2\/categories?post=88636"},{"taxonomy":"post_tag","embeddable":true,"href":"https:\/\/lasprimeras.com.do\/index.php\/wp-json\/wp\/v2\/tags?post=88636"}],"curies":[{"name":"wp","href":"https:\/\/api.w.org\/{rel}","templated":true}]}}