{"id":88641,"date":"2024-09-01T20:30:19","date_gmt":"2024-09-02T00:30:19","guid":{"rendered":"https:\/\/lasprimeras.com.do\/?p=88641"},"modified":"2024-09-01T20:30:20","modified_gmt":"2024-09-02T00:30:20","slug":"empresa-seaboard-y-codebavif-entregan-utiles-escolares-a-mas-de-600-ninos","status":"publish","type":"post","link":"https:\/\/lasprimeras.com.do\/index.php\/2024\/09\/01\/empresa-seaboard-y-codebavif-entregan-utiles-escolares-a-mas-de-600-ninos\/","title":{"rendered":"Empresa Seaboard y CODEBAVIF entregan \u00fatiles escolares a m\u00e1s de 600 ni\u00f1os"},"content":{"rendered":"\n<p>La empresa Seaboard a trav\u00e9s del Consejo de Desarrollo Barrial de Villa Francisca (CODEBAVIF) auspici\u00f3 la tradicional entrega de \u00fatiles escolares, beneficiando a m\u00e1s de 600 ni\u00f1os de este sector.<\/p>\n\n\n\n<p>Este significativo evento tuvo lugar en las oficinas de CODEBAVIF y cont\u00f3 con asistencia del coordinador de Responsabilidad Social de Seaboard, Fernando Gerardino; Cristian Pimentel, presidente de CODEBAVIF; el pastor Carlos B\u00e1ez y de destacados l\u00edderes comunitarios.<\/p>\n\n\n\n<p>Durante el acto, tanto Gerardino como Pimentel y B\u00e1ez dirigieron emotivas palabras de agradecimiento, subrayando la importancia de la colaboraci\u00f3n entre empresas y comunidades para el desarrollo y fortalecimiento del tejido social.<\/p>\n\n\n\n<p>\u201cEste tipo de iniciativas son esenciales para garantizar que nuestros ni\u00f1os y ni\u00f1as puedan iniciar el a\u00f1o escolar con las herramientas necesarias para su aprendizaje. Estamos profundamente agradecidos con Seaboard por su constante apoyo a nuestra comunidad,\u201d expres\u00f3 Cristian Pimentel, presidente del CODEBAVIF.<\/p>\n\n\n\n<p>Por su parte, Fernando Gerardino destac\u00f3 el compromiso de Seaboard con la responsabilidad social y el desarrollo de las comunidades donde opera.<\/p>\n\n\n\n<p>\u201cEs un honor para nosotros poder contribuir al bienestar de las familias de Villa Francisca, y reafirmamos nuestro compromiso de seguir trabajando juntos para el futuro de nuestros ni\u00f1os,\u201d afirm\u00f3 Gerardino.<\/p>\n\n\n\n<p>El evento, que tambi\u00e9n incluy\u00f3 palabras de reflexi\u00f3n y motivaci\u00f3n por parte del Pastor Carlos B\u00e1ez, fue un claro reflejo de la unidad y el esp\u00edritu solidario.<\/p>\n","protected":false},"excerpt":{"rendered":"<p>La empresa Seaboard a trav\u00e9s del Consejo de Desarrollo Barrial de Villa Francisca (CODEBAVIF) auspici\u00f3 la tradicional entrega de \u00fatiles escolares, beneficiando a m\u00e1s de 600 ni\u00f1os de este sector.&hellip;<\/p>\n","protected":false},"author":2,"featured_media":88642,"comment_status":"open","ping_status":"open","sticky":false,"template":"","format":"standard","meta":{"content-type":"","jetpack_post_was_ever_published":false,"_jetpack_newsletter_access":"","_jetpack_dont_email_post_to_subs":false,"_jetpack_newsletter_tier_id":0,"_jetpack_memberships_contains_paywalled_content":false,"_jetpack_memberships_contains_paid_content":false,"footnotes":""},"categories":[35],"tags":[15223,15225,15224,2354],"class_list":["post-88641","post","type-post","status-publish","format-standard","has-post-thumbnail","hentry","category-nacionales","tag-600-ninos","tag-codebavif","tag-empresa-seaboard","tag-utiles-escolares"],"jetpack_featured_media_url":"https:\/\/lasprimeras.com.do\/wp-content\/uploads\/2024\/09\/utiles-1.jpg","jetpack-related-posts":[{"id":104628,"url":"https:\/\/lasprimeras.com.do\/index.php\/2025\/07\/25\/dan-apertura-clasico-beisbol-pequenas-ligas-2025\/","url_meta":{"origin":88641,"position":0},"title":"Dan apertura Cl\u00e1sico B\u00e9isbol Peque\u00f1as Ligas 2025","author":"Nelson Feliz","date":"25 de julio de 2025","format":false,"excerpt":"La Liga Pimentel dej\u00f3 inaugurada la 4ta edici\u00f3n del Cl\u00e1sico de B\u00e9isbol de Peque\u00f1as Ligas 2025, opci\u00f3n a la Copa SEABOARD, dedicada a la periodista Carmen Aybar, en el complejo de la academia Pimentel. Karel Williams, delegado de Aruba, valor\u00f3 el montaje del evento, as\u00ed como la presencia de los\u2026","rel":"","context":"En \u00abDEPORTES\u00bb","block_context":{"text":"DEPORTES","link":"https:\/\/lasprimeras.com.do\/index.php\/category\/deportes\/"},"img":{"alt_text":"","src":"https:\/\/i0.wp.com\/lasprimeras.com.do\/wp-content\/uploads\/2025\/07\/bandera.jpg?resize=350%2C200&ssl=1","width":350,"height":200,"srcset":"https:\/\/i0.wp.com\/lasprimeras.com.do\/wp-content\/uploads\/2025\/07\/bandera.jpg?resize=350%2C200&ssl=1 1x, https:\/\/i0.wp.com\/lasprimeras.com.do\/wp-content\/uploads\/2025\/07\/bandera.jpg?resize=525%2C300&ssl=1 1.5x, https:\/\/i0.wp.com\/lasprimeras.com.do\/wp-content\/uploads\/2025\/07\/bandera.jpg?resize=700%2C400&ssl=1 2x"},"classes":[]},{"id":59594,"url":"https:\/\/lasprimeras.com.do\/index.php\/2023\/09\/05\/abeprosado-premia-a-equipos-y-jugadores-copa-seaboard\/","url_meta":{"origin":88641,"position":1},"title":"Abeprosado premia a equipos y jugadores Copa Seaboard","author":"Nelson Feliz","date":"5 de septiembre de 2023","format":false,"excerpt":"La Asociaci\u00f3n de B\u00e9isbol de la Provincia Santo Domingo (Abeprosado) premi\u00f3 a los equipos y atletas m\u00e1s destacados del torneo U10 y U12 que se disputaron la Copa Seaboard. El concurrido acto de premiaci\u00f3n, que tambi\u00e9n distingui\u00f3 a los infantiles beisbolistas m\u00e1s sobresalientes, se llev\u00f3 a cabo en el Club\u2026","rel":"","context":"En \u00abSin categor\u00eda\u00bb","block_context":{"text":"Sin categor\u00eda","link":"https:\/\/lasprimeras.com.do\/index.php\/category\/sin-categoria\/"},"img":{"alt_text":"Copa Seaboard","src":"https:\/\/i0.wp.com\/lasprimeras.com.do\/wp-content\/uploads\/2023\/09\/Copa-Seaboard.jpg?resize=350%2C200&ssl=1","width":350,"height":200,"srcset":"https:\/\/i0.wp.com\/lasprimeras.com.do\/wp-content\/uploads\/2023\/09\/Copa-Seaboard.jpg?resize=350%2C200&ssl=1 1x, https:\/\/i0.wp.com\/lasprimeras.com.do\/wp-content\/uploads\/2023\/09\/Copa-Seaboard.jpg?resize=525%2C300&ssl=1 1.5x, https:\/\/i0.wp.com\/lasprimeras.com.do\/wp-content\/uploads\/2023\/09\/Copa-Seaboard.jpg?resize=700%2C400&ssl=1 2x"},"classes":[]},{"id":89021,"url":"https:\/\/lasprimeras.com.do\/index.php\/2024\/09\/14\/funvimameso-dona-utiles-escolares-y-mochilas-a-ninos-que-todavia-carecian-de-ellos\/","url_meta":{"origin":88641,"position":2},"title":"Funvimameso dona \u00fatiles escolares y mochilas a ni\u00f1os que todav\u00eda carec\u00edan de ellos","author":"Nelson Feliz","date":"14 de septiembre de 2024","format":false,"excerpt":"En una muestra m\u00e1s de su compromiso con la superaci\u00f3n, la educaci\u00f3n, el bienestar y el desarrollo de la poblaci\u00f3n infantil m\u00e1s vulnerable de la barriada, la Fundaci\u00f3n Villa Mar\u00eda-Mejoramiento Social (FUNVIMAMESO), realiz\u00f3 su tradicional actividad de donaci\u00f3n de \u00fatiles escolares en el sector donde opera. Esta entrega encabeza por\u2026","rel":"","context":"En \u00abNACIONALES\u00bb","block_context":{"text":"NACIONALES","link":"https:\/\/lasprimeras.com.do\/index.php\/category\/nacionales\/"},"img":{"alt_text":"","src":"https:\/\/i0.wp.com\/lasprimeras.com.do\/wp-content\/uploads\/2024\/09\/donacion.jpg?resize=350%2C200&ssl=1","width":350,"height":200,"srcset":"https:\/\/i0.wp.com\/lasprimeras.com.do\/wp-content\/uploads\/2024\/09\/donacion.jpg?resize=350%2C200&ssl=1 1x, https:\/\/i0.wp.com\/lasprimeras.com.do\/wp-content\/uploads\/2024\/09\/donacion.jpg?resize=525%2C300&ssl=1 1.5x"},"classes":[]},{"id":104115,"url":"https:\/\/lasprimeras.com.do\/index.php\/2025\/07\/21\/celebraran-4ta-edicion-del-pimentel-little-league-international-baseball-classic-u10-2025\/","url_meta":{"origin":88641,"position":3},"title":"Celebrar\u00e1n 4ta edici\u00f3n del Pimentel Little League International Baseball Classic U10 2025","author":"Nelson Feliz","date":"21 de julio de 2025","format":false,"excerpt":"El certamen tendr\u00e1 una especial dedicatoria a la periodista, Carmen Aybar Con la participaci\u00f3n de 6 pa\u00edses, fue anunciada la 4ta edici\u00f3n del Pimentel Little League International Baseball Classic 2025, copa Seaboard y que estar\u00e1 dedicada a la periodista, Carmen Aybar, por su apoyo a las actividades deportivas. La informaci\u00f3n\u2026","rel":"","context":"En \u00abDEPORTES\u00bb","block_context":{"text":"DEPORTES","link":"https:\/\/lasprimeras.com.do\/index.php\/category\/deportes\/"},"img":{"alt_text":"","src":"https:\/\/i0.wp.com\/lasprimeras.com.do\/wp-content\/uploads\/2025\/07\/pimentel.jpg?resize=350%2C200&ssl=1","width":350,"height":200},"classes":[]},{"id":104784,"url":"https:\/\/lasprimeras.com.do\/index.php\/2025\/07\/27\/dominicana-venezuela-y-canada-se-mediran-en-las-semifinales-del-baseball-classic-u10\/","url_meta":{"origin":88641,"position":4},"title":"Dominicana, Venezuela y Canad\u00e1 se mediran en las semifinales del Baseball Classic U10","author":"Nelson Feliz","date":"27 de julio de 2025","format":false,"excerpt":"Los representativos de Rep\u00fablica Dominicana, Venezuela y Canad\u00e1 clasificaron a las semifinales de la 4ta edici\u00f3n del Pimentel Little League Internacional Baseball Classic U10 2025 copa Seaboard, que tiene una especial dedicatoria a la periodista deportivo, Carmen Aybar. El conjunto dominicano super\u00f3 al equipo de Aruba 10 por 6, para\u2026","rel":"","context":"En \u00abDEPORTES\u00bb","block_context":{"text":"DEPORTES","link":"https:\/\/lasprimeras.com.do\/index.php\/category\/deportes\/"},"img":{"alt_text":"","src":"https:\/\/i0.wp.com\/lasprimeras.com.do\/wp-content\/uploads\/2025\/07\/DOSS-2.jpg?resize=350%2C200&ssl=1","width":350,"height":200,"srcset":"https:\/\/i0.wp.com\/lasprimeras.com.do\/wp-content\/uploads\/2025\/07\/DOSS-2.jpg?resize=350%2C200&ssl=1 1x, https:\/\/i0.wp.com\/lasprimeras.com.do\/wp-content\/uploads\/2025\/07\/DOSS-2.jpg?resize=525%2C300&ssl=1 1.5x, https:\/\/i0.wp.com\/lasprimeras.com.do\/wp-content\/uploads\/2025\/07\/DOSS-2.jpg?resize=700%2C400&ssl=1 2x"},"classes":[]},{"id":49615,"url":"https:\/\/lasprimeras.com.do\/index.php\/2023\/05\/12\/gerente-seaboard-uniformes-a-los-titanes-de-villa-francisca\/","url_meta":{"origin":88641,"position":5},"title":"Gerente Seaboard uniformes a los Titanes de Villa Francisca","author":"prenxa100","date":"12 de mayo de 2023","format":false,"excerpt":"Santo Domingo.-. El gerente general de la empresa Seaboard, Armando Rodr\u00edguez, entrego de un juego de uniformes a los seleccionados Titanes de Villa Francisca para ser utilizados en el torneo de b\u00e9isbol dobles A, a iniciarse este viernes en el play n\u00famero dos del Centro Ol\u00edmpico Juan Pablo Duarte. Rodr\u00edguez\u2026","rel":"","context":"En \u00abSin categor\u00eda\u00bb","block_context":{"text":"Sin categor\u00eda","link":"https:\/\/lasprimeras.com.do\/index.php\/category\/sin-categoria\/"},"img":{"alt_text":"","src":"","width":0,"height":0},"classes":[]}],"jetpack_sharing_enabled":true,"_links":{"self":[{"href":"https:\/\/lasprimeras.com.do\/index.php\/wp-json\/wp\/v2\/posts\/88641","targetHints":{"allow":["GET"]}}],"collection":[{"href":"https:\/\/lasprimeras.com.do\/index.php\/wp-json\/wp\/v2\/posts"}],"about":[{"href":"https:\/\/lasprimeras.com.do\/index.php\/wp-json\/wp\/v2\/types\/post"}],"author":[{"embeddable":true,"href":"https:\/\/lasprimeras.com.do\/index.php\/wp-json\/wp\/v2\/users\/2"}],"replies":[{"embeddable":true,"href":"https:\/\/lasprimeras.com.do\/index.php\/wp-json\/wp\/v2\/comments?post=88641"}],"version-history":[{"count":1,"href":"https:\/\/lasprimeras.com.do\/index.php\/wp-json\/wp\/v2\/posts\/88641\/revisions"}],"predecessor-version":[{"id":88643,"href":"https:\/\/lasprimeras.com.do\/index.php\/wp-json\/wp\/v2\/posts\/88641\/revisions\/88643"}],"wp:featuredmedia":[{"embeddable":true,"href":"https:\/\/lasprimeras.com.do\/index.php\/wp-json\/wp\/v2\/media\/88642"}],"wp:attachment":[{"href":"https:\/\/lasprimeras.com.do\/index.php\/wp-json\/wp\/v2\/media?parent=88641"}],"wp:term":[{"taxonomy":"category","embeddable":true,"href":"https:\/\/lasprimeras.com.do\/index.php\/wp-json\/wp\/v2\/categories?post=88641"},{"taxonomy":"post_tag","embeddable":true,"href":"https:\/\/lasprimeras.com.do\/index.php\/wp-json\/wp\/v2\/tags?post=88641"}],"curies":[{"name":"wp","href":"https:\/\/api.w.org\/{rel}","templated":true}]}}